{"id":25316,"date":"2014-11-25T14:12:10","date_gmt":"2014-11-25T14:12:10","guid":{"rendered":"http:\/\/www.tvcnoticias.com.ar\/?p=25316"},"modified":"2014-11-25T14:12:10","modified_gmt":"2014-11-25T14:12:10","slug":"la-region-despacho-un-cargamento-de-miel-para-exportacion","status":"publish","type":"post","link":"https:\/\/www.celttv.com.ar\/index.php\/2014\/11\/25\/la-region-despacho-un-cargamento-de-miel-para-exportacion\/","title":{"rendered":"LA REGION DESPACH\u00d3 UN CARGAMENTO DE MIEL PARA EXPORTACION"},"content":{"rendered":"<p><a rel=\"attachment wp-att-25317\" href=\"http:\/\/www.tvcnoticias.com.ar\/?attachment_id=25317\"><img loading=\"lazy\" decoding=\"async\" class=\"aligncenter size-medium wp-image-25317\" title=\"_apicultor1_ec49b8cc (Medium)\" src=\"http:\/\/www.tvcnoticias.com.ar\/wp-content\/uploads\/2014\/11\/apicultor1_ec49b8cc-Medium-450x307.jpg\" alt=\"\" width=\"450\" height=\"307\" \/><\/a>En el marco de un acto encabezado por la secretaria de Desarrollo Rural del Ministerio de Agricultura, Ganader\u00eda y Pesca de la Naci\u00f3n, Carla Campos Bilbao, que se desarroll\u00f3 en Pig\u00fc\u00e9, se formaliz\u00f3 la segunda exportaci\u00f3n del Consorcio Ap\u00edcola del Sudoeste Bonaerense.<br \/>\nLa actividad, durante la cual se despach\u00f3 un cargamento de 22,3 toneladas de miel, cont\u00f3 tambi\u00e9n con la presencia de los ministros del Agro y la Producci\u00f3n de Santiago del Estero, Luis Gelid; Misiones, Jos\u00e9 Luis Garay; La Pampa, Abelardo Ferr\u00e1n; adem\u00e1s del intendente de Saavedra, Hugo Corvatta; otros jefes comunales de la regi\u00f3n; y secretarios de Producci\u00f3n, como el caso de Ricardo Valentini, de nuestro distrito.<br \/>\nCampos Bilbao destac\u00f3 el esfuerzo de los productores y los reconoci\u00f3 &#8220;por no entregar el fruto de su trabajo a los acopiadores y no ceder a los espacios concentrados&#8221;, al resaltar la iniciativa de que los propios productores organizados puedan concretar exportaciones.<br \/>\n&#8220;Vemos gran seriedad y compromiso en todos los miembros de las cooperativas y los consorcios&#8221;, se\u00f1al\u00f3 Campos Bilbao, quien defini\u00f3 a esta forma de asociativismo como &#8220;un modelo de comercializaci\u00f3n que desde la actividad ap\u00edcola se puede trasladar a todas las \u00e1reas de la producci\u00f3n&#8221;.<br \/>\nEl Consorcio del Sudoeste Bonaerense, integrado por la Cooperativa Ap\u00edcola de Tornquist, destin\u00f3 un cargamento de 72 tambores con 310 kilos de miel cada uno que tendr\u00e1 como destino final Marruecos. En la jornada, Campos Bilbao encabez\u00f3, junto a autoridades de cooperativas locales y agentes de la SENASA, el precintado oficial del cami\u00f3n cargado con la miel que parti\u00f3 rumbo al Puerto de Buenos Aires.<br \/>\nLa exportaci\u00f3n fue posible a partir del aporte de 1 mill\u00f3n de pesos por parte del Estado Nacional, que permiti\u00f3 la prefinanciaci\u00f3n de la operatoria de comercio exterior al Consorcio.<br \/>\nLos consorcios de exportaci\u00f3n de miel fueron conformados por una iniciativa del Ministerio de Agricultura nacional, en conjunto con la Fundaci\u00f3n ICBC y la Fundaci\u00f3n Exportar. Existen nueve en todo el pa\u00eds y est\u00e1n integrados por 104 entidades y cooperativas que agrupan a m\u00e1s de 2.100 peque\u00f1os apicultores y 400.000 colmenas en producci\u00f3n.<br \/>\nLa importante jornada tambi\u00e9n cont\u00f3 con la participaci\u00f3n de los intendentes de General La Madrid, Juan Carlos Pellita; Laprida, Alfredo Fischer; Coronel Su\u00e1rez, Osvaldo Fuentes Lema; y Monte Hermoso, Marcos Fern\u00e1ndez.<br \/>\nAdem\u00e1s, estuvieron el subsecretario de Desarrollo de Econom\u00edas Regionales, Luis Vito; el director de Gesti\u00f3n Territorial, Juan D&#8217;Alessandro; la diputada provincial Marisol Merquel; el secretario de Producci\u00f3n de Saavedra, Guillermo Oustry; el coordinador del Plan de Desarrollo del Sudoeste de la Provincia de Buenos Aires, Nicol\u00e1s Daniel Urtizberea, y el presidente de la Sociedad Argentina de Apicultores y vicepresidente de Apimondia, Lucas Mart\u00ednez.<br \/>\nPor el Consorcio Ap\u00edcola del Sudoeste Bonaerense concurrieron su coordinadora, Sandra Massheimer, y representantes de las entidades que lo conforman: Cooperativa Ap\u00edcola Tornquist Limitada, Centro de Apicultores de Villarino y Patagones, Consejo de Producci\u00f3n y Desarrollo de Coronel Su\u00e1rez, Cooperativa Agropecuaria Coprovipa Limitada, Cooperativa Ap\u00edcola Namuncur\u00e1, Cooperativa Ap\u00edcola de Laprida Limitada, Cooperativa Productores Av\u00edcolas Pi-Hue, y C\u00e1mara de Apicultores del Sur.<br \/>\n&nbsp;<br \/>\n&nbsp;<\/p>\n","protected":false},"excerpt":{"rendered":"<p>En el marco de un acto encabezado por la secretaria de Desarrollo Rural del Ministerio de Agricultura, Ganader\u00eda y Pesca de la Naci\u00f3n, Carla Campos Bilbao, que se desarroll\u00f3 en Pig\u00fc\u00e9, se formaliz\u00f3 la segunda exportaci\u00f3n del Consorcio Ap\u00edcola del Sudoeste Bonaerense. La actividad, durante la cual se despach\u00f3 un cargamento de 22,3 toneladas de [&hellip;]<\/p>\n","protected":false},"author":1,"featured_media":0,"comment_status":"closed","ping_status":"open","sticky":false,"template":"","format":"standard","meta":{"footnotes":""},"categories":[51,52,53],"tags":[],"class_list":["post-25316","post","type-post","status-publish","format-standard","hentry","category-comunidad","category-destacadas","category-politica"],"yoast_head":"<!-- This site is optimized with the Yoast SEO plugin v19.7.1 - https:\/\/yoast.com\/wordpress\/plugins\/seo\/ -->\n<title>LA REGION DESPACH\u00d3 UN CARGAMENTO DE MIEL PARA EXPORTACION - CELTTV<\/title>\n<meta name=\"description\" content=\"Sitio web de noticias de la localidad de Tornquist, provincia de Buenos Aires, Rep\u00fablica Argentina. Contenido propio originado por periodistas de CELTTV, el canal de TV local de la Cooperativa El\u00e9ctrica de Tornquist. Turismo, Pol\u00edtica, Sociedad, Deporte, Cultura y todo el contenido de inter\u00e9s general que la gente del pueblo y la regi\u00f3n debe conocer.\" \/>\n<meta name=\"robots\" content=\"index, follow, max-snippet:-1, max-image-preview:large, max-video-preview:-1\" \/>\n<link rel=\"canonical\" href=\"https:\/\/www.celttv.com.ar\/index.php\/2014\/11\/25\/la-region-despacho-un-cargamento-de-miel-para-exportacion\/\" \/>\n<meta property=\"og:locale\" content=\"es_ES\" \/>\n<meta property=\"og:type\" content=\"article\" \/>\n<meta property=\"og:title\" content=\"LA REGION DESPACH\u00d3 UN CARGAMENTO DE MIEL PARA EXPORTACION - CELTTV\" \/>\n<meta property=\"og:description\" content=\"Sitio web de noticias de la localidad de Tornquist, provincia de Buenos Aires, Rep\u00fablica Argentina. Contenido propio originado por periodistas de CELTTV, el canal de TV local de la Cooperativa El\u00e9ctrica de Tornquist. Turismo, Pol\u00edtica, Sociedad, Deporte, Cultura y todo el contenido de inter\u00e9s general que la gente del pueblo y la regi\u00f3n debe conocer.\" \/>\n<meta property=\"og:url\" content=\"https:\/\/www.celttv.com.ar\/index.php\/2014\/11\/25\/la-region-despacho-un-cargamento-de-miel-para-exportacion\/\" \/>\n<meta property=\"og:site_name\" content=\"CELTTV\" \/>\n<meta property=\"article:publisher\" content=\"https:\/\/www.facebook.com\/celtTV\/\" \/>\n<meta property=\"article:published_time\" content=\"2014-11-25T14:12:10+00:00\" \/>\n<meta property=\"og:image\" content=\"http:\/\/www.tvcnoticias.com.ar\/wp-content\/uploads\/2014\/11\/apicultor1_ec49b8cc-Medium-450x307.jpg\" \/>\n<meta name=\"author\" content=\"ulises\" \/>\n<meta name=\"twitter:card\" content=\"summary_large_image\" \/>\n<meta name=\"twitter:label1\" content=\"Escrito por\" \/>\n\t<meta name=\"twitter:data1\" content=\"ulises\" \/>\n\t<meta name=\"twitter:label2\" content=\"Tiempo de lectura\" \/>\n\t<meta name=\"twitter:data2\" content=\"3 minutos\" \/>\n<script type=\"application\/ld+json\" class=\"yoast-schema-graph\">{\"@context\":\"https:\/\/schema.org\",\"@graph\":[{\"@type\":\"NewsArticle\",\"@id\":\"https:\/\/www.celttv.com.ar\/index.php\/2014\/11\/25\/la-region-despacho-un-cargamento-de-miel-para-exportacion\/#article\",\"isPartOf\":{\"@id\":\"https:\/\/www.celttv.com.ar\/index.php\/2014\/11\/25\/la-region-despacho-un-cargamento-de-miel-para-exportacion\/\"},\"author\":{\"name\":\"ulises\",\"@id\":\"https:\/\/www.celttv.com.ar\/#\/schema\/person\/6d99c072dba59953809c81446e9d0ace\"},\"headline\":\"LA REGION DESPACH\u00d3 UN CARGAMENTO DE MIEL PARA EXPORTACION\",\"datePublished\":\"2014-11-25T14:12:10+00:00\",\"dateModified\":\"2014-11-25T14:12:10+00:00\",\"mainEntityOfPage\":{\"@id\":\"https:\/\/www.celttv.com.ar\/index.php\/2014\/11\/25\/la-region-despacho-un-cargamento-de-miel-para-exportacion\/\"},\"wordCount\":548,\"publisher\":{\"@id\":\"https:\/\/www.celttv.com.ar\/#organization\"},\"articleSection\":[\"Comunidad\",\"Destacadas\",\"Pol\u00edtica\"],\"inLanguage\":\"es\"},{\"@type\":\"WebPage\",\"@id\":\"https:\/\/www.celttv.com.ar\/index.php\/2014\/11\/25\/la-region-despacho-un-cargamento-de-miel-para-exportacion\/\",\"url\":\"https:\/\/www.celttv.com.ar\/index.php\/2014\/11\/25\/la-region-despacho-un-cargamento-de-miel-para-exportacion\/\",\"name\":\"LA REGION DESPACH\u00d3 UN CARGAMENTO DE MIEL PARA EXPORTACION - CELTTV\",\"isPartOf\":{\"@id\":\"https:\/\/www.celttv.com.ar\/#website\"},\"datePublished\":\"2014-11-25T14:12:10+00:00\",\"dateModified\":\"2014-11-25T14:12:10+00:00\",\"description\":\"Sitio web de noticias de la localidad de Tornquist, provincia de Buenos Aires, Rep\u00fablica Argentina. Contenido propio originado por periodistas de CELTTV, el canal de TV local de la Cooperativa El\u00e9ctrica de Tornquist. Turismo, Pol\u00edtica, Sociedad, Deporte, Cultura y todo el contenido de inter\u00e9s general que la gente del pueblo y la regi\u00f3n debe conocer.\",\"breadcrumb\":{\"@id\":\"https:\/\/www.celttv.com.ar\/index.php\/2014\/11\/25\/la-region-despacho-un-cargamento-de-miel-para-exportacion\/#breadcrumb\"},\"inLanguage\":\"es\",\"potentialAction\":[{\"@type\":\"ReadAction\",\"target\":[\"https:\/\/www.celttv.com.ar\/index.php\/2014\/11\/25\/la-region-despacho-un-cargamento-de-miel-para-exportacion\/\"]}]},{\"@type\":\"BreadcrumbList\",\"@id\":\"https:\/\/www.celttv.com.ar\/index.php\/2014\/11\/25\/la-region-despacho-un-cargamento-de-miel-para-exportacion\/#breadcrumb\",\"itemListElement\":[{\"@type\":\"ListItem\",\"position\":1,\"name\":\"Inicio\",\"item\":\"https:\/\/www.celttv.com.ar\/\"},{\"@type\":\"ListItem\",\"position\":2,\"name\":\"LA REGION DESPACH\u00d3 UN CARGAMENTO DE MIEL PARA EXPORTACION\"}]},{\"@type\":\"WebSite\",\"@id\":\"https:\/\/www.celttv.com.ar\/#website\",\"url\":\"https:\/\/www.celttv.com.ar\/\",\"name\":\"CELTTV\",\"description\":\"Cooperativa El\u00e9ctrica de Tornquist\",\"publisher\":{\"@id\":\"https:\/\/www.celttv.com.ar\/#organization\"},\"potentialAction\":[{\"@type\":\"SearchAction\",\"target\":{\"@type\":\"EntryPoint\",\"urlTemplate\":\"https:\/\/www.celttv.com.ar\/?s={search_term_string}\"},\"query-input\":\"required name=search_term_string\"}],\"inLanguage\":\"es\"},{\"@type\":\"Organization\",\"@id\":\"https:\/\/www.celttv.com.ar\/#organization\",\"name\":\"CELTTV\",\"url\":\"https:\/\/www.celttv.com.ar\/\",\"sameAs\":[\"https:\/\/www.youtube.com\/channel\/UCz_oIt8Hig64Ub-EmcNPIhg\",\"https:\/\/www.facebook.com\/celtTV\/\"],\"logo\":{\"@type\":\"ImageObject\",\"inLanguage\":\"es\",\"@id\":\"https:\/\/www.celttv.com.ar\/#\/schema\/logo\/image\/\",\"url\":\"http:\/\/www.celttv.com.ar\/wp-content\/uploads\/2022\/08\/logo-1.png\",\"contentUrl\":\"http:\/\/www.celttv.com.ar\/wp-content\/uploads\/2022\/08\/logo-1.png\",\"width\":461,\"height\":159,\"caption\":\"CELTTV\"},\"image\":{\"@id\":\"https:\/\/www.celttv.com.ar\/#\/schema\/logo\/image\/\"}},{\"@type\":\"Person\",\"@id\":\"https:\/\/www.celttv.com.ar\/#\/schema\/person\/6d99c072dba59953809c81446e9d0ace\",\"name\":\"ulises\",\"image\":{\"@type\":\"ImageObject\",\"inLanguage\":\"es\",\"@id\":\"https:\/\/www.celttv.com.ar\/#\/schema\/person\/image\/\",\"url\":\"https:\/\/secure.gravatar.com\/avatar\/7f2c48bdc33b30088f941fb6082e555f2874c98e20cb159d7b92b50eadfce793?s=96&d=mm&r=g\",\"contentUrl\":\"https:\/\/secure.gravatar.com\/avatar\/7f2c48bdc33b30088f941fb6082e555f2874c98e20cb159d7b92b50eadfce793?s=96&d=mm&r=g\",\"caption\":\"ulises\"},\"sameAs\":[\"http:\/\/www.celttv.com.ar\"]}]}<\/script>\n<!-- \/ Yoast SEO plugin. -->","yoast_head_json":{"title":"LA REGION DESPACH\u00d3 UN CARGAMENTO DE MIEL PARA EXPORTACION - CELTTV","description":"Sitio web de noticias de la localidad de Tornquist, provincia de Buenos Aires, Rep\u00fablica Argentina. Contenido propio originado por periodistas de CELTTV, el canal de TV local de la Cooperativa El\u00e9ctrica de Tornquist. Turismo, Pol\u00edtica, Sociedad, Deporte, Cultura y todo el contenido de inter\u00e9s general que la gente del pueblo y la regi\u00f3n debe conocer.","robots":{"index":"index","follow":"follow","max-snippet":"max-snippet:-1","max-image-preview":"max-image-preview:large","max-video-preview":"max-video-preview:-1"},"canonical":"https:\/\/www.celttv.com.ar\/index.php\/2014\/11\/25\/la-region-despacho-un-cargamento-de-miel-para-exportacion\/","og_locale":"es_ES","og_type":"article","og_title":"LA REGION DESPACH\u00d3 UN CARGAMENTO DE MIEL PARA EXPORTACION - CELTTV","og_description":"Sitio web de noticias de la localidad de Tornquist, provincia de Buenos Aires, Rep\u00fablica Argentina. Contenido propio originado por periodistas de CELTTV, el canal de TV local de la Cooperativa El\u00e9ctrica de Tornquist. Turismo, Pol\u00edtica, Sociedad, Deporte, Cultura y todo el contenido de inter\u00e9s general que la gente del pueblo y la regi\u00f3n debe conocer.","og_url":"https:\/\/www.celttv.com.ar\/index.php\/2014\/11\/25\/la-region-despacho-un-cargamento-de-miel-para-exportacion\/","og_site_name":"CELTTV","article_publisher":"https:\/\/www.facebook.com\/celtTV\/","article_published_time":"2014-11-25T14:12:10+00:00","og_image":[{"url":"http:\/\/www.tvcnoticias.com.ar\/wp-content\/uploads\/2014\/11\/apicultor1_ec49b8cc-Medium-450x307.jpg"}],"author":"ulises","twitter_card":"summary_large_image","twitter_misc":{"Escrito por":"ulises","Tiempo de lectura":"3 minutos"},"schema":{"@context":"https:\/\/schema.org","@graph":[{"@type":"NewsArticle","@id":"https:\/\/www.celttv.com.ar\/index.php\/2014\/11\/25\/la-region-despacho-un-cargamento-de-miel-para-exportacion\/#article","isPartOf":{"@id":"https:\/\/www.celttv.com.ar\/index.php\/2014\/11\/25\/la-region-despacho-un-cargamento-de-miel-para-exportacion\/"},"author":{"name":"ulises","@id":"https:\/\/www.celttv.com.ar\/#\/schema\/person\/6d99c072dba59953809c81446e9d0ace"},"headline":"LA REGION DESPACH\u00d3 UN CARGAMENTO DE MIEL PARA EXPORTACION","datePublished":"2014-11-25T14:12:10+00:00","dateModified":"2014-11-25T14:12:10+00:00","mainEntityOfPage":{"@id":"https:\/\/www.celttv.com.ar\/index.php\/2014\/11\/25\/la-region-despacho-un-cargamento-de-miel-para-exportacion\/"},"wordCount":548,"publisher":{"@id":"https:\/\/www.celttv.com.ar\/#organization"},"articleSection":["Comunidad","Destacadas","Pol\u00edtica"],"inLanguage":"es"},{"@type":"WebPage","@id":"https:\/\/www.celttv.com.ar\/index.php\/2014\/11\/25\/la-region-despacho-un-cargamento-de-miel-para-exportacion\/","url":"https:\/\/www.celttv.com.ar\/index.php\/2014\/11\/25\/la-region-despacho-un-cargamento-de-miel-para-exportacion\/","name":"LA REGION DESPACH\u00d3 UN CARGAMENTO DE MIEL PARA EXPORTACION - CELTTV","isPartOf":{"@id":"https:\/\/www.celttv.com.ar\/#website"},"datePublished":"2014-11-25T14:12:10+00:00","dateModified":"2014-11-25T14:12:10+00:00","description":"Sitio web de noticias de la localidad de Tornquist, provincia de Buenos Aires, Rep\u00fablica Argentina. Contenido propio originado por periodistas de CELTTV, el canal de TV local de la Cooperativa El\u00e9ctrica de Tornquist. Turismo, Pol\u00edtica, Sociedad, Deporte, Cultura y todo el contenido de inter\u00e9s general que la gente del pueblo y la regi\u00f3n debe conocer.","breadcrumb":{"@id":"https:\/\/www.celttv.com.ar\/index.php\/2014\/11\/25\/la-region-despacho-un-cargamento-de-miel-para-exportacion\/#breadcrumb"},"inLanguage":"es","potentialAction":[{"@type":"ReadAction","target":["https:\/\/www.celttv.com.ar\/index.php\/2014\/11\/25\/la-region-despacho-un-cargamento-de-miel-para-exportacion\/"]}]},{"@type":"BreadcrumbList","@id":"https:\/\/www.celttv.com.ar\/index.php\/2014\/11\/25\/la-region-despacho-un-cargamento-de-miel-para-exportacion\/#breadcrumb","itemListElement":[{"@type":"ListItem","position":1,"name":"Inicio","item":"https:\/\/www.celttv.com.ar\/"},{"@type":"ListItem","position":2,"name":"LA REGION DESPACH\u00d3 UN CARGAMENTO DE MIEL PARA EXPORTACION"}]},{"@type":"WebSite","@id":"https:\/\/www.celttv.com.ar\/#website","url":"https:\/\/www.celttv.com.ar\/","name":"CELTTV","description":"Cooperativa El\u00e9ctrica de Tornquist","publisher":{"@id":"https:\/\/www.celttv.com.ar\/#organization"},"potentialAction":[{"@type":"SearchAction","target":{"@type":"EntryPoint","urlTemplate":"https:\/\/www.celttv.com.ar\/?s={search_term_string}"},"query-input":"required name=search_term_string"}],"inLanguage":"es"},{"@type":"Organization","@id":"https:\/\/www.celttv.com.ar\/#organization","name":"CELTTV","url":"https:\/\/www.celttv.com.ar\/","sameAs":["https:\/\/www.youtube.com\/channel\/UCz_oIt8Hig64Ub-EmcNPIhg","https:\/\/www.facebook.com\/celtTV\/"],"logo":{"@type":"ImageObject","inLanguage":"es","@id":"https:\/\/www.celttv.com.ar\/#\/schema\/logo\/image\/","url":"http:\/\/www.celttv.com.ar\/wp-content\/uploads\/2022\/08\/logo-1.png","contentUrl":"http:\/\/www.celttv.com.ar\/wp-content\/uploads\/2022\/08\/logo-1.png","width":461,"height":159,"caption":"CELTTV"},"image":{"@id":"https:\/\/www.celttv.com.ar\/#\/schema\/logo\/image\/"}},{"@type":"Person","@id":"https:\/\/www.celttv.com.ar\/#\/schema\/person\/6d99c072dba59953809c81446e9d0ace","name":"ulises","image":{"@type":"ImageObject","inLanguage":"es","@id":"https:\/\/www.celttv.com.ar\/#\/schema\/person\/image\/","url":"https:\/\/secure.gravatar.com\/avatar\/7f2c48bdc33b30088f941fb6082e555f2874c98e20cb159d7b92b50eadfce793?s=96&d=mm&r=g","contentUrl":"https:\/\/secure.gravatar.com\/avatar\/7f2c48bdc33b30088f941fb6082e555f2874c98e20cb159d7b92b50eadfce793?s=96&d=mm&r=g","caption":"ulises"},"sameAs":["http:\/\/www.celttv.com.ar"]}]}},"_links":{"self":[{"href":"https:\/\/www.celttv.com.ar\/index.php\/wp-json\/wp\/v2\/posts\/25316","targetHints":{"allow":["GET"]}}],"collection":[{"href":"https:\/\/www.celttv.com.ar\/index.php\/wp-json\/wp\/v2\/posts"}],"about":[{"href":"https:\/\/www.celttv.com.ar\/index.php\/wp-json\/wp\/v2\/types\/post"}],"author":[{"embeddable":true,"href":"https:\/\/www.celttv.com.ar\/index.php\/wp-json\/wp\/v2\/users\/1"}],"replies":[{"embeddable":true,"href":"https:\/\/www.celttv.com.ar\/index.php\/wp-json\/wp\/v2\/comments?post=25316"}],"version-history":[{"count":0,"href":"https:\/\/www.celttv.com.ar\/index.php\/wp-json\/wp\/v2\/posts\/25316\/revisions"}],"wp:attachment":[{"href":"https:\/\/www.celttv.com.ar\/index.php\/wp-json\/wp\/v2\/media?parent=25316"}],"wp:term":[{"taxonomy":"category","embeddable":true,"href":"https:\/\/www.celttv.com.ar\/index.php\/wp-json\/wp\/v2\/categories?post=25316"},{"taxonomy":"post_tag","embeddable":true,"href":"https:\/\/www.celttv.com.ar\/index.php\/wp-json\/wp\/v2\/tags?post=25316"}],"curies":[{"name":"wp","href":"https:\/\/api.w.org\/{rel}","templated":true}]}}