{"id":25335,"date":"2014-11-25T20:55:21","date_gmt":"2014-11-25T20:55:21","guid":{"rendered":"http:\/\/www.tvcnoticias.com.ar\/?p=25335"},"modified":"2014-11-25T20:55:21","modified_gmt":"2014-11-25T20:55:21","slug":"norma-larrainzar-y-jorge-schneider-los-nuevos-reyes-del-centro-de-jubilados-imagenes-ynotas","status":"publish","type":"post","link":"https:\/\/www.celttv.com.ar\/index.php\/2014\/11\/25\/norma-larrainzar-y-jorge-schneider-los-nuevos-reyes-del-centro-de-jubilados-imagenes-ynotas\/","title":{"rendered":"NORMA LARRAINZAR Y JORGE SCHNEIDER LOS NUEVOS REYES DEL CENTRO DE JUBILADOS (im\u00e1genes ynotas)"},"content":{"rendered":"<p><a href=\"https:\/\/www.youtube.com\/watch?v=UK81k4eOJWg\">httpv:\/\/www.youtube.com\/watch?v=UK81k4eOJWg<\/a><br \/>\n<a href=\"https:\/\/www.youtube.com\/watch?v=x7LY2WvfuzI\">httpv:\/\/www.youtube.com\/watch?v=x7LY2WvfuzI<\/a><br \/>\n<a href=\"https:\/\/www.youtube.com\/watch?v=Q-SCwvgBloY\">httpv:\/\/www.youtube.com\/watch?v=Q-SCwvgBloY<\/a><br \/>\n<a href=\"https:\/\/www.youtube.com\/watch?v=VNxkpk8FaPY\">httpv:\/\/www.youtube.com\/watch?v=VNxkpk8FaPY<\/a><br \/>\n<a href=\"https:\/\/www.youtube.com\/watch?v=6DLKUyd6bjY\">httpv:\/\/www.youtube.com\/watch?v=6DLKUyd6bjY<\/a><br \/>\n<a href=\"https:\/\/www.youtube.com\/watch?v=dA6kAVQ3Hjo\">httpv:\/\/www.youtube.com\/watch?v=dA6kAVQ3Hjo<\/a><br \/>\n<a href=\"https:\/\/www.youtube.com\/watch?v=CiIcXIrvqCI\">httpv:\/\/www.youtube.com\/watch?v=CiIcXIrvqCI<\/a><br \/>\nSe realiz\u00f3 el tradicional almuerzo anual en su sede social durante la jornada de este domingo<br \/>\nComo es habitual en su sal\u00f3n climatizado, el Centro de Jubilados y Pensionados realiz\u00f3 durante la jornada de este domingo su tradicional almuerzo anual al que asistieron unas 200 personas de Tornquist y la regi\u00f3n.<br \/>\nComo siempre hubo un excelente servicio de catering a cargo de Norma Bergonde y su grupo de trabajo.<br \/>\nLa amenizaci\u00f3n estuvo a cargo como todos los a\u00f1os de Grupo terremoto y un muy buen repertorio como para sacarle viruta al piso.<br \/>\nLos \u00a0representantes municipales que se dieron cita \u00a0representando al Intendente fueron el Secretario de Gobierno Guillermo Loffler y el secretario de Producci\u00f3n Ricardo Valentini.<br \/>\nLa apertura de la fiesta estuvo a cargo de Mari Cenizo que dio la bienvenida y agradeci\u00f3 como todos los a\u00f1os a los asistentes.<br \/>\nTambi\u00e9n gentilmente concurri\u00f3 el padre Norberto Lopez para bendecir los alimentos.<br \/>\nA la hora de la elecci\u00f3n de los reyes, los resultados recayeron en NORMA LARRAINZAR y JORGE SCHNEIDER como los nuevos soberanos, siendo coronados por miembros de la comisi\u00f3n directiva y los reyes salientes Adelina Kessler y Carlos Bustamante.<br \/>\nAmbos bailaron el tradicional vals y la velada se cerr\u00f3 con un brindis y el corte de la torta.<br \/>\nCobertura: Marcelo Alga\u00f1araz<\/p>\n","protected":false},"excerpt":{"rendered":"<p>httpv:\/\/www.youtube.com\/watch?v=UK81k4eOJWg httpv:\/\/www.youtube.com\/watch?v=x7LY2WvfuzI httpv:\/\/www.youtube.com\/watch?v=Q-SCwvgBloY httpv:\/\/www.youtube.com\/watch?v=VNxkpk8FaPY httpv:\/\/www.youtube.com\/watch?v=6DLKUyd6bjY httpv:\/\/www.youtube.com\/watch?v=dA6kAVQ3Hjo httpv:\/\/www.youtube.com\/watch?v=CiIcXIrvqCI Se realiz\u00f3 el tradicional almuerzo anual en su sede social durante la jornada de este domingo Como es habitual en su sal\u00f3n climatizado, el Centro de Jubilados y Pensionados realiz\u00f3 durante la jornada de este domingo su tradicional almuerzo anual al que asistieron unas 200 personas de Tornquist [&hellip;]<\/p>\n","protected":false},"author":1,"featured_media":0,"comment_status":"closed","ping_status":"open","sticky":false,"template":"","format":"standard","meta":{"footnotes":""},"categories":[51,52,56,64],"tags":[],"class_list":["post-25335","post","type-post","status-publish","format-standard","hentry","category-comunidad","category-destacadas","category-espectaculos","category-videos-destacados"],"yoast_head":"<!-- This site is optimized with the Yoast SEO plugin v19.7.1 - https:\/\/yoast.com\/wordpress\/plugins\/seo\/ -->\n<title>NORMA LARRAINZAR Y JORGE SCHNEIDER LOS NUEVOS REYES DEL CENTRO DE JUBILADOS (im\u00e1genes ynotas) - CELTTV<\/title>\n<meta name=\"description\" content=\"Sitio web de noticias de la localidad de Tornquist, provincia de Buenos Aires, Rep\u00fablica Argentina. Contenido propio originado por periodistas de CELTTV, el canal de TV local de la Cooperativa El\u00e9ctrica de Tornquist. Turismo, Pol\u00edtica, Sociedad, Deporte, Cultura y todo el contenido de inter\u00e9s general que la gente del pueblo y la regi\u00f3n debe conocer.\" \/>\n<meta name=\"robots\" content=\"index, follow, max-snippet:-1, max-image-preview:large, max-video-preview:-1\" \/>\n<link rel=\"canonical\" href=\"https:\/\/www.celttv.com.ar\/index.php\/2014\/11\/25\/norma-larrainzar-y-jorge-schneider-los-nuevos-reyes-del-centro-de-jubilados-imagenes-ynotas\/\" \/>\n<meta property=\"og:locale\" content=\"es_ES\" \/>\n<meta property=\"og:type\" content=\"article\" \/>\n<meta property=\"og:title\" content=\"NORMA LARRAINZAR Y JORGE SCHNEIDER LOS NUEVOS REYES DEL CENTRO DE JUBILADOS (im\u00e1genes ynotas) - CELTTV\" \/>\n<meta property=\"og:description\" content=\"Sitio web de noticias de la localidad de Tornquist, provincia de Buenos Aires, Rep\u00fablica Argentina. Contenido propio originado por periodistas de CELTTV, el canal de TV local de la Cooperativa El\u00e9ctrica de Tornquist. Turismo, Pol\u00edtica, Sociedad, Deporte, Cultura y todo el contenido de inter\u00e9s general que la gente del pueblo y la regi\u00f3n debe conocer.\" \/>\n<meta property=\"og:url\" content=\"https:\/\/www.celttv.com.ar\/index.php\/2014\/11\/25\/norma-larrainzar-y-jorge-schneider-los-nuevos-reyes-del-centro-de-jubilados-imagenes-ynotas\/\" \/>\n<meta property=\"og:site_name\" content=\"CELTTV\" \/>\n<meta property=\"article:publisher\" content=\"https:\/\/www.facebook.com\/celtTV\/\" \/>\n<meta property=\"article:published_time\" content=\"2014-11-25T20:55:21+00:00\" \/>\n<meta name=\"author\" content=\"ulises\" \/>\n<meta name=\"twitter:card\" content=\"summary_large_image\" \/>\n<meta name=\"twitter:label1\" content=\"Escrito por\" \/>\n\t<meta name=\"twitter:data1\" content=\"ulises\" \/>\n\t<meta name=\"twitter:label2\" content=\"Tiempo de lectura\" \/>\n\t<meta name=\"twitter:data2\" content=\"1 minuto\" \/>\n<script type=\"application\/ld+json\" class=\"yoast-schema-graph\">{\"@context\":\"https:\/\/schema.org\",\"@graph\":[{\"@type\":\"NewsArticle\",\"@id\":\"https:\/\/www.celttv.com.ar\/index.php\/2014\/11\/25\/norma-larrainzar-y-jorge-schneider-los-nuevos-reyes-del-centro-de-jubilados-imagenes-ynotas\/#article\",\"isPartOf\":{\"@id\":\"https:\/\/www.celttv.com.ar\/index.php\/2014\/11\/25\/norma-larrainzar-y-jorge-schneider-los-nuevos-reyes-del-centro-de-jubilados-imagenes-ynotas\/\"},\"author\":{\"name\":\"ulises\",\"@id\":\"https:\/\/www.celttv.com.ar\/#\/schema\/person\/6d99c072dba59953809c81446e9d0ace\"},\"headline\":\"NORMA LARRAINZAR Y JORGE SCHNEIDER LOS NUEVOS REYES DEL CENTRO DE JUBILADOS (im\u00e1genes ynotas)\",\"datePublished\":\"2014-11-25T20:55:21+00:00\",\"dateModified\":\"2014-11-25T20:55:21+00:00\",\"mainEntityOfPage\":{\"@id\":\"https:\/\/www.celttv.com.ar\/index.php\/2014\/11\/25\/norma-larrainzar-y-jorge-schneider-los-nuevos-reyes-del-centro-de-jubilados-imagenes-ynotas\/\"},\"wordCount\":293,\"publisher\":{\"@id\":\"https:\/\/www.celttv.com.ar\/#organization\"},\"articleSection\":[\"Comunidad\",\"Destacadas\",\"Espect\u00e1culos\",\"Videos Destacados\"],\"inLanguage\":\"es\"},{\"@type\":\"WebPage\",\"@id\":\"https:\/\/www.celttv.com.ar\/index.php\/2014\/11\/25\/norma-larrainzar-y-jorge-schneider-los-nuevos-reyes-del-centro-de-jubilados-imagenes-ynotas\/\",\"url\":\"https:\/\/www.celttv.com.ar\/index.php\/2014\/11\/25\/norma-larrainzar-y-jorge-schneider-los-nuevos-reyes-del-centro-de-jubilados-imagenes-ynotas\/\",\"name\":\"NORMA LARRAINZAR Y JORGE SCHNEIDER LOS NUEVOS REYES DEL CENTRO DE JUBILADOS (im\u00e1genes ynotas) - CELTTV\",\"isPartOf\":{\"@id\":\"https:\/\/www.celttv.com.ar\/#website\"},\"datePublished\":\"2014-11-25T20:55:21+00:00\",\"dateModified\":\"2014-11-25T20:55:21+00:00\",\"description\":\"Sitio web de noticias de la localidad de Tornquist, provincia de Buenos Aires, Rep\u00fablica Argentina. Contenido propio originado por periodistas de CELTTV, el canal de TV local de la Cooperativa El\u00e9ctrica de Tornquist. Turismo, Pol\u00edtica, Sociedad, Deporte, Cultura y todo el contenido de inter\u00e9s general que la gente del pueblo y la regi\u00f3n debe conocer.\",\"breadcrumb\":{\"@id\":\"https:\/\/www.celttv.com.ar\/index.php\/2014\/11\/25\/norma-larrainzar-y-jorge-schneider-los-nuevos-reyes-del-centro-de-jubilados-imagenes-ynotas\/#breadcrumb\"},\"inLanguage\":\"es\",\"potentialAction\":[{\"@type\":\"ReadAction\",\"target\":[\"https:\/\/www.celttv.com.ar\/index.php\/2014\/11\/25\/norma-larrainzar-y-jorge-schneider-los-nuevos-reyes-del-centro-de-jubilados-imagenes-ynotas\/\"]}]},{\"@type\":\"BreadcrumbList\",\"@id\":\"https:\/\/www.celttv.com.ar\/index.php\/2014\/11\/25\/norma-larrainzar-y-jorge-schneider-los-nuevos-reyes-del-centro-de-jubilados-imagenes-ynotas\/#breadcrumb\",\"itemListElement\":[{\"@type\":\"ListItem\",\"position\":1,\"name\":\"Inicio\",\"item\":\"https:\/\/www.celttv.com.ar\/\"},{\"@type\":\"ListItem\",\"position\":2,\"name\":\"NORMA LARRAINZAR Y JORGE SCHNEIDER LOS NUEVOS REYES DEL CENTRO DE JUBILADOS (im\u00e1genes ynotas)\"}]},{\"@type\":\"WebSite\",\"@id\":\"https:\/\/www.celttv.com.ar\/#website\",\"url\":\"https:\/\/www.celttv.com.ar\/\",\"name\":\"CELTTV\",\"description\":\"Cooperativa El\u00e9ctrica de Tornquist\",\"publisher\":{\"@id\":\"https:\/\/www.celttv.com.ar\/#organization\"},\"potentialAction\":[{\"@type\":\"SearchAction\",\"target\":{\"@type\":\"EntryPoint\",\"urlTemplate\":\"https:\/\/www.celttv.com.ar\/?s={search_term_string}\"},\"query-input\":\"required name=search_term_string\"}],\"inLanguage\":\"es\"},{\"@type\":\"Organization\",\"@id\":\"https:\/\/www.celttv.com.ar\/#organization\",\"name\":\"CELTTV\",\"url\":\"https:\/\/www.celttv.com.ar\/\",\"sameAs\":[\"https:\/\/www.youtube.com\/channel\/UCz_oIt8Hig64Ub-EmcNPIhg\",\"https:\/\/www.facebook.com\/celtTV\/\"],\"logo\":{\"@type\":\"ImageObject\",\"inLanguage\":\"es\",\"@id\":\"https:\/\/www.celttv.com.ar\/#\/schema\/logo\/image\/\",\"url\":\"http:\/\/www.celttv.com.ar\/wp-content\/uploads\/2022\/08\/logo-1.png\",\"contentUrl\":\"http:\/\/www.celttv.com.ar\/wp-content\/uploads\/2022\/08\/logo-1.png\",\"width\":461,\"height\":159,\"caption\":\"CELTTV\"},\"image\":{\"@id\":\"https:\/\/www.celttv.com.ar\/#\/schema\/logo\/image\/\"}},{\"@type\":\"Person\",\"@id\":\"https:\/\/www.celttv.com.ar\/#\/schema\/person\/6d99c072dba59953809c81446e9d0ace\",\"name\":\"ulises\",\"image\":{\"@type\":\"ImageObject\",\"inLanguage\":\"es\",\"@id\":\"https:\/\/www.celttv.com.ar\/#\/schema\/person\/image\/\",\"url\":\"https:\/\/secure.gravatar.com\/avatar\/7f2c48bdc33b30088f941fb6082e555f2874c98e20cb159d7b92b50eadfce793?s=96&d=mm&r=g\",\"contentUrl\":\"https:\/\/secure.gravatar.com\/avatar\/7f2c48bdc33b30088f941fb6082e555f2874c98e20cb159d7b92b50eadfce793?s=96&d=mm&r=g\",\"caption\":\"ulises\"},\"sameAs\":[\"http:\/\/www.celttv.com.ar\"]}]}<\/script>\n<!-- \/ Yoast SEO plugin. -->","yoast_head_json":{"title":"NORMA LARRAINZAR Y JORGE SCHNEIDER LOS NUEVOS REYES DEL CENTRO DE JUBILADOS (im\u00e1genes ynotas) - CELTTV","description":"Sitio web de noticias de la localidad de Tornquist, provincia de Buenos Aires, Rep\u00fablica Argentina. Contenido propio originado por periodistas de CELTTV, el canal de TV local de la Cooperativa El\u00e9ctrica de Tornquist. Turismo, Pol\u00edtica, Sociedad, Deporte, Cultura y todo el contenido de inter\u00e9s general que la gente del pueblo y la regi\u00f3n debe conocer.","robots":{"index":"index","follow":"follow","max-snippet":"max-snippet:-1","max-image-preview":"max-image-preview:large","max-video-preview":"max-video-preview:-1"},"canonical":"https:\/\/www.celttv.com.ar\/index.php\/2014\/11\/25\/norma-larrainzar-y-jorge-schneider-los-nuevos-reyes-del-centro-de-jubilados-imagenes-ynotas\/","og_locale":"es_ES","og_type":"article","og_title":"NORMA LARRAINZAR Y JORGE SCHNEIDER LOS NUEVOS REYES DEL CENTRO DE JUBILADOS (im\u00e1genes ynotas) - CELTTV","og_description":"Sitio web de noticias de la localidad de Tornquist, provincia de Buenos Aires, Rep\u00fablica Argentina. Contenido propio originado por periodistas de CELTTV, el canal de TV local de la Cooperativa El\u00e9ctrica de Tornquist. Turismo, Pol\u00edtica, Sociedad, Deporte, Cultura y todo el contenido de inter\u00e9s general que la gente del pueblo y la regi\u00f3n debe conocer.","og_url":"https:\/\/www.celttv.com.ar\/index.php\/2014\/11\/25\/norma-larrainzar-y-jorge-schneider-los-nuevos-reyes-del-centro-de-jubilados-imagenes-ynotas\/","og_site_name":"CELTTV","article_publisher":"https:\/\/www.facebook.com\/celtTV\/","article_published_time":"2014-11-25T20:55:21+00:00","author":"ulises","twitter_card":"summary_large_image","twitter_misc":{"Escrito por":"ulises","Tiempo de lectura":"1 minuto"},"schema":{"@context":"https:\/\/schema.org","@graph":[{"@type":"NewsArticle","@id":"https:\/\/www.celttv.com.ar\/index.php\/2014\/11\/25\/norma-larrainzar-y-jorge-schneider-los-nuevos-reyes-del-centro-de-jubilados-imagenes-ynotas\/#article","isPartOf":{"@id":"https:\/\/www.celttv.com.ar\/index.php\/2014\/11\/25\/norma-larrainzar-y-jorge-schneider-los-nuevos-reyes-del-centro-de-jubilados-imagenes-ynotas\/"},"author":{"name":"ulises","@id":"https:\/\/www.celttv.com.ar\/#\/schema\/person\/6d99c072dba59953809c81446e9d0ace"},"headline":"NORMA LARRAINZAR Y JORGE SCHNEIDER LOS NUEVOS REYES DEL CENTRO DE JUBILADOS (im\u00e1genes ynotas)","datePublished":"2014-11-25T20:55:21+00:00","dateModified":"2014-11-25T20:55:21+00:00","mainEntityOfPage":{"@id":"https:\/\/www.celttv.com.ar\/index.php\/2014\/11\/25\/norma-larrainzar-y-jorge-schneider-los-nuevos-reyes-del-centro-de-jubilados-imagenes-ynotas\/"},"wordCount":293,"publisher":{"@id":"https:\/\/www.celttv.com.ar\/#organization"},"articleSection":["Comunidad","Destacadas","Espect\u00e1culos","Videos Destacados"],"inLanguage":"es"},{"@type":"WebPage","@id":"https:\/\/www.celttv.com.ar\/index.php\/2014\/11\/25\/norma-larrainzar-y-jorge-schneider-los-nuevos-reyes-del-centro-de-jubilados-imagenes-ynotas\/","url":"https:\/\/www.celttv.com.ar\/index.php\/2014\/11\/25\/norma-larrainzar-y-jorge-schneider-los-nuevos-reyes-del-centro-de-jubilados-imagenes-ynotas\/","name":"NORMA LARRAINZAR Y JORGE SCHNEIDER LOS NUEVOS REYES DEL CENTRO DE JUBILADOS (im\u00e1genes ynotas) - CELTTV","isPartOf":{"@id":"https:\/\/www.celttv.com.ar\/#website"},"datePublished":"2014-11-25T20:55:21+00:00","dateModified":"2014-11-25T20:55:21+00:00","description":"Sitio web de noticias de la localidad de Tornquist, provincia de Buenos Aires, Rep\u00fablica Argentina. Contenido propio originado por periodistas de CELTTV, el canal de TV local de la Cooperativa El\u00e9ctrica de Tornquist. Turismo, Pol\u00edtica, Sociedad, Deporte, Cultura y todo el contenido de inter\u00e9s general que la gente del pueblo y la regi\u00f3n debe conocer.","breadcrumb":{"@id":"https:\/\/www.celttv.com.ar\/index.php\/2014\/11\/25\/norma-larrainzar-y-jorge-schneider-los-nuevos-reyes-del-centro-de-jubilados-imagenes-ynotas\/#breadcrumb"},"inLanguage":"es","potentialAction":[{"@type":"ReadAction","target":["https:\/\/www.celttv.com.ar\/index.php\/2014\/11\/25\/norma-larrainzar-y-jorge-schneider-los-nuevos-reyes-del-centro-de-jubilados-imagenes-ynotas\/"]}]},{"@type":"BreadcrumbList","@id":"https:\/\/www.celttv.com.ar\/index.php\/2014\/11\/25\/norma-larrainzar-y-jorge-schneider-los-nuevos-reyes-del-centro-de-jubilados-imagenes-ynotas\/#breadcrumb","itemListElement":[{"@type":"ListItem","position":1,"name":"Inicio","item":"https:\/\/www.celttv.com.ar\/"},{"@type":"ListItem","position":2,"name":"NORMA LARRAINZAR Y JORGE SCHNEIDER LOS NUEVOS REYES DEL CENTRO DE JUBILADOS (im\u00e1genes ynotas)"}]},{"@type":"WebSite","@id":"https:\/\/www.celttv.com.ar\/#website","url":"https:\/\/www.celttv.com.ar\/","name":"CELTTV","description":"Cooperativa El\u00e9ctrica de Tornquist","publisher":{"@id":"https:\/\/www.celttv.com.ar\/#organization"},"potentialAction":[{"@type":"SearchAction","target":{"@type":"EntryPoint","urlTemplate":"https:\/\/www.celttv.com.ar\/?s={search_term_string}"},"query-input":"required name=search_term_string"}],"inLanguage":"es"},{"@type":"Organization","@id":"https:\/\/www.celttv.com.ar\/#organization","name":"CELTTV","url":"https:\/\/www.celttv.com.ar\/","sameAs":["https:\/\/www.youtube.com\/channel\/UCz_oIt8Hig64Ub-EmcNPIhg","https:\/\/www.facebook.com\/celtTV\/"],"logo":{"@type":"ImageObject","inLanguage":"es","@id":"https:\/\/www.celttv.com.ar\/#\/schema\/logo\/image\/","url":"http:\/\/www.celttv.com.ar\/wp-content\/uploads\/2022\/08\/logo-1.png","contentUrl":"http:\/\/www.celttv.com.ar\/wp-content\/uploads\/2022\/08\/logo-1.png","width":461,"height":159,"caption":"CELTTV"},"image":{"@id":"https:\/\/www.celttv.com.ar\/#\/schema\/logo\/image\/"}},{"@type":"Person","@id":"https:\/\/www.celttv.com.ar\/#\/schema\/person\/6d99c072dba59953809c81446e9d0ace","name":"ulises","image":{"@type":"ImageObject","inLanguage":"es","@id":"https:\/\/www.celttv.com.ar\/#\/schema\/person\/image\/","url":"https:\/\/secure.gravatar.com\/avatar\/7f2c48bdc33b30088f941fb6082e555f2874c98e20cb159d7b92b50eadfce793?s=96&d=mm&r=g","contentUrl":"https:\/\/secure.gravatar.com\/avatar\/7f2c48bdc33b30088f941fb6082e555f2874c98e20cb159d7b92b50eadfce793?s=96&d=mm&r=g","caption":"ulises"},"sameAs":["http:\/\/www.celttv.com.ar"]}]}},"_links":{"self":[{"href":"https:\/\/www.celttv.com.ar\/index.php\/wp-json\/wp\/v2\/posts\/25335","targetHints":{"allow":["GET"]}}],"collection":[{"href":"https:\/\/www.celttv.com.ar\/index.php\/wp-json\/wp\/v2\/posts"}],"about":[{"href":"https:\/\/www.celttv.com.ar\/index.php\/wp-json\/wp\/v2\/types\/post"}],"author":[{"embeddable":true,"href":"https:\/\/www.celttv.com.ar\/index.php\/wp-json\/wp\/v2\/users\/1"}],"replies":[{"embeddable":true,"href":"https:\/\/www.celttv.com.ar\/index.php\/wp-json\/wp\/v2\/comments?post=25335"}],"version-history":[{"count":0,"href":"https:\/\/www.celttv.com.ar\/index.php\/wp-json\/wp\/v2\/posts\/25335\/revisions"}],"wp:attachment":[{"href":"https:\/\/www.celttv.com.ar\/index.php\/wp-json\/wp\/v2\/media?parent=25335"}],"wp:term":[{"taxonomy":"category","embeddable":true,"href":"https:\/\/www.celttv.com.ar\/index.php\/wp-json\/wp\/v2\/categories?post=25335"},{"taxonomy":"post_tag","embeddable":true,"href":"https:\/\/www.celttv.com.ar\/index.php\/wp-json\/wp\/v2\/tags?post=25335"}],"curies":[{"name":"wp","href":"https:\/\/api.w.org\/{rel}","templated":true}]}}