{"id":25348,"date":"2014-11-26T22:44:26","date_gmt":"2014-11-26T22:44:26","guid":{"rendered":"http:\/\/www.tvcnoticias.com.ar\/?p=25348"},"modified":"2014-11-26T22:44:26","modified_gmt":"2014-11-26T22:44:26","slug":"el-paseo-peatonal-gerardo-rattero-cerca-de-su-conclusion","status":"publish","type":"post","link":"https:\/\/www.celttv.com.ar\/index.php\/2014\/11\/26\/el-paseo-peatonal-gerardo-rattero-cerca-de-su-conclusion\/","title":{"rendered":"EL PASEO PEATONAL GERARDO RATTERO CERCA DE SU CONCLUSION"},"content":{"rendered":"<p><a rel=\"attachment wp-att-25359\" href=\"http:\/\/www.tvcnoticias.com.ar\/?attachment_id=25359\"><img loading=\"lazy\" decoding=\"async\" class=\"aligncenter size-medium wp-image-25359\" title=\"DSCN9091 (1024x768) (Medium)\" src=\"http:\/\/www.tvcnoticias.com.ar\/wp-content\/uploads\/2014\/11\/DSCN9091-1024x768-Medium-450x337.jpg\" alt=\"\" width=\"450\" height=\"337\" \/><\/a><br \/>\nUn intenso movimiento de m\u00e1quinas, camiones y recursos humanos se advierte en el acceso norte de la ciudad de Tornquist, a la vera de la ruta provincial 76, donde se est\u00e1n concretando las \u00faltimas obras complementarias que le dar\u00e1n vida al Paseo Peatonal Gerardo Rattero.\u00a0 \u00a0En la ma\u00f1ana de hoy, el intendente municipal, licenciado Gustavo Trankels, recorri\u00f3 el sector que se conecta mediante una senda peatonal con el ejido urbano y que modificar\u00e1 considerablemente uno de los ingresos a la cabecera del distrito, generando no solamente un espacio para los vecinos de la comunidad sino tambi\u00e9n para los turistas.<br \/>\n\u201cEstamos muy contentos porque se est\u00e1n viendo los trabajos finales de una obra que cambiar\u00e1 para siempre la visual y el aspecto de uno de los accesos a nuestra ciudad cabecera.<br \/>\nEste Paseo Peatonal Gerardo Rattero cumple varios objetivos: vincula al Centro de Formaci\u00f3n Profesional y la Escuela T\u00e9cnica con el ejido urbano, muchos lo utilizan por cuestiones deportivas y recreativas, y a nivel tur\u00edstico cambiar\u00e1 la cara del pueblo.<br \/>\nPor supuesto que todo el sistema de iluminaci\u00f3n que se dise\u00f1\u00f3 permitir\u00e1 tambi\u00e9n que este lugar se pueda disfrutar de noche\u201d, se\u00f1al\u00f3 el jefe comunal.\u00a0 \u00a0\u201cFue un gran esfuerzo, que no solamente demand\u00f3 el diagrama de la idea, sino ir coordinando distintos recursos humanos, econ\u00f3micos y financieros con la Provincia, la Naci\u00f3n y el propio Municipio, para que se pueda plasmar la obra. Los vecinos ya lo est\u00e1n disfrutando y lo podr\u00e1n hacer mucho m\u00e1s a partir de la inauguraci\u00f3n\u201d, coment\u00f3.<br \/>\nLa construcci\u00f3n comprende m\u00e1s de 2.400 metros de senda peatonal, con puentes e iluminaci\u00f3n acorde, adem\u00e1s de 300 metros adicionales en el sector ubicado a la vera de la ruta provincial 76, donde se est\u00e1 conformando un espacio verde que permitir\u00e1 disfrutar de postales \u00fanicas.<br \/>\n\u201cEstamos expectantes de la finalizaci\u00f3n de la obra, para poder poner en funcionamiento la parte el\u00e9ctrica. Si el clima nos permite mantener el ritmo, podr\u00edamos terminar antes de fines de a\u00f1o\u201d, confi\u00f3 Trankels.\u00a0 \u00a0El intendente tambi\u00e9n destac\u00f3 el trabajo silencioso y permanente que se viene realizando desde hace varios a\u00f1os en otros accesos del distrito.<br \/>\n\u201cEstamos realizando obras complementarias y que tienen que ver con la conducci\u00f3n del agua de lluvia. Ya se ejecutaron alcantarillas de acceso y las maquinarias municipales est\u00e1n marcando cunetas, de acuerdo con el proyecto del sistema de drenaje que efectuamos previo a la ejecuci\u00f3n de la senda peatonal.<br \/>\nAntes de iniciar esta obra, la gente caminaba por el sector de enfrente, porque de esta lado era imposible por las lagunas que se formaban\u201d, explic\u00f3 la secretaria de Obras y Servicios P\u00fablicos, arquitecta Anabella Madue\u00f1a.<br \/>\n\u201cEstamos trabajando en donde ir\u00e1 instalado un monumento y de manera paralela en las alcantarillas de acceso a los predios. No falta mucho, s\u00f3lo detalles, pero demandan much\u00edsima gente y tiempo para poder cumplir con lo que nos pide el intendente, que la pongamos a disposici\u00f3n de la comunidad lo antes posible. Se puso much\u00edsimo esfuerzo en esta obra. Ser\u00e1 un antes y un despu\u00e9s para la ciudad\u201d, dijo.<br \/>\nFinalmente, el arquitecto Francisco Vanoli, quien particip\u00f3 en el dise\u00f1o del extremo norte de la senda, brind\u00f3 algunos detalles.\u00a0 \u00a0\u201cLa idea era dise\u00f1ar algo diferente, marcando un poco el acceso a Tornquist. Dise\u00f1amos una trama de calles, para que la gente pueda disfrutar del espacio y los paisajes. La intenci\u00f3n es que cada calle no culmine, sino que tenga proyecci\u00f3n. Queremos que la gente se lo apropie y lo disfrute, por eso habr\u00e1 espacios verdes y mobiliarios. Quiero agradecerle a Gustavo, Anabella y a todo el grupo por dejarme dise\u00f1ar\u201d, resalt\u00f3.<br \/>\n&nbsp;<\/p>\n","protected":false},"excerpt":{"rendered":"<p>Un intenso movimiento de m\u00e1quinas, camiones y recursos humanos se advierte en el acceso norte de la ciudad de Tornquist, a la vera de la ruta provincial 76, donde se est\u00e1n concretando las \u00faltimas obras complementarias que le dar\u00e1n vida al Paseo Peatonal Gerardo Rattero.\u00a0 \u00a0En la ma\u00f1ana de hoy, el intendente municipal, licenciado Gustavo [&hellip;]<\/p>\n","protected":false},"author":1,"featured_media":0,"comment_status":"closed","ping_status":"open","sticky":false,"template":"","format":"standard","meta":{"footnotes":""},"categories":[51,52,53],"tags":[],"class_list":["post-25348","post","type-post","status-publish","format-standard","hentry","category-comunidad","category-destacadas","category-politica"],"yoast_head":"<!-- This site is optimized with the Yoast SEO plugin v19.7.1 - https:\/\/yoast.com\/wordpress\/plugins\/seo\/ -->\n<title>EL PASEO PEATONAL GERARDO RATTERO CERCA DE SU CONCLUSION - CELTTV<\/title>\n<meta name=\"description\" content=\"Sitio web de noticias de la localidad de Tornquist, provincia de Buenos Aires, Rep\u00fablica Argentina. Contenido propio originado por periodistas de CELTTV, el canal de TV local de la Cooperativa El\u00e9ctrica de Tornquist. Turismo, Pol\u00edtica, Sociedad, Deporte, Cultura y todo el contenido de inter\u00e9s general que la gente del pueblo y la regi\u00f3n debe conocer.\" \/>\n<meta name=\"robots\" content=\"index, follow, max-snippet:-1, max-image-preview:large, max-video-preview:-1\" \/>\n<link rel=\"canonical\" href=\"https:\/\/www.celttv.com.ar\/index.php\/2014\/11\/26\/el-paseo-peatonal-gerardo-rattero-cerca-de-su-conclusion\/\" \/>\n<meta property=\"og:locale\" content=\"es_ES\" \/>\n<meta property=\"og:type\" content=\"article\" \/>\n<meta property=\"og:title\" content=\"EL PASEO PEATONAL GERARDO RATTERO CERCA DE SU CONCLUSION - CELTTV\" \/>\n<meta property=\"og:description\" content=\"Sitio web de noticias de la localidad de Tornquist, provincia de Buenos Aires, Rep\u00fablica Argentina. Contenido propio originado por periodistas de CELTTV, el canal de TV local de la Cooperativa El\u00e9ctrica de Tornquist. Turismo, Pol\u00edtica, Sociedad, Deporte, Cultura y todo el contenido de inter\u00e9s general que la gente del pueblo y la regi\u00f3n debe conocer.\" \/>\n<meta property=\"og:url\" content=\"https:\/\/www.celttv.com.ar\/index.php\/2014\/11\/26\/el-paseo-peatonal-gerardo-rattero-cerca-de-su-conclusion\/\" \/>\n<meta property=\"og:site_name\" content=\"CELTTV\" \/>\n<meta property=\"article:publisher\" content=\"https:\/\/www.facebook.com\/celtTV\/\" \/>\n<meta property=\"article:published_time\" content=\"2014-11-26T22:44:26+00:00\" \/>\n<meta property=\"og:image\" content=\"http:\/\/www.tvcnoticias.com.ar\/wp-content\/uploads\/2014\/11\/DSCN9091-1024x768-Medium-450x337.jpg\" \/>\n<meta name=\"author\" content=\"ulises\" \/>\n<meta name=\"twitter:card\" content=\"summary_large_image\" \/>\n<meta name=\"twitter:label1\" content=\"Escrito por\" \/>\n\t<meta name=\"twitter:data1\" content=\"ulises\" \/>\n\t<meta name=\"twitter:label2\" content=\"Tiempo de lectura\" \/>\n\t<meta name=\"twitter:data2\" content=\"3 minutos\" \/>\n<script type=\"application\/ld+json\" class=\"yoast-schema-graph\">{\"@context\":\"https:\/\/schema.org\",\"@graph\":[{\"@type\":\"NewsArticle\",\"@id\":\"https:\/\/www.celttv.com.ar\/index.php\/2014\/11\/26\/el-paseo-peatonal-gerardo-rattero-cerca-de-su-conclusion\/#article\",\"isPartOf\":{\"@id\":\"https:\/\/www.celttv.com.ar\/index.php\/2014\/11\/26\/el-paseo-peatonal-gerardo-rattero-cerca-de-su-conclusion\/\"},\"author\":{\"name\":\"ulises\",\"@id\":\"https:\/\/www.celttv.com.ar\/#\/schema\/person\/6d99c072dba59953809c81446e9d0ace\"},\"headline\":\"EL PASEO PEATONAL GERARDO RATTERO CERCA DE SU CONCLUSION\",\"datePublished\":\"2014-11-26T22:44:26+00:00\",\"dateModified\":\"2014-11-26T22:44:26+00:00\",\"mainEntityOfPage\":{\"@id\":\"https:\/\/www.celttv.com.ar\/index.php\/2014\/11\/26\/el-paseo-peatonal-gerardo-rattero-cerca-de-su-conclusion\/\"},\"wordCount\":648,\"publisher\":{\"@id\":\"https:\/\/www.celttv.com.ar\/#organization\"},\"articleSection\":[\"Comunidad\",\"Destacadas\",\"Pol\u00edtica\"],\"inLanguage\":\"es\"},{\"@type\":\"WebPage\",\"@id\":\"https:\/\/www.celttv.com.ar\/index.php\/2014\/11\/26\/el-paseo-peatonal-gerardo-rattero-cerca-de-su-conclusion\/\",\"url\":\"https:\/\/www.celttv.com.ar\/index.php\/2014\/11\/26\/el-paseo-peatonal-gerardo-rattero-cerca-de-su-conclusion\/\",\"name\":\"EL PASEO PEATONAL GERARDO RATTERO CERCA DE SU CONCLUSION - CELTTV\",\"isPartOf\":{\"@id\":\"https:\/\/www.celttv.com.ar\/#website\"},\"datePublished\":\"2014-11-26T22:44:26+00:00\",\"dateModified\":\"2014-11-26T22:44:26+00:00\",\"description\":\"Sitio web de noticias de la localidad de Tornquist, provincia de Buenos Aires, Rep\u00fablica Argentina. Contenido propio originado por periodistas de CELTTV, el canal de TV local de la Cooperativa El\u00e9ctrica de Tornquist. Turismo, Pol\u00edtica, Sociedad, Deporte, Cultura y todo el contenido de inter\u00e9s general que la gente del pueblo y la regi\u00f3n debe conocer.\",\"breadcrumb\":{\"@id\":\"https:\/\/www.celttv.com.ar\/index.php\/2014\/11\/26\/el-paseo-peatonal-gerardo-rattero-cerca-de-su-conclusion\/#breadcrumb\"},\"inLanguage\":\"es\",\"potentialAction\":[{\"@type\":\"ReadAction\",\"target\":[\"https:\/\/www.celttv.com.ar\/index.php\/2014\/11\/26\/el-paseo-peatonal-gerardo-rattero-cerca-de-su-conclusion\/\"]}]},{\"@type\":\"BreadcrumbList\",\"@id\":\"https:\/\/www.celttv.com.ar\/index.php\/2014\/11\/26\/el-paseo-peatonal-gerardo-rattero-cerca-de-su-conclusion\/#breadcrumb\",\"itemListElement\":[{\"@type\":\"ListItem\",\"position\":1,\"name\":\"Inicio\",\"item\":\"https:\/\/www.celttv.com.ar\/\"},{\"@type\":\"ListItem\",\"position\":2,\"name\":\"EL PASEO PEATONAL GERARDO RATTERO CERCA DE SU CONCLUSION\"}]},{\"@type\":\"WebSite\",\"@id\":\"https:\/\/www.celttv.com.ar\/#website\",\"url\":\"https:\/\/www.celttv.com.ar\/\",\"name\":\"CELTTV\",\"description\":\"Cooperativa El\u00e9ctrica de Tornquist\",\"publisher\":{\"@id\":\"https:\/\/www.celttv.com.ar\/#organization\"},\"potentialAction\":[{\"@type\":\"SearchAction\",\"target\":{\"@type\":\"EntryPoint\",\"urlTemplate\":\"https:\/\/www.celttv.com.ar\/?s={search_term_string}\"},\"query-input\":\"required name=search_term_string\"}],\"inLanguage\":\"es\"},{\"@type\":\"Organization\",\"@id\":\"https:\/\/www.celttv.com.ar\/#organization\",\"name\":\"CELTTV\",\"url\":\"https:\/\/www.celttv.com.ar\/\",\"sameAs\":[\"https:\/\/www.youtube.com\/channel\/UCz_oIt8Hig64Ub-EmcNPIhg\",\"https:\/\/www.facebook.com\/celtTV\/\"],\"logo\":{\"@type\":\"ImageObject\",\"inLanguage\":\"es\",\"@id\":\"https:\/\/www.celttv.com.ar\/#\/schema\/logo\/image\/\",\"url\":\"http:\/\/www.celttv.com.ar\/wp-content\/uploads\/2022\/08\/logo-1.png\",\"contentUrl\":\"http:\/\/www.celttv.com.ar\/wp-content\/uploads\/2022\/08\/logo-1.png\",\"width\":461,\"height\":159,\"caption\":\"CELTTV\"},\"image\":{\"@id\":\"https:\/\/www.celttv.com.ar\/#\/schema\/logo\/image\/\"}},{\"@type\":\"Person\",\"@id\":\"https:\/\/www.celttv.com.ar\/#\/schema\/person\/6d99c072dba59953809c81446e9d0ace\",\"name\":\"ulises\",\"image\":{\"@type\":\"ImageObject\",\"inLanguage\":\"es\",\"@id\":\"https:\/\/www.celttv.com.ar\/#\/schema\/person\/image\/\",\"url\":\"https:\/\/secure.gravatar.com\/avatar\/7f2c48bdc33b30088f941fb6082e555f2874c98e20cb159d7b92b50eadfce793?s=96&d=mm&r=g\",\"contentUrl\":\"https:\/\/secure.gravatar.com\/avatar\/7f2c48bdc33b30088f941fb6082e555f2874c98e20cb159d7b92b50eadfce793?s=96&d=mm&r=g\",\"caption\":\"ulises\"},\"sameAs\":[\"http:\/\/www.celttv.com.ar\"]}]}<\/script>\n<!-- \/ Yoast SEO plugin. -->","yoast_head_json":{"title":"EL PASEO PEATONAL GERARDO RATTERO CERCA DE SU CONCLUSION - CELTTV","description":"Sitio web de noticias de la localidad de Tornquist, provincia de Buenos Aires, Rep\u00fablica Argentina. Contenido propio originado por periodistas de CELTTV, el canal de TV local de la Cooperativa El\u00e9ctrica de Tornquist. Turismo, Pol\u00edtica, Sociedad, Deporte, Cultura y todo el contenido de inter\u00e9s general que la gente del pueblo y la regi\u00f3n debe conocer.","robots":{"index":"index","follow":"follow","max-snippet":"max-snippet:-1","max-image-preview":"max-image-preview:large","max-video-preview":"max-video-preview:-1"},"canonical":"https:\/\/www.celttv.com.ar\/index.php\/2014\/11\/26\/el-paseo-peatonal-gerardo-rattero-cerca-de-su-conclusion\/","og_locale":"es_ES","og_type":"article","og_title":"EL PASEO PEATONAL GERARDO RATTERO CERCA DE SU CONCLUSION - CELTTV","og_description":"Sitio web de noticias de la localidad de Tornquist, provincia de Buenos Aires, Rep\u00fablica Argentina. Contenido propio originado por periodistas de CELTTV, el canal de TV local de la Cooperativa El\u00e9ctrica de Tornquist. Turismo, Pol\u00edtica, Sociedad, Deporte, Cultura y todo el contenido de inter\u00e9s general que la gente del pueblo y la regi\u00f3n debe conocer.","og_url":"https:\/\/www.celttv.com.ar\/index.php\/2014\/11\/26\/el-paseo-peatonal-gerardo-rattero-cerca-de-su-conclusion\/","og_site_name":"CELTTV","article_publisher":"https:\/\/www.facebook.com\/celtTV\/","article_published_time":"2014-11-26T22:44:26+00:00","og_image":[{"url":"http:\/\/www.tvcnoticias.com.ar\/wp-content\/uploads\/2014\/11\/DSCN9091-1024x768-Medium-450x337.jpg"}],"author":"ulises","twitter_card":"summary_large_image","twitter_misc":{"Escrito por":"ulises","Tiempo de lectura":"3 minutos"},"schema":{"@context":"https:\/\/schema.org","@graph":[{"@type":"NewsArticle","@id":"https:\/\/www.celttv.com.ar\/index.php\/2014\/11\/26\/el-paseo-peatonal-gerardo-rattero-cerca-de-su-conclusion\/#article","isPartOf":{"@id":"https:\/\/www.celttv.com.ar\/index.php\/2014\/11\/26\/el-paseo-peatonal-gerardo-rattero-cerca-de-su-conclusion\/"},"author":{"name":"ulises","@id":"https:\/\/www.celttv.com.ar\/#\/schema\/person\/6d99c072dba59953809c81446e9d0ace"},"headline":"EL PASEO PEATONAL GERARDO RATTERO CERCA DE SU CONCLUSION","datePublished":"2014-11-26T22:44:26+00:00","dateModified":"2014-11-26T22:44:26+00:00","mainEntityOfPage":{"@id":"https:\/\/www.celttv.com.ar\/index.php\/2014\/11\/26\/el-paseo-peatonal-gerardo-rattero-cerca-de-su-conclusion\/"},"wordCount":648,"publisher":{"@id":"https:\/\/www.celttv.com.ar\/#organization"},"articleSection":["Comunidad","Destacadas","Pol\u00edtica"],"inLanguage":"es"},{"@type":"WebPage","@id":"https:\/\/www.celttv.com.ar\/index.php\/2014\/11\/26\/el-paseo-peatonal-gerardo-rattero-cerca-de-su-conclusion\/","url":"https:\/\/www.celttv.com.ar\/index.php\/2014\/11\/26\/el-paseo-peatonal-gerardo-rattero-cerca-de-su-conclusion\/","name":"EL PASEO PEATONAL GERARDO RATTERO CERCA DE SU CONCLUSION - CELTTV","isPartOf":{"@id":"https:\/\/www.celttv.com.ar\/#website"},"datePublished":"2014-11-26T22:44:26+00:00","dateModified":"2014-11-26T22:44:26+00:00","description":"Sitio web de noticias de la localidad de Tornquist, provincia de Buenos Aires, Rep\u00fablica Argentina. Contenido propio originado por periodistas de CELTTV, el canal de TV local de la Cooperativa El\u00e9ctrica de Tornquist. Turismo, Pol\u00edtica, Sociedad, Deporte, Cultura y todo el contenido de inter\u00e9s general que la gente del pueblo y la regi\u00f3n debe conocer.","breadcrumb":{"@id":"https:\/\/www.celttv.com.ar\/index.php\/2014\/11\/26\/el-paseo-peatonal-gerardo-rattero-cerca-de-su-conclusion\/#breadcrumb"},"inLanguage":"es","potentialAction":[{"@type":"ReadAction","target":["https:\/\/www.celttv.com.ar\/index.php\/2014\/11\/26\/el-paseo-peatonal-gerardo-rattero-cerca-de-su-conclusion\/"]}]},{"@type":"BreadcrumbList","@id":"https:\/\/www.celttv.com.ar\/index.php\/2014\/11\/26\/el-paseo-peatonal-gerardo-rattero-cerca-de-su-conclusion\/#breadcrumb","itemListElement":[{"@type":"ListItem","position":1,"name":"Inicio","item":"https:\/\/www.celttv.com.ar\/"},{"@type":"ListItem","position":2,"name":"EL PASEO PEATONAL GERARDO RATTERO CERCA DE SU CONCLUSION"}]},{"@type":"WebSite","@id":"https:\/\/www.celttv.com.ar\/#website","url":"https:\/\/www.celttv.com.ar\/","name":"CELTTV","description":"Cooperativa El\u00e9ctrica de Tornquist","publisher":{"@id":"https:\/\/www.celttv.com.ar\/#organization"},"potentialAction":[{"@type":"SearchAction","target":{"@type":"EntryPoint","urlTemplate":"https:\/\/www.celttv.com.ar\/?s={search_term_string}"},"query-input":"required name=search_term_string"}],"inLanguage":"es"},{"@type":"Organization","@id":"https:\/\/www.celttv.com.ar\/#organization","name":"CELTTV","url":"https:\/\/www.celttv.com.ar\/","sameAs":["https:\/\/www.youtube.com\/channel\/UCz_oIt8Hig64Ub-EmcNPIhg","https:\/\/www.facebook.com\/celtTV\/"],"logo":{"@type":"ImageObject","inLanguage":"es","@id":"https:\/\/www.celttv.com.ar\/#\/schema\/logo\/image\/","url":"http:\/\/www.celttv.com.ar\/wp-content\/uploads\/2022\/08\/logo-1.png","contentUrl":"http:\/\/www.celttv.com.ar\/wp-content\/uploads\/2022\/08\/logo-1.png","width":461,"height":159,"caption":"CELTTV"},"image":{"@id":"https:\/\/www.celttv.com.ar\/#\/schema\/logo\/image\/"}},{"@type":"Person","@id":"https:\/\/www.celttv.com.ar\/#\/schema\/person\/6d99c072dba59953809c81446e9d0ace","name":"ulises","image":{"@type":"ImageObject","inLanguage":"es","@id":"https:\/\/www.celttv.com.ar\/#\/schema\/person\/image\/","url":"https:\/\/secure.gravatar.com\/avatar\/7f2c48bdc33b30088f941fb6082e555f2874c98e20cb159d7b92b50eadfce793?s=96&d=mm&r=g","contentUrl":"https:\/\/secure.gravatar.com\/avatar\/7f2c48bdc33b30088f941fb6082e555f2874c98e20cb159d7b92b50eadfce793?s=96&d=mm&r=g","caption":"ulises"},"sameAs":["http:\/\/www.celttv.com.ar"]}]}},"_links":{"self":[{"href":"https:\/\/www.celttv.com.ar\/index.php\/wp-json\/wp\/v2\/posts\/25348","targetHints":{"allow":["GET"]}}],"collection":[{"href":"https:\/\/www.celttv.com.ar\/index.php\/wp-json\/wp\/v2\/posts"}],"about":[{"href":"https:\/\/www.celttv.com.ar\/index.php\/wp-json\/wp\/v2\/types\/post"}],"author":[{"embeddable":true,"href":"https:\/\/www.celttv.com.ar\/index.php\/wp-json\/wp\/v2\/users\/1"}],"replies":[{"embeddable":true,"href":"https:\/\/www.celttv.com.ar\/index.php\/wp-json\/wp\/v2\/comments?post=25348"}],"version-history":[{"count":0,"href":"https:\/\/www.celttv.com.ar\/index.php\/wp-json\/wp\/v2\/posts\/25348\/revisions"}],"wp:attachment":[{"href":"https:\/\/www.celttv.com.ar\/index.php\/wp-json\/wp\/v2\/media?parent=25348"}],"wp:term":[{"taxonomy":"category","embeddable":true,"href":"https:\/\/www.celttv.com.ar\/index.php\/wp-json\/wp\/v2\/categories?post=25348"},{"taxonomy":"post_tag","embeddable":true,"href":"https:\/\/www.celttv.com.ar\/index.php\/wp-json\/wp\/v2\/tags?post=25348"}],"curies":[{"name":"wp","href":"https:\/\/api.w.org\/{rel}","templated":true}]}}