{"id":254,"date":"2011-07-25T21:21:23","date_gmt":"2011-07-25T21:21:23","guid":{"rendered":"http:\/\/www.tvcnoticias.com.ar\/?p=254"},"modified":"2011-07-25T21:21:23","modified_gmt":"2011-07-25T21:21:23","slug":"alergia-alimentaria-un-congreso-de-pacientes-para-aprender-a-controlarla","status":"publish","type":"post","link":"https:\/\/www.celttv.com.ar\/index.php\/2011\/07\/25\/alergia-alimentaria-un-congreso-de-pacientes-para-aprender-a-controlarla\/","title":{"rendered":"Alergia alimentaria: un \u201ccongreso de pacientes\u201d para aprender a controlarla"},"content":{"rendered":"<div><strong><span style=\"font-size: x-large; color: #ffffff; font-family: Arial Narrow;\"><span style=\"color: #000000;\">EN LA ULTIMA DECADA SE DUPLICO EL NUMERO DE CASOS<\/span><\/span><\/strong><\/div>\n<p><strong><span style=\"font-size: x-large; color: #ffffff; font-family: Arial Narrow;\">\u00a0<br \/>\n<\/span><\/strong><\/p>\n<div><strong><span style=\"font-size: xx-small; font-family: Verdana;\"><strong><span style=\"font-size: xx-small; font-family: Verdana;\"><span style=\"color: #000000;\"><a rel=\"attachment wp-att-255\" href=\"http:\/\/www.tvcnoticias.com.ar\/?attachment_id=255\"><img loading=\"lazy\" decoding=\"async\" class=\"aligncenter size-full wp-image-255\" title=\"alergia (Small)\" src=\"http:\/\/www.tvcnoticias.com.ar\/wp-content\/uploads\/2011\/07\/alergia-Small.jpg\" alt=\"\" width=\"640\" height=\"448\" \/><\/a>El 20 de agosto es el II Congreso de Pacientes con Alergia Alimentaria, abierto a toda la comunidad. El a\u00f1o pasado asistieron 500 personas y cada vez son m\u00e1s los interesados en saber de este trastorno que afecta a cerca del 8% de la poblaci\u00f3n, especialmente a los ni\u00f1os.<\/span><\/span><\/strong><\/span><\/strong><\/div>\n<p><strong><span style=\"font-size: xx-small; font-family: Verdana;\"><strong><span style=\"font-size: xx-small; font-family: Verdana;\"><\/p>\n<div><strong><span style=\"font-size: xx-small; font-family: Verdana;\"><strong><span style=\"font-size: xx-small; font-family: Verdana;\"><strong><span style=\"font-size: xx-small; font-family: Verdana;\"><strong><span style=\"font-size: xx-small; font-family: Verdana;\"><span style=\"color: #000000;\">El Dr. Gustavo Marino, jefe del Servicio de Alergia e Inmunolog\u00eda del Hospital Universitario Austral (HUA), respondi\u00f3 algunas preguntas acerca de qu\u00e9 es la alergia alimentaria, c\u00f3mo se detecta y cu\u00e1les son los tratamientos posibles.<\/span><\/span><\/strong><\/span><\/strong><\/span><\/strong><\/span><\/strong><\/div>\n<p><strong><span style=\"font-size: xx-small; font-family: Verdana;\"><strong><span style=\"font-size: xx-small; font-family: Verdana;\"><strong><span style=\"font-size: xx-small; font-family: Verdana;\"><strong><span style=\"font-size: xx-small; font-family: Verdana;\"><span style=\"color: #000000;\">\u00bfCu\u00e1les son los alimentos m\u00e1s propensos a causar alergia?<\/span><br \/>\n<span style=\"color: #000000;\">En la Argentina son la leche de vaca, la soja, el huevo y el trigo. De acuerdo a estudios en pacientes del HUA, tambi\u00e9n el ma\u00edz y los alimentos con l\u00e1tex afectan a gran parte de la poblaci\u00f3n. Los alimentos relacionados con el l\u00e1tex son aquellos que comparten algunos componentes con este elemento; es probable que una persona con alergia al l\u00e1tex tenga una reacci\u00f3n despu\u00e9s de comer kiwi, banana, palta, manzana, entre otros. Dentro del grupo que desencadenan reacciones menos frecuentes est\u00e1n los mariscos, el pescado, el man\u00ed y los frutos secos (nuez, avellana, almendra).<\/span><br \/>\n<span style=\"color: #000000;\">\u00bfQu\u00e9 s\u00edntomas puede tener una alergia alimentaria?<\/span><br \/>\n<span style=\"color: #000000;\">\u00a0La alergia alimentaria es una enfermedad sist\u00e9mica, es decir, afecta a varias partes de nuestro organismo, como la piel, los ojos y los aparatos gastrointestinal, respiratorio y cardiovascular. Por esto, cuando una persona ingiere un alimento al que es al\u00e9rgico puede tener s\u00edntomas variados, como:\u00a0\u2022 Eczemas, urticarias, picaz\u00f3n, edema o \u201chinchaz\u00f3n\u201d en la piel<\/span><br \/>\n<span style=\"color: #000000;\">\u2022 Congesti\u00f3n nasal, taponamiento, picaz\u00f3n, rinorrea o \u201cchorreo nasal\u201d<\/span><br \/>\n<span style=\"color: #000000;\">\u2022 Accesos de tos seca, ahogos, silbidos al respirar<\/span><br \/>\n<span style=\"color: #000000;\">\u2022 C\u00f3licos, diarrea, constipaci\u00f3n, distensi\u00f3n\u00a0\u2022 Anafilaxia, que sucede cuando la reacci\u00f3n se produce en varios \u00f3rganos a la vez. Es el efecto m\u00e1s grave de una alergia y puede poner en riesgo la vida.<\/span><br \/>\n<span style=\"color: #000000;\">\u00bfCu\u00e1les son los pasos para llegar al diagn\u00f3stico?\u00a0<\/span><br \/>\n<span style=\"color: #000000;\">1. Anamnesis: el paciente cuenta lo que le sucede y el m\u00e9dico le hace preguntas espec\u00edficas para acercarse al diagn\u00f3stico.<\/span><br \/>\n<span style=\"color: #000000;\">2. Estudios complementarios: <\/span><br \/>\n<span style=\"color: #000000;\">1) An\u00e1lisis de sangre.\u00a0 Lamentablemente no es muy fiable y en algunos casos llega a un error cercano al 40%.\u00a02) Pruebas percut\u00e1neas. Son las pruebas cl\u00e1sicas de la alergia: se aplican en la piel peque\u00f1as dosis del alimento sospechado de causar la alergia. Las t\u00e9cnicas m\u00e1s modernas pueden llegar a una exactitud cercana al 95%. <\/span><br \/>\n<span style=\"color: #000000;\">3) Pruebas epicut\u00e1neas. Se aplica el alimento en cuesti\u00f3n en la piel del paciente y se lo deja durante 48 horas. Despu\u00e9s se \u201clee\u201d la reacci\u00f3n que deja en la piel.\u00a04) Pruebas de desaf\u00edo. Solo cuando todas las pruebas anteriores son negativas, se recurre a la prueba de desaf\u00edo. Consiste en que el paciente ingiera el alimento en un \u00e1mbito controlado y supervisado por personal entrenado en alergia.<\/span><br \/>\n<span style=\"color: #000000;\">\u00bfEn qu\u00e9 consiste \u00a0el tratamiento?\u00a0<\/span><br \/>\n<span style=\"color: #000000;\">\u2022 Evitaci\u00f3n: se evita los alimentos que causan reacciones. No es sencillo porque exige saber reconocerlos. \u00bfC\u00f3mo? Leyendo atentamente las etiquetas de los productos. Tambi\u00e9n hay que entrenarse en c\u00f3mo cocinar.<\/span><br \/>\n<span style=\"color: #000000;\">\u2022 Tratamiento de las reacciones m\u00e1s graves: ingerir un alimento al que se es al\u00e9rgico puede derivar en una reacci\u00f3n grave, conocida popularmente como \u201cedema de glotis\u201d y m\u00e9dicamente como \u201canafilaxia\u201d. Saber reconocer sus s\u00edntomas a tiempo y estar entrenado para tratarlos r\u00e1pidamente es fundamental.<\/span><br \/>\n<span style=\"color: #000000;\">\u2022 Desensibilizaci\u00f3n: es una t\u00e9cnica por medio de la cual el paciente logra ingerir normalmente el alimento que le hace mal. Para aquellos pacientes en los cuales la enfermedad lleg\u00f3 para quedarse, sin lugar a dudas es un tratamiento muy esperanzador y altamente efectivo.\u00a0\u00a0El congreso<\/span><br \/>\n<span style=\"color: #000000;\">Todos estos aspectos de la alergia alimentaria ser\u00e1n abordados en el pr\u00f3ximo Congreso de Pacientes con Alergia Alimentaria que organiza el Servicio de Alergia e Inmunolog\u00eda del Hospital Universitario Austral. El encuentro ser\u00e1 el 20 de agosto y la entrada es gratuita. \u201cEl objetivo es que la persona que sufre este problema se capacite en cuestiones tan variadas como leer la etiqueta de un producto, saber actuar ante una reacci\u00f3n grave y aprender a cocinar con ingredientes distintos\u201d, resumi\u00f3 el Dr. Marino.<\/span><br \/>\n<span style=\"color: #000000;\">Para acceder al programa completo o para inscribirse:\u00a0 <\/span><a href=\"http:\/\/www.congresodepacientes.com\"><span style=\"color: #000000;\">www.congresodepacientes.com<\/span><\/a><br \/>\n<\/span><\/strong><\/span><\/strong><\/span><\/strong><\/span><\/strong><\/span><\/strong><\/span><\/strong><\/p>\n","protected":false},"excerpt":{"rendered":"<p>EN LA ULTIMA DECADA SE DUPLICO EL NUMERO DE CASOS \u00a0 El 20 de agosto es el II Congreso de Pacientes con Alergia Alimentaria, abierto a toda la comunidad. El a\u00f1o pasado asistieron 500 personas y cada vez son m\u00e1s los interesados en saber de este trastorno que afecta a cerca del 8% de la [&hellip;]<\/p>\n","protected":false},"author":1,"featured_media":0,"comment_status":"closed","ping_status":"open","sticky":false,"template":"","format":"standard","meta":{"footnotes":""},"categories":[51,52],"tags":[],"class_list":["post-254","post","type-post","status-publish","format-standard","hentry","category-comunidad","category-destacadas"],"yoast_head":"<!-- This site is optimized with the Yoast SEO plugin v19.7.1 - https:\/\/yoast.com\/wordpress\/plugins\/seo\/ -->\n<title>Alergia alimentaria: un \u201ccongreso de pacientes\u201d para aprender a controlarla - CELTTV<\/title>\n<meta name=\"description\" content=\"Sitio web de noticias de la localidad de Tornquist, provincia de Buenos Aires, Rep\u00fablica Argentina. Contenido propio originado por periodistas de CELTTV, el canal de TV local de la Cooperativa El\u00e9ctrica de Tornquist. Turismo, Pol\u00edtica, Sociedad, Deporte, Cultura y todo el contenido de inter\u00e9s general que la gente del pueblo y la regi\u00f3n debe conocer.\" \/>\n<meta name=\"robots\" content=\"index, follow, max-snippet:-1, max-image-preview:large, max-video-preview:-1\" \/>\n<link rel=\"canonical\" href=\"https:\/\/www.celttv.com.ar\/index.php\/2011\/07\/25\/alergia-alimentaria-un-congreso-de-pacientes-para-aprender-a-controlarla\/\" \/>\n<meta property=\"og:locale\" content=\"es_ES\" \/>\n<meta property=\"og:type\" content=\"article\" \/>\n<meta property=\"og:title\" content=\"Alergia alimentaria: un \u201ccongreso de pacientes\u201d para aprender a controlarla - CELTTV\" \/>\n<meta property=\"og:description\" content=\"Sitio web de noticias de la localidad de Tornquist, provincia de Buenos Aires, Rep\u00fablica Argentina. Contenido propio originado por periodistas de CELTTV, el canal de TV local de la Cooperativa El\u00e9ctrica de Tornquist. Turismo, Pol\u00edtica, Sociedad, Deporte, Cultura y todo el contenido de inter\u00e9s general que la gente del pueblo y la regi\u00f3n debe conocer.\" \/>\n<meta property=\"og:url\" content=\"https:\/\/www.celttv.com.ar\/index.php\/2011\/07\/25\/alergia-alimentaria-un-congreso-de-pacientes-para-aprender-a-controlarla\/\" \/>\n<meta property=\"og:site_name\" content=\"CELTTV\" \/>\n<meta property=\"article:publisher\" content=\"https:\/\/www.facebook.com\/celtTV\/\" \/>\n<meta property=\"article:published_time\" content=\"2011-07-25T21:21:23+00:00\" \/>\n<meta property=\"og:image\" content=\"http:\/\/www.tvcnoticias.com.ar\/wp-content\/uploads\/2011\/07\/alergia-Small.jpg\" \/>\n<meta name=\"author\" content=\"ulises\" \/>\n<meta name=\"twitter:card\" content=\"summary_large_image\" \/>\n<meta name=\"twitter:label1\" content=\"Escrito por\" \/>\n\t<meta name=\"twitter:data1\" content=\"ulises\" \/>\n\t<meta name=\"twitter:label2\" content=\"Tiempo de lectura\" \/>\n\t<meta name=\"twitter:data2\" content=\"4 minutos\" \/>\n<script type=\"application\/ld+json\" class=\"yoast-schema-graph\">{\"@context\":\"https:\/\/schema.org\",\"@graph\":[{\"@type\":\"NewsArticle\",\"@id\":\"https:\/\/www.celttv.com.ar\/index.php\/2011\/07\/25\/alergia-alimentaria-un-congreso-de-pacientes-para-aprender-a-controlarla\/#article\",\"isPartOf\":{\"@id\":\"https:\/\/www.celttv.com.ar\/index.php\/2011\/07\/25\/alergia-alimentaria-un-congreso-de-pacientes-para-aprender-a-controlarla\/\"},\"author\":{\"name\":\"ulises\",\"@id\":\"https:\/\/www.celttv.com.ar\/#\/schema\/person\/6d99c072dba59953809c81446e9d0ace\"},\"headline\":\"Alergia alimentaria: un \u201ccongreso de pacientes\u201d para aprender a controlarla\",\"datePublished\":\"2011-07-25T21:21:23+00:00\",\"dateModified\":\"2011-07-25T21:21:23+00:00\",\"mainEntityOfPage\":{\"@id\":\"https:\/\/www.celttv.com.ar\/index.php\/2011\/07\/25\/alergia-alimentaria-un-congreso-de-pacientes-para-aprender-a-controlarla\/\"},\"wordCount\":743,\"publisher\":{\"@id\":\"https:\/\/www.celttv.com.ar\/#organization\"},\"articleSection\":[\"Comunidad\",\"Destacadas\"],\"inLanguage\":\"es\"},{\"@type\":\"WebPage\",\"@id\":\"https:\/\/www.celttv.com.ar\/index.php\/2011\/07\/25\/alergia-alimentaria-un-congreso-de-pacientes-para-aprender-a-controlarla\/\",\"url\":\"https:\/\/www.celttv.com.ar\/index.php\/2011\/07\/25\/alergia-alimentaria-un-congreso-de-pacientes-para-aprender-a-controlarla\/\",\"name\":\"Alergia alimentaria: un \u201ccongreso de pacientes\u201d para aprender a controlarla - CELTTV\",\"isPartOf\":{\"@id\":\"https:\/\/www.celttv.com.ar\/#website\"},\"datePublished\":\"2011-07-25T21:21:23+00:00\",\"dateModified\":\"2011-07-25T21:21:23+00:00\",\"description\":\"Sitio web de noticias de la localidad de Tornquist, provincia de Buenos Aires, Rep\u00fablica Argentina. Contenido propio originado por periodistas de CELTTV, el canal de TV local de la Cooperativa El\u00e9ctrica de Tornquist. Turismo, Pol\u00edtica, Sociedad, Deporte, Cultura y todo el contenido de inter\u00e9s general que la gente del pueblo y la regi\u00f3n debe conocer.\",\"breadcrumb\":{\"@id\":\"https:\/\/www.celttv.com.ar\/index.php\/2011\/07\/25\/alergia-alimentaria-un-congreso-de-pacientes-para-aprender-a-controlarla\/#breadcrumb\"},\"inLanguage\":\"es\",\"potentialAction\":[{\"@type\":\"ReadAction\",\"target\":[\"https:\/\/www.celttv.com.ar\/index.php\/2011\/07\/25\/alergia-alimentaria-un-congreso-de-pacientes-para-aprender-a-controlarla\/\"]}]},{\"@type\":\"BreadcrumbList\",\"@id\":\"https:\/\/www.celttv.com.ar\/index.php\/2011\/07\/25\/alergia-alimentaria-un-congreso-de-pacientes-para-aprender-a-controlarla\/#breadcrumb\",\"itemListElement\":[{\"@type\":\"ListItem\",\"position\":1,\"name\":\"Inicio\",\"item\":\"https:\/\/www.celttv.com.ar\/\"},{\"@type\":\"ListItem\",\"position\":2,\"name\":\"Alergia alimentaria: un \u201ccongreso de pacientes\u201d para aprender a controlarla\"}]},{\"@type\":\"WebSite\",\"@id\":\"https:\/\/www.celttv.com.ar\/#website\",\"url\":\"https:\/\/www.celttv.com.ar\/\",\"name\":\"CELTTV\",\"description\":\"Cooperativa El\u00e9ctrica de Tornquist\",\"publisher\":{\"@id\":\"https:\/\/www.celttv.com.ar\/#organization\"},\"potentialAction\":[{\"@type\":\"SearchAction\",\"target\":{\"@type\":\"EntryPoint\",\"urlTemplate\":\"https:\/\/www.celttv.com.ar\/?s={search_term_string}\"},\"query-input\":\"required name=search_term_string\"}],\"inLanguage\":\"es\"},{\"@type\":\"Organization\",\"@id\":\"https:\/\/www.celttv.com.ar\/#organization\",\"name\":\"CELTTV\",\"url\":\"https:\/\/www.celttv.com.ar\/\",\"sameAs\":[\"https:\/\/www.youtube.com\/channel\/UCz_oIt8Hig64Ub-EmcNPIhg\",\"https:\/\/www.facebook.com\/celtTV\/\"],\"logo\":{\"@type\":\"ImageObject\",\"inLanguage\":\"es\",\"@id\":\"https:\/\/www.celttv.com.ar\/#\/schema\/logo\/image\/\",\"url\":\"http:\/\/www.celttv.com.ar\/wp-content\/uploads\/2022\/08\/logo-1.png\",\"contentUrl\":\"http:\/\/www.celttv.com.ar\/wp-content\/uploads\/2022\/08\/logo-1.png\",\"width\":461,\"height\":159,\"caption\":\"CELTTV\"},\"image\":{\"@id\":\"https:\/\/www.celttv.com.ar\/#\/schema\/logo\/image\/\"}},{\"@type\":\"Person\",\"@id\":\"https:\/\/www.celttv.com.ar\/#\/schema\/person\/6d99c072dba59953809c81446e9d0ace\",\"name\":\"ulises\",\"image\":{\"@type\":\"ImageObject\",\"inLanguage\":\"es\",\"@id\":\"https:\/\/www.celttv.com.ar\/#\/schema\/person\/image\/\",\"url\":\"https:\/\/secure.gravatar.com\/avatar\/7f2c48bdc33b30088f941fb6082e555f2874c98e20cb159d7b92b50eadfce793?s=96&d=mm&r=g\",\"contentUrl\":\"https:\/\/secure.gravatar.com\/avatar\/7f2c48bdc33b30088f941fb6082e555f2874c98e20cb159d7b92b50eadfce793?s=96&d=mm&r=g\",\"caption\":\"ulises\"},\"sameAs\":[\"http:\/\/www.celttv.com.ar\"]}]}<\/script>\n<!-- \/ Yoast SEO plugin. -->","yoast_head_json":{"title":"Alergia alimentaria: un \u201ccongreso de pacientes\u201d para aprender a controlarla - CELTTV","description":"Sitio web de noticias de la localidad de Tornquist, provincia de Buenos Aires, Rep\u00fablica Argentina. Contenido propio originado por periodistas de CELTTV, el canal de TV local de la Cooperativa El\u00e9ctrica de Tornquist. Turismo, Pol\u00edtica, Sociedad, Deporte, Cultura y todo el contenido de inter\u00e9s general que la gente del pueblo y la regi\u00f3n debe conocer.","robots":{"index":"index","follow":"follow","max-snippet":"max-snippet:-1","max-image-preview":"max-image-preview:large","max-video-preview":"max-video-preview:-1"},"canonical":"https:\/\/www.celttv.com.ar\/index.php\/2011\/07\/25\/alergia-alimentaria-un-congreso-de-pacientes-para-aprender-a-controlarla\/","og_locale":"es_ES","og_type":"article","og_title":"Alergia alimentaria: un \u201ccongreso de pacientes\u201d para aprender a controlarla - CELTTV","og_description":"Sitio web de noticias de la localidad de Tornquist, provincia de Buenos Aires, Rep\u00fablica Argentina. Contenido propio originado por periodistas de CELTTV, el canal de TV local de la Cooperativa El\u00e9ctrica de Tornquist. Turismo, Pol\u00edtica, Sociedad, Deporte, Cultura y todo el contenido de inter\u00e9s general que la gente del pueblo y la regi\u00f3n debe conocer.","og_url":"https:\/\/www.celttv.com.ar\/index.php\/2011\/07\/25\/alergia-alimentaria-un-congreso-de-pacientes-para-aprender-a-controlarla\/","og_site_name":"CELTTV","article_publisher":"https:\/\/www.facebook.com\/celtTV\/","article_published_time":"2011-07-25T21:21:23+00:00","og_image":[{"url":"http:\/\/www.tvcnoticias.com.ar\/wp-content\/uploads\/2011\/07\/alergia-Small.jpg"}],"author":"ulises","twitter_card":"summary_large_image","twitter_misc":{"Escrito por":"ulises","Tiempo de lectura":"4 minutos"},"schema":{"@context":"https:\/\/schema.org","@graph":[{"@type":"NewsArticle","@id":"https:\/\/www.celttv.com.ar\/index.php\/2011\/07\/25\/alergia-alimentaria-un-congreso-de-pacientes-para-aprender-a-controlarla\/#article","isPartOf":{"@id":"https:\/\/www.celttv.com.ar\/index.php\/2011\/07\/25\/alergia-alimentaria-un-congreso-de-pacientes-para-aprender-a-controlarla\/"},"author":{"name":"ulises","@id":"https:\/\/www.celttv.com.ar\/#\/schema\/person\/6d99c072dba59953809c81446e9d0ace"},"headline":"Alergia alimentaria: un \u201ccongreso de pacientes\u201d para aprender a controlarla","datePublished":"2011-07-25T21:21:23+00:00","dateModified":"2011-07-25T21:21:23+00:00","mainEntityOfPage":{"@id":"https:\/\/www.celttv.com.ar\/index.php\/2011\/07\/25\/alergia-alimentaria-un-congreso-de-pacientes-para-aprender-a-controlarla\/"},"wordCount":743,"publisher":{"@id":"https:\/\/www.celttv.com.ar\/#organization"},"articleSection":["Comunidad","Destacadas"],"inLanguage":"es"},{"@type":"WebPage","@id":"https:\/\/www.celttv.com.ar\/index.php\/2011\/07\/25\/alergia-alimentaria-un-congreso-de-pacientes-para-aprender-a-controlarla\/","url":"https:\/\/www.celttv.com.ar\/index.php\/2011\/07\/25\/alergia-alimentaria-un-congreso-de-pacientes-para-aprender-a-controlarla\/","name":"Alergia alimentaria: un \u201ccongreso de pacientes\u201d para aprender a controlarla - CELTTV","isPartOf":{"@id":"https:\/\/www.celttv.com.ar\/#website"},"datePublished":"2011-07-25T21:21:23+00:00","dateModified":"2011-07-25T21:21:23+00:00","description":"Sitio web de noticias de la localidad de Tornquist, provincia de Buenos Aires, Rep\u00fablica Argentina. Contenido propio originado por periodistas de CELTTV, el canal de TV local de la Cooperativa El\u00e9ctrica de Tornquist. Turismo, Pol\u00edtica, Sociedad, Deporte, Cultura y todo el contenido de inter\u00e9s general que la gente del pueblo y la regi\u00f3n debe conocer.","breadcrumb":{"@id":"https:\/\/www.celttv.com.ar\/index.php\/2011\/07\/25\/alergia-alimentaria-un-congreso-de-pacientes-para-aprender-a-controlarla\/#breadcrumb"},"inLanguage":"es","potentialAction":[{"@type":"ReadAction","target":["https:\/\/www.celttv.com.ar\/index.php\/2011\/07\/25\/alergia-alimentaria-un-congreso-de-pacientes-para-aprender-a-controlarla\/"]}]},{"@type":"BreadcrumbList","@id":"https:\/\/www.celttv.com.ar\/index.php\/2011\/07\/25\/alergia-alimentaria-un-congreso-de-pacientes-para-aprender-a-controlarla\/#breadcrumb","itemListElement":[{"@type":"ListItem","position":1,"name":"Inicio","item":"https:\/\/www.celttv.com.ar\/"},{"@type":"ListItem","position":2,"name":"Alergia alimentaria: un \u201ccongreso de pacientes\u201d para aprender a controlarla"}]},{"@type":"WebSite","@id":"https:\/\/www.celttv.com.ar\/#website","url":"https:\/\/www.celttv.com.ar\/","name":"CELTTV","description":"Cooperativa El\u00e9ctrica de Tornquist","publisher":{"@id":"https:\/\/www.celttv.com.ar\/#organization"},"potentialAction":[{"@type":"SearchAction","target":{"@type":"EntryPoint","urlTemplate":"https:\/\/www.celttv.com.ar\/?s={search_term_string}"},"query-input":"required name=search_term_string"}],"inLanguage":"es"},{"@type":"Organization","@id":"https:\/\/www.celttv.com.ar\/#organization","name":"CELTTV","url":"https:\/\/www.celttv.com.ar\/","sameAs":["https:\/\/www.youtube.com\/channel\/UCz_oIt8Hig64Ub-EmcNPIhg","https:\/\/www.facebook.com\/celtTV\/"],"logo":{"@type":"ImageObject","inLanguage":"es","@id":"https:\/\/www.celttv.com.ar\/#\/schema\/logo\/image\/","url":"http:\/\/www.celttv.com.ar\/wp-content\/uploads\/2022\/08\/logo-1.png","contentUrl":"http:\/\/www.celttv.com.ar\/wp-content\/uploads\/2022\/08\/logo-1.png","width":461,"height":159,"caption":"CELTTV"},"image":{"@id":"https:\/\/www.celttv.com.ar\/#\/schema\/logo\/image\/"}},{"@type":"Person","@id":"https:\/\/www.celttv.com.ar\/#\/schema\/person\/6d99c072dba59953809c81446e9d0ace","name":"ulises","image":{"@type":"ImageObject","inLanguage":"es","@id":"https:\/\/www.celttv.com.ar\/#\/schema\/person\/image\/","url":"https:\/\/secure.gravatar.com\/avatar\/7f2c48bdc33b30088f941fb6082e555f2874c98e20cb159d7b92b50eadfce793?s=96&d=mm&r=g","contentUrl":"https:\/\/secure.gravatar.com\/avatar\/7f2c48bdc33b30088f941fb6082e555f2874c98e20cb159d7b92b50eadfce793?s=96&d=mm&r=g","caption":"ulises"},"sameAs":["http:\/\/www.celttv.com.ar"]}]}},"_links":{"self":[{"href":"https:\/\/www.celttv.com.ar\/index.php\/wp-json\/wp\/v2\/posts\/254","targetHints":{"allow":["GET"]}}],"collection":[{"href":"https:\/\/www.celttv.com.ar\/index.php\/wp-json\/wp\/v2\/posts"}],"about":[{"href":"https:\/\/www.celttv.com.ar\/index.php\/wp-json\/wp\/v2\/types\/post"}],"author":[{"embeddable":true,"href":"https:\/\/www.celttv.com.ar\/index.php\/wp-json\/wp\/v2\/users\/1"}],"replies":[{"embeddable":true,"href":"https:\/\/www.celttv.com.ar\/index.php\/wp-json\/wp\/v2\/comments?post=254"}],"version-history":[{"count":0,"href":"https:\/\/www.celttv.com.ar\/index.php\/wp-json\/wp\/v2\/posts\/254\/revisions"}],"wp:attachment":[{"href":"https:\/\/www.celttv.com.ar\/index.php\/wp-json\/wp\/v2\/media?parent=254"}],"wp:term":[{"taxonomy":"category","embeddable":true,"href":"https:\/\/www.celttv.com.ar\/index.php\/wp-json\/wp\/v2\/categories?post=254"},{"taxonomy":"post_tag","embeddable":true,"href":"https:\/\/www.celttv.com.ar\/index.php\/wp-json\/wp\/v2\/tags?post=254"}],"curies":[{"name":"wp","href":"https:\/\/api.w.org\/{rel}","templated":true}]}}