{"id":25493,"date":"2014-12-04T20:02:35","date_gmt":"2014-12-04T20:02:35","guid":{"rendered":"http:\/\/www.tvcnoticias.com.ar\/?p=25493"},"modified":"2014-12-04T20:02:35","modified_gmt":"2014-12-04T20:02:35","slug":"jardin-de-infantes-901-imponen-el-nombre-al-sum-y-la-biblioteca-institucional","status":"publish","type":"post","link":"https:\/\/www.celttv.com.ar\/index.php\/2014\/12\/04\/jardin-de-infantes-901-imponen-el-nombre-al-sum-y-la-biblioteca-institucional\/","title":{"rendered":"JARDIN DE INFANTES 901: IMPONEN EL NOMBRE AL SUM. y  LA BIBLIOTECA INSTITUCIONAL"},"content":{"rendered":"<p><a rel=\"attachment wp-att-25500\" href=\"http:\/\/www.tvcnoticias.com.ar\/?attachment_id=25500\"><img loading=\"lazy\" decoding=\"async\" class=\"aligncenter size-medium wp-image-25500\" title=\"1477 - JARDIN 3 (Medium)\" src=\"http:\/\/www.tvcnoticias.com.ar\/wp-content\/uploads\/2014\/12\/1477-JARDIN-3-Medium-450x339.jpg\" alt=\"\" width=\"450\" height=\"339\" \/><\/a><br \/>\nEn el d\u00eda martes,\u00a0 2 de Diciembre se llev\u00f3 a cabo una jornada emotiva y de gran importancia en el Jard\u00edn de Infantes 901, se realiz\u00f3 la imposici\u00f3n de nombres al SUM y la Biblioteca Institucional, nombres propuestos y elegidos por la comunidad.<br \/>\nPor esta raz\u00f3n,\u00a0 toda la comunidad educativa del Jard\u00edn de Infantes siente un gran orgullo y mucha emoci\u00f3n porque nuestro SUM llevara el nombre de una persona que estuvo ligada a nuestra instituci\u00f3n por m\u00e1s de 30 a\u00f1os, que fue directora de la misma y como lo han descriptos sus compa\u00f1eras quienes tuvieron la suerte de trabajar y compartir con ella esa \u00e9poca\u00a0 una persona excepcional, con calidez, muy dedicada y comprometida con el jard\u00edn, impulsora de muchos actos y eventos, pero tambi\u00e9n participe del engrandecimiento de esta hermosa instituci\u00f3n por eso hoy con el respeto que se merece nos alegramos de que nuestro SUM lleve el nombre de Mar\u00eda Cristina Ghiani.<br \/>\nLa biblioteca no pudo llevar mejor denominaci\u00f3n, se impuso el nombre de una autora argentina reconocida a nivel mundial, un mito viviente, famosa por personajes como Manuelita, y entre sus obras se destaca, TUTU MARAMBA, EL REINO DEL REVES, EL MONO LISO, entre muchos otros, muy significativa para nuestra infancia. La biblioteca llevara el nombre de MARIA ELENA WALSH.<br \/>\nDentro del acto se realizaron el descubrimientos de las placas, se escucharon las palabras de la directora del establecimiento Prof. Marcela Gimenez, tambi\u00e9n hizo alusi\u00f3n al hecho la inspectora de nivel inicial Prof. Mar\u00eda Rosa Gonz\u00e1lez.<br \/>\nLuego se observ\u00f3 un video que tiene que ver con las actividades que se desarrollan en el jard\u00edn en el \u00e1rea de m\u00fasica como es la creaci\u00f3n de una canci\u00f3n para el saludo a la bandera y al jard\u00edn coordinados por la profesora Gabriela Guerin, el video mostraba el momento en que estas canciones y varias m\u00e1s fueron grabadas para la creaci\u00f3n de un CD con la ayuda de Lucas Pascuare.<br \/>\nY como no pod\u00eda ser de otra manera para dar cierre a este importante evento se hizo presente con sus narraciones Renata Ceballos.<br \/>\n&nbsp;<br \/>\n&nbsp;<\/p>\n","protected":false},"excerpt":{"rendered":"<p>En el d\u00eda martes,\u00a0 2 de Diciembre se llev\u00f3 a cabo una jornada emotiva y de gran importancia en el Jard\u00edn de Infantes 901, se realiz\u00f3 la imposici\u00f3n de nombres al SUM y la Biblioteca Institucional, nombres propuestos y elegidos por la comunidad. Por esta raz\u00f3n,\u00a0 toda la comunidad educativa del Jard\u00edn de Infantes siente [&hellip;]<\/p>\n","protected":false},"author":1,"featured_media":0,"comment_status":"closed","ping_status":"open","sticky":false,"template":"","format":"standard","meta":{"footnotes":""},"categories":[51,52],"tags":[],"class_list":["post-25493","post","type-post","status-publish","format-standard","hentry","category-comunidad","category-destacadas"],"yoast_head":"<!-- This site is optimized with the Yoast SEO plugin v19.7.1 - https:\/\/yoast.com\/wordpress\/plugins\/seo\/ -->\n<title>JARDIN DE INFANTES 901: IMPONEN EL NOMBRE AL SUM. y LA BIBLIOTECA INSTITUCIONAL - CELTTV<\/title>\n<meta name=\"description\" content=\"Sitio web de noticias de la localidad de Tornquist, provincia de Buenos Aires, Rep\u00fablica Argentina. Contenido propio originado por periodistas de CELTTV, el canal de TV local de la Cooperativa El\u00e9ctrica de Tornquist. Turismo, Pol\u00edtica, Sociedad, Deporte, Cultura y todo el contenido de inter\u00e9s general que la gente del pueblo y la regi\u00f3n debe conocer.\" \/>\n<meta name=\"robots\" content=\"index, follow, max-snippet:-1, max-image-preview:large, max-video-preview:-1\" \/>\n<link rel=\"canonical\" href=\"https:\/\/www.celttv.com.ar\/index.php\/2014\/12\/04\/jardin-de-infantes-901-imponen-el-nombre-al-sum-y-la-biblioteca-institucional\/\" \/>\n<meta property=\"og:locale\" content=\"es_ES\" \/>\n<meta property=\"og:type\" content=\"article\" \/>\n<meta property=\"og:title\" content=\"JARDIN DE INFANTES 901: IMPONEN EL NOMBRE AL SUM. y LA BIBLIOTECA INSTITUCIONAL - CELTTV\" \/>\n<meta property=\"og:description\" content=\"Sitio web de noticias de la localidad de Tornquist, provincia de Buenos Aires, Rep\u00fablica Argentina. Contenido propio originado por periodistas de CELTTV, el canal de TV local de la Cooperativa El\u00e9ctrica de Tornquist. Turismo, Pol\u00edtica, Sociedad, Deporte, Cultura y todo el contenido de inter\u00e9s general que la gente del pueblo y la regi\u00f3n debe conocer.\" \/>\n<meta property=\"og:url\" content=\"https:\/\/www.celttv.com.ar\/index.php\/2014\/12\/04\/jardin-de-infantes-901-imponen-el-nombre-al-sum-y-la-biblioteca-institucional\/\" \/>\n<meta property=\"og:site_name\" content=\"CELTTV\" \/>\n<meta property=\"article:publisher\" content=\"https:\/\/www.facebook.com\/celtTV\/\" \/>\n<meta property=\"article:published_time\" content=\"2014-12-04T20:02:35+00:00\" \/>\n<meta property=\"og:image\" content=\"http:\/\/www.tvcnoticias.com.ar\/wp-content\/uploads\/2014\/12\/1477-JARDIN-3-Medium-450x339.jpg\" \/>\n<meta name=\"author\" content=\"ulises\" \/>\n<meta name=\"twitter:card\" content=\"summary_large_image\" \/>\n<meta name=\"twitter:label1\" content=\"Escrito por\" \/>\n\t<meta name=\"twitter:data1\" content=\"ulises\" \/>\n\t<meta name=\"twitter:label2\" content=\"Tiempo de lectura\" \/>\n\t<meta name=\"twitter:data2\" content=\"2 minutos\" \/>\n<script type=\"application\/ld+json\" class=\"yoast-schema-graph\">{\"@context\":\"https:\/\/schema.org\",\"@graph\":[{\"@type\":\"NewsArticle\",\"@id\":\"https:\/\/www.celttv.com.ar\/index.php\/2014\/12\/04\/jardin-de-infantes-901-imponen-el-nombre-al-sum-y-la-biblioteca-institucional\/#article\",\"isPartOf\":{\"@id\":\"https:\/\/www.celttv.com.ar\/index.php\/2014\/12\/04\/jardin-de-infantes-901-imponen-el-nombre-al-sum-y-la-biblioteca-institucional\/\"},\"author\":{\"name\":\"ulises\",\"@id\":\"https:\/\/www.celttv.com.ar\/#\/schema\/person\/6d99c072dba59953809c81446e9d0ace\"},\"headline\":\"JARDIN DE INFANTES 901: IMPONEN EL NOMBRE AL SUM. y LA BIBLIOTECA INSTITUCIONAL\",\"datePublished\":\"2014-12-04T20:02:35+00:00\",\"dateModified\":\"2014-12-04T20:02:35+00:00\",\"mainEntityOfPage\":{\"@id\":\"https:\/\/www.celttv.com.ar\/index.php\/2014\/12\/04\/jardin-de-infantes-901-imponen-el-nombre-al-sum-y-la-biblioteca-institucional\/\"},\"wordCount\":386,\"publisher\":{\"@id\":\"https:\/\/www.celttv.com.ar\/#organization\"},\"articleSection\":[\"Comunidad\",\"Destacadas\"],\"inLanguage\":\"es\"},{\"@type\":\"WebPage\",\"@id\":\"https:\/\/www.celttv.com.ar\/index.php\/2014\/12\/04\/jardin-de-infantes-901-imponen-el-nombre-al-sum-y-la-biblioteca-institucional\/\",\"url\":\"https:\/\/www.celttv.com.ar\/index.php\/2014\/12\/04\/jardin-de-infantes-901-imponen-el-nombre-al-sum-y-la-biblioteca-institucional\/\",\"name\":\"JARDIN DE INFANTES 901: IMPONEN EL NOMBRE AL SUM. y LA BIBLIOTECA INSTITUCIONAL - CELTTV\",\"isPartOf\":{\"@id\":\"https:\/\/www.celttv.com.ar\/#website\"},\"datePublished\":\"2014-12-04T20:02:35+00:00\",\"dateModified\":\"2014-12-04T20:02:35+00:00\",\"description\":\"Sitio web de noticias de la localidad de Tornquist, provincia de Buenos Aires, Rep\u00fablica Argentina. Contenido propio originado por periodistas de CELTTV, el canal de TV local de la Cooperativa El\u00e9ctrica de Tornquist. Turismo, Pol\u00edtica, Sociedad, Deporte, Cultura y todo el contenido de inter\u00e9s general que la gente del pueblo y la regi\u00f3n debe conocer.\",\"breadcrumb\":{\"@id\":\"https:\/\/www.celttv.com.ar\/index.php\/2014\/12\/04\/jardin-de-infantes-901-imponen-el-nombre-al-sum-y-la-biblioteca-institucional\/#breadcrumb\"},\"inLanguage\":\"es\",\"potentialAction\":[{\"@type\":\"ReadAction\",\"target\":[\"https:\/\/www.celttv.com.ar\/index.php\/2014\/12\/04\/jardin-de-infantes-901-imponen-el-nombre-al-sum-y-la-biblioteca-institucional\/\"]}]},{\"@type\":\"BreadcrumbList\",\"@id\":\"https:\/\/www.celttv.com.ar\/index.php\/2014\/12\/04\/jardin-de-infantes-901-imponen-el-nombre-al-sum-y-la-biblioteca-institucional\/#breadcrumb\",\"itemListElement\":[{\"@type\":\"ListItem\",\"position\":1,\"name\":\"Inicio\",\"item\":\"https:\/\/www.celttv.com.ar\/\"},{\"@type\":\"ListItem\",\"position\":2,\"name\":\"JARDIN DE INFANTES 901: IMPONEN EL NOMBRE AL SUM. y LA BIBLIOTECA INSTITUCIONAL\"}]},{\"@type\":\"WebSite\",\"@id\":\"https:\/\/www.celttv.com.ar\/#website\",\"url\":\"https:\/\/www.celttv.com.ar\/\",\"name\":\"CELTTV\",\"description\":\"Cooperativa El\u00e9ctrica de Tornquist\",\"publisher\":{\"@id\":\"https:\/\/www.celttv.com.ar\/#organization\"},\"potentialAction\":[{\"@type\":\"SearchAction\",\"target\":{\"@type\":\"EntryPoint\",\"urlTemplate\":\"https:\/\/www.celttv.com.ar\/?s={search_term_string}\"},\"query-input\":\"required name=search_term_string\"}],\"inLanguage\":\"es\"},{\"@type\":\"Organization\",\"@id\":\"https:\/\/www.celttv.com.ar\/#organization\",\"name\":\"CELTTV\",\"url\":\"https:\/\/www.celttv.com.ar\/\",\"sameAs\":[\"https:\/\/www.youtube.com\/channel\/UCz_oIt8Hig64Ub-EmcNPIhg\",\"https:\/\/www.facebook.com\/celtTV\/\"],\"logo\":{\"@type\":\"ImageObject\",\"inLanguage\":\"es\",\"@id\":\"https:\/\/www.celttv.com.ar\/#\/schema\/logo\/image\/\",\"url\":\"http:\/\/www.celttv.com.ar\/wp-content\/uploads\/2022\/08\/logo-1.png\",\"contentUrl\":\"http:\/\/www.celttv.com.ar\/wp-content\/uploads\/2022\/08\/logo-1.png\",\"width\":461,\"height\":159,\"caption\":\"CELTTV\"},\"image\":{\"@id\":\"https:\/\/www.celttv.com.ar\/#\/schema\/logo\/image\/\"}},{\"@type\":\"Person\",\"@id\":\"https:\/\/www.celttv.com.ar\/#\/schema\/person\/6d99c072dba59953809c81446e9d0ace\",\"name\":\"ulises\",\"image\":{\"@type\":\"ImageObject\",\"inLanguage\":\"es\",\"@id\":\"https:\/\/www.celttv.com.ar\/#\/schema\/person\/image\/\",\"url\":\"https:\/\/secure.gravatar.com\/avatar\/7f2c48bdc33b30088f941fb6082e555f2874c98e20cb159d7b92b50eadfce793?s=96&d=mm&r=g\",\"contentUrl\":\"https:\/\/secure.gravatar.com\/avatar\/7f2c48bdc33b30088f941fb6082e555f2874c98e20cb159d7b92b50eadfce793?s=96&d=mm&r=g\",\"caption\":\"ulises\"},\"sameAs\":[\"http:\/\/www.celttv.com.ar\"]}]}<\/script>\n<!-- \/ Yoast SEO plugin. -->","yoast_head_json":{"title":"JARDIN DE INFANTES 901: IMPONEN EL NOMBRE AL SUM. y LA BIBLIOTECA INSTITUCIONAL - CELTTV","description":"Sitio web de noticias de la localidad de Tornquist, provincia de Buenos Aires, Rep\u00fablica Argentina. Contenido propio originado por periodistas de CELTTV, el canal de TV local de la Cooperativa El\u00e9ctrica de Tornquist. Turismo, Pol\u00edtica, Sociedad, Deporte, Cultura y todo el contenido de inter\u00e9s general que la gente del pueblo y la regi\u00f3n debe conocer.","robots":{"index":"index","follow":"follow","max-snippet":"max-snippet:-1","max-image-preview":"max-image-preview:large","max-video-preview":"max-video-preview:-1"},"canonical":"https:\/\/www.celttv.com.ar\/index.php\/2014\/12\/04\/jardin-de-infantes-901-imponen-el-nombre-al-sum-y-la-biblioteca-institucional\/","og_locale":"es_ES","og_type":"article","og_title":"JARDIN DE INFANTES 901: IMPONEN EL NOMBRE AL SUM. y LA BIBLIOTECA INSTITUCIONAL - CELTTV","og_description":"Sitio web de noticias de la localidad de Tornquist, provincia de Buenos Aires, Rep\u00fablica Argentina. Contenido propio originado por periodistas de CELTTV, el canal de TV local de la Cooperativa El\u00e9ctrica de Tornquist. Turismo, Pol\u00edtica, Sociedad, Deporte, Cultura y todo el contenido de inter\u00e9s general que la gente del pueblo y la regi\u00f3n debe conocer.","og_url":"https:\/\/www.celttv.com.ar\/index.php\/2014\/12\/04\/jardin-de-infantes-901-imponen-el-nombre-al-sum-y-la-biblioteca-institucional\/","og_site_name":"CELTTV","article_publisher":"https:\/\/www.facebook.com\/celtTV\/","article_published_time":"2014-12-04T20:02:35+00:00","og_image":[{"url":"http:\/\/www.tvcnoticias.com.ar\/wp-content\/uploads\/2014\/12\/1477-JARDIN-3-Medium-450x339.jpg"}],"author":"ulises","twitter_card":"summary_large_image","twitter_misc":{"Escrito por":"ulises","Tiempo de lectura":"2 minutos"},"schema":{"@context":"https:\/\/schema.org","@graph":[{"@type":"NewsArticle","@id":"https:\/\/www.celttv.com.ar\/index.php\/2014\/12\/04\/jardin-de-infantes-901-imponen-el-nombre-al-sum-y-la-biblioteca-institucional\/#article","isPartOf":{"@id":"https:\/\/www.celttv.com.ar\/index.php\/2014\/12\/04\/jardin-de-infantes-901-imponen-el-nombre-al-sum-y-la-biblioteca-institucional\/"},"author":{"name":"ulises","@id":"https:\/\/www.celttv.com.ar\/#\/schema\/person\/6d99c072dba59953809c81446e9d0ace"},"headline":"JARDIN DE INFANTES 901: IMPONEN EL NOMBRE AL SUM. y LA BIBLIOTECA INSTITUCIONAL","datePublished":"2014-12-04T20:02:35+00:00","dateModified":"2014-12-04T20:02:35+00:00","mainEntityOfPage":{"@id":"https:\/\/www.celttv.com.ar\/index.php\/2014\/12\/04\/jardin-de-infantes-901-imponen-el-nombre-al-sum-y-la-biblioteca-institucional\/"},"wordCount":386,"publisher":{"@id":"https:\/\/www.celttv.com.ar\/#organization"},"articleSection":["Comunidad","Destacadas"],"inLanguage":"es"},{"@type":"WebPage","@id":"https:\/\/www.celttv.com.ar\/index.php\/2014\/12\/04\/jardin-de-infantes-901-imponen-el-nombre-al-sum-y-la-biblioteca-institucional\/","url":"https:\/\/www.celttv.com.ar\/index.php\/2014\/12\/04\/jardin-de-infantes-901-imponen-el-nombre-al-sum-y-la-biblioteca-institucional\/","name":"JARDIN DE INFANTES 901: IMPONEN EL NOMBRE AL SUM. y LA BIBLIOTECA INSTITUCIONAL - CELTTV","isPartOf":{"@id":"https:\/\/www.celttv.com.ar\/#website"},"datePublished":"2014-12-04T20:02:35+00:00","dateModified":"2014-12-04T20:02:35+00:00","description":"Sitio web de noticias de la localidad de Tornquist, provincia de Buenos Aires, Rep\u00fablica Argentina. Contenido propio originado por periodistas de CELTTV, el canal de TV local de la Cooperativa El\u00e9ctrica de Tornquist. Turismo, Pol\u00edtica, Sociedad, Deporte, Cultura y todo el contenido de inter\u00e9s general que la gente del pueblo y la regi\u00f3n debe conocer.","breadcrumb":{"@id":"https:\/\/www.celttv.com.ar\/index.php\/2014\/12\/04\/jardin-de-infantes-901-imponen-el-nombre-al-sum-y-la-biblioteca-institucional\/#breadcrumb"},"inLanguage":"es","potentialAction":[{"@type":"ReadAction","target":["https:\/\/www.celttv.com.ar\/index.php\/2014\/12\/04\/jardin-de-infantes-901-imponen-el-nombre-al-sum-y-la-biblioteca-institucional\/"]}]},{"@type":"BreadcrumbList","@id":"https:\/\/www.celttv.com.ar\/index.php\/2014\/12\/04\/jardin-de-infantes-901-imponen-el-nombre-al-sum-y-la-biblioteca-institucional\/#breadcrumb","itemListElement":[{"@type":"ListItem","position":1,"name":"Inicio","item":"https:\/\/www.celttv.com.ar\/"},{"@type":"ListItem","position":2,"name":"JARDIN DE INFANTES 901: IMPONEN EL NOMBRE AL SUM. y LA BIBLIOTECA INSTITUCIONAL"}]},{"@type":"WebSite","@id":"https:\/\/www.celttv.com.ar\/#website","url":"https:\/\/www.celttv.com.ar\/","name":"CELTTV","description":"Cooperativa El\u00e9ctrica de Tornquist","publisher":{"@id":"https:\/\/www.celttv.com.ar\/#organization"},"potentialAction":[{"@type":"SearchAction","target":{"@type":"EntryPoint","urlTemplate":"https:\/\/www.celttv.com.ar\/?s={search_term_string}"},"query-input":"required name=search_term_string"}],"inLanguage":"es"},{"@type":"Organization","@id":"https:\/\/www.celttv.com.ar\/#organization","name":"CELTTV","url":"https:\/\/www.celttv.com.ar\/","sameAs":["https:\/\/www.youtube.com\/channel\/UCz_oIt8Hig64Ub-EmcNPIhg","https:\/\/www.facebook.com\/celtTV\/"],"logo":{"@type":"ImageObject","inLanguage":"es","@id":"https:\/\/www.celttv.com.ar\/#\/schema\/logo\/image\/","url":"http:\/\/www.celttv.com.ar\/wp-content\/uploads\/2022\/08\/logo-1.png","contentUrl":"http:\/\/www.celttv.com.ar\/wp-content\/uploads\/2022\/08\/logo-1.png","width":461,"height":159,"caption":"CELTTV"},"image":{"@id":"https:\/\/www.celttv.com.ar\/#\/schema\/logo\/image\/"}},{"@type":"Person","@id":"https:\/\/www.celttv.com.ar\/#\/schema\/person\/6d99c072dba59953809c81446e9d0ace","name":"ulises","image":{"@type":"ImageObject","inLanguage":"es","@id":"https:\/\/www.celttv.com.ar\/#\/schema\/person\/image\/","url":"https:\/\/secure.gravatar.com\/avatar\/7f2c48bdc33b30088f941fb6082e555f2874c98e20cb159d7b92b50eadfce793?s=96&d=mm&r=g","contentUrl":"https:\/\/secure.gravatar.com\/avatar\/7f2c48bdc33b30088f941fb6082e555f2874c98e20cb159d7b92b50eadfce793?s=96&d=mm&r=g","caption":"ulises"},"sameAs":["http:\/\/www.celttv.com.ar"]}]}},"_links":{"self":[{"href":"https:\/\/www.celttv.com.ar\/index.php\/wp-json\/wp\/v2\/posts\/25493","targetHints":{"allow":["GET"]}}],"collection":[{"href":"https:\/\/www.celttv.com.ar\/index.php\/wp-json\/wp\/v2\/posts"}],"about":[{"href":"https:\/\/www.celttv.com.ar\/index.php\/wp-json\/wp\/v2\/types\/post"}],"author":[{"embeddable":true,"href":"https:\/\/www.celttv.com.ar\/index.php\/wp-json\/wp\/v2\/users\/1"}],"replies":[{"embeddable":true,"href":"https:\/\/www.celttv.com.ar\/index.php\/wp-json\/wp\/v2\/comments?post=25493"}],"version-history":[{"count":0,"href":"https:\/\/www.celttv.com.ar\/index.php\/wp-json\/wp\/v2\/posts\/25493\/revisions"}],"wp:attachment":[{"href":"https:\/\/www.celttv.com.ar\/index.php\/wp-json\/wp\/v2\/media?parent=25493"}],"wp:term":[{"taxonomy":"category","embeddable":true,"href":"https:\/\/www.celttv.com.ar\/index.php\/wp-json\/wp\/v2\/categories?post=25493"},{"taxonomy":"post_tag","embeddable":true,"href":"https:\/\/www.celttv.com.ar\/index.php\/wp-json\/wp\/v2\/tags?post=25493"}],"curies":[{"name":"wp","href":"https:\/\/api.w.org\/{rel}","templated":true}]}}