{"id":25495,"date":"2014-12-04T19:59:18","date_gmt":"2014-12-04T19:59:18","guid":{"rendered":"http:\/\/www.tvcnoticias.com.ar\/?p=25495"},"modified":"2014-12-04T19:59:18","modified_gmt":"2014-12-04T19:59:18","slug":"agradecimientos-ex-director-del-colegio-nuestra-senora-de-lujan-de-tornquist","status":"publish","type":"post","link":"https:\/\/www.celttv.com.ar\/index.php\/2014\/12\/04\/agradecimientos-ex-director-del-colegio-nuestra-senora-de-lujan-de-tornquist\/","title":{"rendered":"AGRADECIMIENTOS EX DIRECTOR DEL COLEGIO NUESTRA SE\u00d1ORA DE LUJAN DE TORNQUIST"},"content":{"rendered":"<div id=\"yui_3_16_0_1_1417721223754_3616\">Por la presente deseo informar a la comunidad educativa del colegio Nuestra Se\u00f1ora de Lujan de Tornquist que con fecha 1 de Diciembre del a\u00f1o 2014 he sido despedido, sin justa causa, y con una calificaci\u00f3n de 10 (Diez puntos) en mi labor profesional.<\/div>\n<div id=\"yui_3_16_0_1_1417721223754_3617\">Tambi\u00e9n mi esposa, la docente, Silvia Zaballa, ha sido despedida sin justa causa, sin ninguna consideraci\u00f3n a su actual enfermedad, y por tanto, con mayor crueldad y sinraz\u00f3n que en lo que respecta a mi despido.<\/div>\n<div id=\"yui_3_16_0_1_1417721223754_3614\">Por lo inesperado e insensato del hecho y sobre todo por la forma en que se realizaron los procedimientos, me he tenido que retirar de la instituci\u00f3n educativa dejando procesos inconclusos, los cuales lamento enormemente y de los que no puedo hacerme responsable.<\/div>\n<div id=\"yui_3_16_0_1_1417721223754_3618\">Deseo expresar primero un agradecimiento a Dios, nuestro padre, que ve y ama nuestros corazones, por la especial compa\u00f1\u00eda que tuvo en este tiempo de gesti\u00f3n.<\/div>\n<div id=\"yui_3_16_0_1_1417721223754_3613\">Tambi\u00e9n quiero expresar un agradecimiento especial a todos los docentes y no docentes que fueron parte de la co \u2013 gesti\u00f3n de este tiempo, gracias a ellos, en los nueve meses de trabajo se comenzaron a generar algunos frutos y se pudieran ver algunos \u201creto\u00f1os\u201d \u00a0de los cambios que se hacen cada vez m\u00e1s necesarios en la instituci\u00f3n escolar.<\/div>\n<div id=\"yui_3_16_0_1_1417721223754_3619\">A si mismo deseo agradecer a las familias que con sus sugerencias siempre trabajaron para el mejor proveer de sus hijos\/as. Ojala desde otros lugares podamos seguir buscando esas nuevas formas de ser Mamas, de ser Papas, de ser familias, \u00a0ante los nuevos desaf\u00edos que hoy nos presentan la hermosa vida de los j\u00f3venes.<\/div>\n<div id=\"yui_3_16_0_1_1417721223754_3620\">Especialmente deseo agradecer a los estudiantes que me permitieron ser una peque\u00f1a parte de sus enormes vidas, porque en ellos me voy con la esperanza necesaria para seguir diciendo: \u00a1\u201clo mejor est\u00e1 por venir\u201d! y \u00a1Todo es Empezar!.<\/div>\n<div id=\"yui_3_16_0_1_1417721223754_3620\" dir=\"ltr\">Por ultimo, y no por eso en menor medida, agradezco al SADOP (Sind. Doc. Part.), en la persona de su secretario general Prof. Luis Di Rocco, que en todo momento estuvieron y est\u00e1n atentos a nuestras necesidades en una situaci\u00f3n tan delicada y dolorosa como esta. Gracias en particular por su labor de defensa y mediaci\u00f3n.<\/div>\n<div id=\"yui_3_16_0_1_1417721223754_3624\">Que este tiempo de adviento nos permita seguir los pasos de nuestra querida Familia de Nazareth, \u00a1que Ella siga educando nuestros corazones!, para que seamos felices y permitamos felicidad en nuestros hermanos, y que nuestras limitaciones, miserias y pecados no nos impidan cumplir la voluntad de nuestro Padre Providente.<\/div>\n<div id=\"yui_3_16_0_1_1417721223754_3623\">\u00a1PAZ Y BIEN!<\/div>\n<div id=\"yui_3_16_0_1_1417721223754_3622\">Un abrazo fraterno y lleno de esperanza.<\/div>\n<div id=\"yui_3_16_0_1_1417721223754_3037\">\n<div id=\"yui_3_16_0_1_1417721223754_3036\">Lic. Claudio Masson<br \/>\nMat. 2038<\/div>\n<\/div>\n","protected":false},"excerpt":{"rendered":"<p>Por la presente deseo informar a la comunidad educativa del colegio Nuestra Se\u00f1ora de Lujan de Tornquist que con fecha 1 de Diciembre del a\u00f1o 2014 he sido despedido, sin justa causa, y con una calificaci\u00f3n de 10 (Diez puntos) en mi labor profesional. Tambi\u00e9n mi esposa, la docente, Silvia Zaballa, ha sido despedida sin [&hellip;]<\/p>\n","protected":false},"author":1,"featured_media":0,"comment_status":"closed","ping_status":"open","sticky":false,"template":"","format":"standard","meta":{"footnotes":""},"categories":[51,52],"tags":[],"class_list":["post-25495","post","type-post","status-publish","format-standard","hentry","category-comunidad","category-destacadas"],"yoast_head":"<!-- This site is optimized with the Yoast SEO plugin v19.7.1 - https:\/\/yoast.com\/wordpress\/plugins\/seo\/ -->\n<title>AGRADECIMIENTOS EX DIRECTOR DEL COLEGIO NUESTRA SE\u00d1ORA DE LUJAN DE TORNQUIST - CELTTV<\/title>\n<meta name=\"description\" content=\"Sitio web de noticias de la localidad de Tornquist, provincia de Buenos Aires, Rep\u00fablica Argentina. Contenido propio originado por periodistas de CELTTV, el canal de TV local de la Cooperativa El\u00e9ctrica de Tornquist. Turismo, Pol\u00edtica, Sociedad, Deporte, Cultura y todo el contenido de inter\u00e9s general que la gente del pueblo y la regi\u00f3n debe conocer.\" \/>\n<meta name=\"robots\" content=\"index, follow, max-snippet:-1, max-image-preview:large, max-video-preview:-1\" \/>\n<link rel=\"canonical\" href=\"https:\/\/www.celttv.com.ar\/index.php\/2014\/12\/04\/agradecimientos-ex-director-del-colegio-nuestra-senora-de-lujan-de-tornquist\/\" \/>\n<meta property=\"og:locale\" content=\"es_ES\" \/>\n<meta property=\"og:type\" content=\"article\" \/>\n<meta property=\"og:title\" content=\"AGRADECIMIENTOS EX DIRECTOR DEL COLEGIO NUESTRA SE\u00d1ORA DE LUJAN DE TORNQUIST - CELTTV\" \/>\n<meta property=\"og:description\" content=\"Sitio web de noticias de la localidad de Tornquist, provincia de Buenos Aires, Rep\u00fablica Argentina. Contenido propio originado por periodistas de CELTTV, el canal de TV local de la Cooperativa El\u00e9ctrica de Tornquist. Turismo, Pol\u00edtica, Sociedad, Deporte, Cultura y todo el contenido de inter\u00e9s general que la gente del pueblo y la regi\u00f3n debe conocer.\" \/>\n<meta property=\"og:url\" content=\"https:\/\/www.celttv.com.ar\/index.php\/2014\/12\/04\/agradecimientos-ex-director-del-colegio-nuestra-senora-de-lujan-de-tornquist\/\" \/>\n<meta property=\"og:site_name\" content=\"CELTTV\" \/>\n<meta property=\"article:publisher\" content=\"https:\/\/www.facebook.com\/celtTV\/\" \/>\n<meta property=\"article:published_time\" content=\"2014-12-04T19:59:18+00:00\" \/>\n<meta name=\"author\" content=\"ulises\" \/>\n<meta name=\"twitter:card\" content=\"summary_large_image\" \/>\n<meta name=\"twitter:label1\" content=\"Escrito por\" \/>\n\t<meta name=\"twitter:data1\" content=\"ulises\" \/>\n\t<meta name=\"twitter:label2\" content=\"Tiempo de lectura\" \/>\n\t<meta name=\"twitter:data2\" content=\"2 minutos\" \/>\n<script type=\"application\/ld+json\" class=\"yoast-schema-graph\">{\"@context\":\"https:\/\/schema.org\",\"@graph\":[{\"@type\":\"NewsArticle\",\"@id\":\"https:\/\/www.celttv.com.ar\/index.php\/2014\/12\/04\/agradecimientos-ex-director-del-colegio-nuestra-senora-de-lujan-de-tornquist\/#article\",\"isPartOf\":{\"@id\":\"https:\/\/www.celttv.com.ar\/index.php\/2014\/12\/04\/agradecimientos-ex-director-del-colegio-nuestra-senora-de-lujan-de-tornquist\/\"},\"author\":{\"name\":\"ulises\",\"@id\":\"https:\/\/www.celttv.com.ar\/#\/schema\/person\/6d99c072dba59953809c81446e9d0ace\"},\"headline\":\"AGRADECIMIENTOS EX DIRECTOR DEL COLEGIO NUESTRA SE\u00d1ORA DE LUJAN DE TORNQUIST\",\"datePublished\":\"2014-12-04T19:59:18+00:00\",\"dateModified\":\"2014-12-04T19:59:18+00:00\",\"mainEntityOfPage\":{\"@id\":\"https:\/\/www.celttv.com.ar\/index.php\/2014\/12\/04\/agradecimientos-ex-director-del-colegio-nuestra-senora-de-lujan-de-tornquist\/\"},\"wordCount\":448,\"publisher\":{\"@id\":\"https:\/\/www.celttv.com.ar\/#organization\"},\"articleSection\":[\"Comunidad\",\"Destacadas\"],\"inLanguage\":\"es\"},{\"@type\":\"WebPage\",\"@id\":\"https:\/\/www.celttv.com.ar\/index.php\/2014\/12\/04\/agradecimientos-ex-director-del-colegio-nuestra-senora-de-lujan-de-tornquist\/\",\"url\":\"https:\/\/www.celttv.com.ar\/index.php\/2014\/12\/04\/agradecimientos-ex-director-del-colegio-nuestra-senora-de-lujan-de-tornquist\/\",\"name\":\"AGRADECIMIENTOS EX DIRECTOR DEL COLEGIO NUESTRA SE\u00d1ORA DE LUJAN DE TORNQUIST - CELTTV\",\"isPartOf\":{\"@id\":\"https:\/\/www.celttv.com.ar\/#website\"},\"datePublished\":\"2014-12-04T19:59:18+00:00\",\"dateModified\":\"2014-12-04T19:59:18+00:00\",\"description\":\"Sitio web de noticias de la localidad de Tornquist, provincia de Buenos Aires, Rep\u00fablica Argentina. Contenido propio originado por periodistas de CELTTV, el canal de TV local de la Cooperativa El\u00e9ctrica de Tornquist. Turismo, Pol\u00edtica, Sociedad, Deporte, Cultura y todo el contenido de inter\u00e9s general que la gente del pueblo y la regi\u00f3n debe conocer.\",\"breadcrumb\":{\"@id\":\"https:\/\/www.celttv.com.ar\/index.php\/2014\/12\/04\/agradecimientos-ex-director-del-colegio-nuestra-senora-de-lujan-de-tornquist\/#breadcrumb\"},\"inLanguage\":\"es\",\"potentialAction\":[{\"@type\":\"ReadAction\",\"target\":[\"https:\/\/www.celttv.com.ar\/index.php\/2014\/12\/04\/agradecimientos-ex-director-del-colegio-nuestra-senora-de-lujan-de-tornquist\/\"]}]},{\"@type\":\"BreadcrumbList\",\"@id\":\"https:\/\/www.celttv.com.ar\/index.php\/2014\/12\/04\/agradecimientos-ex-director-del-colegio-nuestra-senora-de-lujan-de-tornquist\/#breadcrumb\",\"itemListElement\":[{\"@type\":\"ListItem\",\"position\":1,\"name\":\"Inicio\",\"item\":\"https:\/\/www.celttv.com.ar\/\"},{\"@type\":\"ListItem\",\"position\":2,\"name\":\"AGRADECIMIENTOS EX DIRECTOR DEL COLEGIO NUESTRA SE\u00d1ORA DE LUJAN DE TORNQUIST\"}]},{\"@type\":\"WebSite\",\"@id\":\"https:\/\/www.celttv.com.ar\/#website\",\"url\":\"https:\/\/www.celttv.com.ar\/\",\"name\":\"CELTTV\",\"description\":\"Cooperativa El\u00e9ctrica de Tornquist\",\"publisher\":{\"@id\":\"https:\/\/www.celttv.com.ar\/#organization\"},\"potentialAction\":[{\"@type\":\"SearchAction\",\"target\":{\"@type\":\"EntryPoint\",\"urlTemplate\":\"https:\/\/www.celttv.com.ar\/?s={search_term_string}\"},\"query-input\":\"required name=search_term_string\"}],\"inLanguage\":\"es\"},{\"@type\":\"Organization\",\"@id\":\"https:\/\/www.celttv.com.ar\/#organization\",\"name\":\"CELTTV\",\"url\":\"https:\/\/www.celttv.com.ar\/\",\"sameAs\":[\"https:\/\/www.youtube.com\/channel\/UCz_oIt8Hig64Ub-EmcNPIhg\",\"https:\/\/www.facebook.com\/celtTV\/\"],\"logo\":{\"@type\":\"ImageObject\",\"inLanguage\":\"es\",\"@id\":\"https:\/\/www.celttv.com.ar\/#\/schema\/logo\/image\/\",\"url\":\"http:\/\/www.celttv.com.ar\/wp-content\/uploads\/2022\/08\/logo-1.png\",\"contentUrl\":\"http:\/\/www.celttv.com.ar\/wp-content\/uploads\/2022\/08\/logo-1.png\",\"width\":461,\"height\":159,\"caption\":\"CELTTV\"},\"image\":{\"@id\":\"https:\/\/www.celttv.com.ar\/#\/schema\/logo\/image\/\"}},{\"@type\":\"Person\",\"@id\":\"https:\/\/www.celttv.com.ar\/#\/schema\/person\/6d99c072dba59953809c81446e9d0ace\",\"name\":\"ulises\",\"image\":{\"@type\":\"ImageObject\",\"inLanguage\":\"es\",\"@id\":\"https:\/\/www.celttv.com.ar\/#\/schema\/person\/image\/\",\"url\":\"https:\/\/secure.gravatar.com\/avatar\/7f2c48bdc33b30088f941fb6082e555f2874c98e20cb159d7b92b50eadfce793?s=96&d=mm&r=g\",\"contentUrl\":\"https:\/\/secure.gravatar.com\/avatar\/7f2c48bdc33b30088f941fb6082e555f2874c98e20cb159d7b92b50eadfce793?s=96&d=mm&r=g\",\"caption\":\"ulises\"},\"sameAs\":[\"http:\/\/www.celttv.com.ar\"]}]}<\/script>\n<!-- \/ Yoast SEO plugin. -->","yoast_head_json":{"title":"AGRADECIMIENTOS EX DIRECTOR DEL COLEGIO NUESTRA SE\u00d1ORA DE LUJAN DE TORNQUIST - CELTTV","description":"Sitio web de noticias de la localidad de Tornquist, provincia de Buenos Aires, Rep\u00fablica Argentina. Contenido propio originado por periodistas de CELTTV, el canal de TV local de la Cooperativa El\u00e9ctrica de Tornquist. Turismo, Pol\u00edtica, Sociedad, Deporte, Cultura y todo el contenido de inter\u00e9s general que la gente del pueblo y la regi\u00f3n debe conocer.","robots":{"index":"index","follow":"follow","max-snippet":"max-snippet:-1","max-image-preview":"max-image-preview:large","max-video-preview":"max-video-preview:-1"},"canonical":"https:\/\/www.celttv.com.ar\/index.php\/2014\/12\/04\/agradecimientos-ex-director-del-colegio-nuestra-senora-de-lujan-de-tornquist\/","og_locale":"es_ES","og_type":"article","og_title":"AGRADECIMIENTOS EX DIRECTOR DEL COLEGIO NUESTRA SE\u00d1ORA DE LUJAN DE TORNQUIST - CELTTV","og_description":"Sitio web de noticias de la localidad de Tornquist, provincia de Buenos Aires, Rep\u00fablica Argentina. Contenido propio originado por periodistas de CELTTV, el canal de TV local de la Cooperativa El\u00e9ctrica de Tornquist. Turismo, Pol\u00edtica, Sociedad, Deporte, Cultura y todo el contenido de inter\u00e9s general que la gente del pueblo y la regi\u00f3n debe conocer.","og_url":"https:\/\/www.celttv.com.ar\/index.php\/2014\/12\/04\/agradecimientos-ex-director-del-colegio-nuestra-senora-de-lujan-de-tornquist\/","og_site_name":"CELTTV","article_publisher":"https:\/\/www.facebook.com\/celtTV\/","article_published_time":"2014-12-04T19:59:18+00:00","author":"ulises","twitter_card":"summary_large_image","twitter_misc":{"Escrito por":"ulises","Tiempo de lectura":"2 minutos"},"schema":{"@context":"https:\/\/schema.org","@graph":[{"@type":"NewsArticle","@id":"https:\/\/www.celttv.com.ar\/index.php\/2014\/12\/04\/agradecimientos-ex-director-del-colegio-nuestra-senora-de-lujan-de-tornquist\/#article","isPartOf":{"@id":"https:\/\/www.celttv.com.ar\/index.php\/2014\/12\/04\/agradecimientos-ex-director-del-colegio-nuestra-senora-de-lujan-de-tornquist\/"},"author":{"name":"ulises","@id":"https:\/\/www.celttv.com.ar\/#\/schema\/person\/6d99c072dba59953809c81446e9d0ace"},"headline":"AGRADECIMIENTOS EX DIRECTOR DEL COLEGIO NUESTRA SE\u00d1ORA DE LUJAN DE TORNQUIST","datePublished":"2014-12-04T19:59:18+00:00","dateModified":"2014-12-04T19:59:18+00:00","mainEntityOfPage":{"@id":"https:\/\/www.celttv.com.ar\/index.php\/2014\/12\/04\/agradecimientos-ex-director-del-colegio-nuestra-senora-de-lujan-de-tornquist\/"},"wordCount":448,"publisher":{"@id":"https:\/\/www.celttv.com.ar\/#organization"},"articleSection":["Comunidad","Destacadas"],"inLanguage":"es"},{"@type":"WebPage","@id":"https:\/\/www.celttv.com.ar\/index.php\/2014\/12\/04\/agradecimientos-ex-director-del-colegio-nuestra-senora-de-lujan-de-tornquist\/","url":"https:\/\/www.celttv.com.ar\/index.php\/2014\/12\/04\/agradecimientos-ex-director-del-colegio-nuestra-senora-de-lujan-de-tornquist\/","name":"AGRADECIMIENTOS EX DIRECTOR DEL COLEGIO NUESTRA SE\u00d1ORA DE LUJAN DE TORNQUIST - CELTTV","isPartOf":{"@id":"https:\/\/www.celttv.com.ar\/#website"},"datePublished":"2014-12-04T19:59:18+00:00","dateModified":"2014-12-04T19:59:18+00:00","description":"Sitio web de noticias de la localidad de Tornquist, provincia de Buenos Aires, Rep\u00fablica Argentina. Contenido propio originado por periodistas de CELTTV, el canal de TV local de la Cooperativa El\u00e9ctrica de Tornquist. Turismo, Pol\u00edtica, Sociedad, Deporte, Cultura y todo el contenido de inter\u00e9s general que la gente del pueblo y la regi\u00f3n debe conocer.","breadcrumb":{"@id":"https:\/\/www.celttv.com.ar\/index.php\/2014\/12\/04\/agradecimientos-ex-director-del-colegio-nuestra-senora-de-lujan-de-tornquist\/#breadcrumb"},"inLanguage":"es","potentialAction":[{"@type":"ReadAction","target":["https:\/\/www.celttv.com.ar\/index.php\/2014\/12\/04\/agradecimientos-ex-director-del-colegio-nuestra-senora-de-lujan-de-tornquist\/"]}]},{"@type":"BreadcrumbList","@id":"https:\/\/www.celttv.com.ar\/index.php\/2014\/12\/04\/agradecimientos-ex-director-del-colegio-nuestra-senora-de-lujan-de-tornquist\/#breadcrumb","itemListElement":[{"@type":"ListItem","position":1,"name":"Inicio","item":"https:\/\/www.celttv.com.ar\/"},{"@type":"ListItem","position":2,"name":"AGRADECIMIENTOS EX DIRECTOR DEL COLEGIO NUESTRA SE\u00d1ORA DE LUJAN DE TORNQUIST"}]},{"@type":"WebSite","@id":"https:\/\/www.celttv.com.ar\/#website","url":"https:\/\/www.celttv.com.ar\/","name":"CELTTV","description":"Cooperativa El\u00e9ctrica de Tornquist","publisher":{"@id":"https:\/\/www.celttv.com.ar\/#organization"},"potentialAction":[{"@type":"SearchAction","target":{"@type":"EntryPoint","urlTemplate":"https:\/\/www.celttv.com.ar\/?s={search_term_string}"},"query-input":"required name=search_term_string"}],"inLanguage":"es"},{"@type":"Organization","@id":"https:\/\/www.celttv.com.ar\/#organization","name":"CELTTV","url":"https:\/\/www.celttv.com.ar\/","sameAs":["https:\/\/www.youtube.com\/channel\/UCz_oIt8Hig64Ub-EmcNPIhg","https:\/\/www.facebook.com\/celtTV\/"],"logo":{"@type":"ImageObject","inLanguage":"es","@id":"https:\/\/www.celttv.com.ar\/#\/schema\/logo\/image\/","url":"http:\/\/www.celttv.com.ar\/wp-content\/uploads\/2022\/08\/logo-1.png","contentUrl":"http:\/\/www.celttv.com.ar\/wp-content\/uploads\/2022\/08\/logo-1.png","width":461,"height":159,"caption":"CELTTV"},"image":{"@id":"https:\/\/www.celttv.com.ar\/#\/schema\/logo\/image\/"}},{"@type":"Person","@id":"https:\/\/www.celttv.com.ar\/#\/schema\/person\/6d99c072dba59953809c81446e9d0ace","name":"ulises","image":{"@type":"ImageObject","inLanguage":"es","@id":"https:\/\/www.celttv.com.ar\/#\/schema\/person\/image\/","url":"https:\/\/secure.gravatar.com\/avatar\/7f2c48bdc33b30088f941fb6082e555f2874c98e20cb159d7b92b50eadfce793?s=96&d=mm&r=g","contentUrl":"https:\/\/secure.gravatar.com\/avatar\/7f2c48bdc33b30088f941fb6082e555f2874c98e20cb159d7b92b50eadfce793?s=96&d=mm&r=g","caption":"ulises"},"sameAs":["http:\/\/www.celttv.com.ar"]}]}},"_links":{"self":[{"href":"https:\/\/www.celttv.com.ar\/index.php\/wp-json\/wp\/v2\/posts\/25495","targetHints":{"allow":["GET"]}}],"collection":[{"href":"https:\/\/www.celttv.com.ar\/index.php\/wp-json\/wp\/v2\/posts"}],"about":[{"href":"https:\/\/www.celttv.com.ar\/index.php\/wp-json\/wp\/v2\/types\/post"}],"author":[{"embeddable":true,"href":"https:\/\/www.celttv.com.ar\/index.php\/wp-json\/wp\/v2\/users\/1"}],"replies":[{"embeddable":true,"href":"https:\/\/www.celttv.com.ar\/index.php\/wp-json\/wp\/v2\/comments?post=25495"}],"version-history":[{"count":0,"href":"https:\/\/www.celttv.com.ar\/index.php\/wp-json\/wp\/v2\/posts\/25495\/revisions"}],"wp:attachment":[{"href":"https:\/\/www.celttv.com.ar\/index.php\/wp-json\/wp\/v2\/media?parent=25495"}],"wp:term":[{"taxonomy":"category","embeddable":true,"href":"https:\/\/www.celttv.com.ar\/index.php\/wp-json\/wp\/v2\/categories?post=25495"},{"taxonomy":"post_tag","embeddable":true,"href":"https:\/\/www.celttv.com.ar\/index.php\/wp-json\/wp\/v2\/tags?post=25495"}],"curies":[{"name":"wp","href":"https:\/\/api.w.org\/{rel}","templated":true}]}}