{"id":25512,"date":"2014-12-04T22:02:48","date_gmt":"2014-12-04T22:02:48","guid":{"rendered":"http:\/\/www.tvcnoticias.com.ar\/?p=25512"},"modified":"2014-12-04T22:02:48","modified_gmt":"2014-12-04T22:02:48","slug":"gimnasio-y-eden-y-el-centro-gimnastico-tornquist-realizaron-el-cierre-de-actividades-notas-e-imagenes","status":"publish","type":"post","link":"https:\/\/www.celttv.com.ar\/index.php\/2014\/12\/04\/gimnasio-y-eden-y-el-centro-gimnastico-tornquist-realizaron-el-cierre-de-actividades-notas-e-imagenes\/","title":{"rendered":"GIMNASIO Y EDEN Y EL CENTRO GIMNASTICO TORNQUIST REALIZARON EL CIERRE DE ACTIVIDADES (Notas e im\u00e1genes)"},"content":{"rendered":"<div dir=\"ltr\"><a href=\"https:\/\/www.youtube.com\/watch?v=4RcIVrh-zCI\">httpv:\/\/www.youtube.com\/watch?v=4RcIVrh-zCI<\/a><\/div>\n<div dir=\"ltr\"><a href=\"https:\/\/www.youtube.com\/watch?v=iO9h6TEA72w\">httpv:\/\/www.youtube.com\/watch?v=iO9h6TEA72w<\/a><\/div>\n<div dir=\"ltr\"><a href=\"https:\/\/www.youtube.com\/watch?v=BqmdrLLFoOU\">httpv:\/\/www.youtube.com\/watch?v=BqmdrLLFoOU<\/a><\/div>\n<div dir=\"ltr\"><strong>MAGAZINE SPORT&#8212;-<\/strong> El Gimnasio Eden realiz\u00f3 su cierre anual con una gran puesta en escena en las instalaciones del gimnasio municipal Eva Per\u00f3n.<\/div>\n<div dir=\"ltr\">Alrededor de\u00a060 gimnastas formaron parte de las exhibiciones, las cuales fueron acompa\u00f1adas con el aplauso del p\u00fablico.<\/div>\n<div dir=\"ltr\">En tanto, es importante mencionar que durante el desarrollo del espect\u00e1culo, se pudo disfrutar del talento y la categor\u00eda de las gimnastas\u00a0<strong>Giuliana Caporicci<\/strong> y\u00a0<strong>Carolina Rodr\u00edguez<\/strong>, quienes demostraron por qu\u00e9 est\u00e1n compitiendo en cert\u00e1menes a nivel nacional.<\/div>\n<div dir=\"ltr\">Durante la emisi\u00f3n de\u00a0<strong>MAGAZINE SPORT<\/strong>, la profesora\u00a0<strong>Silvia D\u00edaz<\/strong> y las gimnastas\u00a0<strong>Giuliana Caporicci<\/strong> y\u00a0<strong>Carolina Rodr\u00edguez<\/strong>,\u00a0realizaron un balance de la exigente temporada que debieron afrontar y de los importantes logros que se alcanzaron.<\/div>\n<div dir=\"ltr\">AGRADECIMIENTOS<\/div>\n<p><span style=\"font-family: Verdana, Arial, Helvetica, sans-serif; font-size: x-small;\">Los profesores Silvia D\u00edaz , Gustavo Graff e Ivana Schmidtke\u00a0\u00a0del Gimnasio Ed\u00e9n y Centro Gimn\u00e1stico Tornquist quieren agradecer a sus alumnas, padres, abuelos y otros familiares por su buena disposici\u00f3n y colaboraci\u00f3n a la hora de transportar y acomodar la utiler\u00eda necesaria para que el espect\u00e1culo del d\u00eda 29 de Noviembre se lleve a cabo. Tambi\u00e9n queremos agradecer\u00a0\u00a0a\u00a0la Direcci\u00f3n\u00a0de Deportes, al CEF n\u00ba9, al Jard\u00edn\u00a0901, a\u00a0la Unidad Acad\u00e9mica, a Caly Taylor, a Ludmila Alric, a Sofia Bravo, a\u00a0la Cooperativa\u00a0\u00a0Rural, a los\u00a0\u00a0medios de comunicaci\u00f3n locales: FM de las Sierras, Tornquist Video Cable, DeporTornquist y Tornquist Distrital que siempre est\u00e1n apoy\u00e1ndonos y difundiendo nuestros eventos, a nuestras familias y amigos que siempre colaboran<\/span><br \/>\n<span style=\"font-family: Verdana, Arial, Helvetica, sans-serif; font-size: x-small;\">Y por \u00faltimo una enorme felicitaci\u00f3n para todas las alumnas y alumnos\u00a0\u00a0de ambos gimnasios\u00a0\u00a0por su buena conducta y desempe\u00f1o.<\/span><br \/>\n<span style=\"font-family: Verdana, Arial, Helvetica, sans-serif; font-size: x-small;\"> <\/span><br \/>\n<span style=\"font-family: Verdana, Arial, Helvetica, sans-serif; font-size: x-small;\">Muchas gracias, felices fiestas y un prospero a\u00f1o nuevo les desea Gimnasio Ed\u00e9n y Centro gimn\u00e1stico Tornquist<\/span><br \/>\n<span style=\"font-family: Verdana, Arial, Helvetica, sans-serif; font-size: x-small;\"> <\/span><br \/>\n<span style=\"font-family: Verdana, Arial, Helvetica, sans-serif; font-size: x-small;\">Profesores Silvia , Gustavo e Ivana<\/span><br \/>\n&nbsp;<\/p>\n","protected":false},"excerpt":{"rendered":"<p>httpv:\/\/www.youtube.com\/watch?v=4RcIVrh-zCI httpv:\/\/www.youtube.com\/watch?v=iO9h6TEA72w httpv:\/\/www.youtube.com\/watch?v=BqmdrLLFoOU MAGAZINE SPORT&#8212;- El Gimnasio Eden realiz\u00f3 su cierre anual con una gran puesta en escena en las instalaciones del gimnasio municipal Eva Per\u00f3n. Alrededor de\u00a060 gimnastas formaron parte de las exhibiciones, las cuales fueron acompa\u00f1adas con el aplauso del p\u00fablico. En tanto, es importante mencionar que durante el desarrollo del espect\u00e1culo, se [&hellip;]<\/p>\n","protected":false},"author":1,"featured_media":0,"comment_status":"closed","ping_status":"open","sticky":false,"template":"","format":"standard","meta":{"footnotes":""},"categories":[51,60,52,64],"tags":[],"class_list":["post-25512","post","type-post","status-publish","format-standard","hentry","category-comunidad","category-deporte","category-destacadas","category-videos-destacados"],"yoast_head":"<!-- This site is optimized with the Yoast SEO plugin v19.7.1 - https:\/\/yoast.com\/wordpress\/plugins\/seo\/ -->\n<title>GIMNASIO Y EDEN Y EL CENTRO GIMNASTICO TORNQUIST REALIZARON EL CIERRE DE ACTIVIDADES (Notas e im\u00e1genes) - CELTTV<\/title>\n<meta name=\"description\" content=\"Sitio web de noticias de la localidad de Tornquist, provincia de Buenos Aires, Rep\u00fablica Argentina. Contenido propio originado por periodistas de CELTTV, el canal de TV local de la Cooperativa El\u00e9ctrica de Tornquist. Turismo, Pol\u00edtica, Sociedad, Deporte, Cultura y todo el contenido de inter\u00e9s general que la gente del pueblo y la regi\u00f3n debe conocer.\" \/>\n<meta name=\"robots\" content=\"index, follow, max-snippet:-1, max-image-preview:large, max-video-preview:-1\" \/>\n<link rel=\"canonical\" href=\"https:\/\/www.celttv.com.ar\/index.php\/2014\/12\/04\/gimnasio-y-eden-y-el-centro-gimnastico-tornquist-realizaron-el-cierre-de-actividades-notas-e-imagenes\/\" \/>\n<meta property=\"og:locale\" content=\"es_ES\" \/>\n<meta property=\"og:type\" content=\"article\" \/>\n<meta property=\"og:title\" content=\"GIMNASIO Y EDEN Y EL CENTRO GIMNASTICO TORNQUIST REALIZARON EL CIERRE DE ACTIVIDADES (Notas e im\u00e1genes) - CELTTV\" \/>\n<meta property=\"og:description\" content=\"Sitio web de noticias de la localidad de Tornquist, provincia de Buenos Aires, Rep\u00fablica Argentina. Contenido propio originado por periodistas de CELTTV, el canal de TV local de la Cooperativa El\u00e9ctrica de Tornquist. Turismo, Pol\u00edtica, Sociedad, Deporte, Cultura y todo el contenido de inter\u00e9s general que la gente del pueblo y la regi\u00f3n debe conocer.\" \/>\n<meta property=\"og:url\" content=\"https:\/\/www.celttv.com.ar\/index.php\/2014\/12\/04\/gimnasio-y-eden-y-el-centro-gimnastico-tornquist-realizaron-el-cierre-de-actividades-notas-e-imagenes\/\" \/>\n<meta property=\"og:site_name\" content=\"CELTTV\" \/>\n<meta property=\"article:publisher\" content=\"https:\/\/www.facebook.com\/celtTV\/\" \/>\n<meta property=\"article:published_time\" content=\"2014-12-04T22:02:48+00:00\" \/>\n<meta name=\"author\" content=\"ulises\" \/>\n<meta name=\"twitter:card\" content=\"summary_large_image\" \/>\n<meta name=\"twitter:label1\" content=\"Escrito por\" \/>\n\t<meta name=\"twitter:data1\" content=\"ulises\" \/>\n\t<meta name=\"twitter:label2\" content=\"Tiempo de lectura\" \/>\n\t<meta name=\"twitter:data2\" content=\"2 minutos\" \/>\n<script type=\"application\/ld+json\" class=\"yoast-schema-graph\">{\"@context\":\"https:\/\/schema.org\",\"@graph\":[{\"@type\":\"NewsArticle\",\"@id\":\"https:\/\/www.celttv.com.ar\/index.php\/2014\/12\/04\/gimnasio-y-eden-y-el-centro-gimnastico-tornquist-realizaron-el-cierre-de-actividades-notas-e-imagenes\/#article\",\"isPartOf\":{\"@id\":\"https:\/\/www.celttv.com.ar\/index.php\/2014\/12\/04\/gimnasio-y-eden-y-el-centro-gimnastico-tornquist-realizaron-el-cierre-de-actividades-notas-e-imagenes\/\"},\"author\":{\"name\":\"ulises\",\"@id\":\"https:\/\/www.celttv.com.ar\/#\/schema\/person\/6d99c072dba59953809c81446e9d0ace\"},\"headline\":\"GIMNASIO Y EDEN Y EL CENTRO GIMNASTICO TORNQUIST REALIZARON EL CIERRE DE ACTIVIDADES (Notas e im\u00e1genes)\",\"datePublished\":\"2014-12-04T22:02:48+00:00\",\"dateModified\":\"2014-12-04T22:02:48+00:00\",\"mainEntityOfPage\":{\"@id\":\"https:\/\/www.celttv.com.ar\/index.php\/2014\/12\/04\/gimnasio-y-eden-y-el-centro-gimnastico-tornquist-realizaron-el-cierre-de-actividades-notas-e-imagenes\/\"},\"wordCount\":348,\"publisher\":{\"@id\":\"https:\/\/www.celttv.com.ar\/#organization\"},\"articleSection\":[\"Comunidad\",\"Deporte\",\"Destacadas\",\"Videos Destacados\"],\"inLanguage\":\"es\"},{\"@type\":\"WebPage\",\"@id\":\"https:\/\/www.celttv.com.ar\/index.php\/2014\/12\/04\/gimnasio-y-eden-y-el-centro-gimnastico-tornquist-realizaron-el-cierre-de-actividades-notas-e-imagenes\/\",\"url\":\"https:\/\/www.celttv.com.ar\/index.php\/2014\/12\/04\/gimnasio-y-eden-y-el-centro-gimnastico-tornquist-realizaron-el-cierre-de-actividades-notas-e-imagenes\/\",\"name\":\"GIMNASIO Y EDEN Y EL CENTRO GIMNASTICO TORNQUIST REALIZARON EL CIERRE DE ACTIVIDADES (Notas e im\u00e1genes) - CELTTV\",\"isPartOf\":{\"@id\":\"https:\/\/www.celttv.com.ar\/#website\"},\"datePublished\":\"2014-12-04T22:02:48+00:00\",\"dateModified\":\"2014-12-04T22:02:48+00:00\",\"description\":\"Sitio web de noticias de la localidad de Tornquist, provincia de Buenos Aires, Rep\u00fablica Argentina. Contenido propio originado por periodistas de CELTTV, el canal de TV local de la Cooperativa El\u00e9ctrica de Tornquist. Turismo, Pol\u00edtica, Sociedad, Deporte, Cultura y todo el contenido de inter\u00e9s general que la gente del pueblo y la regi\u00f3n debe conocer.\",\"breadcrumb\":{\"@id\":\"https:\/\/www.celttv.com.ar\/index.php\/2014\/12\/04\/gimnasio-y-eden-y-el-centro-gimnastico-tornquist-realizaron-el-cierre-de-actividades-notas-e-imagenes\/#breadcrumb\"},\"inLanguage\":\"es\",\"potentialAction\":[{\"@type\":\"ReadAction\",\"target\":[\"https:\/\/www.celttv.com.ar\/index.php\/2014\/12\/04\/gimnasio-y-eden-y-el-centro-gimnastico-tornquist-realizaron-el-cierre-de-actividades-notas-e-imagenes\/\"]}]},{\"@type\":\"BreadcrumbList\",\"@id\":\"https:\/\/www.celttv.com.ar\/index.php\/2014\/12\/04\/gimnasio-y-eden-y-el-centro-gimnastico-tornquist-realizaron-el-cierre-de-actividades-notas-e-imagenes\/#breadcrumb\",\"itemListElement\":[{\"@type\":\"ListItem\",\"position\":1,\"name\":\"Inicio\",\"item\":\"https:\/\/www.celttv.com.ar\/\"},{\"@type\":\"ListItem\",\"position\":2,\"name\":\"GIMNASIO Y EDEN Y EL CENTRO GIMNASTICO TORNQUIST REALIZARON EL CIERRE DE ACTIVIDADES (Notas e im\u00e1genes)\"}]},{\"@type\":\"WebSite\",\"@id\":\"https:\/\/www.celttv.com.ar\/#website\",\"url\":\"https:\/\/www.celttv.com.ar\/\",\"name\":\"CELTTV\",\"description\":\"Cooperativa El\u00e9ctrica de Tornquist\",\"publisher\":{\"@id\":\"https:\/\/www.celttv.com.ar\/#organization\"},\"potentialAction\":[{\"@type\":\"SearchAction\",\"target\":{\"@type\":\"EntryPoint\",\"urlTemplate\":\"https:\/\/www.celttv.com.ar\/?s={search_term_string}\"},\"query-input\":\"required name=search_term_string\"}],\"inLanguage\":\"es\"},{\"@type\":\"Organization\",\"@id\":\"https:\/\/www.celttv.com.ar\/#organization\",\"name\":\"CELTTV\",\"url\":\"https:\/\/www.celttv.com.ar\/\",\"sameAs\":[\"https:\/\/www.youtube.com\/channel\/UCz_oIt8Hig64Ub-EmcNPIhg\",\"https:\/\/www.facebook.com\/celtTV\/\"],\"logo\":{\"@type\":\"ImageObject\",\"inLanguage\":\"es\",\"@id\":\"https:\/\/www.celttv.com.ar\/#\/schema\/logo\/image\/\",\"url\":\"http:\/\/www.celttv.com.ar\/wp-content\/uploads\/2022\/08\/logo-1.png\",\"contentUrl\":\"http:\/\/www.celttv.com.ar\/wp-content\/uploads\/2022\/08\/logo-1.png\",\"width\":461,\"height\":159,\"caption\":\"CELTTV\"},\"image\":{\"@id\":\"https:\/\/www.celttv.com.ar\/#\/schema\/logo\/image\/\"}},{\"@type\":\"Person\",\"@id\":\"https:\/\/www.celttv.com.ar\/#\/schema\/person\/6d99c072dba59953809c81446e9d0ace\",\"name\":\"ulises\",\"image\":{\"@type\":\"ImageObject\",\"inLanguage\":\"es\",\"@id\":\"https:\/\/www.celttv.com.ar\/#\/schema\/person\/image\/\",\"url\":\"https:\/\/secure.gravatar.com\/avatar\/7f2c48bdc33b30088f941fb6082e555f2874c98e20cb159d7b92b50eadfce793?s=96&d=mm&r=g\",\"contentUrl\":\"https:\/\/secure.gravatar.com\/avatar\/7f2c48bdc33b30088f941fb6082e555f2874c98e20cb159d7b92b50eadfce793?s=96&d=mm&r=g\",\"caption\":\"ulises\"},\"sameAs\":[\"http:\/\/www.celttv.com.ar\"]}]}<\/script>\n<!-- \/ Yoast SEO plugin. -->","yoast_head_json":{"title":"GIMNASIO Y EDEN Y EL CENTRO GIMNASTICO TORNQUIST REALIZARON EL CIERRE DE ACTIVIDADES (Notas e im\u00e1genes) - CELTTV","description":"Sitio web de noticias de la localidad de Tornquist, provincia de Buenos Aires, Rep\u00fablica Argentina. Contenido propio originado por periodistas de CELTTV, el canal de TV local de la Cooperativa El\u00e9ctrica de Tornquist. Turismo, Pol\u00edtica, Sociedad, Deporte, Cultura y todo el contenido de inter\u00e9s general que la gente del pueblo y la regi\u00f3n debe conocer.","robots":{"index":"index","follow":"follow","max-snippet":"max-snippet:-1","max-image-preview":"max-image-preview:large","max-video-preview":"max-video-preview:-1"},"canonical":"https:\/\/www.celttv.com.ar\/index.php\/2014\/12\/04\/gimnasio-y-eden-y-el-centro-gimnastico-tornquist-realizaron-el-cierre-de-actividades-notas-e-imagenes\/","og_locale":"es_ES","og_type":"article","og_title":"GIMNASIO Y EDEN Y EL CENTRO GIMNASTICO TORNQUIST REALIZARON EL CIERRE DE ACTIVIDADES (Notas e im\u00e1genes) - CELTTV","og_description":"Sitio web de noticias de la localidad de Tornquist, provincia de Buenos Aires, Rep\u00fablica Argentina. Contenido propio originado por periodistas de CELTTV, el canal de TV local de la Cooperativa El\u00e9ctrica de Tornquist. Turismo, Pol\u00edtica, Sociedad, Deporte, Cultura y todo el contenido de inter\u00e9s general que la gente del pueblo y la regi\u00f3n debe conocer.","og_url":"https:\/\/www.celttv.com.ar\/index.php\/2014\/12\/04\/gimnasio-y-eden-y-el-centro-gimnastico-tornquist-realizaron-el-cierre-de-actividades-notas-e-imagenes\/","og_site_name":"CELTTV","article_publisher":"https:\/\/www.facebook.com\/celtTV\/","article_published_time":"2014-12-04T22:02:48+00:00","author":"ulises","twitter_card":"summary_large_image","twitter_misc":{"Escrito por":"ulises","Tiempo de lectura":"2 minutos"},"schema":{"@context":"https:\/\/schema.org","@graph":[{"@type":"NewsArticle","@id":"https:\/\/www.celttv.com.ar\/index.php\/2014\/12\/04\/gimnasio-y-eden-y-el-centro-gimnastico-tornquist-realizaron-el-cierre-de-actividades-notas-e-imagenes\/#article","isPartOf":{"@id":"https:\/\/www.celttv.com.ar\/index.php\/2014\/12\/04\/gimnasio-y-eden-y-el-centro-gimnastico-tornquist-realizaron-el-cierre-de-actividades-notas-e-imagenes\/"},"author":{"name":"ulises","@id":"https:\/\/www.celttv.com.ar\/#\/schema\/person\/6d99c072dba59953809c81446e9d0ace"},"headline":"GIMNASIO Y EDEN Y EL CENTRO GIMNASTICO TORNQUIST REALIZARON EL CIERRE DE ACTIVIDADES (Notas e im\u00e1genes)","datePublished":"2014-12-04T22:02:48+00:00","dateModified":"2014-12-04T22:02:48+00:00","mainEntityOfPage":{"@id":"https:\/\/www.celttv.com.ar\/index.php\/2014\/12\/04\/gimnasio-y-eden-y-el-centro-gimnastico-tornquist-realizaron-el-cierre-de-actividades-notas-e-imagenes\/"},"wordCount":348,"publisher":{"@id":"https:\/\/www.celttv.com.ar\/#organization"},"articleSection":["Comunidad","Deporte","Destacadas","Videos Destacados"],"inLanguage":"es"},{"@type":"WebPage","@id":"https:\/\/www.celttv.com.ar\/index.php\/2014\/12\/04\/gimnasio-y-eden-y-el-centro-gimnastico-tornquist-realizaron-el-cierre-de-actividades-notas-e-imagenes\/","url":"https:\/\/www.celttv.com.ar\/index.php\/2014\/12\/04\/gimnasio-y-eden-y-el-centro-gimnastico-tornquist-realizaron-el-cierre-de-actividades-notas-e-imagenes\/","name":"GIMNASIO Y EDEN Y EL CENTRO GIMNASTICO TORNQUIST REALIZARON EL CIERRE DE ACTIVIDADES (Notas e im\u00e1genes) - CELTTV","isPartOf":{"@id":"https:\/\/www.celttv.com.ar\/#website"},"datePublished":"2014-12-04T22:02:48+00:00","dateModified":"2014-12-04T22:02:48+00:00","description":"Sitio web de noticias de la localidad de Tornquist, provincia de Buenos Aires, Rep\u00fablica Argentina. Contenido propio originado por periodistas de CELTTV, el canal de TV local de la Cooperativa El\u00e9ctrica de Tornquist. Turismo, Pol\u00edtica, Sociedad, Deporte, Cultura y todo el contenido de inter\u00e9s general que la gente del pueblo y la regi\u00f3n debe conocer.","breadcrumb":{"@id":"https:\/\/www.celttv.com.ar\/index.php\/2014\/12\/04\/gimnasio-y-eden-y-el-centro-gimnastico-tornquist-realizaron-el-cierre-de-actividades-notas-e-imagenes\/#breadcrumb"},"inLanguage":"es","potentialAction":[{"@type":"ReadAction","target":["https:\/\/www.celttv.com.ar\/index.php\/2014\/12\/04\/gimnasio-y-eden-y-el-centro-gimnastico-tornquist-realizaron-el-cierre-de-actividades-notas-e-imagenes\/"]}]},{"@type":"BreadcrumbList","@id":"https:\/\/www.celttv.com.ar\/index.php\/2014\/12\/04\/gimnasio-y-eden-y-el-centro-gimnastico-tornquist-realizaron-el-cierre-de-actividades-notas-e-imagenes\/#breadcrumb","itemListElement":[{"@type":"ListItem","position":1,"name":"Inicio","item":"https:\/\/www.celttv.com.ar\/"},{"@type":"ListItem","position":2,"name":"GIMNASIO Y EDEN Y EL CENTRO GIMNASTICO TORNQUIST REALIZARON EL CIERRE DE ACTIVIDADES (Notas e im\u00e1genes)"}]},{"@type":"WebSite","@id":"https:\/\/www.celttv.com.ar\/#website","url":"https:\/\/www.celttv.com.ar\/","name":"CELTTV","description":"Cooperativa El\u00e9ctrica de Tornquist","publisher":{"@id":"https:\/\/www.celttv.com.ar\/#organization"},"potentialAction":[{"@type":"SearchAction","target":{"@type":"EntryPoint","urlTemplate":"https:\/\/www.celttv.com.ar\/?s={search_term_string}"},"query-input":"required name=search_term_string"}],"inLanguage":"es"},{"@type":"Organization","@id":"https:\/\/www.celttv.com.ar\/#organization","name":"CELTTV","url":"https:\/\/www.celttv.com.ar\/","sameAs":["https:\/\/www.youtube.com\/channel\/UCz_oIt8Hig64Ub-EmcNPIhg","https:\/\/www.facebook.com\/celtTV\/"],"logo":{"@type":"ImageObject","inLanguage":"es","@id":"https:\/\/www.celttv.com.ar\/#\/schema\/logo\/image\/","url":"http:\/\/www.celttv.com.ar\/wp-content\/uploads\/2022\/08\/logo-1.png","contentUrl":"http:\/\/www.celttv.com.ar\/wp-content\/uploads\/2022\/08\/logo-1.png","width":461,"height":159,"caption":"CELTTV"},"image":{"@id":"https:\/\/www.celttv.com.ar\/#\/schema\/logo\/image\/"}},{"@type":"Person","@id":"https:\/\/www.celttv.com.ar\/#\/schema\/person\/6d99c072dba59953809c81446e9d0ace","name":"ulises","image":{"@type":"ImageObject","inLanguage":"es","@id":"https:\/\/www.celttv.com.ar\/#\/schema\/person\/image\/","url":"https:\/\/secure.gravatar.com\/avatar\/7f2c48bdc33b30088f941fb6082e555f2874c98e20cb159d7b92b50eadfce793?s=96&d=mm&r=g","contentUrl":"https:\/\/secure.gravatar.com\/avatar\/7f2c48bdc33b30088f941fb6082e555f2874c98e20cb159d7b92b50eadfce793?s=96&d=mm&r=g","caption":"ulises"},"sameAs":["http:\/\/www.celttv.com.ar"]}]}},"_links":{"self":[{"href":"https:\/\/www.celttv.com.ar\/index.php\/wp-json\/wp\/v2\/posts\/25512","targetHints":{"allow":["GET"]}}],"collection":[{"href":"https:\/\/www.celttv.com.ar\/index.php\/wp-json\/wp\/v2\/posts"}],"about":[{"href":"https:\/\/www.celttv.com.ar\/index.php\/wp-json\/wp\/v2\/types\/post"}],"author":[{"embeddable":true,"href":"https:\/\/www.celttv.com.ar\/index.php\/wp-json\/wp\/v2\/users\/1"}],"replies":[{"embeddable":true,"href":"https:\/\/www.celttv.com.ar\/index.php\/wp-json\/wp\/v2\/comments?post=25512"}],"version-history":[{"count":0,"href":"https:\/\/www.celttv.com.ar\/index.php\/wp-json\/wp\/v2\/posts\/25512\/revisions"}],"wp:attachment":[{"href":"https:\/\/www.celttv.com.ar\/index.php\/wp-json\/wp\/v2\/media?parent=25512"}],"wp:term":[{"taxonomy":"category","embeddable":true,"href":"https:\/\/www.celttv.com.ar\/index.php\/wp-json\/wp\/v2\/categories?post=25512"},{"taxonomy":"post_tag","embeddable":true,"href":"https:\/\/www.celttv.com.ar\/index.php\/wp-json\/wp\/v2\/tags?post=25512"}],"curies":[{"name":"wp","href":"https:\/\/api.w.org\/{rel}","templated":true}]}}