{"id":25523,"date":"2014-12-04T23:11:42","date_gmt":"2014-12-04T23:11:42","guid":{"rendered":"http:\/\/www.tvcnoticias.com.ar\/?p=25523"},"modified":"2014-12-04T23:11:42","modified_gmt":"2014-12-04T23:11:42","slug":"el-hcd-reconocio-al-escritor-patricio-chaija-videos-y-opiniones","status":"publish","type":"post","link":"https:\/\/www.celttv.com.ar\/index.php\/2014\/12\/04\/el-hcd-reconocio-al-escritor-patricio-chaija-videos-y-opiniones\/","title":{"rendered":"EL HCD. RECONOCIO AL ESCRITOR PATRICIO CHAIJA (videos y opiniones)"},"content":{"rendered":"<p><a href=\"https:\/\/www.youtube.com\/watch?v=MLF-vzEhM_E\">httpv:\/\/www.youtube.com\/watch?v=MLF-vzEhM_E<\/a><br \/>\n<a href=\"https:\/\/www.youtube.com\/watch?v=0vgHL6Md0mU\">httpv:\/\/www.youtube.com\/watch?v=0vgHL6Md0mU<\/a><br \/>\n<a href=\"https:\/\/www.youtube.com\/watch?v=6rBb9LdmB6I\">httpv:\/\/www.youtube.com\/watch?v=6rBb9LdmB6I<\/a><br \/>\n<strong><span style=\"text-decoration: underline;\">SESI\u00d3N EXTRAORDINARIA DE FECHA 1\u00ba DE\u00a0 DICIEMBRE \u00a0DE 2014<\/span><\/strong><br \/>\n<strong><span style=\"text-decoration: underline;\"> <\/span><\/strong><br \/>\nConvocados por Decreto N\u00ba 14\/14 dio comienzo la Sesi\u00f3n Extraordinaria por la que, de acuerdo a la  Resoluci\u00f3n N\u00ba 26\/14 se reconoci\u00f3\u00a0 \u00a0al Prof. Patricio Chaija como Personalidad Destacada de la Cultura del Distrito.<br \/>\nLos Concejales Nielsen Adriana y Ant\u00f3n V\u00edctor hicieron entrega de una placa recordatoria.<br \/>\nLos Concejales Kloster Noel\u00ed y Gabella Ezequiel le entregaron copia de la Resoluci\u00f3n N\u00ba 26\/14.<br \/>\n&nbsp;<br \/>\nHace uso de la palabra el Profesor Patricio Chaija:<br \/>\n\u201c\u00a1Qu\u00e9 tal! Buenas noches. Simplemente agradecerles, para m\u00ed es muy importante esto de, siempre uno ha o\u00eddo que nadie es profeta en su tierra, as\u00ed que quer\u00eda agradecerles a ustedes, a V\u00edctor que se que ha trabajado mucho, a Juliana con quien hicimos la primaria y la secundaria juntos, profes de lengua, o sea tengo tanta gente detr\u00e1s de este momento. Tengo treinta y dos a\u00f1os,\u00a0 y hace veinte que escribo, empec\u00e9 a los doce, es algo que vengo diciendo en todas las presentaciones de libros, y nunca dej\u00e9 de escribir, y para mi es muy importante estar hoy ac\u00e1. Me emociona mucho las palabras que leyeron, y nada, es una pasi\u00f3n que tengo y siempre quise transmitirla, y esto de poder estar publicando los libros me parece una buena manera de poder llegar a los lectores. No quiero olvidarme de agradecer a la  Biblioteca, siempre ha tenido, que ha sido me segundo hogar, m\u00e1s all\u00e1 de mi casa, cuando estaba con mi viejo, mis hermanos que est\u00e1n hoy ac\u00e1, mis amigos, que vinieron de Bah\u00eda Blanca a acompa\u00f1arme, les quiero agradecer a todos ellos, a Chicoespacio, Mariano Spialtini y Soledad Bruni, han sido muy importantes para abrirme las puertas y tener buena onda en todo momento. Que es real eso, y bueno, y esto, este reconocimiento que me ayuda a seguir meti\u00e9ndole pilas a lo que m\u00e1s me gusta, y a ser una especie de Embajador Cultural del pueblo, que se ve en los textos que escribo, siempre est\u00e1n ambientados en la zona, la Comarca Serrana, en Bah\u00eda, en Tornquist, en la plaza. Es algo inevitable, la imaginaci\u00f3n de uno siempre lo lleva a los lugares en los que ha pasado la parte m\u00e1s importante, la formaci\u00f3n de uno. Que si bien yo considero que la formaci\u00f3n de uno es toda la vida, la parte m\u00e1s importante, bueno, la pas\u00e9 ac\u00e1, y siempre vuelvo, y llevo esta impronta tornquistense a Capital Federal, la Feria del Libro, a todos lados, en todas mis novelas. As\u00ed que la verdad seguro que me olvido, podr\u00eda mencionar m\u00e1s gente, pero no quiero extenderme, la verdad, gracias a todos, la verdad muy contento, muchas gracias\u201d.<br \/>\n&nbsp;<br \/>\nPalabras de los Concejales:<br \/>\n&nbsp;<br \/>\n&nbsp;<br \/>\nConcejal Ant\u00f3n V\u00edctor:<br \/>\n\u201cSi, bueno, la verdad, que\u00a0 otro lindo d\u00eda, de poder reconocer a otro joven tornquistense, hace poquitos d\u00edas lo hac\u00edamos con Franco Bolletta, en otra de las actividades que viene destac\u00e1ndose en nuestro querido Tornquist, y hoy tener la posibilidad de homenajear a Patricio para mi es un orgullo. Tuve la oportunidad de conocerlo a Patricio en la Biblioteca, de conocer lo que hac\u00eda, de que en pocas palabras, supo transmitirnos a los que est\u00e1bamos su pasi\u00f3n por lo que hace, y la garra que le pone, con lo cual era inevitable que te reconozcamos Patricio, la verdad que poder tener j\u00f3venes de Tornquist que se van a estudiar, que logran el objetivo de tener su t\u00edtulo, y puedan seguir, volver a Tornquist, y poder representarnos en la regi\u00f3n, en el pa\u00eds, y porqu\u00e9 no en el mundo, es muy importante. Yo como tornquistense te lo quiero agradecer, agradecerle a su familia por acompa\u00f1arnos hoy, y a sus amigos, y decirte que cuentes con nosotros, que en lo que te podamos dar una mano y ayudar aqu\u00ed vamos a estar. Esto es un peque\u00f1o paso para vos y creo que estoy convencido que vas a ser mucho m\u00e1s exitoso de lo que sos hoy. Muchas gracias por estar ac\u00e1\u201d.<br \/>\n&nbsp;<br \/>\nConcejal De Larena Sonia:<br \/>\n\u201cBueno, la verdad que felicitaciones, ante todo, no nos conoc\u00edamos, y yo como miembro tambi\u00e9n de una Biblioteca Popular muy acercada a trabajar con el arte y con la lectura y sobre todo con los j\u00f3venes. La verdad es que me da much\u00edsima alegr\u00eda ver los j\u00f3venes participando en este tipo de cosas, y tambi\u00e9n para ver si se puede seguir con el ejemplo, e invitarte para el a\u00f1o que viene en Saldungaray, que all\u00e1 convocamos mucho a los j\u00f3venes, ya nos vamos a comunicar as\u00ed puede ser un empuj\u00f3n tambi\u00e9n. Felicitaciones. Nada m\u00e1s Sr. Presidente\u201d.<br \/>\n&nbsp;<br \/>\nConcejal Musso Mar\u00eda Graciela:<br \/>\n\u201cBueno Patricio, ya las felicitaciones han estado de parte de este Cuerpo. Yo quiero decirte personalmente que como amante de la lectura siento una gran satisfacci\u00f3n en poder reconocer a un escritor, pero adem\u00e1s, un escritor de Tornquist. Y quiero contar simplemente que en el cotidiano vivir, lo que suele sucederme con el tema de las lecturas. Yo tengo una especie de compulsividad con la lectura, de hecho cuando en alg\u00fan lugar no encuentro alguna cosa para leer agarro a lo mejor la cartilla de la cl\u00ednica que habla de la osteoporosis, no se, pero algo tengo que leer. Mi mesa de luz est\u00e1 pr\u00e1cticamente a punto de convertirse en la Torre de Pisa. Pero lo que quer\u00eda decirte personalmente es que hoy por hoy con los j\u00f3venes es bastante complejo, y Noel\u00ed que ha sido profesora de Literatura y que ha incentivado mucho a los chicos a leer, sabe de lo que\u00a0 voy a expresar. Los chicos prefieren sentarse frente a una computadora, y lo que es peor, he escuchado decirme: \u201c\u00bfpara qu\u00e9 te compras un libro si total lo podes bajar por Internet?\u201d Y si no, otra experiencia que me pas\u00f3 el verano pasado, que yo iba con el libro a la playa, y una prima de mi esposo iba con una tablet y giraba con el dedo y dice: \u201cves, da vuelta la p\u00e1gina\u201d. Entonces yo le dije: \u201cno mira, no, adem\u00e1s de que me resisto bastante a la tecnolog\u00eda, yo necesito un libro en el que yo de vuelta y sienta el ruido de la p\u00e1gina, en el que pueda volver las veces que quiera a leer la p\u00e1gina que quiero, pero adem\u00e1s con la gran ventaja de que a donde lo llevo no necesito Wi-fi, no necesito Internet, y casi te dir\u00eda, porque me ha pasado, no necesito luz, porque con una linterna leo\u201d. Entonces, qu\u00e9 importante que exista gente que se dedique a escribir, y que de esa manera incentive a la lectura, porque la lectura sabemos los beneficios importantes que trae, pero el placer que produce el leer solo el que es lector lo puede decir. Y voy a hacer referencia a uno de los libros de S\u00e1bato, \u201cAntes del fin\u201d, que escribe, en una de sus apreciaciones dice que un joven en una de sus salidas de un congreso lo llama y le dice: \u201cErnesto, sugi\u00e9rame qu\u00e9 puedo leer\u201d, y entonces \u00e9l le contesta: \u201cmira querido, la vida se va tan r\u00e1pido, que lee lo que te produzca placer\u201d. Con eso quiero decir que un grande, un escritor que le podr\u00eda haber dicho, \u201cno, lee mis libros, tal o lee Borges, o lee&#8230;\u201d, \u201clee lo que te produzca placer\u201d. Porque en eso consiste el arte de la lectura, en llegar a aquel que realmente disfruta del libro en la mano. Gracias Patricio, y te deseo todo el \u00e9xito que realmente te mereces, por vos y por quien fue la que tanto te ayud\u00f3 y te incentiv\u00f3 en esto que elegiste. Muchas gracias Sr. Presidente\u201d.<br \/>\n&nbsp;<br \/>\nConcejal Kloster Noel\u00ed:<br \/>\n\u201cTengo la suerte de haber estado muy cerca en alg\u00fan momento de mi vida de Patricio siendo alumno. Seguramente alguna parte muy \u00ednfima de m\u00ed habr\u00e1 quedado en \u00e9l. Tengo la suerte de ser uno de los tantos acompa\u00f1antes que ha tenido en esta trayectoria que \u00e9l con tanta pasi\u00f3n, con tanto amor, con tanta dedicaci\u00f3n, y con tanto placer comenz\u00f3 a transitar y evidentemente no qued\u00f3 solo en este intento. Patricio nos dec\u00eda al comienzo de su alocuci\u00f3n de que lleva a Tornquist en sus libros, en sus historias. Ning\u00fan escritor puede permanecer ajeno a aquello que lo rodea, para escribir las historias, no creo que haya alguien que pueda abstraerse totalmente. De manera tal que tenemos la suerte y el placer, Patricio, de que en tus historias nuestro distrito salga a pasear. Ojal\u00e1 muchos las puedan disfrutar a esas historias. Yo cuando daba clase, que ten\u00edamos los viajes a la Feria del Libro con nuestros alumnos, y hab\u00eda obviamente escritores que presentaban sus libros, yo les dec\u00eda, sol\u00eda decirles que no nos pod\u00edamos perder la oportunidad de conocer a los escritores, porque de pronto nos parece que aquel que ha escrito un libro lo escribi\u00f3 y parece como que no existiera m\u00e1s ya, \u00bfno?, entonces esto de tenerlo delante de uno, y esto de disfrutarlo, y esto de verlo, y esto de escucharlo me parece que es sumamente importante para que todos comprendamos que los escritores son seres humanos igual que nosotros con la diferencia de que no son ego\u00edstas. Un escritor no puede ser ego\u00edsta, porque un escritor escribe para que todos nosotros podamos disfrutar, podamos compartir aquella historia que ha escrito. De mi parte un agradecimiento muy especial, un placer verte crecer y se que lo vas a seguir haciendo en nombre tuyo en primer lugar, porque sos feliz en lo que est\u00e1s haciendo, y en nombre del Distrito. Gracias Sr. Presidente\u201d.<br \/>\n&nbsp;<br \/>\nHONORABLE CONCEJO DELIBERANTE<br \/>\n&nbsp;<br \/>\n&nbsp;<\/p>\n","protected":false},"excerpt":{"rendered":"<p>httpv:\/\/www.youtube.com\/watch?v=MLF-vzEhM_E httpv:\/\/www.youtube.com\/watch?v=0vgHL6Md0mU httpv:\/\/www.youtube.com\/watch?v=6rBb9LdmB6I SESI\u00d3N EXTRAORDINARIA DE FECHA 1\u00ba DE\u00a0 DICIEMBRE \u00a0DE 2014 Convocados por Decreto N\u00ba 14\/14 dio comienzo la Sesi\u00f3n Extraordinaria por la que, de acuerdo a la Resoluci\u00f3n N\u00ba 26\/14 se reconoci\u00f3\u00a0 \u00a0al Prof. Patricio Chaija como Personalidad Destacada de la Cultura del Distrito. Los Concejales Nielsen Adriana y Ant\u00f3n V\u00edctor hicieron entrega [&hellip;]<\/p>\n","protected":false},"author":1,"featured_media":0,"comment_status":"closed","ping_status":"open","sticky":false,"template":"","format":"standard","meta":{"footnotes":""},"categories":[51,52,53,64],"tags":[],"class_list":["post-25523","post","type-post","status-publish","format-standard","hentry","category-comunidad","category-destacadas","category-politica","category-videos-destacados"],"yoast_head":"<!-- This site is optimized with the Yoast SEO plugin v19.7.1 - https:\/\/yoast.com\/wordpress\/plugins\/seo\/ -->\n<title>EL HCD. RECONOCIO AL ESCRITOR PATRICIO CHAIJA (videos y opiniones) - CELTTV<\/title>\n<meta name=\"description\" content=\"Sitio web de noticias de la localidad de Tornquist, provincia de Buenos Aires, Rep\u00fablica Argentina. Contenido propio originado por periodistas de CELTTV, el canal de TV local de la Cooperativa El\u00e9ctrica de Tornquist. Turismo, Pol\u00edtica, Sociedad, Deporte, Cultura y todo el contenido de inter\u00e9s general que la gente del pueblo y la regi\u00f3n debe conocer.\" \/>\n<meta name=\"robots\" content=\"index, follow, max-snippet:-1, max-image-preview:large, max-video-preview:-1\" \/>\n<link rel=\"canonical\" href=\"https:\/\/www.celttv.com.ar\/index.php\/2014\/12\/04\/el-hcd-reconocio-al-escritor-patricio-chaija-videos-y-opiniones\/\" \/>\n<meta property=\"og:locale\" content=\"es_ES\" \/>\n<meta property=\"og:type\" content=\"article\" \/>\n<meta property=\"og:title\" content=\"EL HCD. RECONOCIO AL ESCRITOR PATRICIO CHAIJA (videos y opiniones) - CELTTV\" \/>\n<meta property=\"og:description\" content=\"Sitio web de noticias de la localidad de Tornquist, provincia de Buenos Aires, Rep\u00fablica Argentina. Contenido propio originado por periodistas de CELTTV, el canal de TV local de la Cooperativa El\u00e9ctrica de Tornquist. Turismo, Pol\u00edtica, Sociedad, Deporte, Cultura y todo el contenido de inter\u00e9s general que la gente del pueblo y la regi\u00f3n debe conocer.\" \/>\n<meta property=\"og:url\" content=\"https:\/\/www.celttv.com.ar\/index.php\/2014\/12\/04\/el-hcd-reconocio-al-escritor-patricio-chaija-videos-y-opiniones\/\" \/>\n<meta property=\"og:site_name\" content=\"CELTTV\" \/>\n<meta property=\"article:publisher\" content=\"https:\/\/www.facebook.com\/celtTV\/\" \/>\n<meta property=\"article:published_time\" content=\"2014-12-04T23:11:42+00:00\" \/>\n<meta name=\"author\" content=\"ulises\" \/>\n<meta name=\"twitter:card\" content=\"summary_large_image\" \/>\n<meta name=\"twitter:label1\" content=\"Escrito por\" \/>\n\t<meta name=\"twitter:data1\" content=\"ulises\" \/>\n\t<meta name=\"twitter:label2\" content=\"Tiempo de lectura\" \/>\n\t<meta name=\"twitter:data2\" content=\"9 minutos\" \/>\n<script type=\"application\/ld+json\" class=\"yoast-schema-graph\">{\"@context\":\"https:\/\/schema.org\",\"@graph\":[{\"@type\":\"NewsArticle\",\"@id\":\"https:\/\/www.celttv.com.ar\/index.php\/2014\/12\/04\/el-hcd-reconocio-al-escritor-patricio-chaija-videos-y-opiniones\/#article\",\"isPartOf\":{\"@id\":\"https:\/\/www.celttv.com.ar\/index.php\/2014\/12\/04\/el-hcd-reconocio-al-escritor-patricio-chaija-videos-y-opiniones\/\"},\"author\":{\"name\":\"ulises\",\"@id\":\"https:\/\/www.celttv.com.ar\/#\/schema\/person\/6d99c072dba59953809c81446e9d0ace\"},\"headline\":\"EL HCD. RECONOCIO AL ESCRITOR PATRICIO CHAIJA (videos y opiniones)\",\"datePublished\":\"2014-12-04T23:11:42+00:00\",\"dateModified\":\"2014-12-04T23:11:42+00:00\",\"mainEntityOfPage\":{\"@id\":\"https:\/\/www.celttv.com.ar\/index.php\/2014\/12\/04\/el-hcd-reconocio-al-escritor-patricio-chaija-videos-y-opiniones\/\"},\"wordCount\":1716,\"publisher\":{\"@id\":\"https:\/\/www.celttv.com.ar\/#organization\"},\"articleSection\":[\"Comunidad\",\"Destacadas\",\"Pol\u00edtica\",\"Videos Destacados\"],\"inLanguage\":\"es\"},{\"@type\":\"WebPage\",\"@id\":\"https:\/\/www.celttv.com.ar\/index.php\/2014\/12\/04\/el-hcd-reconocio-al-escritor-patricio-chaija-videos-y-opiniones\/\",\"url\":\"https:\/\/www.celttv.com.ar\/index.php\/2014\/12\/04\/el-hcd-reconocio-al-escritor-patricio-chaija-videos-y-opiniones\/\",\"name\":\"EL HCD. RECONOCIO AL ESCRITOR PATRICIO CHAIJA (videos y opiniones) - CELTTV\",\"isPartOf\":{\"@id\":\"https:\/\/www.celttv.com.ar\/#website\"},\"datePublished\":\"2014-12-04T23:11:42+00:00\",\"dateModified\":\"2014-12-04T23:11:42+00:00\",\"description\":\"Sitio web de noticias de la localidad de Tornquist, provincia de Buenos Aires, Rep\u00fablica Argentina. Contenido propio originado por periodistas de CELTTV, el canal de TV local de la Cooperativa El\u00e9ctrica de Tornquist. Turismo, Pol\u00edtica, Sociedad, Deporte, Cultura y todo el contenido de inter\u00e9s general que la gente del pueblo y la regi\u00f3n debe conocer.\",\"breadcrumb\":{\"@id\":\"https:\/\/www.celttv.com.ar\/index.php\/2014\/12\/04\/el-hcd-reconocio-al-escritor-patricio-chaija-videos-y-opiniones\/#breadcrumb\"},\"inLanguage\":\"es\",\"potentialAction\":[{\"@type\":\"ReadAction\",\"target\":[\"https:\/\/www.celttv.com.ar\/index.php\/2014\/12\/04\/el-hcd-reconocio-al-escritor-patricio-chaija-videos-y-opiniones\/\"]}]},{\"@type\":\"BreadcrumbList\",\"@id\":\"https:\/\/www.celttv.com.ar\/index.php\/2014\/12\/04\/el-hcd-reconocio-al-escritor-patricio-chaija-videos-y-opiniones\/#breadcrumb\",\"itemListElement\":[{\"@type\":\"ListItem\",\"position\":1,\"name\":\"Inicio\",\"item\":\"https:\/\/www.celttv.com.ar\/\"},{\"@type\":\"ListItem\",\"position\":2,\"name\":\"EL HCD. RECONOCIO AL ESCRITOR PATRICIO CHAIJA (videos y opiniones)\"}]},{\"@type\":\"WebSite\",\"@id\":\"https:\/\/www.celttv.com.ar\/#website\",\"url\":\"https:\/\/www.celttv.com.ar\/\",\"name\":\"CELTTV\",\"description\":\"Cooperativa El\u00e9ctrica de Tornquist\",\"publisher\":{\"@id\":\"https:\/\/www.celttv.com.ar\/#organization\"},\"potentialAction\":[{\"@type\":\"SearchAction\",\"target\":{\"@type\":\"EntryPoint\",\"urlTemplate\":\"https:\/\/www.celttv.com.ar\/?s={search_term_string}\"},\"query-input\":\"required name=search_term_string\"}],\"inLanguage\":\"es\"},{\"@type\":\"Organization\",\"@id\":\"https:\/\/www.celttv.com.ar\/#organization\",\"name\":\"CELTTV\",\"url\":\"https:\/\/www.celttv.com.ar\/\",\"sameAs\":[\"https:\/\/www.youtube.com\/channel\/UCz_oIt8Hig64Ub-EmcNPIhg\",\"https:\/\/www.facebook.com\/celtTV\/\"],\"logo\":{\"@type\":\"ImageObject\",\"inLanguage\":\"es\",\"@id\":\"https:\/\/www.celttv.com.ar\/#\/schema\/logo\/image\/\",\"url\":\"http:\/\/www.celttv.com.ar\/wp-content\/uploads\/2022\/08\/logo-1.png\",\"contentUrl\":\"http:\/\/www.celttv.com.ar\/wp-content\/uploads\/2022\/08\/logo-1.png\",\"width\":461,\"height\":159,\"caption\":\"CELTTV\"},\"image\":{\"@id\":\"https:\/\/www.celttv.com.ar\/#\/schema\/logo\/image\/\"}},{\"@type\":\"Person\",\"@id\":\"https:\/\/www.celttv.com.ar\/#\/schema\/person\/6d99c072dba59953809c81446e9d0ace\",\"name\":\"ulises\",\"image\":{\"@type\":\"ImageObject\",\"inLanguage\":\"es\",\"@id\":\"https:\/\/www.celttv.com.ar\/#\/schema\/person\/image\/\",\"url\":\"https:\/\/secure.gravatar.com\/avatar\/7f2c48bdc33b30088f941fb6082e555f2874c98e20cb159d7b92b50eadfce793?s=96&d=mm&r=g\",\"contentUrl\":\"https:\/\/secure.gravatar.com\/avatar\/7f2c48bdc33b30088f941fb6082e555f2874c98e20cb159d7b92b50eadfce793?s=96&d=mm&r=g\",\"caption\":\"ulises\"},\"sameAs\":[\"http:\/\/www.celttv.com.ar\"]}]}<\/script>\n<!-- \/ Yoast SEO plugin. -->","yoast_head_json":{"title":"EL HCD. RECONOCIO AL ESCRITOR PATRICIO CHAIJA (videos y opiniones) - CELTTV","description":"Sitio web de noticias de la localidad de Tornquist, provincia de Buenos Aires, Rep\u00fablica Argentina. Contenido propio originado por periodistas de CELTTV, el canal de TV local de la Cooperativa El\u00e9ctrica de Tornquist. Turismo, Pol\u00edtica, Sociedad, Deporte, Cultura y todo el contenido de inter\u00e9s general que la gente del pueblo y la regi\u00f3n debe conocer.","robots":{"index":"index","follow":"follow","max-snippet":"max-snippet:-1","max-image-preview":"max-image-preview:large","max-video-preview":"max-video-preview:-1"},"canonical":"https:\/\/www.celttv.com.ar\/index.php\/2014\/12\/04\/el-hcd-reconocio-al-escritor-patricio-chaija-videos-y-opiniones\/","og_locale":"es_ES","og_type":"article","og_title":"EL HCD. RECONOCIO AL ESCRITOR PATRICIO CHAIJA (videos y opiniones) - CELTTV","og_description":"Sitio web de noticias de la localidad de Tornquist, provincia de Buenos Aires, Rep\u00fablica Argentina. Contenido propio originado por periodistas de CELTTV, el canal de TV local de la Cooperativa El\u00e9ctrica de Tornquist. Turismo, Pol\u00edtica, Sociedad, Deporte, Cultura y todo el contenido de inter\u00e9s general que la gente del pueblo y la regi\u00f3n debe conocer.","og_url":"https:\/\/www.celttv.com.ar\/index.php\/2014\/12\/04\/el-hcd-reconocio-al-escritor-patricio-chaija-videos-y-opiniones\/","og_site_name":"CELTTV","article_publisher":"https:\/\/www.facebook.com\/celtTV\/","article_published_time":"2014-12-04T23:11:42+00:00","author":"ulises","twitter_card":"summary_large_image","twitter_misc":{"Escrito por":"ulises","Tiempo de lectura":"9 minutos"},"schema":{"@context":"https:\/\/schema.org","@graph":[{"@type":"NewsArticle","@id":"https:\/\/www.celttv.com.ar\/index.php\/2014\/12\/04\/el-hcd-reconocio-al-escritor-patricio-chaija-videos-y-opiniones\/#article","isPartOf":{"@id":"https:\/\/www.celttv.com.ar\/index.php\/2014\/12\/04\/el-hcd-reconocio-al-escritor-patricio-chaija-videos-y-opiniones\/"},"author":{"name":"ulises","@id":"https:\/\/www.celttv.com.ar\/#\/schema\/person\/6d99c072dba59953809c81446e9d0ace"},"headline":"EL HCD. RECONOCIO AL ESCRITOR PATRICIO CHAIJA (videos y opiniones)","datePublished":"2014-12-04T23:11:42+00:00","dateModified":"2014-12-04T23:11:42+00:00","mainEntityOfPage":{"@id":"https:\/\/www.celttv.com.ar\/index.php\/2014\/12\/04\/el-hcd-reconocio-al-escritor-patricio-chaija-videos-y-opiniones\/"},"wordCount":1716,"publisher":{"@id":"https:\/\/www.celttv.com.ar\/#organization"},"articleSection":["Comunidad","Destacadas","Pol\u00edtica","Videos Destacados"],"inLanguage":"es"},{"@type":"WebPage","@id":"https:\/\/www.celttv.com.ar\/index.php\/2014\/12\/04\/el-hcd-reconocio-al-escritor-patricio-chaija-videos-y-opiniones\/","url":"https:\/\/www.celttv.com.ar\/index.php\/2014\/12\/04\/el-hcd-reconocio-al-escritor-patricio-chaija-videos-y-opiniones\/","name":"EL HCD. RECONOCIO AL ESCRITOR PATRICIO CHAIJA (videos y opiniones) - CELTTV","isPartOf":{"@id":"https:\/\/www.celttv.com.ar\/#website"},"datePublished":"2014-12-04T23:11:42+00:00","dateModified":"2014-12-04T23:11:42+00:00","description":"Sitio web de noticias de la localidad de Tornquist, provincia de Buenos Aires, Rep\u00fablica Argentina. Contenido propio originado por periodistas de CELTTV, el canal de TV local de la Cooperativa El\u00e9ctrica de Tornquist. Turismo, Pol\u00edtica, Sociedad, Deporte, Cultura y todo el contenido de inter\u00e9s general que la gente del pueblo y la regi\u00f3n debe conocer.","breadcrumb":{"@id":"https:\/\/www.celttv.com.ar\/index.php\/2014\/12\/04\/el-hcd-reconocio-al-escritor-patricio-chaija-videos-y-opiniones\/#breadcrumb"},"inLanguage":"es","potentialAction":[{"@type":"ReadAction","target":["https:\/\/www.celttv.com.ar\/index.php\/2014\/12\/04\/el-hcd-reconocio-al-escritor-patricio-chaija-videos-y-opiniones\/"]}]},{"@type":"BreadcrumbList","@id":"https:\/\/www.celttv.com.ar\/index.php\/2014\/12\/04\/el-hcd-reconocio-al-escritor-patricio-chaija-videos-y-opiniones\/#breadcrumb","itemListElement":[{"@type":"ListItem","position":1,"name":"Inicio","item":"https:\/\/www.celttv.com.ar\/"},{"@type":"ListItem","position":2,"name":"EL HCD. RECONOCIO AL ESCRITOR PATRICIO CHAIJA (videos y opiniones)"}]},{"@type":"WebSite","@id":"https:\/\/www.celttv.com.ar\/#website","url":"https:\/\/www.celttv.com.ar\/","name":"CELTTV","description":"Cooperativa El\u00e9ctrica de Tornquist","publisher":{"@id":"https:\/\/www.celttv.com.ar\/#organization"},"potentialAction":[{"@type":"SearchAction","target":{"@type":"EntryPoint","urlTemplate":"https:\/\/www.celttv.com.ar\/?s={search_term_string}"},"query-input":"required name=search_term_string"}],"inLanguage":"es"},{"@type":"Organization","@id":"https:\/\/www.celttv.com.ar\/#organization","name":"CELTTV","url":"https:\/\/www.celttv.com.ar\/","sameAs":["https:\/\/www.youtube.com\/channel\/UCz_oIt8Hig64Ub-EmcNPIhg","https:\/\/www.facebook.com\/celtTV\/"],"logo":{"@type":"ImageObject","inLanguage":"es","@id":"https:\/\/www.celttv.com.ar\/#\/schema\/logo\/image\/","url":"http:\/\/www.celttv.com.ar\/wp-content\/uploads\/2022\/08\/logo-1.png","contentUrl":"http:\/\/www.celttv.com.ar\/wp-content\/uploads\/2022\/08\/logo-1.png","width":461,"height":159,"caption":"CELTTV"},"image":{"@id":"https:\/\/www.celttv.com.ar\/#\/schema\/logo\/image\/"}},{"@type":"Person","@id":"https:\/\/www.celttv.com.ar\/#\/schema\/person\/6d99c072dba59953809c81446e9d0ace","name":"ulises","image":{"@type":"ImageObject","inLanguage":"es","@id":"https:\/\/www.celttv.com.ar\/#\/schema\/person\/image\/","url":"https:\/\/secure.gravatar.com\/avatar\/7f2c48bdc33b30088f941fb6082e555f2874c98e20cb159d7b92b50eadfce793?s=96&d=mm&r=g","contentUrl":"https:\/\/secure.gravatar.com\/avatar\/7f2c48bdc33b30088f941fb6082e555f2874c98e20cb159d7b92b50eadfce793?s=96&d=mm&r=g","caption":"ulises"},"sameAs":["http:\/\/www.celttv.com.ar"]}]}},"_links":{"self":[{"href":"https:\/\/www.celttv.com.ar\/index.php\/wp-json\/wp\/v2\/posts\/25523","targetHints":{"allow":["GET"]}}],"collection":[{"href":"https:\/\/www.celttv.com.ar\/index.php\/wp-json\/wp\/v2\/posts"}],"about":[{"href":"https:\/\/www.celttv.com.ar\/index.php\/wp-json\/wp\/v2\/types\/post"}],"author":[{"embeddable":true,"href":"https:\/\/www.celttv.com.ar\/index.php\/wp-json\/wp\/v2\/users\/1"}],"replies":[{"embeddable":true,"href":"https:\/\/www.celttv.com.ar\/index.php\/wp-json\/wp\/v2\/comments?post=25523"}],"version-history":[{"count":0,"href":"https:\/\/www.celttv.com.ar\/index.php\/wp-json\/wp\/v2\/posts\/25523\/revisions"}],"wp:attachment":[{"href":"https:\/\/www.celttv.com.ar\/index.php\/wp-json\/wp\/v2\/media?parent=25523"}],"wp:term":[{"taxonomy":"category","embeddable":true,"href":"https:\/\/www.celttv.com.ar\/index.php\/wp-json\/wp\/v2\/categories?post=25523"},{"taxonomy":"post_tag","embeddable":true,"href":"https:\/\/www.celttv.com.ar\/index.php\/wp-json\/wp\/v2\/tags?post=25523"}],"curies":[{"name":"wp","href":"https:\/\/api.w.org\/{rel}","templated":true}]}}