{"id":25526,"date":"2014-12-04T23:27:56","date_gmt":"2014-12-04T23:27:56","guid":{"rendered":"http:\/\/www.tvcnoticias.com.ar\/?p=25526"},"modified":"2014-12-04T23:27:56","modified_gmt":"2014-12-04T23:27:56","slug":"video-completo-de-la-sesion-extraordinaria-de-entrega-de-diplomas-a-abanderados-y-escoltas-del-distrito","status":"publish","type":"post","link":"https:\/\/www.celttv.com.ar\/index.php\/2014\/12\/04\/video-completo-de-la-sesion-extraordinaria-de-entrega-de-diplomas-a-abanderados-y-escoltas-del-distrito\/","title":{"rendered":"VIDEO COMPLETO DE LA SESION EXTRAORDINARIA DE ENTREGA DE DIPLOMAS A ABANDERADOS Y ESCOLTAS  DEL DISTRITO"},"content":{"rendered":"<p><strong><span style=\"text-decoration: underline;\"> <\/span><\/strong><br \/>\n<strong><span style=\"text-decoration: underline;\"> <\/span><\/strong><br \/>\n<a href=\"https:\/\/www.youtube.com\/watch?v=PxAPV4yqB4c\">httpv:\/\/www.youtube.com\/watch?v=PxAPV4yqB4c<\/a><br \/>\n<a href=\"https:\/\/www.youtube.com\/watch?v=5VXJCZ2oHMs\">httpv:\/\/www.youtube.com\/watch?v=5VXJCZ2oHMs<\/a><br \/>\n<a href=\"https:\/\/www.youtube.com\/watch?v=Y0zL1NsT_D0\">httpv:\/\/www.youtube.com\/watch?v=Y0zL1NsT_D0<\/a><br \/>\n<a href=\"https:\/\/www.youtube.com\/watch?v=1UvnXDHggEI\">httpv:\/\/www.youtube.com\/watch?v=1UvnXDHggEI<\/a><br \/>\n<strong><span style=\"text-decoration: underline;\"> <\/span><\/strong><br \/>\nEl lunes 1\u00ba de Diciembre a partir de las \u00a019 \u00a0hs. se realiz\u00f3 la entrega de Diplomas a Abanderados y Escoltas de las Escuelas del Distrito de Tornquist, seg\u00fan lo establec\u00eda el Decreto N\u00ba 13\/14 del Honorable Concejo Deliberante.<br \/>\nEl SUM del Colegio Nuestra Se\u00f1ora de Luj\u00e1n se vio colmado por la presencia de alumnos de los distintos establecimientos educacionales, directivos y familiares.<br \/>\nLas autoridades presentes fueron \u00a0la Inspectora en Jefe Distrital Patricia Larrainzar, y los Consejeros Escolares Claudia Marcolini y Eugenio Vilches.<br \/>\n&nbsp;<br \/>\nEn esta oportunidad recibieron su \u00a0distinci\u00f3n:<br \/>\n&nbsp;<br \/>\n<strong><span style=\"text-decoration: underline;\">ABANDERADOS Y ESCOLTAS 2014<\/span><\/strong><br \/>\n&nbsp;<\/p>\n<table border=\"1\" cellspacing=\"0\" cellpadding=\"0\" width=\"727\">\n<tbody>\n<tr>\n<td width=\"139\" valign=\"top\">ESCUELA   <strong> <\/strong><\/td>\n<td width=\"284\" valign=\"top\">BANDERA   ARGENTINA<strong> <\/strong><\/td>\n<td width=\"304\" valign=\"top\">BANDERA   BONAERENSE<strong> <\/strong><\/td>\n<\/tr>\n<tr>\n<td width=\"139\" valign=\"top\">E.P. N\u00ba 1 <strong> <\/strong><br \/>\n&nbsp;<br \/>\nTORNQUIST<strong> <\/strong><\/td>\n<td width=\"284\" valign=\"top\">ABANDERADO\/A:   <strong>SOLANGE RODR\u00cdGUEZ<\/strong><br \/>\n1\u00ba   ESCOLTA:<strong> GIANELLA LAMBICHI<\/strong><br \/>\n2\u00ba   ESCOLTA:<strong> I\u00d1IGO LABORDE<\/strong><strong> <\/strong><\/td>\n<td width=\"304\" valign=\"top\">ABANDERADO\/A:<strong> AGUSTINA ORO\u00d1O<\/strong><br \/>\n1\u00ba ESCOLTA:<strong> IGNACIO ALARCON<\/strong><br \/>\n2\u00ba ESCOLTA:<strong> BRISA QUIROGA<\/strong><\/td>\n<\/tr>\n<tr>\n<td width=\"139\" valign=\"top\">3<strong> <\/strong><br \/>\nTRES PICOS<strong> <\/strong><\/td>\n<td width=\"284\" valign=\"top\">ABANDERADO\/A:<strong> BRISA AILEN TORO<\/strong><br \/>\n1\u00ba   ESCOLTA:<strong> PABLO EMILIO SALABERRY<\/strong><br \/>\n2\u00ba ESCOLTA:<strong> NICOL\u00c1S EMANUEL   OCAMPO<\/strong><\/td>\n<td width=\"304\" valign=\"top\">ABANDERADO\/A:<strong> AGUST\u00cdN ALEJANDRO CALVISMONTI<\/strong><br \/>\n&nbsp;<\/td>\n<\/tr>\n<tr>\n<td width=\"139\" valign=\"top\">6<br \/>\nSIERRA DE LA VENTANA<\/td>\n<td width=\"284\" valign=\"top\">ABANDERADO\/A:<strong> URIEL ARIAS<\/strong><br \/>\n1\u00ba   ESCOLTA:<strong> SHANTI LUNA WENDORFF WEIMANN<\/strong><br \/>\n<strong>* LUCILA PAROTTI WOLCAN<\/strong><br \/>\n<strong>* ALMA ROMERO MULLER<\/strong><\/td>\n<td width=\"304\" valign=\"top\">ABANDERADO\/A:<strong> ROC\u00cdO SIM\u00d3N<\/strong><br \/>\n1\u00ba   ESCOLTA:<strong> GONZALO DAMI\u00c1N ROBAYNA<\/strong><br \/>\n2\u00ba ESCOLTA: <strong>ALEJO DOS SANTOS<\/strong><\/td>\n<\/tr>\n<tr>\n<td width=\"139\" valign=\"top\">7<br \/>\nPJE.<br \/>\nFUNKE<\/td>\n<td width=\"284\" valign=\"top\">ABANDERADO\/A:<strong> GONZALO BAEZA SALAZAR <\/strong>(Recibi\u00f3 el   diploma su maestra)<br \/>\n<strong> <\/strong><\/td>\n<td width=\"304\" valign=\"top\">&nbsp;<\/td>\n<\/tr>\n<tr>\n<td width=\"139\" valign=\"top\">9<br \/>\nPELICUR\u00c1<\/td>\n<td width=\"284\" valign=\"top\">ABANDERADO\/A:<strong> LUCAS RANGONE BONETTO<\/strong><br \/>\n1\u00ba   ESCOLTA:<strong> RAMIRO OTERO<\/strong><br \/>\n2\u00ba   ESCOLTA: <strong>ALEJO MELEGARI<\/strong><\/td>\n<td width=\"304\" valign=\"top\">ABANDERADO\/A:<strong> CARLOS AGUIRRE<\/strong><br \/>\n1\u00ba   ESCOLTA:<strong> MATEO MALCOTTI<\/strong><br \/>\n2\u00ba   ESCOLTA: <strong>RAM\u00d3N LOPEZ<\/strong><\/td>\n<\/tr>\n<tr>\n<td width=\"139\" valign=\"top\">10<strong> <\/strong><br \/>\nESTANCIA CHICA<strong> <\/strong><\/td>\n<td width=\"284\" valign=\"top\">ABANDERADO\/A:<strong> NAHUEL MAIDANA<\/strong><br \/>\n1\u00ba   ESCOLTA:<strong> SANTIAGO COLADO<\/strong><br \/>\n2\u00ba   ESCOLTA: <strong>SARA MART\u00cdNEZ<\/strong><\/td>\n<td width=\"304\" valign=\"top\">ABANDERADO\/A:<strong> MAR\u00cdA DE LOS \u00c1NGELES GALV\u00c1N<\/strong><br \/>\n1\u00ba ESCOLTA:<strong> LUCIANO MART\u00cdNEZ<\/strong><br \/>\n2\u00ba   ESCOLTA:<strong> MATEO MASTROBERTI<\/strong><\/td>\n<\/tr>\n<tr>\n<td width=\"139\" valign=\"top\">12<strong> <\/strong><br \/>\nFUERTE ARGENTINO<strong> <\/strong><\/td>\n<td width=\"284\" valign=\"top\">ABANDERADO\/A:<strong> ARMANDO GALARZA<\/strong><br \/>\n1\u00ba   ESCOLTA:<strong> LUC\u00cdA DIAZ<\/strong><\/td>\n<td width=\"304\" valign=\"top\">ABANDERADO\/A:<strong> ROC\u00cdO AGAPITO<\/strong><br \/>\n1\u00ba   ESCOLTA:<strong> GABRIEL BUITRAGO<\/strong><br \/>\n&nbsp;<\/td>\n<\/tr>\n<tr>\n<td width=\"139\" valign=\"top\">13<br \/>\nPJE. LA<br \/>\nQUERENCIA<\/td>\n<td width=\"284\" valign=\"top\">ABANDERADO\/A:<strong> JUAN IGNACIO MENGUI<\/strong><br \/>\n1\u00ba   ESCOLTA:<strong> LORENA SCHWAB<\/strong><br \/>\n2\u00ba   ESCOLTA:<strong> CATERINA MOND\u00d3N<\/strong><\/td>\n<td width=\"304\" valign=\"top\">ABANDERADO\/A:<strong> GAST\u00d3N VELOZO<\/strong><br \/>\n1\u00ba   ESCOLTA:<strong> VALERIA MENGUI<\/strong><br \/>\n<strong> <\/strong><\/td>\n<\/tr>\n<tr>\n<td width=\"139\" valign=\"top\">17<strong> <\/strong><br \/>\nPJE. EL CHACO<strong> <\/strong><\/td>\n<td width=\"284\" valign=\"top\">ABANDERADO\/A:<strong> JIMENA RAISING<\/strong><br \/>\n<strong> <\/strong><\/td>\n<td width=\"304\" valign=\"top\">ABANDERADO\/A:<strong> MAILEN ESTRADA<\/strong><br \/>\n<strong> <\/strong><\/td>\n<\/tr>\n<tr>\n<td width=\"139\" valign=\"top\">18<br \/>\nPJE.<br \/>\nLA ESTHER<\/td>\n<td width=\"284\" valign=\"top\">ABANDERADO\/A:<strong> PEDRO IGNACIO COVARRUBIA JASIN<\/strong><br \/>\n<strong> <\/strong><\/td>\n<td width=\"304\" valign=\"top\"><strong> <\/strong><\/td>\n<\/tr>\n<tr>\n<td width=\"139\" valign=\"top\">21<strong> <\/strong><br \/>\nVILLA VENTANA<strong> <\/strong><\/td>\n<td width=\"284\" valign=\"top\">ABANDERADO\/A:<strong> LARA FRATTINI<\/strong><br \/>\n1\u00ba   ESCOLTA:<strong> LUANA\u00a0 LLARRULL<\/strong><br \/>\n2\u00ba   ESCOLTA:<strong> NAVILA L\u00d3PEZ RAM\u00cdREZ<\/strong><\/td>\n<td width=\"304\" valign=\"top\">ABANDERADO\/A:<strong> ALDANA ZAMBONI<\/strong><br \/>\n<strong>1\u00ba<\/strong> ESCOLTA:<strong> SOL ARECO<\/strong><br \/>\n2\u00ba   ESCOLTA: <strong>BEL\u00c9N ESP\u00cdNOLA FLORES<\/strong><\/td>\n<\/tr>\n<tr>\n<td width=\"139\" valign=\"top\">24<strong> <\/strong><br \/>\nCHASICO<strong> <\/strong><\/td>\n<td width=\"284\" valign=\"top\">ABANDERADO\/A:<strong> LUANA ALBERDI<\/strong><br \/>\n<strong>GIANELA HABERKORN<\/strong><br \/>\n1\u00ba   ESCOLTA:<strong> SANTIAGO MATO OLMOS<\/strong><\/td>\n<td width=\"304\" valign=\"top\">ABANDERADO\/A:<strong> ABRIL CARRACEDO PACHER<\/strong><br \/>\n1\u00ba   ESCOLTA:<strong> JOAQU\u00cdN GIANOTTI<\/strong><br \/>\n2\u00ba   ESCOLTA:<strong> TAMARA MALDONADO<\/strong><\/td>\n<\/tr>\n<tr>\n<td width=\"139\" valign=\"top\">28<strong> <\/strong><br \/>\nTORNQUIST<strong> <\/strong><\/td>\n<td width=\"284\" valign=\"top\">ABANDERADO\/A:   <strong> KUGLER MARTINA<\/strong><br \/>\n1\u00ba   ESCOLTA:<strong> MONSALVE EL\u00cdAS<\/strong><br \/>\n2\u00ba   ESCOLTA: <strong>BUSCHI GENARO<\/strong><\/td>\n<td width=\"304\" valign=\"top\">ABANDERADO\/A:<strong> AGUST\u00cdN CIANCIA<\/strong><br \/>\n1\u00ba   ESCOLTA:<strong> MARINA C\u00c1SERES<\/strong><br \/>\n2\u00ba   ESCOLTA: <strong>SELENE MEDINA<\/strong><\/td>\n<\/tr>\n<tr>\n<td width=\"139\" valign=\"top\">E.E.E. N\u00ba 501<strong> <\/strong><br \/>\nTORNQUIST<strong> <\/strong><\/td>\n<td width=\"284\" valign=\"top\">ABANDERADO\/A:<strong> EL\u00cdAS HECKER<\/strong><br \/>\n1\u00ba   ESCOLTA:<strong> SOF\u00cdA HOLMAN<\/strong><br \/>\n2\u00ba   ESCOLTA: <strong>AYEL\u00c9N HENRICH<\/strong><\/td>\n<td width=\"304\" valign=\"top\">ABANDERADO\/A:<strong> JOAQU\u00cdN SCHWAM<\/strong><br \/>\n1\u00ba   ESCOLTA:<strong> ADRI\u00c1N VARGAS<\/strong><br \/>\n2\u00ba   ESCOLTA: <strong>NICOLAS DOBAL<\/strong><\/td>\n<\/tr>\n<tr>\n<td width=\"139\" valign=\"top\">C.E.A. N\u00ba 701<strong> <\/strong><br \/>\nTORNQUIST<strong> <\/strong><\/td>\n<td width=\"284\" valign=\"top\">ABANDERADO\/A:<strong> JUAN EZEQUIEL GAUTO BECERRA<\/strong><br \/>\n1\u00ba   ESCOLTA: <strong>ALEJANDRA CORSO<\/strong><br \/>\n2\u00ba   ESCOLTA: <strong> BRAIAN MANUEL M\u00c1RQUEZ<\/strong><\/td>\n<td width=\"304\" valign=\"top\">ABANDERADO\/A:<strong> JUAN OMAR BARTET<\/strong><br \/>\n1\u00ba   ESCOLTA:<strong> BERTA CARMEN DI\u00d3CARES<\/strong><br \/>\n2\u00ba   ESCOLTA:<strong> EULOGIA IGLESIAS<\/strong><\/td>\n<\/tr>\n<tr>\n<td width=\"139\" valign=\"top\">COLEGIO <strong> <\/strong><br \/>\nNSTRA. SRA.<br \/>\nDE LUJ\u00c1N<br \/>\n(PRIMARIA)<br \/>\nTORNQUIST<strong> <\/strong><\/td>\n<td width=\"284\" valign=\"top\">ABANDERADO\/A:<strong> PAULA TONELLI<\/strong><br \/>\n1\u00ba   ESCOLTA:<strong> SOF\u00cdA MARCOLINI<\/strong><br \/>\n2\u00ba   ESCOLTA:<strong> NEREA LAMARIANO UST\u00daA<\/strong><\/td>\n<td width=\"304\" valign=\"top\">ABANDERADO\/A:<strong> GIULIANA VERDINELLI<\/strong><br \/>\n1\u00ba   ESCOLTA:<strong> IRENA SGAMMINI<\/strong><br \/>\n2\u00ba   ESCOLTA:<strong> CELINA HEINE<\/strong><\/td>\n<\/tr>\n<tr>\n<td width=\"139\" valign=\"top\">E.E.S. N\u00ba 1<strong> <\/strong><br \/>\nTORNQUIST<strong> <\/strong><\/td>\n<td width=\"284\" valign=\"top\">ABANDERADO\/A:   <strong>MICAELA MERIGGI<\/strong><br \/>\n1\u00ba   ESCOLTA:<strong> MATIAS PETTINARI<\/strong><br \/>\n2\u00ba   ESCOLTA:<strong> KAREN MONTES DE OCA<\/strong><\/td>\n<td width=\"304\" valign=\"top\">ABANDERADO\/A:<strong> LOANA GUTIERREZ<\/strong><br \/>\n1\u00ba   ESCOLTA:<strong> BAUTISTA HEINE<\/strong><br \/>\n2\u00ba   ESCOLTA:<strong> JOHANA VEROLO<\/strong><\/td>\n<\/tr>\n<tr>\n<td width=\"139\" valign=\"top\">BACHILLER ADULTOS<strong> <\/strong><br \/>\nTORNQUIST<strong> <\/strong><\/td>\n<td width=\"284\" valign=\"top\">ABANDERADO\/A:<strong> RUB\u00c9N IBA\u00d1EZ<\/strong><br \/>\n1\u00ba   ESCOLTA:<strong> CECILIA QUIROGA<\/strong><br \/>\n2\u00ba   ESCOLTA:<strong> LAURA DELFINA COSERES<\/strong><\/td>\n<td width=\"304\" valign=\"top\">ABANDERADO\/A:<strong> ALEJANDRO MORALES<\/strong><br \/>\n1\u00ba ESCOLTA:<strong> MAR\u00cdA DE LOS \u00c1NGELES AGUADO<\/strong><br \/>\n2\u00ba   ESCOLTA:<strong> DORA ANALIA BAUER<\/strong><\/td>\n<\/tr>\n<tr>\n<td width=\"139\" valign=\"top\">E.E.S. N\u00ba 3<strong> <\/strong><br \/>\nTORNQUIST<strong> <\/strong><\/td>\n<td width=\"284\" valign=\"top\">ABANDERADO\/A:<strong> BRUNO JAVIER ZACCONI<\/strong><br \/>\n1\u00ba   ESCOLTA:<strong> TOM\u00c1S DANEI<\/strong><br \/>\n2\u00ba   ESCOLTA: <strong>MAR\u00cdA ARANZA MENDIZABAL<\/strong><\/td>\n<td width=\"304\" valign=\"top\">ABANDERADO\/A:<strong> ROC\u00cdO L\u00d3PEZ<\/strong><br \/>\n1\u00ba   ESCOLTA:<strong> DAMI\u00c1N SCHULZ<\/strong><br \/>\n2\u00ba   ESCOLTA:<strong> SEBASTI\u00c1N PORSEL<\/strong><\/td>\n<\/tr>\n<tr>\n<td width=\"139\" valign=\"top\">E.E.S. N\u00ba 5<br \/>\nVILLA VENTANA<\/td>\n<td width=\"284\" valign=\"top\">ABANDERADO\/A:<strong> FRANCISCO CAFFIERI<\/strong><br \/>\n1\u00ba   ESCOLTA:<strong> LIZA FERREYRA PAIVA<\/strong><br \/>\n2\u00ba ESCOLTA:<strong> ALDANA SILVA<\/strong><br \/>\n<strong> <\/strong><\/td>\n<td width=\"304\" valign=\"top\">ABANDERADO\/A:<strong> FANNY GOMEZ ADORNO<\/strong><br \/>\n1\u00ba ESCOLTA:<strong> JULIA COPPOLECCHIA<\/strong><br \/>\n2\u00ba ESCOLTA:<strong> SABRINA MONTAG\u00da<\/strong><\/td>\n<\/tr>\n<tr>\n<td width=\"139\" valign=\"top\">COLEGIO <strong> <\/strong><br \/>\nNSTRA. SRA.<br \/>\nDE LUJ\u00c1N<br \/>\n(SECUNDARIA)<br \/>\nTORNQUIST<\/td>\n<td width=\"284\" valign=\"top\">ABANDERADO\/A:<strong> CAROLINA   RODR\u00cdGUEZ<\/strong><br \/>\n1\u00ba ESCOLTA:<strong> NATALIA SCHEOPF<\/strong><br \/>\n2\u00ba ESCOLTA:<strong> JEREM\u00cdA M\u00dcLLER <\/strong><\/td>\n<td width=\"304\" valign=\"top\">ABANDERADO\/A:<strong> CLOURDES BARBA<\/strong><br \/>\n1\u00ba ESCOLTA:<strong> MAR\u00cdA ANTONIETA DE LOS MILAGROS SACHCOVSKI<\/strong><br \/>\n2\u00ba ESCOLTA:<strong> GUSTAVO ROMERO<\/strong><\/td>\n<\/tr>\n<tr>\n<td width=\"139\" valign=\"top\">E.E.S.\u00a0   AGRARIA N\u00ba 1<strong> <\/strong><br \/>\nTORNQUIST<strong> <\/strong><\/td>\n<td width=\"284\" valign=\"top\">ABANDERADO\/A:<strong> LAUTARO FAGIOLI ERRECART<\/strong><br \/>\n1\u00ba   ESCOLTA:<strong> JUAN SAMANIEGO RAMOS<\/strong><br \/>\n2\u00ba   ESCOLTA:<strong> MAT\u00cdAS BOTTO<\/strong><\/td>\n<td width=\"304\" valign=\"top\">ABANDERADO\/A:<strong> JENNIFER BLATTNER<\/strong><br \/>\n1\u00ba   ESCOLTA:<strong> RUB\u00c9N CABRAL<\/strong><br \/>\n2\u00ba   ESCOLTA:<strong> JONATHAN PALAZZANI<\/strong><\/td>\n<\/tr>\n<tr>\n<td width=\"139\" valign=\"top\">E.E.S.\u00a0   AGRARIA N\u00ba 1<strong> <\/strong><br \/>\nANEXO TRES PICOS<\/td>\n<td width=\"284\" valign=\"top\">ABANDERADO\/A:<strong> MILAGROS FERREYRA<\/strong><br \/>\n1\u00ba   ESCOLTA:<strong> MAR\u00cdA MU\u00d1OZ<\/strong><br \/>\n2\u00ba   ESCOLTA:<strong> ABIGAIL MARQUEZ MUNTUNY<\/strong><\/td>\n<td width=\"304\" valign=\"top\">ABANDERADO\/A:<strong> LUCIANO VATER<\/strong><br \/>\n1\u00ba ESCOLTA:<strong> MICAELA MU\u00d1OZ<\/strong><br \/>\n&nbsp;<\/td>\n<\/tr>\n<tr>\n<td width=\"139\" valign=\"top\">C.E.P.T. N\u00ba 12<strong> <\/strong><br \/>\nVILLA VENTANA<strong><\/strong><\/td>\n<td width=\"284\" valign=\"top\">ABANDERADO\/A:<strong> CARMINA PAVON<\/strong><br \/>\n1\u00ba   ESCOLTA:<strong> NICOL\u00c1S GABRIEL CABRAL<\/strong><br \/>\n2\u00ba   ESCOLTA:<strong> SOL MARIBEL GERSTNER<\/strong><\/td>\n<td width=\"304\" valign=\"top\"><strong> <\/strong><\/td>\n<\/tr>\n<tr>\n<td width=\"139\" valign=\"top\">CENTRO EDUCATIVO <strong><\/strong><br \/>\nNIVEL<br \/>\nSECUNDARIO<br \/>\nN\u00ba 451<br \/>\n(CENS)<br \/>\nSALDUNGARAY<strong><\/strong><\/td>\n<td width=\"284\" valign=\"top\">ABANDERADO\/A:<strong> ILEANA ESMOLI<\/strong><br \/>\n1\u00ba   ESCOLTA:<strong> MAR\u00cdA JULIA WENDORFF<\/strong><br \/>\n2\u00ba   ESCOLTA:<strong> ELISABET MOLINA<\/strong><\/td>\n<td width=\"304\" valign=\"top\">ABANDERADO\/A:<strong> ROM\u00c1N GUERRA<\/strong><br \/>\n1\u00ba   ESCOLTA:<strong> DANIELA GUIORZZO<\/strong><br \/>\n2\u00ba   ESCOLTA:<strong> JOHANNA ANDREU<\/strong><\/td>\n<\/tr>\n<tr>\n<td width=\"139\" valign=\"top\">ESCUELA DE EDUCACI\u00d3N T\u00c9CNICA N\u00ba 1<br \/>\nTORNQUIST<\/td>\n<td width=\"284\" valign=\"top\">ABANDERADO\/A:<strong> TOBIAS MULLER<\/strong><br \/>\n1\u00ba   ESCOLTA:<strong> CAMILA AROCENA<\/strong><br \/>\n<strong> <\/strong><\/td>\n<td width=\"304\" valign=\"top\">ABANDERADO\/A:<strong> JUAN GUERRA<\/strong><br \/>\n1\u00ba   ESCOLTA:<strong> ENZO SOTO<\/strong><br \/>\n&nbsp;<\/td>\n<\/tr>\n<\/tbody>\n<\/table>\n<p><strong> <\/strong><br \/>\n<strong> <\/strong><br \/>\n<strong><span style=\"text-decoration: underline;\">NO ASISTIERON:<\/span><\/strong><br \/>\n<strong><span style=\"text-decoration: underline;\"> <\/span><\/strong><br \/>\n<span style=\"text-decoration: underline;\">ESCUELA N\u00ba 2 (SALDUNGARAY)<\/span><br \/>\n&nbsp;<\/p>\n<table border=\"1\" cellspacing=\"0\" cellpadding=\"0\" width=\"720\">\n<tbody>\n<tr>\n<td width=\"360\" valign=\"top\">ABANDERADO\/A:<strong> CELESTE CAMPOS<\/strong><br \/>\n1\u00ba   ESCOLTA:<strong> VICTORIA ESMOLI<\/strong><br \/>\n2\u00ba   ESCOLTA:<strong> FRANCISCO TORRES<\/strong><\/td>\n<td width=\"360\" valign=\"top\">ABANDERADO\/A:<strong> MARCELA CORREA<\/strong><br \/>\n1\u00ba   ESCOLTA:<strong> MARIA LUZ HUBICHI<\/strong><br \/>\n2\u00ba   ESCOLTA:<strong> MALENA HESAYNE<\/strong><\/td>\n<\/tr>\n<\/tbody>\n<\/table>\n<p><strong><span style=\"text-decoration: underline;\"> <\/span><\/strong><br \/>\n<strong><span style=\"text-decoration: underline;\"> <\/span><\/strong><br \/>\n<span style=\"text-decoration: underline;\">ESCUELA N\u00ba 14 (PARAJE SOMBRA DE TORO)<\/span><br \/>\n<strong><span style=\"text-decoration: underline;\"> <\/span><\/strong><\/p>\n<table border=\"1\" cellspacing=\"0\" cellpadding=\"0\" width=\"720\">\n<tbody>\n<tr>\n<td width=\"360\" valign=\"top\">ABANDERADO\/A:<strong> C\u00c9SAR NICOL\u00c1S   JES\u00daS S\u00c1NCHEZ<\/strong><br \/>\n1\u00ba ESCOLTA:<strong> CAROLINA NICOLE CENDRA<\/strong><br \/>\n2\u00ba ESCOLTA:<strong> LUCIANO ARIEL   GALLEGO<\/strong><\/td>\n<td width=\"360\" valign=\"top\">ABANDERADO\/A:<strong> MARTINA DANIELA DETZEL<\/strong><br \/>\n1\u00ba   ESCOLTA:<strong> STEFAN\u00cdA SAIANA ANH\u00cd MERLOS BERRIOS<\/strong><br \/>\n2\u00ba   ESCOLTA:<strong> GUADALUPE VIOLETA ALESSANDRA   MERLOS BERRIOS<\/strong><\/td>\n<\/tr>\n<\/tbody>\n<\/table>\n<p><span style=\"text-decoration: underline;\"> <\/span><br \/>\n<span style=\"text-decoration: underline;\"> <\/span><br \/>\n<span style=\"text-decoration: underline;\">ESCUELA N\u00ba 20 (PARAJE EL PILAR)<\/span><br \/>\n<strong><span style=\"text-decoration: underline;\"> <\/span><\/strong><\/p>\n<table border=\"1\" cellspacing=\"0\" cellpadding=\"0\" width=\"360\">\n<tbody>\n<tr>\n<td width=\"360\" valign=\"top\">ABANDERADO\/A:<strong> RODRIGO ORESTE FRAYSSE<\/strong><br \/>\n1\u00ba   ESCOLTA:<strong> MICAELA SOLEDAD STRITENBERGER<\/strong><br \/>\n2\u00ba   ESCOLTA:<strong> MYLENA YOSELI STREITENBERGER<\/strong><\/td>\n<\/tr>\n<\/tbody>\n<\/table>\n<p><strong><span style=\"text-decoration: underline;\"> <\/span><\/strong><br \/>\n<strong><span style=\"text-decoration: underline;\"> <\/span><\/strong><br \/>\n<span style=\"text-decoration: underline;\">ESCUELA N\u00ba 25 (BERRAONDO)<\/span><br \/>\n<strong><span style=\"text-decoration: underline;\"> <\/span><\/strong><\/p>\n<table border=\"1\" cellspacing=\"0\" cellpadding=\"0\" width=\"360\">\n<tbody>\n<tr>\n<td width=\"360\" valign=\"top\">ABANDERADO\/A: <strong>MILAGROS   LEGUIZAM\u00d3N<\/strong><br \/>\n1\u00ba ESCOLTA:<strong> SOF\u00cdA   MONTERRUBIANESI<\/strong><br \/>\n2\u00ba ESCOLTA:<strong> YAMILA SALCEDO<\/strong><\/td>\n<\/tr>\n<\/tbody>\n<\/table>\n<p><strong><span style=\"text-decoration: underline;\"> <\/span><\/strong><br \/>\n<strong><span style=\"text-decoration: underline;\"> <\/span><\/strong><br \/>\n<span style=\"text-decoration: underline;\">ESCUELA N\u00ba 502 (SALDUNGARAY)<\/span><br \/>\n<strong><span style=\"text-decoration: underline;\"> <\/span><\/strong><\/p>\n<table border=\"1\" cellspacing=\"0\" cellpadding=\"0\" width=\"720\">\n<tbody>\n<tr>\n<td width=\"360\" valign=\"top\">ABANDERADO\/A:<strong> JUAN FRANCISCO MART\u00cdNEZ<\/strong><br \/>\n1\u00ba   ESCOLTA:<strong> PAULA BASTIDA<\/strong><br \/>\n2\u00ba ESCOLTA:<strong> RENATA POLVARA<\/strong><\/td>\n<td width=\"360\" valign=\"top\">ABANDERADO\/A:<strong> LUCIANA MART\u00cdNEZ<\/strong><br \/>\n1\u00ba ESCOLTA:<strong> MAT\u00cdAS CHIACHIARELLA<\/strong><br \/>\n2\u00ba ESCOLTA:<strong> LAUTARO G\u00d3MEZ<\/strong><\/td>\n<\/tr>\n<\/tbody>\n<\/table>\n<p><strong><span style=\"text-decoration: underline;\"> <\/span><\/strong><br \/>\n<span style=\"text-decoration: underline;\"> <\/span><br \/>\n<span style=\"text-decoration: underline;\"> <\/span><br \/>\n<span style=\"text-decoration: underline;\"> <\/span><br \/>\n<span style=\"text-decoration: underline;\">ESCUELA DE EDUCACI\u00d3N SECUNDARIA N\u00ba 6 (CHASIC\u00d3)<\/span><br \/>\n<strong><span style=\"text-decoration: underline;\"> <\/span><\/strong><\/p>\n<table border=\"1\" cellspacing=\"0\" cellpadding=\"0\" width=\"720\">\n<tbody>\n<tr>\n<td width=\"360\" valign=\"top\">ABANDERADO\/A:<strong> MICAELA BELARDINELLI<\/strong><br \/>\n1\u00ba   ESCOLTA:<strong> BRUNO MARCONI<\/strong><br \/>\n2\u00ba   ESCOLTA:<strong> ANALIA BEL\u00c9N MONTEAGUDO<\/strong><\/td>\n<td width=\"360\" valign=\"top\">ABANDERADO\/A:<strong> ALAN EMIR   MALDONADO<\/strong><br \/>\n1\u00ba ESCOLTA:<strong> PABLO TOLABA<\/strong><br \/>\n2\u00ba ESCOLTA:<strong> LUCIANO EZEQUIEL   PACHER<\/strong><\/td>\n<\/tr>\n<\/tbody>\n<\/table>\n<p><strong><span style=\"text-decoration: underline;\"> <\/span><\/strong><br \/>\n<strong><span style=\"text-decoration: underline;\"> <\/span><\/strong><br \/>\n<span style=\"text-decoration: underline;\">ESCUELA N\u00ba 27 (PARAJE SAUCE CHICO)<\/span><br \/>\n<strong><span style=\"text-decoration: underline;\"> <\/span><\/strong><\/p>\n<table border=\"1\" cellspacing=\"0\" cellpadding=\"0\" width=\"360\">\n<tbody>\n<tr>\n<td width=\"360\" valign=\"top\">ABANDERADO\/A:<strong> ANA VALERIA GIMENEZ<\/strong><br \/>\n1\u00ba   ESCOLTA:<strong> FACUNDO BENEDETTI<\/strong><br \/>\n2\u00ba   ESCOLTA:<strong> FEDERICO MUZZI<\/strong><\/td>\n<\/tr>\n<\/tbody>\n<\/table>\n<p>&nbsp;<br \/>\nHicieron uso de la palabra los Sres. Concejales:<br \/>\n&nbsp;<br \/>\nConcejal Skolak Mar\u00eda Ofelia:<br \/>\n\u201cBueno, queridos alumnos, estar aqu\u00ed y ser homenajeados significa la m\u00e1s alta distinci\u00f3n, por su actuaci\u00f3n escolar, por su actuaci\u00f3n acad\u00e9mica, disciplinaria, y por el compromiso, compa\u00f1erismo y solidaridad hacia los compa\u00f1eros, hacia los docentes, hacia el personal no docente, valores necesarios para el crecimiento y la formaci\u00f3n de cada uno de ustedes. Estos valores, el respeto a las normas de convivencia, se demuestran en las acciones diarias que realizan siempre guiados por sus docentes, por el personal directivo, por sus familias que son los pilares fundamentales para que ustedes puedan crecer en el d\u00eda a d\u00eda. En nombre del Frente para la Victoria, Bloque el cual presido, quiero felicitarlos a todos, quiero destacar tambi\u00e9n de nuestros adultos, que tienen la oportunidad de educarse, y dejan el tiempo de estar con su familia para poder realizar esto que es tan lindo, educarse y brindarle a otro lo que uno aprende. Y me quedo con una frase de Domingo Faustino Sarmiento que dice: \u201cLos disc\u00edpulos son la biograf\u00eda del maestro\u201d. Nada m\u00e1s Sr. Presidente\u201d.<br \/>\n&nbsp;<br \/>\nConcejal Gabella Ezequiel:<br \/>\n\u201cComo primera intenci\u00f3n, recoger las palabras de la Concejal Skolak, considero que son muy apropiadas, y representan de cuerpo entero la situaci\u00f3n que estamos viviendo hoy de homenajear a todos y cada uno de ustedes que su formaci\u00f3n, mejor dicho, por su desempe\u00f1o acad\u00e9mico han tenido la oportunidad de estar hoy recibiendo esta distinci\u00f3n. Tambi\u00e9n aclarando que en los tiempos que corren nuestros j\u00f3venes tienen un gran bombardeo de los medios, principalmente de la televisi\u00f3n, de lo que son las redes sociales tambi\u00e9n, de obtener la fama y el reconocimiento de manera f\u00e1cil, muchas veces relacionado con lo que es la far\u00e1ndula por ejemplo, y pareciera que quedara como segundo plano lo que es la capacidad intelectual, y el esfuerzo que cada uno de ustedes tienen que lograr para desempe\u00f1arse en la vida. No tenemos que dejarnos caer en esa tentaci\u00f3n de obtener algo f\u00e1cil, sino que el mundo va a seguir siendo dirigido por los que m\u00e1s saben y los que m\u00e1s se empe\u00f1aron en saber. Las vidas humanas se van a seguir salvando por las personas que m\u00e1s estudiaron y que m\u00e1s se esforzaron, y as\u00ed en cada uno de los niveles de la vida, de lo verdaderamente esencial e importante para realizarnos como personas y para formar parte de la sociedad y ser algo \u00fatil a esa sociedad. Felicitaciones a cada uno y a todos ustedes, y la verdad es que, verdaderamente lo tienen muy merecido el reconocimiento. Nada m\u00e1s Sr. Presidente\u201d.<br \/>\n&nbsp;<br \/>\nConcejal Kloster Noel\u00ed:<br \/>\n\u201cPara coronar un poco, para cerrar lo que dijo en primer t\u00e9rmino la Concejal Skolak,\u00a0 y en segundo lugar el Concejal Gabella, tenemos que estar plenamente convencidos de que estos m\u00e9ritos, esta formaci\u00f3n, que cada uno de ustedes se lleva, que cada uno de ustedes tiene, es gracias a los valores que no debemos ni podemos perder de vista. Solamente aquel que tiene valores, que los tiene en claro, que los tiene muy bien cimentados en su personalidad, puede lograr m\u00e9ritos, puede lograr salir adelante, puede lograr ser muy buena persona, y puede y tiene la fuerza para luchar contra todo tipo de adversidades, que es lo \u00fanico que nos permite llegar fortalecidos a la meta que nos fijamos. Felicitaciones a todos y no se olviden que los m\u00e9ritos no son de cada uno de ustedes, de los que fueron reconocidos hoy, mmmm, est\u00e1 la familia, est\u00e1n los amigos, est\u00e1n los docentes y hay muchos, muchas personas que los est\u00e1n acompa\u00f1ando en este andar, en este comienzo de la vida. Nadie puede andar solo, todos, absolutamente todos necesitamos de alguien, alguien que nos acompa\u00f1e, alguien que nos ense\u00f1e los errores, alguien que nos ayude, alguien que nos reconozca. Much\u00edsimas gracias a todos, y felicitaciones a quienes se llevan los m\u00e9ritos hoy. Gracias Sr. Presidente\u201d.<br \/>\n&nbsp;<br \/>\nPresidente del Honorable Concejo Deliberante, Concejal Bordoni Sergio:<br \/>\n\u201cBueno, como Presidente de este Cuerpo Deliberativo quiero felicitar a todos aquellos que hoy han sido homenajeados por su gran labor durante todo el a\u00f1o. Y tambi\u00e9n quiero felicitar a los maestros y directores que son los encargados de llevar adelante este arduo trabajo que realizan. Es important\u00edsima la labor que hacen las maestras, y directores para nuestros hijos, realmente, si bien la educaci\u00f3n empieza en la casa, un gran porcentaje se lo debemos a los maestros y directores. Y un p\u00e1rrafo aparte quiero hacer para aquella gente que hace el sacrificio de estudiar, gente mayor que hoy hemos homenajeado, porque eso demuestra que nunca es tarde para estudiar, que nunca es tarde para aprender, y hay muchas cosas que todav\u00eda debemos aprender todos, sinceramente lo digo, porque eso demuestra que d\u00eda a d\u00eda podemos mejorarnos y podemos superarnos. As\u00ed que felicitar a todos nuevamente y agradecer la presencia a ustedes y tambi\u00e9n felicitar a la gente que no pudo llegarse hasta el Colegio Nuestra Sra. de Luj\u00e1n. Y agradecer tambi\u00e9n a este Colegio que nos abri\u00f3 las puertas, ya que se interpon\u00eda las actuaciones del Teatro con la entrega de diplomas, por un error involuntario, as\u00ed que tambi\u00e9n agradecer al Colegio Nuestra Se\u00f1ora de Luj\u00e1n por habernos abierto las puertas para poder realizar este homenaje. Muchas gracias a todos.<br \/>\n&nbsp;<br \/>\n&nbsp;<br \/>\nHONORABLE CONCEJO DELIBERANTE<br \/>\n&nbsp;<br \/>\n&nbsp;<\/p>\n","protected":false},"excerpt":{"rendered":"<p>httpv:\/\/www.youtube.com\/watch?v=PxAPV4yqB4c httpv:\/\/www.youtube.com\/watch?v=5VXJCZ2oHMs httpv:\/\/www.youtube.com\/watch?v=Y0zL1NsT_D0 httpv:\/\/www.youtube.com\/watch?v=1UvnXDHggEI El lunes 1\u00ba de Diciembre a partir de las \u00a019 \u00a0hs. se realiz\u00f3 la entrega de Diplomas a Abanderados y Escoltas de las Escuelas del Distrito de Tornquist, seg\u00fan lo establec\u00eda el Decreto N\u00ba 13\/14 del Honorable Concejo Deliberante. El SUM del Colegio Nuestra Se\u00f1ora de Luj\u00e1n se vio colmado por [&hellip;]<\/p>\n","protected":false},"author":1,"featured_media":0,"comment_status":"closed","ping_status":"open","sticky":false,"template":"","format":"standard","meta":{"footnotes":""},"categories":[51,52,53,64],"tags":[],"class_list":["post-25526","post","type-post","status-publish","format-standard","hentry","category-comunidad","category-destacadas","category-politica","category-videos-destacados"],"yoast_head":"<!-- This site is optimized with the Yoast SEO plugin v19.7.1 - https:\/\/yoast.com\/wordpress\/plugins\/seo\/ -->\n<title>VIDEO COMPLETO DE LA SESION EXTRAORDINARIA DE ENTREGA DE DIPLOMAS A ABANDERADOS Y ESCOLTAS DEL DISTRITO - CELTTV<\/title>\n<meta name=\"description\" content=\"Sitio web de noticias de la localidad de Tornquist, provincia de Buenos Aires, Rep\u00fablica Argentina. Contenido propio originado por periodistas de CELTTV, el canal de TV local de la Cooperativa El\u00e9ctrica de Tornquist. Turismo, Pol\u00edtica, Sociedad, Deporte, Cultura y todo el contenido de inter\u00e9s general que la gente del pueblo y la regi\u00f3n debe conocer.\" \/>\n<meta name=\"robots\" content=\"index, follow, max-snippet:-1, max-image-preview:large, max-video-preview:-1\" \/>\n<link rel=\"canonical\" href=\"https:\/\/www.celttv.com.ar\/index.php\/2014\/12\/04\/video-completo-de-la-sesion-extraordinaria-de-entrega-de-diplomas-a-abanderados-y-escoltas-del-distrito\/\" \/>\n<meta property=\"og:locale\" content=\"es_ES\" \/>\n<meta property=\"og:type\" content=\"article\" \/>\n<meta property=\"og:title\" content=\"VIDEO COMPLETO DE LA SESION EXTRAORDINARIA DE ENTREGA DE DIPLOMAS A ABANDERADOS Y ESCOLTAS DEL DISTRITO - CELTTV\" \/>\n<meta property=\"og:description\" content=\"Sitio web de noticias de la localidad de Tornquist, provincia de Buenos Aires, Rep\u00fablica Argentina. Contenido propio originado por periodistas de CELTTV, el canal de TV local de la Cooperativa El\u00e9ctrica de Tornquist. Turismo, Pol\u00edtica, Sociedad, Deporte, Cultura y todo el contenido de inter\u00e9s general que la gente del pueblo y la regi\u00f3n debe conocer.\" \/>\n<meta property=\"og:url\" content=\"https:\/\/www.celttv.com.ar\/index.php\/2014\/12\/04\/video-completo-de-la-sesion-extraordinaria-de-entrega-de-diplomas-a-abanderados-y-escoltas-del-distrito\/\" \/>\n<meta property=\"og:site_name\" content=\"CELTTV\" \/>\n<meta property=\"article:publisher\" content=\"https:\/\/www.facebook.com\/celtTV\/\" \/>\n<meta property=\"article:published_time\" content=\"2014-12-04T23:27:56+00:00\" \/>\n<meta name=\"author\" content=\"ulises\" \/>\n<meta name=\"twitter:card\" content=\"summary_large_image\" \/>\n<meta name=\"twitter:label1\" content=\"Escrito por\" \/>\n\t<meta name=\"twitter:data1\" content=\"ulises\" \/>\n\t<meta name=\"twitter:label2\" content=\"Tiempo de lectura\" \/>\n\t<meta name=\"twitter:data2\" content=\"10 minutos\" \/>\n<script type=\"application\/ld+json\" class=\"yoast-schema-graph\">{\"@context\":\"https:\/\/schema.org\",\"@graph\":[{\"@type\":\"NewsArticle\",\"@id\":\"https:\/\/www.celttv.com.ar\/index.php\/2014\/12\/04\/video-completo-de-la-sesion-extraordinaria-de-entrega-de-diplomas-a-abanderados-y-escoltas-del-distrito\/#article\",\"isPartOf\":{\"@id\":\"https:\/\/www.celttv.com.ar\/index.php\/2014\/12\/04\/video-completo-de-la-sesion-extraordinaria-de-entrega-de-diplomas-a-abanderados-y-escoltas-del-distrito\/\"},\"author\":{\"name\":\"ulises\",\"@id\":\"https:\/\/www.celttv.com.ar\/#\/schema\/person\/6d99c072dba59953809c81446e9d0ace\"},\"headline\":\"VIDEO COMPLETO DE LA SESION EXTRAORDINARIA DE ENTREGA DE DIPLOMAS A ABANDERADOS Y ESCOLTAS DEL DISTRITO\",\"datePublished\":\"2014-12-04T23:27:56+00:00\",\"dateModified\":\"2014-12-04T23:27:56+00:00\",\"mainEntityOfPage\":{\"@id\":\"https:\/\/www.celttv.com.ar\/index.php\/2014\/12\/04\/video-completo-de-la-sesion-extraordinaria-de-entrega-de-diplomas-a-abanderados-y-escoltas-del-distrito\/\"},\"wordCount\":1951,\"publisher\":{\"@id\":\"https:\/\/www.celttv.com.ar\/#organization\"},\"articleSection\":[\"Comunidad\",\"Destacadas\",\"Pol\u00edtica\",\"Videos Destacados\"],\"inLanguage\":\"es\"},{\"@type\":\"WebPage\",\"@id\":\"https:\/\/www.celttv.com.ar\/index.php\/2014\/12\/04\/video-completo-de-la-sesion-extraordinaria-de-entrega-de-diplomas-a-abanderados-y-escoltas-del-distrito\/\",\"url\":\"https:\/\/www.celttv.com.ar\/index.php\/2014\/12\/04\/video-completo-de-la-sesion-extraordinaria-de-entrega-de-diplomas-a-abanderados-y-escoltas-del-distrito\/\",\"name\":\"VIDEO COMPLETO DE LA SESION EXTRAORDINARIA DE ENTREGA DE DIPLOMAS A ABANDERADOS Y ESCOLTAS DEL DISTRITO - CELTTV\",\"isPartOf\":{\"@id\":\"https:\/\/www.celttv.com.ar\/#website\"},\"datePublished\":\"2014-12-04T23:27:56+00:00\",\"dateModified\":\"2014-12-04T23:27:56+00:00\",\"description\":\"Sitio web de noticias de la localidad de Tornquist, provincia de Buenos Aires, Rep\u00fablica Argentina. Contenido propio originado por periodistas de CELTTV, el canal de TV local de la Cooperativa El\u00e9ctrica de Tornquist. Turismo, Pol\u00edtica, Sociedad, Deporte, Cultura y todo el contenido de inter\u00e9s general que la gente del pueblo y la regi\u00f3n debe conocer.\",\"breadcrumb\":{\"@id\":\"https:\/\/www.celttv.com.ar\/index.php\/2014\/12\/04\/video-completo-de-la-sesion-extraordinaria-de-entrega-de-diplomas-a-abanderados-y-escoltas-del-distrito\/#breadcrumb\"},\"inLanguage\":\"es\",\"potentialAction\":[{\"@type\":\"ReadAction\",\"target\":[\"https:\/\/www.celttv.com.ar\/index.php\/2014\/12\/04\/video-completo-de-la-sesion-extraordinaria-de-entrega-de-diplomas-a-abanderados-y-escoltas-del-distrito\/\"]}]},{\"@type\":\"BreadcrumbList\",\"@id\":\"https:\/\/www.celttv.com.ar\/index.php\/2014\/12\/04\/video-completo-de-la-sesion-extraordinaria-de-entrega-de-diplomas-a-abanderados-y-escoltas-del-distrito\/#breadcrumb\",\"itemListElement\":[{\"@type\":\"ListItem\",\"position\":1,\"name\":\"Inicio\",\"item\":\"https:\/\/www.celttv.com.ar\/\"},{\"@type\":\"ListItem\",\"position\":2,\"name\":\"VIDEO COMPLETO DE LA SESION EXTRAORDINARIA DE ENTREGA DE DIPLOMAS A ABANDERADOS Y ESCOLTAS DEL DISTRITO\"}]},{\"@type\":\"WebSite\",\"@id\":\"https:\/\/www.celttv.com.ar\/#website\",\"url\":\"https:\/\/www.celttv.com.ar\/\",\"name\":\"CELTTV\",\"description\":\"Cooperativa El\u00e9ctrica de Tornquist\",\"publisher\":{\"@id\":\"https:\/\/www.celttv.com.ar\/#organization\"},\"potentialAction\":[{\"@type\":\"SearchAction\",\"target\":{\"@type\":\"EntryPoint\",\"urlTemplate\":\"https:\/\/www.celttv.com.ar\/?s={search_term_string}\"},\"query-input\":\"required name=search_term_string\"}],\"inLanguage\":\"es\"},{\"@type\":\"Organization\",\"@id\":\"https:\/\/www.celttv.com.ar\/#organization\",\"name\":\"CELTTV\",\"url\":\"https:\/\/www.celttv.com.ar\/\",\"sameAs\":[\"https:\/\/www.youtube.com\/channel\/UCz_oIt8Hig64Ub-EmcNPIhg\",\"https:\/\/www.facebook.com\/celtTV\/\"],\"logo\":{\"@type\":\"ImageObject\",\"inLanguage\":\"es\",\"@id\":\"https:\/\/www.celttv.com.ar\/#\/schema\/logo\/image\/\",\"url\":\"http:\/\/www.celttv.com.ar\/wp-content\/uploads\/2022\/08\/logo-1.png\",\"contentUrl\":\"http:\/\/www.celttv.com.ar\/wp-content\/uploads\/2022\/08\/logo-1.png\",\"width\":461,\"height\":159,\"caption\":\"CELTTV\"},\"image\":{\"@id\":\"https:\/\/www.celttv.com.ar\/#\/schema\/logo\/image\/\"}},{\"@type\":\"Person\",\"@id\":\"https:\/\/www.celttv.com.ar\/#\/schema\/person\/6d99c072dba59953809c81446e9d0ace\",\"name\":\"ulises\",\"image\":{\"@type\":\"ImageObject\",\"inLanguage\":\"es\",\"@id\":\"https:\/\/www.celttv.com.ar\/#\/schema\/person\/image\/\",\"url\":\"https:\/\/secure.gravatar.com\/avatar\/7f2c48bdc33b30088f941fb6082e555f2874c98e20cb159d7b92b50eadfce793?s=96&d=mm&r=g\",\"contentUrl\":\"https:\/\/secure.gravatar.com\/avatar\/7f2c48bdc33b30088f941fb6082e555f2874c98e20cb159d7b92b50eadfce793?s=96&d=mm&r=g\",\"caption\":\"ulises\"},\"sameAs\":[\"http:\/\/www.celttv.com.ar\"]}]}<\/script>\n<!-- \/ Yoast SEO plugin. -->","yoast_head_json":{"title":"VIDEO COMPLETO DE LA SESION EXTRAORDINARIA DE ENTREGA DE DIPLOMAS A ABANDERADOS Y ESCOLTAS DEL DISTRITO - CELTTV","description":"Sitio web de noticias de la localidad de Tornquist, provincia de Buenos Aires, Rep\u00fablica Argentina. Contenido propio originado por periodistas de CELTTV, el canal de TV local de la Cooperativa El\u00e9ctrica de Tornquist. Turismo, Pol\u00edtica, Sociedad, Deporte, Cultura y todo el contenido de inter\u00e9s general que la gente del pueblo y la regi\u00f3n debe conocer.","robots":{"index":"index","follow":"follow","max-snippet":"max-snippet:-1","max-image-preview":"max-image-preview:large","max-video-preview":"max-video-preview:-1"},"canonical":"https:\/\/www.celttv.com.ar\/index.php\/2014\/12\/04\/video-completo-de-la-sesion-extraordinaria-de-entrega-de-diplomas-a-abanderados-y-escoltas-del-distrito\/","og_locale":"es_ES","og_type":"article","og_title":"VIDEO COMPLETO DE LA SESION EXTRAORDINARIA DE ENTREGA DE DIPLOMAS A ABANDERADOS Y ESCOLTAS DEL DISTRITO - CELTTV","og_description":"Sitio web de noticias de la localidad de Tornquist, provincia de Buenos Aires, Rep\u00fablica Argentina. Contenido propio originado por periodistas de CELTTV, el canal de TV local de la Cooperativa El\u00e9ctrica de Tornquist. Turismo, Pol\u00edtica, Sociedad, Deporte, Cultura y todo el contenido de inter\u00e9s general que la gente del pueblo y la regi\u00f3n debe conocer.","og_url":"https:\/\/www.celttv.com.ar\/index.php\/2014\/12\/04\/video-completo-de-la-sesion-extraordinaria-de-entrega-de-diplomas-a-abanderados-y-escoltas-del-distrito\/","og_site_name":"CELTTV","article_publisher":"https:\/\/www.facebook.com\/celtTV\/","article_published_time":"2014-12-04T23:27:56+00:00","author":"ulises","twitter_card":"summary_large_image","twitter_misc":{"Escrito por":"ulises","Tiempo de lectura":"10 minutos"},"schema":{"@context":"https:\/\/schema.org","@graph":[{"@type":"NewsArticle","@id":"https:\/\/www.celttv.com.ar\/index.php\/2014\/12\/04\/video-completo-de-la-sesion-extraordinaria-de-entrega-de-diplomas-a-abanderados-y-escoltas-del-distrito\/#article","isPartOf":{"@id":"https:\/\/www.celttv.com.ar\/index.php\/2014\/12\/04\/video-completo-de-la-sesion-extraordinaria-de-entrega-de-diplomas-a-abanderados-y-escoltas-del-distrito\/"},"author":{"name":"ulises","@id":"https:\/\/www.celttv.com.ar\/#\/schema\/person\/6d99c072dba59953809c81446e9d0ace"},"headline":"VIDEO COMPLETO DE LA SESION EXTRAORDINARIA DE ENTREGA DE DIPLOMAS A ABANDERADOS Y ESCOLTAS DEL DISTRITO","datePublished":"2014-12-04T23:27:56+00:00","dateModified":"2014-12-04T23:27:56+00:00","mainEntityOfPage":{"@id":"https:\/\/www.celttv.com.ar\/index.php\/2014\/12\/04\/video-completo-de-la-sesion-extraordinaria-de-entrega-de-diplomas-a-abanderados-y-escoltas-del-distrito\/"},"wordCount":1951,"publisher":{"@id":"https:\/\/www.celttv.com.ar\/#organization"},"articleSection":["Comunidad","Destacadas","Pol\u00edtica","Videos Destacados"],"inLanguage":"es"},{"@type":"WebPage","@id":"https:\/\/www.celttv.com.ar\/index.php\/2014\/12\/04\/video-completo-de-la-sesion-extraordinaria-de-entrega-de-diplomas-a-abanderados-y-escoltas-del-distrito\/","url":"https:\/\/www.celttv.com.ar\/index.php\/2014\/12\/04\/video-completo-de-la-sesion-extraordinaria-de-entrega-de-diplomas-a-abanderados-y-escoltas-del-distrito\/","name":"VIDEO COMPLETO DE LA SESION EXTRAORDINARIA DE ENTREGA DE DIPLOMAS A ABANDERADOS Y ESCOLTAS DEL DISTRITO - CELTTV","isPartOf":{"@id":"https:\/\/www.celttv.com.ar\/#website"},"datePublished":"2014-12-04T23:27:56+00:00","dateModified":"2014-12-04T23:27:56+00:00","description":"Sitio web de noticias de la localidad de Tornquist, provincia de Buenos Aires, Rep\u00fablica Argentina. Contenido propio originado por periodistas de CELTTV, el canal de TV local de la Cooperativa El\u00e9ctrica de Tornquist. Turismo, Pol\u00edtica, Sociedad, Deporte, Cultura y todo el contenido de inter\u00e9s general que la gente del pueblo y la regi\u00f3n debe conocer.","breadcrumb":{"@id":"https:\/\/www.celttv.com.ar\/index.php\/2014\/12\/04\/video-completo-de-la-sesion-extraordinaria-de-entrega-de-diplomas-a-abanderados-y-escoltas-del-distrito\/#breadcrumb"},"inLanguage":"es","potentialAction":[{"@type":"ReadAction","target":["https:\/\/www.celttv.com.ar\/index.php\/2014\/12\/04\/video-completo-de-la-sesion-extraordinaria-de-entrega-de-diplomas-a-abanderados-y-escoltas-del-distrito\/"]}]},{"@type":"BreadcrumbList","@id":"https:\/\/www.celttv.com.ar\/index.php\/2014\/12\/04\/video-completo-de-la-sesion-extraordinaria-de-entrega-de-diplomas-a-abanderados-y-escoltas-del-distrito\/#breadcrumb","itemListElement":[{"@type":"ListItem","position":1,"name":"Inicio","item":"https:\/\/www.celttv.com.ar\/"},{"@type":"ListItem","position":2,"name":"VIDEO COMPLETO DE LA SESION EXTRAORDINARIA DE ENTREGA DE DIPLOMAS A ABANDERADOS Y ESCOLTAS DEL DISTRITO"}]},{"@type":"WebSite","@id":"https:\/\/www.celttv.com.ar\/#website","url":"https:\/\/www.celttv.com.ar\/","name":"CELTTV","description":"Cooperativa El\u00e9ctrica de Tornquist","publisher":{"@id":"https:\/\/www.celttv.com.ar\/#organization"},"potentialAction":[{"@type":"SearchAction","target":{"@type":"EntryPoint","urlTemplate":"https:\/\/www.celttv.com.ar\/?s={search_term_string}"},"query-input":"required name=search_term_string"}],"inLanguage":"es"},{"@type":"Organization","@id":"https:\/\/www.celttv.com.ar\/#organization","name":"CELTTV","url":"https:\/\/www.celttv.com.ar\/","sameAs":["https:\/\/www.youtube.com\/channel\/UCz_oIt8Hig64Ub-EmcNPIhg","https:\/\/www.facebook.com\/celtTV\/"],"logo":{"@type":"ImageObject","inLanguage":"es","@id":"https:\/\/www.celttv.com.ar\/#\/schema\/logo\/image\/","url":"http:\/\/www.celttv.com.ar\/wp-content\/uploads\/2022\/08\/logo-1.png","contentUrl":"http:\/\/www.celttv.com.ar\/wp-content\/uploads\/2022\/08\/logo-1.png","width":461,"height":159,"caption":"CELTTV"},"image":{"@id":"https:\/\/www.celttv.com.ar\/#\/schema\/logo\/image\/"}},{"@type":"Person","@id":"https:\/\/www.celttv.com.ar\/#\/schema\/person\/6d99c072dba59953809c81446e9d0ace","name":"ulises","image":{"@type":"ImageObject","inLanguage":"es","@id":"https:\/\/www.celttv.com.ar\/#\/schema\/person\/image\/","url":"https:\/\/secure.gravatar.com\/avatar\/7f2c48bdc33b30088f941fb6082e555f2874c98e20cb159d7b92b50eadfce793?s=96&d=mm&r=g","contentUrl":"https:\/\/secure.gravatar.com\/avatar\/7f2c48bdc33b30088f941fb6082e555f2874c98e20cb159d7b92b50eadfce793?s=96&d=mm&r=g","caption":"ulises"},"sameAs":["http:\/\/www.celttv.com.ar"]}]}},"_links":{"self":[{"href":"https:\/\/www.celttv.com.ar\/index.php\/wp-json\/wp\/v2\/posts\/25526","targetHints":{"allow":["GET"]}}],"collection":[{"href":"https:\/\/www.celttv.com.ar\/index.php\/wp-json\/wp\/v2\/posts"}],"about":[{"href":"https:\/\/www.celttv.com.ar\/index.php\/wp-json\/wp\/v2\/types\/post"}],"author":[{"embeddable":true,"href":"https:\/\/www.celttv.com.ar\/index.php\/wp-json\/wp\/v2\/users\/1"}],"replies":[{"embeddable":true,"href":"https:\/\/www.celttv.com.ar\/index.php\/wp-json\/wp\/v2\/comments?post=25526"}],"version-history":[{"count":0,"href":"https:\/\/www.celttv.com.ar\/index.php\/wp-json\/wp\/v2\/posts\/25526\/revisions"}],"wp:attachment":[{"href":"https:\/\/www.celttv.com.ar\/index.php\/wp-json\/wp\/v2\/media?parent=25526"}],"wp:term":[{"taxonomy":"category","embeddable":true,"href":"https:\/\/www.celttv.com.ar\/index.php\/wp-json\/wp\/v2\/categories?post=25526"},{"taxonomy":"post_tag","embeddable":true,"href":"https:\/\/www.celttv.com.ar\/index.php\/wp-json\/wp\/v2\/tags?post=25526"}],"curies":[{"name":"wp","href":"https:\/\/api.w.org\/{rel}","templated":true}]}}