{"id":25529,"date":"2014-12-05T00:35:55","date_gmt":"2014-12-05T00:35:55","guid":{"rendered":"http:\/\/www.tvcnoticias.com.ar\/?p=25529"},"modified":"2014-12-05T00:35:55","modified_gmt":"2014-12-05T00:35:55","slug":"la-orquesta-escuela-mostro-toda-su-jerarquia-en-el-funke-9-temas-en-video","status":"publish","type":"post","link":"https:\/\/www.celttv.com.ar\/index.php\/2014\/12\/05\/la-orquesta-escuela-mostro-toda-su-jerarquia-en-el-funke-9-temas-en-video\/","title":{"rendered":"LA ORQUESTA ESCUELA MOSTR\u00d3 TODA SU JERARQU\u00cdA EN EL FUNKE (9 temas en video)"},"content":{"rendered":"<p>La Orquesta Escuela de Tornquist brind\u00f3 un agradable espect\u00e1culo cerrando el a\u00f1o en el Teatro Municipal Rodolfo Funke.<br \/>\nHubo muchos aplausos para todas y cada uno de los temas ejecutados por los j\u00f3venes m\u00fasicos, que siguen demostrando una evoluci\u00f3n que merece el reconocimiento.<br \/>\nLa Orquesta Escuela mostr\u00f3 una vez mas su jerarqu\u00eda, esta vez sobre las tablas del Teatro Funke. Felicitaciones.<br \/>\n<a href=\"https:\/\/www.youtube.com\/watch?v=jLA8hQ305gY\">httpv:\/\/www.youtube.com\/watch?v=jLA8hQ305gY<\/a><br \/>\n<a href=\"https:\/\/www.youtube.com\/watch?v=rms0_roLrIw\">httpv:\/\/www.youtube.com\/watch?v=rms0_roLrIw<\/a><br \/>\n<a href=\"https:\/\/www.youtube.com\/watch?v=kFDY_cbmI64\">httpv:\/\/www.youtube.com\/watch?v=kFDY_cbmI64<\/a><br \/>\n<a href=\"https:\/\/www.youtube.com\/watch?v=oDWQM9mgVbc\">httpv:\/\/www.youtube.com\/watch?v=oDWQM9mgVbc<\/a><br \/>\n<a href=\"https:\/\/www.youtube.com\/watch?v=IxI6tvdR8mc\">httpv:\/\/www.youtube.com\/watch?v=IxI6tvdR8mc<\/a><br \/>\n<a href=\"https:\/\/www.youtube.com\/watch?v=KtDDBoYViMM\">httpv:\/\/www.youtube.com\/watch?v=KtDDBoYViMM<\/a><br \/>\n<a href=\"https:\/\/www.youtube.com\/watch?v=iPD9LoNp4HY\">httpv:\/\/www.youtube.com\/watch?v=iPD9LoNp4HY<\/a><br \/>\n<a href=\"https:\/\/www.youtube.com\/watch?v=J18OO7KNhBQ\">httpv:\/\/www.youtube.com\/watch?v=J18OO7KNhBQ<\/a><br \/>\n<a href=\"https:\/\/www.youtube.com\/watch?v=lqw2bitSmTo\">httpv:\/\/www.youtube.com\/watch?v=lqw2bitSmTo<\/a><\/p>\n","protected":false},"excerpt":{"rendered":"<p>La Orquesta Escuela de Tornquist brind\u00f3 un agradable espect\u00e1culo cerrando el a\u00f1o en el Teatro Municipal Rodolfo Funke. Hubo muchos aplausos para todas y cada uno de los temas ejecutados por los j\u00f3venes m\u00fasicos, que siguen demostrando una evoluci\u00f3n que merece el reconocimiento. La Orquesta Escuela mostr\u00f3 una vez mas su jerarqu\u00eda, esta vez sobre [&hellip;]<\/p>\n","protected":false},"author":1,"featured_media":0,"comment_status":"closed","ping_status":"open","sticky":false,"template":"","format":"standard","meta":{"footnotes":""},"categories":[51,52,56,64],"tags":[],"class_list":["post-25529","post","type-post","status-publish","format-standard","hentry","category-comunidad","category-destacadas","category-espectaculos","category-videos-destacados"],"yoast_head":"<!-- This site is optimized with the Yoast SEO plugin v19.7.1 - https:\/\/yoast.com\/wordpress\/plugins\/seo\/ -->\n<title>LA ORQUESTA ESCUELA MOSTR\u00d3 TODA SU JERARQU\u00cdA EN EL FUNKE (9 temas en video) - CELTTV<\/title>\n<meta name=\"description\" content=\"Sitio web de noticias de la localidad de Tornquist, provincia de Buenos Aires, Rep\u00fablica Argentina. Contenido propio originado por periodistas de CELTTV, el canal de TV local de la Cooperativa El\u00e9ctrica de Tornquist. Turismo, Pol\u00edtica, Sociedad, Deporte, Cultura y todo el contenido de inter\u00e9s general que la gente del pueblo y la regi\u00f3n debe conocer.\" \/>\n<meta name=\"robots\" content=\"index, follow, max-snippet:-1, max-image-preview:large, max-video-preview:-1\" \/>\n<link rel=\"canonical\" href=\"https:\/\/www.celttv.com.ar\/index.php\/2014\/12\/05\/la-orquesta-escuela-mostro-toda-su-jerarquia-en-el-funke-9-temas-en-video\/\" \/>\n<meta property=\"og:locale\" content=\"es_ES\" \/>\n<meta property=\"og:type\" content=\"article\" \/>\n<meta property=\"og:title\" content=\"LA ORQUESTA ESCUELA MOSTR\u00d3 TODA SU JERARQU\u00cdA EN EL FUNKE (9 temas en video) - CELTTV\" \/>\n<meta property=\"og:description\" content=\"Sitio web de noticias de la localidad de Tornquist, provincia de Buenos Aires, Rep\u00fablica Argentina. Contenido propio originado por periodistas de CELTTV, el canal de TV local de la Cooperativa El\u00e9ctrica de Tornquist. Turismo, Pol\u00edtica, Sociedad, Deporte, Cultura y todo el contenido de inter\u00e9s general que la gente del pueblo y la regi\u00f3n debe conocer.\" \/>\n<meta property=\"og:url\" content=\"https:\/\/www.celttv.com.ar\/index.php\/2014\/12\/05\/la-orquesta-escuela-mostro-toda-su-jerarquia-en-el-funke-9-temas-en-video\/\" \/>\n<meta property=\"og:site_name\" content=\"CELTTV\" \/>\n<meta property=\"article:publisher\" content=\"https:\/\/www.facebook.com\/celtTV\/\" \/>\n<meta property=\"article:published_time\" content=\"2014-12-05T00:35:55+00:00\" \/>\n<meta name=\"author\" content=\"ulises\" \/>\n<meta name=\"twitter:card\" content=\"summary_large_image\" \/>\n<meta name=\"twitter:label1\" content=\"Escrito por\" \/>\n\t<meta name=\"twitter:data1\" content=\"ulises\" \/>\n\t<meta name=\"twitter:label2\" content=\"Tiempo de lectura\" \/>\n\t<meta name=\"twitter:data2\" content=\"1 minuto\" \/>\n<script type=\"application\/ld+json\" class=\"yoast-schema-graph\">{\"@context\":\"https:\/\/schema.org\",\"@graph\":[{\"@type\":\"NewsArticle\",\"@id\":\"https:\/\/www.celttv.com.ar\/index.php\/2014\/12\/05\/la-orquesta-escuela-mostro-toda-su-jerarquia-en-el-funke-9-temas-en-video\/#article\",\"isPartOf\":{\"@id\":\"https:\/\/www.celttv.com.ar\/index.php\/2014\/12\/05\/la-orquesta-escuela-mostro-toda-su-jerarquia-en-el-funke-9-temas-en-video\/\"},\"author\":{\"name\":\"ulises\",\"@id\":\"https:\/\/www.celttv.com.ar\/#\/schema\/person\/6d99c072dba59953809c81446e9d0ace\"},\"headline\":\"LA ORQUESTA ESCUELA MOSTR\u00d3 TODA SU JERARQU\u00cdA EN EL FUNKE (9 temas en video)\",\"datePublished\":\"2014-12-05T00:35:55+00:00\",\"dateModified\":\"2014-12-05T00:35:55+00:00\",\"mainEntityOfPage\":{\"@id\":\"https:\/\/www.celttv.com.ar\/index.php\/2014\/12\/05\/la-orquesta-escuela-mostro-toda-su-jerarquia-en-el-funke-9-temas-en-video\/\"},\"wordCount\":156,\"publisher\":{\"@id\":\"https:\/\/www.celttv.com.ar\/#organization\"},\"articleSection\":[\"Comunidad\",\"Destacadas\",\"Espect\u00e1culos\",\"Videos Destacados\"],\"inLanguage\":\"es\"},{\"@type\":\"WebPage\",\"@id\":\"https:\/\/www.celttv.com.ar\/index.php\/2014\/12\/05\/la-orquesta-escuela-mostro-toda-su-jerarquia-en-el-funke-9-temas-en-video\/\",\"url\":\"https:\/\/www.celttv.com.ar\/index.php\/2014\/12\/05\/la-orquesta-escuela-mostro-toda-su-jerarquia-en-el-funke-9-temas-en-video\/\",\"name\":\"LA ORQUESTA ESCUELA MOSTR\u00d3 TODA SU JERARQU\u00cdA EN EL FUNKE (9 temas en video) - CELTTV\",\"isPartOf\":{\"@id\":\"https:\/\/www.celttv.com.ar\/#website\"},\"datePublished\":\"2014-12-05T00:35:55+00:00\",\"dateModified\":\"2014-12-05T00:35:55+00:00\",\"description\":\"Sitio web de noticias de la localidad de Tornquist, provincia de Buenos Aires, Rep\u00fablica Argentina. Contenido propio originado por periodistas de CELTTV, el canal de TV local de la Cooperativa El\u00e9ctrica de Tornquist. Turismo, Pol\u00edtica, Sociedad, Deporte, Cultura y todo el contenido de inter\u00e9s general que la gente del pueblo y la regi\u00f3n debe conocer.\",\"breadcrumb\":{\"@id\":\"https:\/\/www.celttv.com.ar\/index.php\/2014\/12\/05\/la-orquesta-escuela-mostro-toda-su-jerarquia-en-el-funke-9-temas-en-video\/#breadcrumb\"},\"inLanguage\":\"es\",\"potentialAction\":[{\"@type\":\"ReadAction\",\"target\":[\"https:\/\/www.celttv.com.ar\/index.php\/2014\/12\/05\/la-orquesta-escuela-mostro-toda-su-jerarquia-en-el-funke-9-temas-en-video\/\"]}]},{\"@type\":\"BreadcrumbList\",\"@id\":\"https:\/\/www.celttv.com.ar\/index.php\/2014\/12\/05\/la-orquesta-escuela-mostro-toda-su-jerarquia-en-el-funke-9-temas-en-video\/#breadcrumb\",\"itemListElement\":[{\"@type\":\"ListItem\",\"position\":1,\"name\":\"Inicio\",\"item\":\"https:\/\/www.celttv.com.ar\/\"},{\"@type\":\"ListItem\",\"position\":2,\"name\":\"LA ORQUESTA ESCUELA MOSTR\u00d3 TODA SU JERARQU\u00cdA EN EL FUNKE (9 temas en video)\"}]},{\"@type\":\"WebSite\",\"@id\":\"https:\/\/www.celttv.com.ar\/#website\",\"url\":\"https:\/\/www.celttv.com.ar\/\",\"name\":\"CELTTV\",\"description\":\"Cooperativa El\u00e9ctrica de Tornquist\",\"publisher\":{\"@id\":\"https:\/\/www.celttv.com.ar\/#organization\"},\"potentialAction\":[{\"@type\":\"SearchAction\",\"target\":{\"@type\":\"EntryPoint\",\"urlTemplate\":\"https:\/\/www.celttv.com.ar\/?s={search_term_string}\"},\"query-input\":\"required name=search_term_string\"}],\"inLanguage\":\"es\"},{\"@type\":\"Organization\",\"@id\":\"https:\/\/www.celttv.com.ar\/#organization\",\"name\":\"CELTTV\",\"url\":\"https:\/\/www.celttv.com.ar\/\",\"sameAs\":[\"https:\/\/www.youtube.com\/channel\/UCz_oIt8Hig64Ub-EmcNPIhg\",\"https:\/\/www.facebook.com\/celtTV\/\"],\"logo\":{\"@type\":\"ImageObject\",\"inLanguage\":\"es\",\"@id\":\"https:\/\/www.celttv.com.ar\/#\/schema\/logo\/image\/\",\"url\":\"http:\/\/www.celttv.com.ar\/wp-content\/uploads\/2022\/08\/logo-1.png\",\"contentUrl\":\"http:\/\/www.celttv.com.ar\/wp-content\/uploads\/2022\/08\/logo-1.png\",\"width\":461,\"height\":159,\"caption\":\"CELTTV\"},\"image\":{\"@id\":\"https:\/\/www.celttv.com.ar\/#\/schema\/logo\/image\/\"}},{\"@type\":\"Person\",\"@id\":\"https:\/\/www.celttv.com.ar\/#\/schema\/person\/6d99c072dba59953809c81446e9d0ace\",\"name\":\"ulises\",\"image\":{\"@type\":\"ImageObject\",\"inLanguage\":\"es\",\"@id\":\"https:\/\/www.celttv.com.ar\/#\/schema\/person\/image\/\",\"url\":\"https:\/\/secure.gravatar.com\/avatar\/7f2c48bdc33b30088f941fb6082e555f2874c98e20cb159d7b92b50eadfce793?s=96&d=mm&r=g\",\"contentUrl\":\"https:\/\/secure.gravatar.com\/avatar\/7f2c48bdc33b30088f941fb6082e555f2874c98e20cb159d7b92b50eadfce793?s=96&d=mm&r=g\",\"caption\":\"ulises\"},\"sameAs\":[\"http:\/\/www.celttv.com.ar\"]}]}<\/script>\n<!-- \/ Yoast SEO plugin. -->","yoast_head_json":{"title":"LA ORQUESTA ESCUELA MOSTR\u00d3 TODA SU JERARQU\u00cdA EN EL FUNKE (9 temas en video) - CELTTV","description":"Sitio web de noticias de la localidad de Tornquist, provincia de Buenos Aires, Rep\u00fablica Argentina. Contenido propio originado por periodistas de CELTTV, el canal de TV local de la Cooperativa El\u00e9ctrica de Tornquist. Turismo, Pol\u00edtica, Sociedad, Deporte, Cultura y todo el contenido de inter\u00e9s general que la gente del pueblo y la regi\u00f3n debe conocer.","robots":{"index":"index","follow":"follow","max-snippet":"max-snippet:-1","max-image-preview":"max-image-preview:large","max-video-preview":"max-video-preview:-1"},"canonical":"https:\/\/www.celttv.com.ar\/index.php\/2014\/12\/05\/la-orquesta-escuela-mostro-toda-su-jerarquia-en-el-funke-9-temas-en-video\/","og_locale":"es_ES","og_type":"article","og_title":"LA ORQUESTA ESCUELA MOSTR\u00d3 TODA SU JERARQU\u00cdA EN EL FUNKE (9 temas en video) - CELTTV","og_description":"Sitio web de noticias de la localidad de Tornquist, provincia de Buenos Aires, Rep\u00fablica Argentina. Contenido propio originado por periodistas de CELTTV, el canal de TV local de la Cooperativa El\u00e9ctrica de Tornquist. Turismo, Pol\u00edtica, Sociedad, Deporte, Cultura y todo el contenido de inter\u00e9s general que la gente del pueblo y la regi\u00f3n debe conocer.","og_url":"https:\/\/www.celttv.com.ar\/index.php\/2014\/12\/05\/la-orquesta-escuela-mostro-toda-su-jerarquia-en-el-funke-9-temas-en-video\/","og_site_name":"CELTTV","article_publisher":"https:\/\/www.facebook.com\/celtTV\/","article_published_time":"2014-12-05T00:35:55+00:00","author":"ulises","twitter_card":"summary_large_image","twitter_misc":{"Escrito por":"ulises","Tiempo de lectura":"1 minuto"},"schema":{"@context":"https:\/\/schema.org","@graph":[{"@type":"NewsArticle","@id":"https:\/\/www.celttv.com.ar\/index.php\/2014\/12\/05\/la-orquesta-escuela-mostro-toda-su-jerarquia-en-el-funke-9-temas-en-video\/#article","isPartOf":{"@id":"https:\/\/www.celttv.com.ar\/index.php\/2014\/12\/05\/la-orquesta-escuela-mostro-toda-su-jerarquia-en-el-funke-9-temas-en-video\/"},"author":{"name":"ulises","@id":"https:\/\/www.celttv.com.ar\/#\/schema\/person\/6d99c072dba59953809c81446e9d0ace"},"headline":"LA ORQUESTA ESCUELA MOSTR\u00d3 TODA SU JERARQU\u00cdA EN EL FUNKE (9 temas en video)","datePublished":"2014-12-05T00:35:55+00:00","dateModified":"2014-12-05T00:35:55+00:00","mainEntityOfPage":{"@id":"https:\/\/www.celttv.com.ar\/index.php\/2014\/12\/05\/la-orquesta-escuela-mostro-toda-su-jerarquia-en-el-funke-9-temas-en-video\/"},"wordCount":156,"publisher":{"@id":"https:\/\/www.celttv.com.ar\/#organization"},"articleSection":["Comunidad","Destacadas","Espect\u00e1culos","Videos Destacados"],"inLanguage":"es"},{"@type":"WebPage","@id":"https:\/\/www.celttv.com.ar\/index.php\/2014\/12\/05\/la-orquesta-escuela-mostro-toda-su-jerarquia-en-el-funke-9-temas-en-video\/","url":"https:\/\/www.celttv.com.ar\/index.php\/2014\/12\/05\/la-orquesta-escuela-mostro-toda-su-jerarquia-en-el-funke-9-temas-en-video\/","name":"LA ORQUESTA ESCUELA MOSTR\u00d3 TODA SU JERARQU\u00cdA EN EL FUNKE (9 temas en video) - CELTTV","isPartOf":{"@id":"https:\/\/www.celttv.com.ar\/#website"},"datePublished":"2014-12-05T00:35:55+00:00","dateModified":"2014-12-05T00:35:55+00:00","description":"Sitio web de noticias de la localidad de Tornquist, provincia de Buenos Aires, Rep\u00fablica Argentina. Contenido propio originado por periodistas de CELTTV, el canal de TV local de la Cooperativa El\u00e9ctrica de Tornquist. Turismo, Pol\u00edtica, Sociedad, Deporte, Cultura y todo el contenido de inter\u00e9s general que la gente del pueblo y la regi\u00f3n debe conocer.","breadcrumb":{"@id":"https:\/\/www.celttv.com.ar\/index.php\/2014\/12\/05\/la-orquesta-escuela-mostro-toda-su-jerarquia-en-el-funke-9-temas-en-video\/#breadcrumb"},"inLanguage":"es","potentialAction":[{"@type":"ReadAction","target":["https:\/\/www.celttv.com.ar\/index.php\/2014\/12\/05\/la-orquesta-escuela-mostro-toda-su-jerarquia-en-el-funke-9-temas-en-video\/"]}]},{"@type":"BreadcrumbList","@id":"https:\/\/www.celttv.com.ar\/index.php\/2014\/12\/05\/la-orquesta-escuela-mostro-toda-su-jerarquia-en-el-funke-9-temas-en-video\/#breadcrumb","itemListElement":[{"@type":"ListItem","position":1,"name":"Inicio","item":"https:\/\/www.celttv.com.ar\/"},{"@type":"ListItem","position":2,"name":"LA ORQUESTA ESCUELA MOSTR\u00d3 TODA SU JERARQU\u00cdA EN EL FUNKE (9 temas en video)"}]},{"@type":"WebSite","@id":"https:\/\/www.celttv.com.ar\/#website","url":"https:\/\/www.celttv.com.ar\/","name":"CELTTV","description":"Cooperativa El\u00e9ctrica de Tornquist","publisher":{"@id":"https:\/\/www.celttv.com.ar\/#organization"},"potentialAction":[{"@type":"SearchAction","target":{"@type":"EntryPoint","urlTemplate":"https:\/\/www.celttv.com.ar\/?s={search_term_string}"},"query-input":"required name=search_term_string"}],"inLanguage":"es"},{"@type":"Organization","@id":"https:\/\/www.celttv.com.ar\/#organization","name":"CELTTV","url":"https:\/\/www.celttv.com.ar\/","sameAs":["https:\/\/www.youtube.com\/channel\/UCz_oIt8Hig64Ub-EmcNPIhg","https:\/\/www.facebook.com\/celtTV\/"],"logo":{"@type":"ImageObject","inLanguage":"es","@id":"https:\/\/www.celttv.com.ar\/#\/schema\/logo\/image\/","url":"http:\/\/www.celttv.com.ar\/wp-content\/uploads\/2022\/08\/logo-1.png","contentUrl":"http:\/\/www.celttv.com.ar\/wp-content\/uploads\/2022\/08\/logo-1.png","width":461,"height":159,"caption":"CELTTV"},"image":{"@id":"https:\/\/www.celttv.com.ar\/#\/schema\/logo\/image\/"}},{"@type":"Person","@id":"https:\/\/www.celttv.com.ar\/#\/schema\/person\/6d99c072dba59953809c81446e9d0ace","name":"ulises","image":{"@type":"ImageObject","inLanguage":"es","@id":"https:\/\/www.celttv.com.ar\/#\/schema\/person\/image\/","url":"https:\/\/secure.gravatar.com\/avatar\/7f2c48bdc33b30088f941fb6082e555f2874c98e20cb159d7b92b50eadfce793?s=96&d=mm&r=g","contentUrl":"https:\/\/secure.gravatar.com\/avatar\/7f2c48bdc33b30088f941fb6082e555f2874c98e20cb159d7b92b50eadfce793?s=96&d=mm&r=g","caption":"ulises"},"sameAs":["http:\/\/www.celttv.com.ar"]}]}},"_links":{"self":[{"href":"https:\/\/www.celttv.com.ar\/index.php\/wp-json\/wp\/v2\/posts\/25529","targetHints":{"allow":["GET"]}}],"collection":[{"href":"https:\/\/www.celttv.com.ar\/index.php\/wp-json\/wp\/v2\/posts"}],"about":[{"href":"https:\/\/www.celttv.com.ar\/index.php\/wp-json\/wp\/v2\/types\/post"}],"author":[{"embeddable":true,"href":"https:\/\/www.celttv.com.ar\/index.php\/wp-json\/wp\/v2\/users\/1"}],"replies":[{"embeddable":true,"href":"https:\/\/www.celttv.com.ar\/index.php\/wp-json\/wp\/v2\/comments?post=25529"}],"version-history":[{"count":0,"href":"https:\/\/www.celttv.com.ar\/index.php\/wp-json\/wp\/v2\/posts\/25529\/revisions"}],"wp:attachment":[{"href":"https:\/\/www.celttv.com.ar\/index.php\/wp-json\/wp\/v2\/media?parent=25529"}],"wp:term":[{"taxonomy":"category","embeddable":true,"href":"https:\/\/www.celttv.com.ar\/index.php\/wp-json\/wp\/v2\/categories?post=25529"},{"taxonomy":"post_tag","embeddable":true,"href":"https:\/\/www.celttv.com.ar\/index.php\/wp-json\/wp\/v2\/tags?post=25529"}],"curies":[{"name":"wp","href":"https:\/\/api.w.org\/{rel}","templated":true}]}}