{"id":25539,"date":"2014-12-06T00:18:51","date_gmt":"2014-12-06T00:18:51","guid":{"rendered":"http:\/\/www.tvcnoticias.com.ar\/?p=25539"},"modified":"2014-12-06T00:18:51","modified_gmt":"2014-12-06T00:18:51","slug":"estupendo-cierre-del-mate-literario-musical-en-la-biblioteca-e-tornquist-videos-y-notas","status":"publish","type":"post","link":"https:\/\/www.celttv.com.ar\/index.php\/2014\/12\/06\/estupendo-cierre-del-mate-literario-musical-en-la-biblioteca-e-tornquist-videos-y-notas\/","title":{"rendered":"ESTUPENDO CIERRE DEL &#8220;MATE&#8221; LITERARIO MUSICAL EN LA BIBLIOTECA E. TORNQUIST (videos y notas)"},"content":{"rendered":"<p><a href=\"https:\/\/www.youtube.com\/watch?v=8zp62YsCu-E\">httpv:\/\/www.youtube.com\/watch?v=8zp62YsCu-E<\/a><br \/>\n<a href=\"https:\/\/www.youtube.com\/watch?v=p350GEz_J7I\">httpv:\/\/www.youtube.com\/watch?v=p350GEz_J7I<\/a><br \/>\n<a href=\"https:\/\/www.youtube.com\/watch?v=ppSCHXenZU4\">httpv:\/\/www.youtube.com\/watch?v=ppSCHXenZU4<\/a><br \/>\n<a href=\"https:\/\/www.youtube.com\/watch?v=OT_lSAOzK60\">httpv:\/\/www.youtube.com\/watch?v=OT_lSAOzK60<\/a><br \/>\n<a href=\"https:\/\/www.youtube.com\/watch?v=hOJcCnHikbo\">httpv:\/\/www.youtube.com\/watch?v=hOJcCnHikbo<\/a><br \/>\nRecordando a Jos\u00e9 Hernandez se cerr\u00f3 en la Biblioteca Popular Ernesto Tornquist un exitoso ciclo 2014 de los Caf\u00e9 Literario Musical, aunque en esta oportunidad se convirti\u00f3 en &#8220;Mate Literario y Musical&#8221;.<br \/>\nPara recordar nuestra tradici\u00f3n se recit\u00f3 al Mart\u00edn Fierro, hubo una exposici\u00f3n de mates y la m\u00fasica estuvo a la altura de las circunstancias, evocando la tradici\u00f3n.<br \/>\nLa conducci\u00f3n estuvo a cargo de Andrea Garc\u00eda Muller, la tarea de investigaci\u00f3n fue de la profesora Gabriela Garc\u00eda acompa\u00f1ada musicalmente del recitador Enrique Gonzalez y sus guitarristas.<br \/>\nEl bandone\u00f3n de Adolfo Nofri, en su primer aparici\u00f3n p\u00fablica, al igual que Mateo Mart\u00edn, con sus 10 a\u00f1itos, que &#8220;toc\u00f3&#8221; una vieja verdulera. En ambos casos acompa\u00f1ados por Carlos Polak.<br \/>\nCarlos Aguilera present\u00f3 su colecci\u00f3n de mates y en el cierre el &#8220;regalito final&#8221; que nos dejaron dos excelentes m\u00fasicos como lo son Daniel Cordova y Carlos Polak, para poner al p\u00fablico de pie y darle un cierre de lucidos ribetes.<\/p>\n","protected":false},"excerpt":{"rendered":"<p>httpv:\/\/www.youtube.com\/watch?v=8zp62YsCu-E httpv:\/\/www.youtube.com\/watch?v=p350GEz_J7I httpv:\/\/www.youtube.com\/watch?v=ppSCHXenZU4 httpv:\/\/www.youtube.com\/watch?v=OT_lSAOzK60 httpv:\/\/www.youtube.com\/watch?v=hOJcCnHikbo Recordando a Jos\u00e9 Hernandez se cerr\u00f3 en la Biblioteca Popular Ernesto Tornquist un exitoso ciclo 2014 de los Caf\u00e9 Literario Musical, aunque en esta oportunidad se convirti\u00f3 en &#8220;Mate Literario y Musical&#8221;. Para recordar nuestra tradici\u00f3n se recit\u00f3 al Mart\u00edn Fierro, hubo una exposici\u00f3n de mates y la m\u00fasica estuvo [&hellip;]<\/p>\n","protected":false},"author":1,"featured_media":0,"comment_status":"closed","ping_status":"open","sticky":false,"template":"","format":"standard","meta":{"footnotes":""},"categories":[51,52,56,64],"tags":[],"class_list":["post-25539","post","type-post","status-publish","format-standard","hentry","category-comunidad","category-destacadas","category-espectaculos","category-videos-destacados"],"yoast_head":"<!-- This site is optimized with the Yoast SEO plugin v19.7.1 - https:\/\/yoast.com\/wordpress\/plugins\/seo\/ -->\n<title>ESTUPENDO CIERRE DEL &quot;MATE&quot; LITERARIO MUSICAL EN LA BIBLIOTECA E. TORNQUIST (videos y notas) - CELTTV<\/title>\n<meta name=\"description\" content=\"Sitio web de noticias de la localidad de Tornquist, provincia de Buenos Aires, Rep\u00fablica Argentina. Contenido propio originado por periodistas de CELTTV, el canal de TV local de la Cooperativa El\u00e9ctrica de Tornquist. Turismo, Pol\u00edtica, Sociedad, Deporte, Cultura y todo el contenido de inter\u00e9s general que la gente del pueblo y la regi\u00f3n debe conocer.\" \/>\n<meta name=\"robots\" content=\"index, follow, max-snippet:-1, max-image-preview:large, max-video-preview:-1\" \/>\n<link rel=\"canonical\" href=\"https:\/\/www.celttv.com.ar\/index.php\/2014\/12\/06\/estupendo-cierre-del-mate-literario-musical-en-la-biblioteca-e-tornquist-videos-y-notas\/\" \/>\n<meta property=\"og:locale\" content=\"es_ES\" \/>\n<meta property=\"og:type\" content=\"article\" \/>\n<meta property=\"og:title\" content=\"ESTUPENDO CIERRE DEL &quot;MATE&quot; LITERARIO MUSICAL EN LA BIBLIOTECA E. TORNQUIST (videos y notas) - CELTTV\" \/>\n<meta property=\"og:description\" content=\"Sitio web de noticias de la localidad de Tornquist, provincia de Buenos Aires, Rep\u00fablica Argentina. Contenido propio originado por periodistas de CELTTV, el canal de TV local de la Cooperativa El\u00e9ctrica de Tornquist. Turismo, Pol\u00edtica, Sociedad, Deporte, Cultura y todo el contenido de inter\u00e9s general que la gente del pueblo y la regi\u00f3n debe conocer.\" \/>\n<meta property=\"og:url\" content=\"https:\/\/www.celttv.com.ar\/index.php\/2014\/12\/06\/estupendo-cierre-del-mate-literario-musical-en-la-biblioteca-e-tornquist-videos-y-notas\/\" \/>\n<meta property=\"og:site_name\" content=\"CELTTV\" \/>\n<meta property=\"article:publisher\" content=\"https:\/\/www.facebook.com\/celtTV\/\" \/>\n<meta property=\"article:published_time\" content=\"2014-12-06T00:18:51+00:00\" \/>\n<meta name=\"author\" content=\"ulises\" \/>\n<meta name=\"twitter:card\" content=\"summary_large_image\" \/>\n<meta name=\"twitter:label1\" content=\"Escrito por\" \/>\n\t<meta name=\"twitter:data1\" content=\"ulises\" \/>\n\t<meta name=\"twitter:label2\" content=\"Tiempo de lectura\" \/>\n\t<meta name=\"twitter:data2\" content=\"1 minuto\" \/>\n<script type=\"application\/ld+json\" class=\"yoast-schema-graph\">{\"@context\":\"https:\/\/schema.org\",\"@graph\":[{\"@type\":\"NewsArticle\",\"@id\":\"https:\/\/www.celttv.com.ar\/index.php\/2014\/12\/06\/estupendo-cierre-del-mate-literario-musical-en-la-biblioteca-e-tornquist-videos-y-notas\/#article\",\"isPartOf\":{\"@id\":\"https:\/\/www.celttv.com.ar\/index.php\/2014\/12\/06\/estupendo-cierre-del-mate-literario-musical-en-la-biblioteca-e-tornquist-videos-y-notas\/\"},\"author\":{\"name\":\"ulises\",\"@id\":\"https:\/\/www.celttv.com.ar\/#\/schema\/person\/6d99c072dba59953809c81446e9d0ace\"},\"headline\":\"ESTUPENDO CIERRE DEL &#8220;MATE&#8221; LITERARIO MUSICAL EN LA BIBLIOTECA E. TORNQUIST (videos y notas)\",\"datePublished\":\"2014-12-06T00:18:51+00:00\",\"dateModified\":\"2014-12-06T00:18:51+00:00\",\"mainEntityOfPage\":{\"@id\":\"https:\/\/www.celttv.com.ar\/index.php\/2014\/12\/06\/estupendo-cierre-del-mate-literario-musical-en-la-biblioteca-e-tornquist-videos-y-notas\/\"},\"wordCount\":230,\"publisher\":{\"@id\":\"https:\/\/www.celttv.com.ar\/#organization\"},\"articleSection\":[\"Comunidad\",\"Destacadas\",\"Espect\u00e1culos\",\"Videos Destacados\"],\"inLanguage\":\"es\"},{\"@type\":\"WebPage\",\"@id\":\"https:\/\/www.celttv.com.ar\/index.php\/2014\/12\/06\/estupendo-cierre-del-mate-literario-musical-en-la-biblioteca-e-tornquist-videos-y-notas\/\",\"url\":\"https:\/\/www.celttv.com.ar\/index.php\/2014\/12\/06\/estupendo-cierre-del-mate-literario-musical-en-la-biblioteca-e-tornquist-videos-y-notas\/\",\"name\":\"ESTUPENDO CIERRE DEL \\\"MATE\\\" LITERARIO MUSICAL EN LA BIBLIOTECA E. TORNQUIST (videos y notas) - CELTTV\",\"isPartOf\":{\"@id\":\"https:\/\/www.celttv.com.ar\/#website\"},\"datePublished\":\"2014-12-06T00:18:51+00:00\",\"dateModified\":\"2014-12-06T00:18:51+00:00\",\"description\":\"Sitio web de noticias de la localidad de Tornquist, provincia de Buenos Aires, Rep\u00fablica Argentina. Contenido propio originado por periodistas de CELTTV, el canal de TV local de la Cooperativa El\u00e9ctrica de Tornquist. Turismo, Pol\u00edtica, Sociedad, Deporte, Cultura y todo el contenido de inter\u00e9s general que la gente del pueblo y la regi\u00f3n debe conocer.\",\"breadcrumb\":{\"@id\":\"https:\/\/www.celttv.com.ar\/index.php\/2014\/12\/06\/estupendo-cierre-del-mate-literario-musical-en-la-biblioteca-e-tornquist-videos-y-notas\/#breadcrumb\"},\"inLanguage\":\"es\",\"potentialAction\":[{\"@type\":\"ReadAction\",\"target\":[\"https:\/\/www.celttv.com.ar\/index.php\/2014\/12\/06\/estupendo-cierre-del-mate-literario-musical-en-la-biblioteca-e-tornquist-videos-y-notas\/\"]}]},{\"@type\":\"BreadcrumbList\",\"@id\":\"https:\/\/www.celttv.com.ar\/index.php\/2014\/12\/06\/estupendo-cierre-del-mate-literario-musical-en-la-biblioteca-e-tornquist-videos-y-notas\/#breadcrumb\",\"itemListElement\":[{\"@type\":\"ListItem\",\"position\":1,\"name\":\"Inicio\",\"item\":\"https:\/\/www.celttv.com.ar\/\"},{\"@type\":\"ListItem\",\"position\":2,\"name\":\"ESTUPENDO CIERRE DEL &#8220;MATE&#8221; LITERARIO MUSICAL EN LA BIBLIOTECA E. TORNQUIST (videos y notas)\"}]},{\"@type\":\"WebSite\",\"@id\":\"https:\/\/www.celttv.com.ar\/#website\",\"url\":\"https:\/\/www.celttv.com.ar\/\",\"name\":\"CELTTV\",\"description\":\"Cooperativa El\u00e9ctrica de Tornquist\",\"publisher\":{\"@id\":\"https:\/\/www.celttv.com.ar\/#organization\"},\"potentialAction\":[{\"@type\":\"SearchAction\",\"target\":{\"@type\":\"EntryPoint\",\"urlTemplate\":\"https:\/\/www.celttv.com.ar\/?s={search_term_string}\"},\"query-input\":\"required name=search_term_string\"}],\"inLanguage\":\"es\"},{\"@type\":\"Organization\",\"@id\":\"https:\/\/www.celttv.com.ar\/#organization\",\"name\":\"CELTTV\",\"url\":\"https:\/\/www.celttv.com.ar\/\",\"sameAs\":[\"https:\/\/www.youtube.com\/channel\/UCz_oIt8Hig64Ub-EmcNPIhg\",\"https:\/\/www.facebook.com\/celtTV\/\"],\"logo\":{\"@type\":\"ImageObject\",\"inLanguage\":\"es\",\"@id\":\"https:\/\/www.celttv.com.ar\/#\/schema\/logo\/image\/\",\"url\":\"http:\/\/www.celttv.com.ar\/wp-content\/uploads\/2022\/08\/logo-1.png\",\"contentUrl\":\"http:\/\/www.celttv.com.ar\/wp-content\/uploads\/2022\/08\/logo-1.png\",\"width\":461,\"height\":159,\"caption\":\"CELTTV\"},\"image\":{\"@id\":\"https:\/\/www.celttv.com.ar\/#\/schema\/logo\/image\/\"}},{\"@type\":\"Person\",\"@id\":\"https:\/\/www.celttv.com.ar\/#\/schema\/person\/6d99c072dba59953809c81446e9d0ace\",\"name\":\"ulises\",\"image\":{\"@type\":\"ImageObject\",\"inLanguage\":\"es\",\"@id\":\"https:\/\/www.celttv.com.ar\/#\/schema\/person\/image\/\",\"url\":\"https:\/\/secure.gravatar.com\/avatar\/7f2c48bdc33b30088f941fb6082e555f2874c98e20cb159d7b92b50eadfce793?s=96&d=mm&r=g\",\"contentUrl\":\"https:\/\/secure.gravatar.com\/avatar\/7f2c48bdc33b30088f941fb6082e555f2874c98e20cb159d7b92b50eadfce793?s=96&d=mm&r=g\",\"caption\":\"ulises\"},\"sameAs\":[\"http:\/\/www.celttv.com.ar\"]}]}<\/script>\n<!-- \/ Yoast SEO plugin. -->","yoast_head_json":{"title":"ESTUPENDO CIERRE DEL \"MATE\" LITERARIO MUSICAL EN LA BIBLIOTECA E. TORNQUIST (videos y notas) - CELTTV","description":"Sitio web de noticias de la localidad de Tornquist, provincia de Buenos Aires, Rep\u00fablica Argentina. Contenido propio originado por periodistas de CELTTV, el canal de TV local de la Cooperativa El\u00e9ctrica de Tornquist. Turismo, Pol\u00edtica, Sociedad, Deporte, Cultura y todo el contenido de inter\u00e9s general que la gente del pueblo y la regi\u00f3n debe conocer.","robots":{"index":"index","follow":"follow","max-snippet":"max-snippet:-1","max-image-preview":"max-image-preview:large","max-video-preview":"max-video-preview:-1"},"canonical":"https:\/\/www.celttv.com.ar\/index.php\/2014\/12\/06\/estupendo-cierre-del-mate-literario-musical-en-la-biblioteca-e-tornquist-videos-y-notas\/","og_locale":"es_ES","og_type":"article","og_title":"ESTUPENDO CIERRE DEL \"MATE\" LITERARIO MUSICAL EN LA BIBLIOTECA E. TORNQUIST (videos y notas) - CELTTV","og_description":"Sitio web de noticias de la localidad de Tornquist, provincia de Buenos Aires, Rep\u00fablica Argentina. Contenido propio originado por periodistas de CELTTV, el canal de TV local de la Cooperativa El\u00e9ctrica de Tornquist. Turismo, Pol\u00edtica, Sociedad, Deporte, Cultura y todo el contenido de inter\u00e9s general que la gente del pueblo y la regi\u00f3n debe conocer.","og_url":"https:\/\/www.celttv.com.ar\/index.php\/2014\/12\/06\/estupendo-cierre-del-mate-literario-musical-en-la-biblioteca-e-tornquist-videos-y-notas\/","og_site_name":"CELTTV","article_publisher":"https:\/\/www.facebook.com\/celtTV\/","article_published_time":"2014-12-06T00:18:51+00:00","author":"ulises","twitter_card":"summary_large_image","twitter_misc":{"Escrito por":"ulises","Tiempo de lectura":"1 minuto"},"schema":{"@context":"https:\/\/schema.org","@graph":[{"@type":"NewsArticle","@id":"https:\/\/www.celttv.com.ar\/index.php\/2014\/12\/06\/estupendo-cierre-del-mate-literario-musical-en-la-biblioteca-e-tornquist-videos-y-notas\/#article","isPartOf":{"@id":"https:\/\/www.celttv.com.ar\/index.php\/2014\/12\/06\/estupendo-cierre-del-mate-literario-musical-en-la-biblioteca-e-tornquist-videos-y-notas\/"},"author":{"name":"ulises","@id":"https:\/\/www.celttv.com.ar\/#\/schema\/person\/6d99c072dba59953809c81446e9d0ace"},"headline":"ESTUPENDO CIERRE DEL &#8220;MATE&#8221; LITERARIO MUSICAL EN LA BIBLIOTECA E. TORNQUIST (videos y notas)","datePublished":"2014-12-06T00:18:51+00:00","dateModified":"2014-12-06T00:18:51+00:00","mainEntityOfPage":{"@id":"https:\/\/www.celttv.com.ar\/index.php\/2014\/12\/06\/estupendo-cierre-del-mate-literario-musical-en-la-biblioteca-e-tornquist-videos-y-notas\/"},"wordCount":230,"publisher":{"@id":"https:\/\/www.celttv.com.ar\/#organization"},"articleSection":["Comunidad","Destacadas","Espect\u00e1culos","Videos Destacados"],"inLanguage":"es"},{"@type":"WebPage","@id":"https:\/\/www.celttv.com.ar\/index.php\/2014\/12\/06\/estupendo-cierre-del-mate-literario-musical-en-la-biblioteca-e-tornquist-videos-y-notas\/","url":"https:\/\/www.celttv.com.ar\/index.php\/2014\/12\/06\/estupendo-cierre-del-mate-literario-musical-en-la-biblioteca-e-tornquist-videos-y-notas\/","name":"ESTUPENDO CIERRE DEL \"MATE\" LITERARIO MUSICAL EN LA BIBLIOTECA E. TORNQUIST (videos y notas) - CELTTV","isPartOf":{"@id":"https:\/\/www.celttv.com.ar\/#website"},"datePublished":"2014-12-06T00:18:51+00:00","dateModified":"2014-12-06T00:18:51+00:00","description":"Sitio web de noticias de la localidad de Tornquist, provincia de Buenos Aires, Rep\u00fablica Argentina. Contenido propio originado por periodistas de CELTTV, el canal de TV local de la Cooperativa El\u00e9ctrica de Tornquist. Turismo, Pol\u00edtica, Sociedad, Deporte, Cultura y todo el contenido de inter\u00e9s general que la gente del pueblo y la regi\u00f3n debe conocer.","breadcrumb":{"@id":"https:\/\/www.celttv.com.ar\/index.php\/2014\/12\/06\/estupendo-cierre-del-mate-literario-musical-en-la-biblioteca-e-tornquist-videos-y-notas\/#breadcrumb"},"inLanguage":"es","potentialAction":[{"@type":"ReadAction","target":["https:\/\/www.celttv.com.ar\/index.php\/2014\/12\/06\/estupendo-cierre-del-mate-literario-musical-en-la-biblioteca-e-tornquist-videos-y-notas\/"]}]},{"@type":"BreadcrumbList","@id":"https:\/\/www.celttv.com.ar\/index.php\/2014\/12\/06\/estupendo-cierre-del-mate-literario-musical-en-la-biblioteca-e-tornquist-videos-y-notas\/#breadcrumb","itemListElement":[{"@type":"ListItem","position":1,"name":"Inicio","item":"https:\/\/www.celttv.com.ar\/"},{"@type":"ListItem","position":2,"name":"ESTUPENDO CIERRE DEL &#8220;MATE&#8221; LITERARIO MUSICAL EN LA BIBLIOTECA E. TORNQUIST (videos y notas)"}]},{"@type":"WebSite","@id":"https:\/\/www.celttv.com.ar\/#website","url":"https:\/\/www.celttv.com.ar\/","name":"CELTTV","description":"Cooperativa El\u00e9ctrica de Tornquist","publisher":{"@id":"https:\/\/www.celttv.com.ar\/#organization"},"potentialAction":[{"@type":"SearchAction","target":{"@type":"EntryPoint","urlTemplate":"https:\/\/www.celttv.com.ar\/?s={search_term_string}"},"query-input":"required name=search_term_string"}],"inLanguage":"es"},{"@type":"Organization","@id":"https:\/\/www.celttv.com.ar\/#organization","name":"CELTTV","url":"https:\/\/www.celttv.com.ar\/","sameAs":["https:\/\/www.youtube.com\/channel\/UCz_oIt8Hig64Ub-EmcNPIhg","https:\/\/www.facebook.com\/celtTV\/"],"logo":{"@type":"ImageObject","inLanguage":"es","@id":"https:\/\/www.celttv.com.ar\/#\/schema\/logo\/image\/","url":"http:\/\/www.celttv.com.ar\/wp-content\/uploads\/2022\/08\/logo-1.png","contentUrl":"http:\/\/www.celttv.com.ar\/wp-content\/uploads\/2022\/08\/logo-1.png","width":461,"height":159,"caption":"CELTTV"},"image":{"@id":"https:\/\/www.celttv.com.ar\/#\/schema\/logo\/image\/"}},{"@type":"Person","@id":"https:\/\/www.celttv.com.ar\/#\/schema\/person\/6d99c072dba59953809c81446e9d0ace","name":"ulises","image":{"@type":"ImageObject","inLanguage":"es","@id":"https:\/\/www.celttv.com.ar\/#\/schema\/person\/image\/","url":"https:\/\/secure.gravatar.com\/avatar\/7f2c48bdc33b30088f941fb6082e555f2874c98e20cb159d7b92b50eadfce793?s=96&d=mm&r=g","contentUrl":"https:\/\/secure.gravatar.com\/avatar\/7f2c48bdc33b30088f941fb6082e555f2874c98e20cb159d7b92b50eadfce793?s=96&d=mm&r=g","caption":"ulises"},"sameAs":["http:\/\/www.celttv.com.ar"]}]}},"_links":{"self":[{"href":"https:\/\/www.celttv.com.ar\/index.php\/wp-json\/wp\/v2\/posts\/25539","targetHints":{"allow":["GET"]}}],"collection":[{"href":"https:\/\/www.celttv.com.ar\/index.php\/wp-json\/wp\/v2\/posts"}],"about":[{"href":"https:\/\/www.celttv.com.ar\/index.php\/wp-json\/wp\/v2\/types\/post"}],"author":[{"embeddable":true,"href":"https:\/\/www.celttv.com.ar\/index.php\/wp-json\/wp\/v2\/users\/1"}],"replies":[{"embeddable":true,"href":"https:\/\/www.celttv.com.ar\/index.php\/wp-json\/wp\/v2\/comments?post=25539"}],"version-history":[{"count":0,"href":"https:\/\/www.celttv.com.ar\/index.php\/wp-json\/wp\/v2\/posts\/25539\/revisions"}],"wp:attachment":[{"href":"https:\/\/www.celttv.com.ar\/index.php\/wp-json\/wp\/v2\/media?parent=25539"}],"wp:term":[{"taxonomy":"category","embeddable":true,"href":"https:\/\/www.celttv.com.ar\/index.php\/wp-json\/wp\/v2\/categories?post=25539"},{"taxonomy":"post_tag","embeddable":true,"href":"https:\/\/www.celttv.com.ar\/index.php\/wp-json\/wp\/v2\/tags?post=25539"}],"curies":[{"name":"wp","href":"https:\/\/api.w.org\/{rel}","templated":true}]}}