{"id":25542,"date":"2014-12-09T22:23:45","date_gmt":"2014-12-09T22:23:45","guid":{"rendered":"http:\/\/www.tvcnoticias.com.ar\/?p=25542"},"modified":"2014-12-09T22:23:45","modified_gmt":"2014-12-09T22:23:45","slug":"avanza-la-posibilidad-de-instalar-un-generador-de-energia-para-tornquist","status":"publish","type":"post","link":"https:\/\/www.celttv.com.ar\/index.php\/2014\/12\/09\/avanza-la-posibilidad-de-instalar-un-generador-de-energia-para-tornquist\/","title":{"rendered":"AVANZA LA POSIBILIDAD DE INSTALAR UN GENERADOR DE ENERG\u00cdA PARA TORNQUIST"},"content":{"rendered":"<p><a rel=\"attachment wp-att-25545\" href=\"http:\/\/www.tvcnoticias.com.ar\/?attachment_id=25545\"><img loading=\"lazy\" decoding=\"async\" class=\"aligncenter size-medium wp-image-25545\" title=\"DSCN9272 (1024x768) (Small)\" src=\"http:\/\/www.tvcnoticias.com.ar\/wp-content\/uploads\/2014\/12\/DSCN9272-1024x768-Small-450x351.jpg\" alt=\"\" width=\"450\" height=\"351\" \/><\/a><br \/>\nUna reuni\u00f3n para coordinar las acciones que deben realizarse para la posible instalaci\u00f3n de un generador que incremente la oferta de energ\u00eda de nuestro distrito, que incluy\u00f3 una recorrida al predio en donde el mismo podr\u00eda instalarse, se llev\u00f3 a cabo en las primeras horas de la tarde de hoy.<br \/>\nEl encuentro cont\u00f3 con la participaci\u00f3n del intendente municipal, licenciado Gustavo Trankels; el ingeniero Julio P\u00e9rez, de la empresa EDES; el gerente regional de la firma Camuzzi SA, Miguel Rudy; el ingeniero Roberto Limoncelli, de Papelera del Sur; el ingeniero Edgard Barone, de la Cooperativa El\u00e9ctrica de Tornquist; representantes de la empresa Sullair Argentina (proveedora del generador); y Gustavo Bonotti y Gustavo Perrone, de las entidades cooperativas de Chasic\u00f3 y Saldungaray.<br \/>\nDurante el transcurso del encuentro, se analizaron diferentes aspectos relacionados con la instalaci\u00f3n de las mencionadas m\u00e1quinas, que tienen una capacidad de generaci\u00f3n de 5 MV.<br \/>\n\u201cAvanzamos much\u00edsimo en esta inquietud que tenemos no s\u00f3lo los tornquistenses sino toda la gente de la zona. Era necesario tener una reuni\u00f3n para ir resolviendo aspectos t\u00e9cnicos, por eso le agradezco el esfuerzo a todos los que se hicieron presentes. Debido a que el equipo que se est\u00e1 planificando instalar es una turbina que funciona a gas, necesitamos la provisi\u00f3n por parte de Camuzzi, lo cual amerita antes tener la factibilidad t\u00e9cnica\u201d, enfatiz\u00f3 el jefe comunal.<br \/>\n\u201cLa participaci\u00f3n que observamos en este encuentro demuestra que existe voluntad pol\u00edtica y ganas de contribuir y ayudar. Hay actores del \u00e1mbito cooperativo y estatal, y contamos con el apoyo del ministro de Infraestructura de la Naci\u00f3n, Julio De Vido, quien tom\u00f3 la decisi\u00f3n, a trav\u00e9s de Enarsa, de que Sullair sea el proveedor de este equipo. Estamos hablando de una inversi\u00f3n millonaria que no hubi\u00e9semos podido hacer nosotros ni las cooperativas y contamos con la buena voluntad de Camuzzi, que es una empresa privada pero con un gran compromiso social, que est\u00e1 presente para tratar de contribuir para una soluci\u00f3n para todos los tornquistenses\u201d, resalt\u00f3 y agradeci\u00f3 tambi\u00e9n el compromiso del secretario de Servicios P\u00fablicos bonaerense, Franco Laporta, y todo el equipo de trabajo que lo acompa\u00f1a.<br \/>\nEl intendente Trankels destac\u00f3 que habr\u00e1 much\u00edsimo trabajo para realizar en el futuro inmediato, aunque destac\u00f3 la gran predisposici\u00f3n de todos los sectores y puso a disposici\u00f3n todos los elementos que se encuentren al alcance de la gesti\u00f3n de gobierno municipal.<br \/>\n&nbsp;<br \/>\n&nbsp;<\/p>\n","protected":false},"excerpt":{"rendered":"<p>Una reuni\u00f3n para coordinar las acciones que deben realizarse para la posible instalaci\u00f3n de un generador que incremente la oferta de energ\u00eda de nuestro distrito, que incluy\u00f3 una recorrida al predio en donde el mismo podr\u00eda instalarse, se llev\u00f3 a cabo en las primeras horas de la tarde de hoy. El encuentro cont\u00f3 con la [&hellip;]<\/p>\n","protected":false},"author":1,"featured_media":0,"comment_status":"closed","ping_status":"open","sticky":false,"template":"","format":"standard","meta":{"footnotes":""},"categories":[51,52,53],"tags":[],"class_list":["post-25542","post","type-post","status-publish","format-standard","hentry","category-comunidad","category-destacadas","category-politica"],"yoast_head":"<!-- This site is optimized with the Yoast SEO plugin v19.7.1 - https:\/\/yoast.com\/wordpress\/plugins\/seo\/ -->\n<title>AVANZA LA POSIBILIDAD DE INSTALAR UN GENERADOR DE ENERG\u00cdA PARA TORNQUIST - CELTTV<\/title>\n<meta name=\"description\" content=\"Sitio web de noticias de la localidad de Tornquist, provincia de Buenos Aires, Rep\u00fablica Argentina. Contenido propio originado por periodistas de CELTTV, el canal de TV local de la Cooperativa El\u00e9ctrica de Tornquist. Turismo, Pol\u00edtica, Sociedad, Deporte, Cultura y todo el contenido de inter\u00e9s general que la gente del pueblo y la regi\u00f3n debe conocer.\" \/>\n<meta name=\"robots\" content=\"index, follow, max-snippet:-1, max-image-preview:large, max-video-preview:-1\" \/>\n<link rel=\"canonical\" href=\"https:\/\/www.celttv.com.ar\/index.php\/2014\/12\/09\/avanza-la-posibilidad-de-instalar-un-generador-de-energia-para-tornquist\/\" \/>\n<meta property=\"og:locale\" content=\"es_ES\" \/>\n<meta property=\"og:type\" content=\"article\" \/>\n<meta property=\"og:title\" content=\"AVANZA LA POSIBILIDAD DE INSTALAR UN GENERADOR DE ENERG\u00cdA PARA TORNQUIST - CELTTV\" \/>\n<meta property=\"og:description\" content=\"Sitio web de noticias de la localidad de Tornquist, provincia de Buenos Aires, Rep\u00fablica Argentina. Contenido propio originado por periodistas de CELTTV, el canal de TV local de la Cooperativa El\u00e9ctrica de Tornquist. Turismo, Pol\u00edtica, Sociedad, Deporte, Cultura y todo el contenido de inter\u00e9s general que la gente del pueblo y la regi\u00f3n debe conocer.\" \/>\n<meta property=\"og:url\" content=\"https:\/\/www.celttv.com.ar\/index.php\/2014\/12\/09\/avanza-la-posibilidad-de-instalar-un-generador-de-energia-para-tornquist\/\" \/>\n<meta property=\"og:site_name\" content=\"CELTTV\" \/>\n<meta property=\"article:publisher\" content=\"https:\/\/www.facebook.com\/celtTV\/\" \/>\n<meta property=\"article:published_time\" content=\"2014-12-09T22:23:45+00:00\" \/>\n<meta property=\"og:image\" content=\"http:\/\/www.tvcnoticias.com.ar\/wp-content\/uploads\/2014\/12\/DSCN9272-1024x768-Small-450x351.jpg\" \/>\n<meta name=\"author\" content=\"ulises\" \/>\n<meta name=\"twitter:card\" content=\"summary_large_image\" \/>\n<meta name=\"twitter:label1\" content=\"Escrito por\" \/>\n\t<meta name=\"twitter:data1\" content=\"ulises\" \/>\n\t<meta name=\"twitter:label2\" content=\"Tiempo de lectura\" \/>\n\t<meta name=\"twitter:data2\" content=\"2 minutos\" \/>\n<script type=\"application\/ld+json\" class=\"yoast-schema-graph\">{\"@context\":\"https:\/\/schema.org\",\"@graph\":[{\"@type\":\"NewsArticle\",\"@id\":\"https:\/\/www.celttv.com.ar\/index.php\/2014\/12\/09\/avanza-la-posibilidad-de-instalar-un-generador-de-energia-para-tornquist\/#article\",\"isPartOf\":{\"@id\":\"https:\/\/www.celttv.com.ar\/index.php\/2014\/12\/09\/avanza-la-posibilidad-de-instalar-un-generador-de-energia-para-tornquist\/\"},\"author\":{\"name\":\"ulises\",\"@id\":\"https:\/\/www.celttv.com.ar\/#\/schema\/person\/6d99c072dba59953809c81446e9d0ace\"},\"headline\":\"AVANZA LA POSIBILIDAD DE INSTALAR UN GENERADOR DE ENERG\u00cdA PARA TORNQUIST\",\"datePublished\":\"2014-12-09T22:23:45+00:00\",\"dateModified\":\"2014-12-09T22:23:45+00:00\",\"mainEntityOfPage\":{\"@id\":\"https:\/\/www.celttv.com.ar\/index.php\/2014\/12\/09\/avanza-la-posibilidad-de-instalar-un-generador-de-energia-para-tornquist\/\"},\"wordCount\":441,\"publisher\":{\"@id\":\"https:\/\/www.celttv.com.ar\/#organization\"},\"articleSection\":[\"Comunidad\",\"Destacadas\",\"Pol\u00edtica\"],\"inLanguage\":\"es\"},{\"@type\":\"WebPage\",\"@id\":\"https:\/\/www.celttv.com.ar\/index.php\/2014\/12\/09\/avanza-la-posibilidad-de-instalar-un-generador-de-energia-para-tornquist\/\",\"url\":\"https:\/\/www.celttv.com.ar\/index.php\/2014\/12\/09\/avanza-la-posibilidad-de-instalar-un-generador-de-energia-para-tornquist\/\",\"name\":\"AVANZA LA POSIBILIDAD DE INSTALAR UN GENERADOR DE ENERG\u00cdA PARA TORNQUIST - CELTTV\",\"isPartOf\":{\"@id\":\"https:\/\/www.celttv.com.ar\/#website\"},\"datePublished\":\"2014-12-09T22:23:45+00:00\",\"dateModified\":\"2014-12-09T22:23:45+00:00\",\"description\":\"Sitio web de noticias de la localidad de Tornquist, provincia de Buenos Aires, Rep\u00fablica Argentina. Contenido propio originado por periodistas de CELTTV, el canal de TV local de la Cooperativa El\u00e9ctrica de Tornquist. Turismo, Pol\u00edtica, Sociedad, Deporte, Cultura y todo el contenido de inter\u00e9s general que la gente del pueblo y la regi\u00f3n debe conocer.\",\"breadcrumb\":{\"@id\":\"https:\/\/www.celttv.com.ar\/index.php\/2014\/12\/09\/avanza-la-posibilidad-de-instalar-un-generador-de-energia-para-tornquist\/#breadcrumb\"},\"inLanguage\":\"es\",\"potentialAction\":[{\"@type\":\"ReadAction\",\"target\":[\"https:\/\/www.celttv.com.ar\/index.php\/2014\/12\/09\/avanza-la-posibilidad-de-instalar-un-generador-de-energia-para-tornquist\/\"]}]},{\"@type\":\"BreadcrumbList\",\"@id\":\"https:\/\/www.celttv.com.ar\/index.php\/2014\/12\/09\/avanza-la-posibilidad-de-instalar-un-generador-de-energia-para-tornquist\/#breadcrumb\",\"itemListElement\":[{\"@type\":\"ListItem\",\"position\":1,\"name\":\"Inicio\",\"item\":\"https:\/\/www.celttv.com.ar\/\"},{\"@type\":\"ListItem\",\"position\":2,\"name\":\"AVANZA LA POSIBILIDAD DE INSTALAR UN GENERADOR DE ENERG\u00cdA PARA TORNQUIST\"}]},{\"@type\":\"WebSite\",\"@id\":\"https:\/\/www.celttv.com.ar\/#website\",\"url\":\"https:\/\/www.celttv.com.ar\/\",\"name\":\"CELTTV\",\"description\":\"Cooperativa El\u00e9ctrica de Tornquist\",\"publisher\":{\"@id\":\"https:\/\/www.celttv.com.ar\/#organization\"},\"potentialAction\":[{\"@type\":\"SearchAction\",\"target\":{\"@type\":\"EntryPoint\",\"urlTemplate\":\"https:\/\/www.celttv.com.ar\/?s={search_term_string}\"},\"query-input\":\"required name=search_term_string\"}],\"inLanguage\":\"es\"},{\"@type\":\"Organization\",\"@id\":\"https:\/\/www.celttv.com.ar\/#organization\",\"name\":\"CELTTV\",\"url\":\"https:\/\/www.celttv.com.ar\/\",\"sameAs\":[\"https:\/\/www.youtube.com\/channel\/UCz_oIt8Hig64Ub-EmcNPIhg\",\"https:\/\/www.facebook.com\/celtTV\/\"],\"logo\":{\"@type\":\"ImageObject\",\"inLanguage\":\"es\",\"@id\":\"https:\/\/www.celttv.com.ar\/#\/schema\/logo\/image\/\",\"url\":\"http:\/\/www.celttv.com.ar\/wp-content\/uploads\/2022\/08\/logo-1.png\",\"contentUrl\":\"http:\/\/www.celttv.com.ar\/wp-content\/uploads\/2022\/08\/logo-1.png\",\"width\":461,\"height\":159,\"caption\":\"CELTTV\"},\"image\":{\"@id\":\"https:\/\/www.celttv.com.ar\/#\/schema\/logo\/image\/\"}},{\"@type\":\"Person\",\"@id\":\"https:\/\/www.celttv.com.ar\/#\/schema\/person\/6d99c072dba59953809c81446e9d0ace\",\"name\":\"ulises\",\"image\":{\"@type\":\"ImageObject\",\"inLanguage\":\"es\",\"@id\":\"https:\/\/www.celttv.com.ar\/#\/schema\/person\/image\/\",\"url\":\"https:\/\/secure.gravatar.com\/avatar\/7f2c48bdc33b30088f941fb6082e555f2874c98e20cb159d7b92b50eadfce793?s=96&d=mm&r=g\",\"contentUrl\":\"https:\/\/secure.gravatar.com\/avatar\/7f2c48bdc33b30088f941fb6082e555f2874c98e20cb159d7b92b50eadfce793?s=96&d=mm&r=g\",\"caption\":\"ulises\"},\"sameAs\":[\"http:\/\/www.celttv.com.ar\"]}]}<\/script>\n<!-- \/ Yoast SEO plugin. -->","yoast_head_json":{"title":"AVANZA LA POSIBILIDAD DE INSTALAR UN GENERADOR DE ENERG\u00cdA PARA TORNQUIST - CELTTV","description":"Sitio web de noticias de la localidad de Tornquist, provincia de Buenos Aires, Rep\u00fablica Argentina. Contenido propio originado por periodistas de CELTTV, el canal de TV local de la Cooperativa El\u00e9ctrica de Tornquist. Turismo, Pol\u00edtica, Sociedad, Deporte, Cultura y todo el contenido de inter\u00e9s general que la gente del pueblo y la regi\u00f3n debe conocer.","robots":{"index":"index","follow":"follow","max-snippet":"max-snippet:-1","max-image-preview":"max-image-preview:large","max-video-preview":"max-video-preview:-1"},"canonical":"https:\/\/www.celttv.com.ar\/index.php\/2014\/12\/09\/avanza-la-posibilidad-de-instalar-un-generador-de-energia-para-tornquist\/","og_locale":"es_ES","og_type":"article","og_title":"AVANZA LA POSIBILIDAD DE INSTALAR UN GENERADOR DE ENERG\u00cdA PARA TORNQUIST - CELTTV","og_description":"Sitio web de noticias de la localidad de Tornquist, provincia de Buenos Aires, Rep\u00fablica Argentina. Contenido propio originado por periodistas de CELTTV, el canal de TV local de la Cooperativa El\u00e9ctrica de Tornquist. Turismo, Pol\u00edtica, Sociedad, Deporte, Cultura y todo el contenido de inter\u00e9s general que la gente del pueblo y la regi\u00f3n debe conocer.","og_url":"https:\/\/www.celttv.com.ar\/index.php\/2014\/12\/09\/avanza-la-posibilidad-de-instalar-un-generador-de-energia-para-tornquist\/","og_site_name":"CELTTV","article_publisher":"https:\/\/www.facebook.com\/celtTV\/","article_published_time":"2014-12-09T22:23:45+00:00","og_image":[{"url":"http:\/\/www.tvcnoticias.com.ar\/wp-content\/uploads\/2014\/12\/DSCN9272-1024x768-Small-450x351.jpg"}],"author":"ulises","twitter_card":"summary_large_image","twitter_misc":{"Escrito por":"ulises","Tiempo de lectura":"2 minutos"},"schema":{"@context":"https:\/\/schema.org","@graph":[{"@type":"NewsArticle","@id":"https:\/\/www.celttv.com.ar\/index.php\/2014\/12\/09\/avanza-la-posibilidad-de-instalar-un-generador-de-energia-para-tornquist\/#article","isPartOf":{"@id":"https:\/\/www.celttv.com.ar\/index.php\/2014\/12\/09\/avanza-la-posibilidad-de-instalar-un-generador-de-energia-para-tornquist\/"},"author":{"name":"ulises","@id":"https:\/\/www.celttv.com.ar\/#\/schema\/person\/6d99c072dba59953809c81446e9d0ace"},"headline":"AVANZA LA POSIBILIDAD DE INSTALAR UN GENERADOR DE ENERG\u00cdA PARA TORNQUIST","datePublished":"2014-12-09T22:23:45+00:00","dateModified":"2014-12-09T22:23:45+00:00","mainEntityOfPage":{"@id":"https:\/\/www.celttv.com.ar\/index.php\/2014\/12\/09\/avanza-la-posibilidad-de-instalar-un-generador-de-energia-para-tornquist\/"},"wordCount":441,"publisher":{"@id":"https:\/\/www.celttv.com.ar\/#organization"},"articleSection":["Comunidad","Destacadas","Pol\u00edtica"],"inLanguage":"es"},{"@type":"WebPage","@id":"https:\/\/www.celttv.com.ar\/index.php\/2014\/12\/09\/avanza-la-posibilidad-de-instalar-un-generador-de-energia-para-tornquist\/","url":"https:\/\/www.celttv.com.ar\/index.php\/2014\/12\/09\/avanza-la-posibilidad-de-instalar-un-generador-de-energia-para-tornquist\/","name":"AVANZA LA POSIBILIDAD DE INSTALAR UN GENERADOR DE ENERG\u00cdA PARA TORNQUIST - CELTTV","isPartOf":{"@id":"https:\/\/www.celttv.com.ar\/#website"},"datePublished":"2014-12-09T22:23:45+00:00","dateModified":"2014-12-09T22:23:45+00:00","description":"Sitio web de noticias de la localidad de Tornquist, provincia de Buenos Aires, Rep\u00fablica Argentina. Contenido propio originado por periodistas de CELTTV, el canal de TV local de la Cooperativa El\u00e9ctrica de Tornquist. Turismo, Pol\u00edtica, Sociedad, Deporte, Cultura y todo el contenido de inter\u00e9s general que la gente del pueblo y la regi\u00f3n debe conocer.","breadcrumb":{"@id":"https:\/\/www.celttv.com.ar\/index.php\/2014\/12\/09\/avanza-la-posibilidad-de-instalar-un-generador-de-energia-para-tornquist\/#breadcrumb"},"inLanguage":"es","potentialAction":[{"@type":"ReadAction","target":["https:\/\/www.celttv.com.ar\/index.php\/2014\/12\/09\/avanza-la-posibilidad-de-instalar-un-generador-de-energia-para-tornquist\/"]}]},{"@type":"BreadcrumbList","@id":"https:\/\/www.celttv.com.ar\/index.php\/2014\/12\/09\/avanza-la-posibilidad-de-instalar-un-generador-de-energia-para-tornquist\/#breadcrumb","itemListElement":[{"@type":"ListItem","position":1,"name":"Inicio","item":"https:\/\/www.celttv.com.ar\/"},{"@type":"ListItem","position":2,"name":"AVANZA LA POSIBILIDAD DE INSTALAR UN GENERADOR DE ENERG\u00cdA PARA TORNQUIST"}]},{"@type":"WebSite","@id":"https:\/\/www.celttv.com.ar\/#website","url":"https:\/\/www.celttv.com.ar\/","name":"CELTTV","description":"Cooperativa El\u00e9ctrica de Tornquist","publisher":{"@id":"https:\/\/www.celttv.com.ar\/#organization"},"potentialAction":[{"@type":"SearchAction","target":{"@type":"EntryPoint","urlTemplate":"https:\/\/www.celttv.com.ar\/?s={search_term_string}"},"query-input":"required name=search_term_string"}],"inLanguage":"es"},{"@type":"Organization","@id":"https:\/\/www.celttv.com.ar\/#organization","name":"CELTTV","url":"https:\/\/www.celttv.com.ar\/","sameAs":["https:\/\/www.youtube.com\/channel\/UCz_oIt8Hig64Ub-EmcNPIhg","https:\/\/www.facebook.com\/celtTV\/"],"logo":{"@type":"ImageObject","inLanguage":"es","@id":"https:\/\/www.celttv.com.ar\/#\/schema\/logo\/image\/","url":"http:\/\/www.celttv.com.ar\/wp-content\/uploads\/2022\/08\/logo-1.png","contentUrl":"http:\/\/www.celttv.com.ar\/wp-content\/uploads\/2022\/08\/logo-1.png","width":461,"height":159,"caption":"CELTTV"},"image":{"@id":"https:\/\/www.celttv.com.ar\/#\/schema\/logo\/image\/"}},{"@type":"Person","@id":"https:\/\/www.celttv.com.ar\/#\/schema\/person\/6d99c072dba59953809c81446e9d0ace","name":"ulises","image":{"@type":"ImageObject","inLanguage":"es","@id":"https:\/\/www.celttv.com.ar\/#\/schema\/person\/image\/","url":"https:\/\/secure.gravatar.com\/avatar\/7f2c48bdc33b30088f941fb6082e555f2874c98e20cb159d7b92b50eadfce793?s=96&d=mm&r=g","contentUrl":"https:\/\/secure.gravatar.com\/avatar\/7f2c48bdc33b30088f941fb6082e555f2874c98e20cb159d7b92b50eadfce793?s=96&d=mm&r=g","caption":"ulises"},"sameAs":["http:\/\/www.celttv.com.ar"]}]}},"_links":{"self":[{"href":"https:\/\/www.celttv.com.ar\/index.php\/wp-json\/wp\/v2\/posts\/25542","targetHints":{"allow":["GET"]}}],"collection":[{"href":"https:\/\/www.celttv.com.ar\/index.php\/wp-json\/wp\/v2\/posts"}],"about":[{"href":"https:\/\/www.celttv.com.ar\/index.php\/wp-json\/wp\/v2\/types\/post"}],"author":[{"embeddable":true,"href":"https:\/\/www.celttv.com.ar\/index.php\/wp-json\/wp\/v2\/users\/1"}],"replies":[{"embeddable":true,"href":"https:\/\/www.celttv.com.ar\/index.php\/wp-json\/wp\/v2\/comments?post=25542"}],"version-history":[{"count":0,"href":"https:\/\/www.celttv.com.ar\/index.php\/wp-json\/wp\/v2\/posts\/25542\/revisions"}],"wp:attachment":[{"href":"https:\/\/www.celttv.com.ar\/index.php\/wp-json\/wp\/v2\/media?parent=25542"}],"wp:term":[{"taxonomy":"category","embeddable":true,"href":"https:\/\/www.celttv.com.ar\/index.php\/wp-json\/wp\/v2\/categories?post=25542"},{"taxonomy":"post_tag","embeddable":true,"href":"https:\/\/www.celttv.com.ar\/index.php\/wp-json\/wp\/v2\/tags?post=25542"}],"curies":[{"name":"wp","href":"https:\/\/api.w.org\/{rel}","templated":true}]}}