{"id":25584,"date":"2014-12-10T00:13:02","date_gmt":"2014-12-10T00:13:02","guid":{"rendered":"http:\/\/www.tvcnoticias.com.ar\/?p=25584"},"modified":"2014-12-10T00:13:02","modified_gmt":"2014-12-10T00:13:02","slug":"liga-de-coronel-suarez-definieron-las-sedes-de-los-cuartos-de-final","status":"publish","type":"post","link":"https:\/\/www.celttv.com.ar\/index.php\/2014\/12\/10\/liga-de-coronel-suarez-definieron-las-sedes-de-los-cuartos-de-final\/","title":{"rendered":"LIGA DE CORONEL SUAREZ: DEFINIERON LAS SEDES DE LOS CUARTOS DE FINAL"},"content":{"rendered":"<p>Habr\u00e1 un partido en Coronel Su\u00e1rez, otro en Pig\u00fc\u00e9, uno en Huanguel\u00e9n y el restante en Puan. Los partidos eliminatorios del torneo Clausura comenzar\u00e1n a las 17:30.<br \/>\n<a rel=\"attachment wp-att-25585\" href=\"http:\/\/www.tvcnoticias.com.ar\/?attachment_id=25585\"><img loading=\"lazy\" decoding=\"async\" class=\"aligncenter size-medium wp-image-25585\" title=\"1430 - ARCO Y PELOTA (Medium)\" src=\"http:\/\/www.tvcnoticias.com.ar\/wp-content\/uploads\/2014\/12\/1430-ARCO-Y-PELOTA-Medium2-450x261.jpg\" alt=\"\" width=\"450\" height=\"261\" \/><\/a>Anoche, en la reuni\u00f3n semanal que llev\u00f3 a cabo el consejo directivo de la Liga Regional de F\u00fatbol de Coronel Su\u00e1rez que preside Ernesto Manuel Palenzona, quedaron definidas las sedes donde el pr\u00f3ximo domingo se disputar\u00e1n los cuartos de final del torneo Clausura.<br \/>\nEn Primera divisi\u00f3n, con horario de comienzo en todos los casos a las 17:30, Deportivo Sarmiento vs. Club Sarmiento confrontar\u00e1n en el estadio \u201cRub\u00e9n Segui\u201d de Boca Juniors, previo sorteo de ciudades que favoreci\u00f3 al club verdirrojo. Dirigir\u00e1 un \u00e1rbitro de Olavarr\u00eda.<br \/>\nEn los otros tres cruces hubo acuerdo entre los clubes. Blanco y Negro vs. Empleados de Comercio se medir\u00e1n en el estadio \u201cJuan Eduardo Christiani\u201d de Atl\u00e9tico Huanguel\u00e9n, bajo el contralor de un juez de Olavarr\u00eda.<br \/>\nBoca Juniors vs. Tiro Federal de Puan se enfrentar\u00e1n en el estadio \u201cWalter Alric\u201d de Deportivo Argentino con el arbitraje de Luis Armani, de la Asociaci\u00f3n Suarense, mientras que Pe\u00f1arol de Pig\u00fc\u00e9 vs. San Mart\u00edn de Carhu\u00e9 chocar\u00e1n en el Polideportivo de Tiro Federal de Puan. Impartir\u00e1 justicia Ram\u00f3n Mart\u00ednez, de la Agrupaci\u00f3n Regional.<br \/>\nTodos los nombrados en primer t\u00e9rmino ser\u00e1n locales a los efectos organizativos como, por ejemplo, la distribuci\u00f3n de hinchadas.<br \/>\n&nbsp;<br \/>\nLos cruces de divisi\u00f3n Reserva<br \/>\n&nbsp;<br \/>\nCon la clasificaci\u00f3n obtenida el \u00faltimo fin de semana por Blanco y Negro y Racing Club, tras ganarle en partidos pendientes por 4 a 0 a Puan F. Club y por 2 a 1 a San Mart\u00edn de Saavedra, en forma respectiva, se complet\u00f3 el cuadro de los cuartos de final.<br \/>\nLos cruces eliminatorios se jugar\u00e1n el pr\u00f3ximo domingo a partir de las 15:30 a manera de preliminar de los encuentros de Primera divisi\u00f3n.<br \/>\nEn cancha de Boca confrontar\u00e1n Racing vs. Club Sarmiento, en la de Atl\u00e9tico Huanguel\u00e9n se medir\u00e1n Blanco y Negro vs. Empleados de Comercio, en la de Deportivo Argentino lo har\u00e1n San Mart\u00edn de Santa Trinidad vs. Tiro Federal de Puan y en la de Tiro de Puan El Progreso vs. San Mart\u00edn de Carhu\u00e9.<br \/>\nEn todos los partidos, tanto de Primera como de Reserva, si al cabo del tiempo reglamentario el marcador est\u00e1 igualado se definir\u00e1 mediante la ejecuci\u00f3n de tiros desde el punto penal.<br \/>\n&nbsp;<br \/>\n&nbsp;<br \/>\n&nbsp;<br \/>\n&nbsp;<\/p>\n","protected":false},"excerpt":{"rendered":"<p>Habr\u00e1 un partido en Coronel Su\u00e1rez, otro en Pig\u00fc\u00e9, uno en Huanguel\u00e9n y el restante en Puan. Los partidos eliminatorios del torneo Clausura comenzar\u00e1n a las 17:30. Anoche, en la reuni\u00f3n semanal que llev\u00f3 a cabo el consejo directivo de la Liga Regional de F\u00fatbol de Coronel Su\u00e1rez que preside Ernesto Manuel Palenzona, quedaron definidas [&hellip;]<\/p>\n","protected":false},"author":1,"featured_media":0,"comment_status":"closed","ping_status":"open","sticky":false,"template":"","format":"standard","meta":{"footnotes":""},"categories":[60,52],"tags":[],"class_list":["post-25584","post","type-post","status-publish","format-standard","hentry","category-deporte","category-destacadas"],"yoast_head":"<!-- This site is optimized with the Yoast SEO plugin v19.7.1 - https:\/\/yoast.com\/wordpress\/plugins\/seo\/ -->\n<title>LIGA DE CORONEL SUAREZ: DEFINIERON LAS SEDES DE LOS CUARTOS DE FINAL - CELTTV<\/title>\n<meta name=\"description\" content=\"Sitio web de noticias de la localidad de Tornquist, provincia de Buenos Aires, Rep\u00fablica Argentina. Contenido propio originado por periodistas de CELTTV, el canal de TV local de la Cooperativa El\u00e9ctrica de Tornquist. Turismo, Pol\u00edtica, Sociedad, Deporte, Cultura y todo el contenido de inter\u00e9s general que la gente del pueblo y la regi\u00f3n debe conocer.\" \/>\n<meta name=\"robots\" content=\"index, follow, max-snippet:-1, max-image-preview:large, max-video-preview:-1\" \/>\n<link rel=\"canonical\" href=\"https:\/\/www.celttv.com.ar\/index.php\/2014\/12\/10\/liga-de-coronel-suarez-definieron-las-sedes-de-los-cuartos-de-final\/\" \/>\n<meta property=\"og:locale\" content=\"es_ES\" \/>\n<meta property=\"og:type\" content=\"article\" \/>\n<meta property=\"og:title\" content=\"LIGA DE CORONEL SUAREZ: DEFINIERON LAS SEDES DE LOS CUARTOS DE FINAL - CELTTV\" \/>\n<meta property=\"og:description\" content=\"Sitio web de noticias de la localidad de Tornquist, provincia de Buenos Aires, Rep\u00fablica Argentina. Contenido propio originado por periodistas de CELTTV, el canal de TV local de la Cooperativa El\u00e9ctrica de Tornquist. Turismo, Pol\u00edtica, Sociedad, Deporte, Cultura y todo el contenido de inter\u00e9s general que la gente del pueblo y la regi\u00f3n debe conocer.\" \/>\n<meta property=\"og:url\" content=\"https:\/\/www.celttv.com.ar\/index.php\/2014\/12\/10\/liga-de-coronel-suarez-definieron-las-sedes-de-los-cuartos-de-final\/\" \/>\n<meta property=\"og:site_name\" content=\"CELTTV\" \/>\n<meta property=\"article:publisher\" content=\"https:\/\/www.facebook.com\/celtTV\/\" \/>\n<meta property=\"article:published_time\" content=\"2014-12-10T00:13:02+00:00\" \/>\n<meta property=\"og:image\" content=\"http:\/\/www.tvcnoticias.com.ar\/wp-content\/uploads\/2014\/12\/1430-ARCO-Y-PELOTA-Medium2-450x261.jpg\" \/>\n<meta name=\"author\" content=\"ulises\" \/>\n<meta name=\"twitter:card\" content=\"summary_large_image\" \/>\n<meta name=\"twitter:label1\" content=\"Escrito por\" \/>\n\t<meta name=\"twitter:data1\" content=\"ulises\" \/>\n\t<meta name=\"twitter:label2\" content=\"Tiempo de lectura\" \/>\n\t<meta name=\"twitter:data2\" content=\"2 minutos\" \/>\n<script type=\"application\/ld+json\" class=\"yoast-schema-graph\">{\"@context\":\"https:\/\/schema.org\",\"@graph\":[{\"@type\":\"NewsArticle\",\"@id\":\"https:\/\/www.celttv.com.ar\/index.php\/2014\/12\/10\/liga-de-coronel-suarez-definieron-las-sedes-de-los-cuartos-de-final\/#article\",\"isPartOf\":{\"@id\":\"https:\/\/www.celttv.com.ar\/index.php\/2014\/12\/10\/liga-de-coronel-suarez-definieron-las-sedes-de-los-cuartos-de-final\/\"},\"author\":{\"name\":\"ulises\",\"@id\":\"https:\/\/www.celttv.com.ar\/#\/schema\/person\/6d99c072dba59953809c81446e9d0ace\"},\"headline\":\"LIGA DE CORONEL SUAREZ: DEFINIERON LAS SEDES DE LOS CUARTOS DE FINAL\",\"datePublished\":\"2014-12-10T00:13:02+00:00\",\"dateModified\":\"2014-12-10T00:13:02+00:00\",\"mainEntityOfPage\":{\"@id\":\"https:\/\/www.celttv.com.ar\/index.php\/2014\/12\/10\/liga-de-coronel-suarez-definieron-las-sedes-de-los-cuartos-de-final\/\"},\"wordCount\":437,\"publisher\":{\"@id\":\"https:\/\/www.celttv.com.ar\/#organization\"},\"articleSection\":[\"Deporte\",\"Destacadas\"],\"inLanguage\":\"es\"},{\"@type\":\"WebPage\",\"@id\":\"https:\/\/www.celttv.com.ar\/index.php\/2014\/12\/10\/liga-de-coronel-suarez-definieron-las-sedes-de-los-cuartos-de-final\/\",\"url\":\"https:\/\/www.celttv.com.ar\/index.php\/2014\/12\/10\/liga-de-coronel-suarez-definieron-las-sedes-de-los-cuartos-de-final\/\",\"name\":\"LIGA DE CORONEL SUAREZ: DEFINIERON LAS SEDES DE LOS CUARTOS DE FINAL - CELTTV\",\"isPartOf\":{\"@id\":\"https:\/\/www.celttv.com.ar\/#website\"},\"datePublished\":\"2014-12-10T00:13:02+00:00\",\"dateModified\":\"2014-12-10T00:13:02+00:00\",\"description\":\"Sitio web de noticias de la localidad de Tornquist, provincia de Buenos Aires, Rep\u00fablica Argentina. Contenido propio originado por periodistas de CELTTV, el canal de TV local de la Cooperativa El\u00e9ctrica de Tornquist. Turismo, Pol\u00edtica, Sociedad, Deporte, Cultura y todo el contenido de inter\u00e9s general que la gente del pueblo y la regi\u00f3n debe conocer.\",\"breadcrumb\":{\"@id\":\"https:\/\/www.celttv.com.ar\/index.php\/2014\/12\/10\/liga-de-coronel-suarez-definieron-las-sedes-de-los-cuartos-de-final\/#breadcrumb\"},\"inLanguage\":\"es\",\"potentialAction\":[{\"@type\":\"ReadAction\",\"target\":[\"https:\/\/www.celttv.com.ar\/index.php\/2014\/12\/10\/liga-de-coronel-suarez-definieron-las-sedes-de-los-cuartos-de-final\/\"]}]},{\"@type\":\"BreadcrumbList\",\"@id\":\"https:\/\/www.celttv.com.ar\/index.php\/2014\/12\/10\/liga-de-coronel-suarez-definieron-las-sedes-de-los-cuartos-de-final\/#breadcrumb\",\"itemListElement\":[{\"@type\":\"ListItem\",\"position\":1,\"name\":\"Inicio\",\"item\":\"https:\/\/www.celttv.com.ar\/\"},{\"@type\":\"ListItem\",\"position\":2,\"name\":\"LIGA DE CORONEL SUAREZ: DEFINIERON LAS SEDES DE LOS CUARTOS DE FINAL\"}]},{\"@type\":\"WebSite\",\"@id\":\"https:\/\/www.celttv.com.ar\/#website\",\"url\":\"https:\/\/www.celttv.com.ar\/\",\"name\":\"CELTTV\",\"description\":\"Cooperativa El\u00e9ctrica de Tornquist\",\"publisher\":{\"@id\":\"https:\/\/www.celttv.com.ar\/#organization\"},\"potentialAction\":[{\"@type\":\"SearchAction\",\"target\":{\"@type\":\"EntryPoint\",\"urlTemplate\":\"https:\/\/www.celttv.com.ar\/?s={search_term_string}\"},\"query-input\":\"required name=search_term_string\"}],\"inLanguage\":\"es\"},{\"@type\":\"Organization\",\"@id\":\"https:\/\/www.celttv.com.ar\/#organization\",\"name\":\"CELTTV\",\"url\":\"https:\/\/www.celttv.com.ar\/\",\"sameAs\":[\"https:\/\/www.youtube.com\/channel\/UCz_oIt8Hig64Ub-EmcNPIhg\",\"https:\/\/www.facebook.com\/celtTV\/\"],\"logo\":{\"@type\":\"ImageObject\",\"inLanguage\":\"es\",\"@id\":\"https:\/\/www.celttv.com.ar\/#\/schema\/logo\/image\/\",\"url\":\"http:\/\/www.celttv.com.ar\/wp-content\/uploads\/2022\/08\/logo-1.png\",\"contentUrl\":\"http:\/\/www.celttv.com.ar\/wp-content\/uploads\/2022\/08\/logo-1.png\",\"width\":461,\"height\":159,\"caption\":\"CELTTV\"},\"image\":{\"@id\":\"https:\/\/www.celttv.com.ar\/#\/schema\/logo\/image\/\"}},{\"@type\":\"Person\",\"@id\":\"https:\/\/www.celttv.com.ar\/#\/schema\/person\/6d99c072dba59953809c81446e9d0ace\",\"name\":\"ulises\",\"image\":{\"@type\":\"ImageObject\",\"inLanguage\":\"es\",\"@id\":\"https:\/\/www.celttv.com.ar\/#\/schema\/person\/image\/\",\"url\":\"https:\/\/secure.gravatar.com\/avatar\/7f2c48bdc33b30088f941fb6082e555f2874c98e20cb159d7b92b50eadfce793?s=96&d=mm&r=g\",\"contentUrl\":\"https:\/\/secure.gravatar.com\/avatar\/7f2c48bdc33b30088f941fb6082e555f2874c98e20cb159d7b92b50eadfce793?s=96&d=mm&r=g\",\"caption\":\"ulises\"},\"sameAs\":[\"http:\/\/www.celttv.com.ar\"]}]}<\/script>\n<!-- \/ Yoast SEO plugin. -->","yoast_head_json":{"title":"LIGA DE CORONEL SUAREZ: DEFINIERON LAS SEDES DE LOS CUARTOS DE FINAL - CELTTV","description":"Sitio web de noticias de la localidad de Tornquist, provincia de Buenos Aires, Rep\u00fablica Argentina. Contenido propio originado por periodistas de CELTTV, el canal de TV local de la Cooperativa El\u00e9ctrica de Tornquist. Turismo, Pol\u00edtica, Sociedad, Deporte, Cultura y todo el contenido de inter\u00e9s general que la gente del pueblo y la regi\u00f3n debe conocer.","robots":{"index":"index","follow":"follow","max-snippet":"max-snippet:-1","max-image-preview":"max-image-preview:large","max-video-preview":"max-video-preview:-1"},"canonical":"https:\/\/www.celttv.com.ar\/index.php\/2014\/12\/10\/liga-de-coronel-suarez-definieron-las-sedes-de-los-cuartos-de-final\/","og_locale":"es_ES","og_type":"article","og_title":"LIGA DE CORONEL SUAREZ: DEFINIERON LAS SEDES DE LOS CUARTOS DE FINAL - CELTTV","og_description":"Sitio web de noticias de la localidad de Tornquist, provincia de Buenos Aires, Rep\u00fablica Argentina. Contenido propio originado por periodistas de CELTTV, el canal de TV local de la Cooperativa El\u00e9ctrica de Tornquist. Turismo, Pol\u00edtica, Sociedad, Deporte, Cultura y todo el contenido de inter\u00e9s general que la gente del pueblo y la regi\u00f3n debe conocer.","og_url":"https:\/\/www.celttv.com.ar\/index.php\/2014\/12\/10\/liga-de-coronel-suarez-definieron-las-sedes-de-los-cuartos-de-final\/","og_site_name":"CELTTV","article_publisher":"https:\/\/www.facebook.com\/celtTV\/","article_published_time":"2014-12-10T00:13:02+00:00","og_image":[{"url":"http:\/\/www.tvcnoticias.com.ar\/wp-content\/uploads\/2014\/12\/1430-ARCO-Y-PELOTA-Medium2-450x261.jpg"}],"author":"ulises","twitter_card":"summary_large_image","twitter_misc":{"Escrito por":"ulises","Tiempo de lectura":"2 minutos"},"schema":{"@context":"https:\/\/schema.org","@graph":[{"@type":"NewsArticle","@id":"https:\/\/www.celttv.com.ar\/index.php\/2014\/12\/10\/liga-de-coronel-suarez-definieron-las-sedes-de-los-cuartos-de-final\/#article","isPartOf":{"@id":"https:\/\/www.celttv.com.ar\/index.php\/2014\/12\/10\/liga-de-coronel-suarez-definieron-las-sedes-de-los-cuartos-de-final\/"},"author":{"name":"ulises","@id":"https:\/\/www.celttv.com.ar\/#\/schema\/person\/6d99c072dba59953809c81446e9d0ace"},"headline":"LIGA DE CORONEL SUAREZ: DEFINIERON LAS SEDES DE LOS CUARTOS DE FINAL","datePublished":"2014-12-10T00:13:02+00:00","dateModified":"2014-12-10T00:13:02+00:00","mainEntityOfPage":{"@id":"https:\/\/www.celttv.com.ar\/index.php\/2014\/12\/10\/liga-de-coronel-suarez-definieron-las-sedes-de-los-cuartos-de-final\/"},"wordCount":437,"publisher":{"@id":"https:\/\/www.celttv.com.ar\/#organization"},"articleSection":["Deporte","Destacadas"],"inLanguage":"es"},{"@type":"WebPage","@id":"https:\/\/www.celttv.com.ar\/index.php\/2014\/12\/10\/liga-de-coronel-suarez-definieron-las-sedes-de-los-cuartos-de-final\/","url":"https:\/\/www.celttv.com.ar\/index.php\/2014\/12\/10\/liga-de-coronel-suarez-definieron-las-sedes-de-los-cuartos-de-final\/","name":"LIGA DE CORONEL SUAREZ: DEFINIERON LAS SEDES DE LOS CUARTOS DE FINAL - CELTTV","isPartOf":{"@id":"https:\/\/www.celttv.com.ar\/#website"},"datePublished":"2014-12-10T00:13:02+00:00","dateModified":"2014-12-10T00:13:02+00:00","description":"Sitio web de noticias de la localidad de Tornquist, provincia de Buenos Aires, Rep\u00fablica Argentina. Contenido propio originado por periodistas de CELTTV, el canal de TV local de la Cooperativa El\u00e9ctrica de Tornquist. Turismo, Pol\u00edtica, Sociedad, Deporte, Cultura y todo el contenido de inter\u00e9s general que la gente del pueblo y la regi\u00f3n debe conocer.","breadcrumb":{"@id":"https:\/\/www.celttv.com.ar\/index.php\/2014\/12\/10\/liga-de-coronel-suarez-definieron-las-sedes-de-los-cuartos-de-final\/#breadcrumb"},"inLanguage":"es","potentialAction":[{"@type":"ReadAction","target":["https:\/\/www.celttv.com.ar\/index.php\/2014\/12\/10\/liga-de-coronel-suarez-definieron-las-sedes-de-los-cuartos-de-final\/"]}]},{"@type":"BreadcrumbList","@id":"https:\/\/www.celttv.com.ar\/index.php\/2014\/12\/10\/liga-de-coronel-suarez-definieron-las-sedes-de-los-cuartos-de-final\/#breadcrumb","itemListElement":[{"@type":"ListItem","position":1,"name":"Inicio","item":"https:\/\/www.celttv.com.ar\/"},{"@type":"ListItem","position":2,"name":"LIGA DE CORONEL SUAREZ: DEFINIERON LAS SEDES DE LOS CUARTOS DE FINAL"}]},{"@type":"WebSite","@id":"https:\/\/www.celttv.com.ar\/#website","url":"https:\/\/www.celttv.com.ar\/","name":"CELTTV","description":"Cooperativa El\u00e9ctrica de Tornquist","publisher":{"@id":"https:\/\/www.celttv.com.ar\/#organization"},"potentialAction":[{"@type":"SearchAction","target":{"@type":"EntryPoint","urlTemplate":"https:\/\/www.celttv.com.ar\/?s={search_term_string}"},"query-input":"required name=search_term_string"}],"inLanguage":"es"},{"@type":"Organization","@id":"https:\/\/www.celttv.com.ar\/#organization","name":"CELTTV","url":"https:\/\/www.celttv.com.ar\/","sameAs":["https:\/\/www.youtube.com\/channel\/UCz_oIt8Hig64Ub-EmcNPIhg","https:\/\/www.facebook.com\/celtTV\/"],"logo":{"@type":"ImageObject","inLanguage":"es","@id":"https:\/\/www.celttv.com.ar\/#\/schema\/logo\/image\/","url":"http:\/\/www.celttv.com.ar\/wp-content\/uploads\/2022\/08\/logo-1.png","contentUrl":"http:\/\/www.celttv.com.ar\/wp-content\/uploads\/2022\/08\/logo-1.png","width":461,"height":159,"caption":"CELTTV"},"image":{"@id":"https:\/\/www.celttv.com.ar\/#\/schema\/logo\/image\/"}},{"@type":"Person","@id":"https:\/\/www.celttv.com.ar\/#\/schema\/person\/6d99c072dba59953809c81446e9d0ace","name":"ulises","image":{"@type":"ImageObject","inLanguage":"es","@id":"https:\/\/www.celttv.com.ar\/#\/schema\/person\/image\/","url":"https:\/\/secure.gravatar.com\/avatar\/7f2c48bdc33b30088f941fb6082e555f2874c98e20cb159d7b92b50eadfce793?s=96&d=mm&r=g","contentUrl":"https:\/\/secure.gravatar.com\/avatar\/7f2c48bdc33b30088f941fb6082e555f2874c98e20cb159d7b92b50eadfce793?s=96&d=mm&r=g","caption":"ulises"},"sameAs":["http:\/\/www.celttv.com.ar"]}]}},"_links":{"self":[{"href":"https:\/\/www.celttv.com.ar\/index.php\/wp-json\/wp\/v2\/posts\/25584","targetHints":{"allow":["GET"]}}],"collection":[{"href":"https:\/\/www.celttv.com.ar\/index.php\/wp-json\/wp\/v2\/posts"}],"about":[{"href":"https:\/\/www.celttv.com.ar\/index.php\/wp-json\/wp\/v2\/types\/post"}],"author":[{"embeddable":true,"href":"https:\/\/www.celttv.com.ar\/index.php\/wp-json\/wp\/v2\/users\/1"}],"replies":[{"embeddable":true,"href":"https:\/\/www.celttv.com.ar\/index.php\/wp-json\/wp\/v2\/comments?post=25584"}],"version-history":[{"count":0,"href":"https:\/\/www.celttv.com.ar\/index.php\/wp-json\/wp\/v2\/posts\/25584\/revisions"}],"wp:attachment":[{"href":"https:\/\/www.celttv.com.ar\/index.php\/wp-json\/wp\/v2\/media?parent=25584"}],"wp:term":[{"taxonomy":"category","embeddable":true,"href":"https:\/\/www.celttv.com.ar\/index.php\/wp-json\/wp\/v2\/categories?post=25584"},{"taxonomy":"post_tag","embeddable":true,"href":"https:\/\/www.celttv.com.ar\/index.php\/wp-json\/wp\/v2\/tags?post=25584"}],"curies":[{"name":"wp","href":"https:\/\/api.w.org\/{rel}","templated":true}]}}