{"id":25623,"date":"2014-12-10T20:40:03","date_gmt":"2014-12-10T20:40:03","guid":{"rendered":"http:\/\/www.tvcnoticias.com.ar\/?p=25623"},"modified":"2014-12-10T20:40:03","modified_gmt":"2014-12-10T20:40:03","slug":"se-emitira-por-tornquist-video-cable-el-documental-tornquist-1983-el-camino-de-la-democracia","status":"publish","type":"post","link":"https:\/\/www.celttv.com.ar\/index.php\/2014\/12\/10\/se-emitira-por-tornquist-video-cable-el-documental-tornquist-1983-el-camino-de-la-democracia\/","title":{"rendered":"SE EMITIR\u00c1 POR TORNQUIST VIDEO CABLE EL DOCUMENTAL &#8220;TORNQUIST, 1983, EL CAMINO DE LA DEMOCRACIA&#8221;"},"content":{"rendered":"<div><a rel=\"attachment wp-att-25624\" href=\"http:\/\/www.tvcnoticias.com.ar\/?attachment_id=25624\"><img loading=\"lazy\" decoding=\"async\" class=\"aligncenter size-medium wp-image-25624\" title=\"ALFONSUIN (Medium)\" src=\"http:\/\/www.tvcnoticias.com.ar\/wp-content\/uploads\/2014\/12\/ALFONSUIN-Medium-450x287.jpg\" alt=\"\" width=\"450\" height=\"287\" \/><\/a>Al cumplirse un nuevo aniversario del regreso de la democracia a nuestro pa\u00eds, Tornquist Video Cable emitir\u00e1 el documental<strong>&#8220;Tornquist, 1983, el regreso de la democracia&#8221;<\/strong>, el jueves 11 y viernes 12, de diciembre, por Canal 2.<\/div>\n<div>El documental es producido y realizado por el periodista\u00a0<strong>Rodrigo Sgammini<\/strong>, y bajo la direcci\u00f3n de\u00a0<strong>Germ\u00e1n Svirch<\/strong>.<br \/>\nSe transmitir\u00e1 en dos partes, la primera ser\u00e1&#8230;\u00a0el jueves 11, a las 21hs., mientras que la \u00faltima se emitir\u00e1 el viernes, a las 22 hs.<br \/>\nEs importante mencionar, que dicho documental fue emitido en diciembre de 2013 por Canal 2 de Tornquist Video Cable, donde varios ex \u2013concejales y candidatos a intendente de 1983, contaron en primera persona su experiencia en la militancia, la persecuci\u00f3n sufrida durante el gobierno de facto, las duras internas partidarias, los enfrentamientos ideol\u00f3gicos, las campa\u00f1as preelectorales, los cierres de campa\u00f1a, la hist\u00f3rica elecci\u00f3n del 30 de octubre, la jura como concejales, y la inexperiencia legislativa, entre otros temas.<br \/>\nTras la visita al comit\u00e9 de la UCR local en marzo de 2014, el diputado\u00a0<strong>Ricardo Alfons\u00edn<\/strong>, destac\u00f3 la preocupaci\u00f3n y el inter\u00e9s depositado en la realizaci\u00f3n de dicho documental al considerar que refleja la lucha de Tornquist por la obtenci\u00f3n de la democracia.<\/div>\n","protected":false},"excerpt":{"rendered":"<p>Al cumplirse un nuevo aniversario del regreso de la democracia a nuestro pa\u00eds, Tornquist Video Cable emitir\u00e1 el documental&#8220;Tornquist, 1983, el regreso de la democracia&#8221;, el jueves 11 y viernes 12, de diciembre, por Canal 2. El documental es producido y realizado por el periodista\u00a0Rodrigo Sgammini, y bajo la direcci\u00f3n de\u00a0Germ\u00e1n Svirch. Se transmitir\u00e1 en [&hellip;]<\/p>\n","protected":false},"author":1,"featured_media":0,"comment_status":"closed","ping_status":"open","sticky":false,"template":"","format":"standard","meta":{"footnotes":""},"categories":[51,52,53],"tags":[],"class_list":["post-25623","post","type-post","status-publish","format-standard","hentry","category-comunidad","category-destacadas","category-politica"],"yoast_head":"<!-- This site is optimized with the Yoast SEO plugin v19.7.1 - https:\/\/yoast.com\/wordpress\/plugins\/seo\/ -->\n<title>SE EMITIR\u00c1 POR TORNQUIST VIDEO CABLE EL DOCUMENTAL &quot;TORNQUIST, 1983, EL CAMINO DE LA DEMOCRACIA&quot; - CELTTV<\/title>\n<meta name=\"description\" content=\"Sitio web de noticias de la localidad de Tornquist, provincia de Buenos Aires, Rep\u00fablica Argentina. Contenido propio originado por periodistas de CELTTV, el canal de TV local de la Cooperativa El\u00e9ctrica de Tornquist. Turismo, Pol\u00edtica, Sociedad, Deporte, Cultura y todo el contenido de inter\u00e9s general que la gente del pueblo y la regi\u00f3n debe conocer.\" \/>\n<meta name=\"robots\" content=\"index, follow, max-snippet:-1, max-image-preview:large, max-video-preview:-1\" \/>\n<link rel=\"canonical\" href=\"https:\/\/www.celttv.com.ar\/index.php\/2014\/12\/10\/se-emitira-por-tornquist-video-cable-el-documental-tornquist-1983-el-camino-de-la-democracia\/\" \/>\n<meta property=\"og:locale\" content=\"es_ES\" \/>\n<meta property=\"og:type\" content=\"article\" \/>\n<meta property=\"og:title\" content=\"SE EMITIR\u00c1 POR TORNQUIST VIDEO CABLE EL DOCUMENTAL &quot;TORNQUIST, 1983, EL CAMINO DE LA DEMOCRACIA&quot; - CELTTV\" \/>\n<meta property=\"og:description\" content=\"Sitio web de noticias de la localidad de Tornquist, provincia de Buenos Aires, Rep\u00fablica Argentina. Contenido propio originado por periodistas de CELTTV, el canal de TV local de la Cooperativa El\u00e9ctrica de Tornquist. Turismo, Pol\u00edtica, Sociedad, Deporte, Cultura y todo el contenido de inter\u00e9s general que la gente del pueblo y la regi\u00f3n debe conocer.\" \/>\n<meta property=\"og:url\" content=\"https:\/\/www.celttv.com.ar\/index.php\/2014\/12\/10\/se-emitira-por-tornquist-video-cable-el-documental-tornquist-1983-el-camino-de-la-democracia\/\" \/>\n<meta property=\"og:site_name\" content=\"CELTTV\" \/>\n<meta property=\"article:publisher\" content=\"https:\/\/www.facebook.com\/celtTV\/\" \/>\n<meta property=\"article:published_time\" content=\"2014-12-10T20:40:03+00:00\" \/>\n<meta property=\"og:image\" content=\"http:\/\/www.tvcnoticias.com.ar\/wp-content\/uploads\/2014\/12\/ALFONSUIN-Medium-450x287.jpg\" \/>\n<meta name=\"author\" content=\"ulises\" \/>\n<meta name=\"twitter:card\" content=\"summary_large_image\" \/>\n<meta name=\"twitter:label1\" content=\"Escrito por\" \/>\n\t<meta name=\"twitter:data1\" content=\"ulises\" \/>\n\t<meta name=\"twitter:label2\" content=\"Tiempo de lectura\" \/>\n\t<meta name=\"twitter:data2\" content=\"1 minuto\" \/>\n<script type=\"application\/ld+json\" class=\"yoast-schema-graph\">{\"@context\":\"https:\/\/schema.org\",\"@graph\":[{\"@type\":\"NewsArticle\",\"@id\":\"https:\/\/www.celttv.com.ar\/index.php\/2014\/12\/10\/se-emitira-por-tornquist-video-cable-el-documental-tornquist-1983-el-camino-de-la-democracia\/#article\",\"isPartOf\":{\"@id\":\"https:\/\/www.celttv.com.ar\/index.php\/2014\/12\/10\/se-emitira-por-tornquist-video-cable-el-documental-tornquist-1983-el-camino-de-la-democracia\/\"},\"author\":{\"name\":\"ulises\",\"@id\":\"https:\/\/www.celttv.com.ar\/#\/schema\/person\/6d99c072dba59953809c81446e9d0ace\"},\"headline\":\"SE EMITIR\u00c1 POR TORNQUIST VIDEO CABLE EL DOCUMENTAL &#8220;TORNQUIST, 1983, EL CAMINO DE LA DEMOCRACIA&#8221;\",\"datePublished\":\"2014-12-10T20:40:03+00:00\",\"dateModified\":\"2014-12-10T20:40:03+00:00\",\"mainEntityOfPage\":{\"@id\":\"https:\/\/www.celttv.com.ar\/index.php\/2014\/12\/10\/se-emitira-por-tornquist-video-cable-el-documental-tornquist-1983-el-camino-de-la-democracia\/\"},\"wordCount\":220,\"publisher\":{\"@id\":\"https:\/\/www.celttv.com.ar\/#organization\"},\"articleSection\":[\"Comunidad\",\"Destacadas\",\"Pol\u00edtica\"],\"inLanguage\":\"es\"},{\"@type\":\"WebPage\",\"@id\":\"https:\/\/www.celttv.com.ar\/index.php\/2014\/12\/10\/se-emitira-por-tornquist-video-cable-el-documental-tornquist-1983-el-camino-de-la-democracia\/\",\"url\":\"https:\/\/www.celttv.com.ar\/index.php\/2014\/12\/10\/se-emitira-por-tornquist-video-cable-el-documental-tornquist-1983-el-camino-de-la-democracia\/\",\"name\":\"SE EMITIR\u00c1 POR TORNQUIST VIDEO CABLE EL DOCUMENTAL \\\"TORNQUIST, 1983, EL CAMINO DE LA DEMOCRACIA\\\" - CELTTV\",\"isPartOf\":{\"@id\":\"https:\/\/www.celttv.com.ar\/#website\"},\"datePublished\":\"2014-12-10T20:40:03+00:00\",\"dateModified\":\"2014-12-10T20:40:03+00:00\",\"description\":\"Sitio web de noticias de la localidad de Tornquist, provincia de Buenos Aires, Rep\u00fablica Argentina. Contenido propio originado por periodistas de CELTTV, el canal de TV local de la Cooperativa El\u00e9ctrica de Tornquist. Turismo, Pol\u00edtica, Sociedad, Deporte, Cultura y todo el contenido de inter\u00e9s general que la gente del pueblo y la regi\u00f3n debe conocer.\",\"breadcrumb\":{\"@id\":\"https:\/\/www.celttv.com.ar\/index.php\/2014\/12\/10\/se-emitira-por-tornquist-video-cable-el-documental-tornquist-1983-el-camino-de-la-democracia\/#breadcrumb\"},\"inLanguage\":\"es\",\"potentialAction\":[{\"@type\":\"ReadAction\",\"target\":[\"https:\/\/www.celttv.com.ar\/index.php\/2014\/12\/10\/se-emitira-por-tornquist-video-cable-el-documental-tornquist-1983-el-camino-de-la-democracia\/\"]}]},{\"@type\":\"BreadcrumbList\",\"@id\":\"https:\/\/www.celttv.com.ar\/index.php\/2014\/12\/10\/se-emitira-por-tornquist-video-cable-el-documental-tornquist-1983-el-camino-de-la-democracia\/#breadcrumb\",\"itemListElement\":[{\"@type\":\"ListItem\",\"position\":1,\"name\":\"Inicio\",\"item\":\"https:\/\/www.celttv.com.ar\/\"},{\"@type\":\"ListItem\",\"position\":2,\"name\":\"SE EMITIR\u00c1 POR TORNQUIST VIDEO CABLE EL DOCUMENTAL &#8220;TORNQUIST, 1983, EL CAMINO DE LA DEMOCRACIA&#8221;\"}]},{\"@type\":\"WebSite\",\"@id\":\"https:\/\/www.celttv.com.ar\/#website\",\"url\":\"https:\/\/www.celttv.com.ar\/\",\"name\":\"CELTTV\",\"description\":\"Cooperativa El\u00e9ctrica de Tornquist\",\"publisher\":{\"@id\":\"https:\/\/www.celttv.com.ar\/#organization\"},\"potentialAction\":[{\"@type\":\"SearchAction\",\"target\":{\"@type\":\"EntryPoint\",\"urlTemplate\":\"https:\/\/www.celttv.com.ar\/?s={search_term_string}\"},\"query-input\":\"required name=search_term_string\"}],\"inLanguage\":\"es\"},{\"@type\":\"Organization\",\"@id\":\"https:\/\/www.celttv.com.ar\/#organization\",\"name\":\"CELTTV\",\"url\":\"https:\/\/www.celttv.com.ar\/\",\"sameAs\":[\"https:\/\/www.youtube.com\/channel\/UCz_oIt8Hig64Ub-EmcNPIhg\",\"https:\/\/www.facebook.com\/celtTV\/\"],\"logo\":{\"@type\":\"ImageObject\",\"inLanguage\":\"es\",\"@id\":\"https:\/\/www.celttv.com.ar\/#\/schema\/logo\/image\/\",\"url\":\"http:\/\/www.celttv.com.ar\/wp-content\/uploads\/2022\/08\/logo-1.png\",\"contentUrl\":\"http:\/\/www.celttv.com.ar\/wp-content\/uploads\/2022\/08\/logo-1.png\",\"width\":461,\"height\":159,\"caption\":\"CELTTV\"},\"image\":{\"@id\":\"https:\/\/www.celttv.com.ar\/#\/schema\/logo\/image\/\"}},{\"@type\":\"Person\",\"@id\":\"https:\/\/www.celttv.com.ar\/#\/schema\/person\/6d99c072dba59953809c81446e9d0ace\",\"name\":\"ulises\",\"image\":{\"@type\":\"ImageObject\",\"inLanguage\":\"es\",\"@id\":\"https:\/\/www.celttv.com.ar\/#\/schema\/person\/image\/\",\"url\":\"https:\/\/secure.gravatar.com\/avatar\/7f2c48bdc33b30088f941fb6082e555f2874c98e20cb159d7b92b50eadfce793?s=96&d=mm&r=g\",\"contentUrl\":\"https:\/\/secure.gravatar.com\/avatar\/7f2c48bdc33b30088f941fb6082e555f2874c98e20cb159d7b92b50eadfce793?s=96&d=mm&r=g\",\"caption\":\"ulises\"},\"sameAs\":[\"http:\/\/www.celttv.com.ar\"]}]}<\/script>\n<!-- \/ Yoast SEO plugin. -->","yoast_head_json":{"title":"SE EMITIR\u00c1 POR TORNQUIST VIDEO CABLE EL DOCUMENTAL \"TORNQUIST, 1983, EL CAMINO DE LA DEMOCRACIA\" - CELTTV","description":"Sitio web de noticias de la localidad de Tornquist, provincia de Buenos Aires, Rep\u00fablica Argentina. Contenido propio originado por periodistas de CELTTV, el canal de TV local de la Cooperativa El\u00e9ctrica de Tornquist. Turismo, Pol\u00edtica, Sociedad, Deporte, Cultura y todo el contenido de inter\u00e9s general que la gente del pueblo y la regi\u00f3n debe conocer.","robots":{"index":"index","follow":"follow","max-snippet":"max-snippet:-1","max-image-preview":"max-image-preview:large","max-video-preview":"max-video-preview:-1"},"canonical":"https:\/\/www.celttv.com.ar\/index.php\/2014\/12\/10\/se-emitira-por-tornquist-video-cable-el-documental-tornquist-1983-el-camino-de-la-democracia\/","og_locale":"es_ES","og_type":"article","og_title":"SE EMITIR\u00c1 POR TORNQUIST VIDEO CABLE EL DOCUMENTAL \"TORNQUIST, 1983, EL CAMINO DE LA DEMOCRACIA\" - CELTTV","og_description":"Sitio web de noticias de la localidad de Tornquist, provincia de Buenos Aires, Rep\u00fablica Argentina. Contenido propio originado por periodistas de CELTTV, el canal de TV local de la Cooperativa El\u00e9ctrica de Tornquist. Turismo, Pol\u00edtica, Sociedad, Deporte, Cultura y todo el contenido de inter\u00e9s general que la gente del pueblo y la regi\u00f3n debe conocer.","og_url":"https:\/\/www.celttv.com.ar\/index.php\/2014\/12\/10\/se-emitira-por-tornquist-video-cable-el-documental-tornquist-1983-el-camino-de-la-democracia\/","og_site_name":"CELTTV","article_publisher":"https:\/\/www.facebook.com\/celtTV\/","article_published_time":"2014-12-10T20:40:03+00:00","og_image":[{"url":"http:\/\/www.tvcnoticias.com.ar\/wp-content\/uploads\/2014\/12\/ALFONSUIN-Medium-450x287.jpg"}],"author":"ulises","twitter_card":"summary_large_image","twitter_misc":{"Escrito por":"ulises","Tiempo de lectura":"1 minuto"},"schema":{"@context":"https:\/\/schema.org","@graph":[{"@type":"NewsArticle","@id":"https:\/\/www.celttv.com.ar\/index.php\/2014\/12\/10\/se-emitira-por-tornquist-video-cable-el-documental-tornquist-1983-el-camino-de-la-democracia\/#article","isPartOf":{"@id":"https:\/\/www.celttv.com.ar\/index.php\/2014\/12\/10\/se-emitira-por-tornquist-video-cable-el-documental-tornquist-1983-el-camino-de-la-democracia\/"},"author":{"name":"ulises","@id":"https:\/\/www.celttv.com.ar\/#\/schema\/person\/6d99c072dba59953809c81446e9d0ace"},"headline":"SE EMITIR\u00c1 POR TORNQUIST VIDEO CABLE EL DOCUMENTAL &#8220;TORNQUIST, 1983, EL CAMINO DE LA DEMOCRACIA&#8221;","datePublished":"2014-12-10T20:40:03+00:00","dateModified":"2014-12-10T20:40:03+00:00","mainEntityOfPage":{"@id":"https:\/\/www.celttv.com.ar\/index.php\/2014\/12\/10\/se-emitira-por-tornquist-video-cable-el-documental-tornquist-1983-el-camino-de-la-democracia\/"},"wordCount":220,"publisher":{"@id":"https:\/\/www.celttv.com.ar\/#organization"},"articleSection":["Comunidad","Destacadas","Pol\u00edtica"],"inLanguage":"es"},{"@type":"WebPage","@id":"https:\/\/www.celttv.com.ar\/index.php\/2014\/12\/10\/se-emitira-por-tornquist-video-cable-el-documental-tornquist-1983-el-camino-de-la-democracia\/","url":"https:\/\/www.celttv.com.ar\/index.php\/2014\/12\/10\/se-emitira-por-tornquist-video-cable-el-documental-tornquist-1983-el-camino-de-la-democracia\/","name":"SE EMITIR\u00c1 POR TORNQUIST VIDEO CABLE EL DOCUMENTAL \"TORNQUIST, 1983, EL CAMINO DE LA DEMOCRACIA\" - CELTTV","isPartOf":{"@id":"https:\/\/www.celttv.com.ar\/#website"},"datePublished":"2014-12-10T20:40:03+00:00","dateModified":"2014-12-10T20:40:03+00:00","description":"Sitio web de noticias de la localidad de Tornquist, provincia de Buenos Aires, Rep\u00fablica Argentina. Contenido propio originado por periodistas de CELTTV, el canal de TV local de la Cooperativa El\u00e9ctrica de Tornquist. Turismo, Pol\u00edtica, Sociedad, Deporte, Cultura y todo el contenido de inter\u00e9s general que la gente del pueblo y la regi\u00f3n debe conocer.","breadcrumb":{"@id":"https:\/\/www.celttv.com.ar\/index.php\/2014\/12\/10\/se-emitira-por-tornquist-video-cable-el-documental-tornquist-1983-el-camino-de-la-democracia\/#breadcrumb"},"inLanguage":"es","potentialAction":[{"@type":"ReadAction","target":["https:\/\/www.celttv.com.ar\/index.php\/2014\/12\/10\/se-emitira-por-tornquist-video-cable-el-documental-tornquist-1983-el-camino-de-la-democracia\/"]}]},{"@type":"BreadcrumbList","@id":"https:\/\/www.celttv.com.ar\/index.php\/2014\/12\/10\/se-emitira-por-tornquist-video-cable-el-documental-tornquist-1983-el-camino-de-la-democracia\/#breadcrumb","itemListElement":[{"@type":"ListItem","position":1,"name":"Inicio","item":"https:\/\/www.celttv.com.ar\/"},{"@type":"ListItem","position":2,"name":"SE EMITIR\u00c1 POR TORNQUIST VIDEO CABLE EL DOCUMENTAL &#8220;TORNQUIST, 1983, EL CAMINO DE LA DEMOCRACIA&#8221;"}]},{"@type":"WebSite","@id":"https:\/\/www.celttv.com.ar\/#website","url":"https:\/\/www.celttv.com.ar\/","name":"CELTTV","description":"Cooperativa El\u00e9ctrica de Tornquist","publisher":{"@id":"https:\/\/www.celttv.com.ar\/#organization"},"potentialAction":[{"@type":"SearchAction","target":{"@type":"EntryPoint","urlTemplate":"https:\/\/www.celttv.com.ar\/?s={search_term_string}"},"query-input":"required name=search_term_string"}],"inLanguage":"es"},{"@type":"Organization","@id":"https:\/\/www.celttv.com.ar\/#organization","name":"CELTTV","url":"https:\/\/www.celttv.com.ar\/","sameAs":["https:\/\/www.youtube.com\/channel\/UCz_oIt8Hig64Ub-EmcNPIhg","https:\/\/www.facebook.com\/celtTV\/"],"logo":{"@type":"ImageObject","inLanguage":"es","@id":"https:\/\/www.celttv.com.ar\/#\/schema\/logo\/image\/","url":"http:\/\/www.celttv.com.ar\/wp-content\/uploads\/2022\/08\/logo-1.png","contentUrl":"http:\/\/www.celttv.com.ar\/wp-content\/uploads\/2022\/08\/logo-1.png","width":461,"height":159,"caption":"CELTTV"},"image":{"@id":"https:\/\/www.celttv.com.ar\/#\/schema\/logo\/image\/"}},{"@type":"Person","@id":"https:\/\/www.celttv.com.ar\/#\/schema\/person\/6d99c072dba59953809c81446e9d0ace","name":"ulises","image":{"@type":"ImageObject","inLanguage":"es","@id":"https:\/\/www.celttv.com.ar\/#\/schema\/person\/image\/","url":"https:\/\/secure.gravatar.com\/avatar\/7f2c48bdc33b30088f941fb6082e555f2874c98e20cb159d7b92b50eadfce793?s=96&d=mm&r=g","contentUrl":"https:\/\/secure.gravatar.com\/avatar\/7f2c48bdc33b30088f941fb6082e555f2874c98e20cb159d7b92b50eadfce793?s=96&d=mm&r=g","caption":"ulises"},"sameAs":["http:\/\/www.celttv.com.ar"]}]}},"_links":{"self":[{"href":"https:\/\/www.celttv.com.ar\/index.php\/wp-json\/wp\/v2\/posts\/25623","targetHints":{"allow":["GET"]}}],"collection":[{"href":"https:\/\/www.celttv.com.ar\/index.php\/wp-json\/wp\/v2\/posts"}],"about":[{"href":"https:\/\/www.celttv.com.ar\/index.php\/wp-json\/wp\/v2\/types\/post"}],"author":[{"embeddable":true,"href":"https:\/\/www.celttv.com.ar\/index.php\/wp-json\/wp\/v2\/users\/1"}],"replies":[{"embeddable":true,"href":"https:\/\/www.celttv.com.ar\/index.php\/wp-json\/wp\/v2\/comments?post=25623"}],"version-history":[{"count":0,"href":"https:\/\/www.celttv.com.ar\/index.php\/wp-json\/wp\/v2\/posts\/25623\/revisions"}],"wp:attachment":[{"href":"https:\/\/www.celttv.com.ar\/index.php\/wp-json\/wp\/v2\/media?parent=25623"}],"wp:term":[{"taxonomy":"category","embeddable":true,"href":"https:\/\/www.celttv.com.ar\/index.php\/wp-json\/wp\/v2\/categories?post=25623"},{"taxonomy":"post_tag","embeddable":true,"href":"https:\/\/www.celttv.com.ar\/index.php\/wp-json\/wp\/v2\/tags?post=25623"}],"curies":[{"name":"wp","href":"https:\/\/api.w.org\/{rel}","templated":true}]}}