{"id":25633,"date":"2014-12-10T23:45:46","date_gmt":"2014-12-10T23:45:46","guid":{"rendered":"http:\/\/www.tvcnoticias.com.ar\/?p=25633"},"modified":"2014-12-10T23:45:46","modified_gmt":"2014-12-10T23:45:46","slug":"en-asamblea-de-carbap-en-tres-arroyos-denuncian-la-cartelizacion-en-la-cadena-triguera","status":"publish","type":"post","link":"https:\/\/www.celttv.com.ar\/index.php\/2014\/12\/10\/en-asamblea-de-carbap-en-tres-arroyos-denuncian-la-cartelizacion-en-la-cadena-triguera\/","title":{"rendered":"EN ASAMBLEA DE CARBAP EN TRES ARROYOS DENUNCIAN LA CARTELIZACION EN LA CADENA TRIGUERA"},"content":{"rendered":"<p><a rel=\"attachment wp-att-25634\" href=\"http:\/\/www.tvcnoticias.com.ar\/?attachment_id=25634\"><img loading=\"lazy\" decoding=\"async\" class=\"aligncenter size-medium wp-image-25634\" title=\"asambla 3 A 2 (Medium)\" src=\"http:\/\/www.tvcnoticias.com.ar\/wp-content\/uploads\/2014\/12\/asambla-3-A-2-Medium-450x337.jpg\" alt=\"\" width=\"450\" height=\"337\" \/><\/a><br \/>\nCon la presencia de m\u00e1s de 400 productores trigueros se realiz\u00f3 la Asamblea Triguera en Tres Arroyos, convocada por CARBAP y la Sociedad Rural de Tres Arroyos junto a los distritos del sur bonaerense para abordar la situaci\u00f3n que sufre la comercializaci\u00f3n de Trigo.<br \/>\nLa asamblea presidida por el presidente de CARBAP Horacio Salaverri, el vicepresidente Jorge Grimberg, el secretario Mat\u00edas de Velazco y el presidente de la Sociedad Rural de Tres Arroyos Eugenio Simonetti, transcurri\u00f3 durante tres horas de debate en el que se expresaron lamayor\u00edade losproductores acerca de la dif\u00edcil situaci\u00f3n de la producci\u00f3n triguera y las acciones a seguir en consecuencia.<br \/>\nLos ejes centrales del reclamo en la asamblea fueron la nefasta comercializaci\u00f3n de trigo, y la cartelizaci\u00f3n a favor de empresas exportadoras y la molienda, que pagan hasta $ 1000 por tonelada cuando el valor de mercado es $ 1500 por tonelada.<br \/>\nDe esta forma se causa un severo perjuicio a los productores y a la econom\u00eda de la regi\u00f3n, lo que se traduce en una falta de ingresos por valor de 1984 millones de pesos, en los 27 principales distritos trigueros de la provincia de Buenos Aires, calculado en base al estudio realizado por t\u00e9cnicos de CARBAP.<br \/>\nEn la asamblea fue un\u00e1nime el pedido de eliminaci\u00f3n de retenciones y ROES, ya que estos mecanismos distorsionan el sistema de comercializaci\u00f3n y son las principales causas de la cartelizaci\u00f3n del mercado comprador.<br \/>\nEn el marco de la asamblea tambi\u00e9n hubo espacio para tratar la incomprensible medida adoptada por el Banco de la Naci\u00f3n Argentina de restringir crediticiamente a los productores sojeros a partir de enero de 2015, lo que se ve como una flagrante vulneraci\u00f3n a la carta org\u00e1nica del mismo Banco que promueve el fomento de lea actividad.<br \/>\nEn la asamblea estuvieron presentes funcionarios municipales, concejales de distintos distritos, el intendente de Coronel Pringles Prof Carlos Oreste , y Jorge Srodek (Diputado Provincial MC).<br \/>\nPor \u00faltimo, se decidi\u00f3 evaluar con las otras entidades gremiales agropecuarias el momento para realizar un cese de comercializaci\u00f3n de cereales u otra medida de acci\u00f3n directa que promueva lamodificaci\u00f3nde la pol\u00edticanecesaria para resolver este grave problema.<\/p>\n","protected":false},"excerpt":{"rendered":"<p>Con la presencia de m\u00e1s de 400 productores trigueros se realiz\u00f3 la Asamblea Triguera en Tres Arroyos, convocada por CARBAP y la Sociedad Rural de Tres Arroyos junto a los distritos del sur bonaerense para abordar la situaci\u00f3n que sufre la comercializaci\u00f3n de Trigo. La asamblea presidida por el presidente de CARBAP Horacio Salaverri, el [&hellip;]<\/p>\n","protected":false},"author":1,"featured_media":0,"comment_status":"closed","ping_status":"open","sticky":false,"template":"","format":"standard","meta":{"footnotes":""},"categories":[51,52],"tags":[],"class_list":["post-25633","post","type-post","status-publish","format-standard","hentry","category-comunidad","category-destacadas"],"yoast_head":"<!-- This site is optimized with the Yoast SEO plugin v19.7.1 - https:\/\/yoast.com\/wordpress\/plugins\/seo\/ -->\n<title>EN ASAMBLEA DE CARBAP EN TRES ARROYOS DENUNCIAN LA CARTELIZACION EN LA CADENA TRIGUERA - CELTTV<\/title>\n<meta name=\"description\" content=\"Sitio web de noticias de la localidad de Tornquist, provincia de Buenos Aires, Rep\u00fablica Argentina. Contenido propio originado por periodistas de CELTTV, el canal de TV local de la Cooperativa El\u00e9ctrica de Tornquist. Turismo, Pol\u00edtica, Sociedad, Deporte, Cultura y todo el contenido de inter\u00e9s general que la gente del pueblo y la regi\u00f3n debe conocer.\" \/>\n<meta name=\"robots\" content=\"index, follow, max-snippet:-1, max-image-preview:large, max-video-preview:-1\" \/>\n<link rel=\"canonical\" href=\"https:\/\/www.celttv.com.ar\/index.php\/2014\/12\/10\/en-asamblea-de-carbap-en-tres-arroyos-denuncian-la-cartelizacion-en-la-cadena-triguera\/\" \/>\n<meta property=\"og:locale\" content=\"es_ES\" \/>\n<meta property=\"og:type\" content=\"article\" \/>\n<meta property=\"og:title\" content=\"EN ASAMBLEA DE CARBAP EN TRES ARROYOS DENUNCIAN LA CARTELIZACION EN LA CADENA TRIGUERA - CELTTV\" \/>\n<meta property=\"og:description\" content=\"Sitio web de noticias de la localidad de Tornquist, provincia de Buenos Aires, Rep\u00fablica Argentina. Contenido propio originado por periodistas de CELTTV, el canal de TV local de la Cooperativa El\u00e9ctrica de Tornquist. Turismo, Pol\u00edtica, Sociedad, Deporte, Cultura y todo el contenido de inter\u00e9s general que la gente del pueblo y la regi\u00f3n debe conocer.\" \/>\n<meta property=\"og:url\" content=\"https:\/\/www.celttv.com.ar\/index.php\/2014\/12\/10\/en-asamblea-de-carbap-en-tres-arroyos-denuncian-la-cartelizacion-en-la-cadena-triguera\/\" \/>\n<meta property=\"og:site_name\" content=\"CELTTV\" \/>\n<meta property=\"article:publisher\" content=\"https:\/\/www.facebook.com\/celtTV\/\" \/>\n<meta property=\"article:published_time\" content=\"2014-12-10T23:45:46+00:00\" \/>\n<meta property=\"og:image\" content=\"http:\/\/www.tvcnoticias.com.ar\/wp-content\/uploads\/2014\/12\/asambla-3-A-2-Medium-450x337.jpg\" \/>\n<meta name=\"author\" content=\"ulises\" \/>\n<meta name=\"twitter:card\" content=\"summary_large_image\" \/>\n<meta name=\"twitter:label1\" content=\"Escrito por\" \/>\n\t<meta name=\"twitter:data1\" content=\"ulises\" \/>\n\t<meta name=\"twitter:label2\" content=\"Tiempo de lectura\" \/>\n\t<meta name=\"twitter:data2\" content=\"2 minutos\" \/>\n<script type=\"application\/ld+json\" class=\"yoast-schema-graph\">{\"@context\":\"https:\/\/schema.org\",\"@graph\":[{\"@type\":\"NewsArticle\",\"@id\":\"https:\/\/www.celttv.com.ar\/index.php\/2014\/12\/10\/en-asamblea-de-carbap-en-tres-arroyos-denuncian-la-cartelizacion-en-la-cadena-triguera\/#article\",\"isPartOf\":{\"@id\":\"https:\/\/www.celttv.com.ar\/index.php\/2014\/12\/10\/en-asamblea-de-carbap-en-tres-arroyos-denuncian-la-cartelizacion-en-la-cadena-triguera\/\"},\"author\":{\"name\":\"ulises\",\"@id\":\"https:\/\/www.celttv.com.ar\/#\/schema\/person\/6d99c072dba59953809c81446e9d0ace\"},\"headline\":\"EN ASAMBLEA DE CARBAP EN TRES ARROYOS DENUNCIAN LA CARTELIZACION EN LA CADENA TRIGUERA\",\"datePublished\":\"2014-12-10T23:45:46+00:00\",\"dateModified\":\"2014-12-10T23:45:46+00:00\",\"mainEntityOfPage\":{\"@id\":\"https:\/\/www.celttv.com.ar\/index.php\/2014\/12\/10\/en-asamblea-de-carbap-en-tres-arroyos-denuncian-la-cartelizacion-en-la-cadena-triguera\/\"},\"wordCount\":389,\"publisher\":{\"@id\":\"https:\/\/www.celttv.com.ar\/#organization\"},\"articleSection\":[\"Comunidad\",\"Destacadas\"],\"inLanguage\":\"es\"},{\"@type\":\"WebPage\",\"@id\":\"https:\/\/www.celttv.com.ar\/index.php\/2014\/12\/10\/en-asamblea-de-carbap-en-tres-arroyos-denuncian-la-cartelizacion-en-la-cadena-triguera\/\",\"url\":\"https:\/\/www.celttv.com.ar\/index.php\/2014\/12\/10\/en-asamblea-de-carbap-en-tres-arroyos-denuncian-la-cartelizacion-en-la-cadena-triguera\/\",\"name\":\"EN ASAMBLEA DE CARBAP EN TRES ARROYOS DENUNCIAN LA CARTELIZACION EN LA CADENA TRIGUERA - CELTTV\",\"isPartOf\":{\"@id\":\"https:\/\/www.celttv.com.ar\/#website\"},\"datePublished\":\"2014-12-10T23:45:46+00:00\",\"dateModified\":\"2014-12-10T23:45:46+00:00\",\"description\":\"Sitio web de noticias de la localidad de Tornquist, provincia de Buenos Aires, Rep\u00fablica Argentina. Contenido propio originado por periodistas de CELTTV, el canal de TV local de la Cooperativa El\u00e9ctrica de Tornquist. Turismo, Pol\u00edtica, Sociedad, Deporte, Cultura y todo el contenido de inter\u00e9s general que la gente del pueblo y la regi\u00f3n debe conocer.\",\"breadcrumb\":{\"@id\":\"https:\/\/www.celttv.com.ar\/index.php\/2014\/12\/10\/en-asamblea-de-carbap-en-tres-arroyos-denuncian-la-cartelizacion-en-la-cadena-triguera\/#breadcrumb\"},\"inLanguage\":\"es\",\"potentialAction\":[{\"@type\":\"ReadAction\",\"target\":[\"https:\/\/www.celttv.com.ar\/index.php\/2014\/12\/10\/en-asamblea-de-carbap-en-tres-arroyos-denuncian-la-cartelizacion-en-la-cadena-triguera\/\"]}]},{\"@type\":\"BreadcrumbList\",\"@id\":\"https:\/\/www.celttv.com.ar\/index.php\/2014\/12\/10\/en-asamblea-de-carbap-en-tres-arroyos-denuncian-la-cartelizacion-en-la-cadena-triguera\/#breadcrumb\",\"itemListElement\":[{\"@type\":\"ListItem\",\"position\":1,\"name\":\"Inicio\",\"item\":\"https:\/\/www.celttv.com.ar\/\"},{\"@type\":\"ListItem\",\"position\":2,\"name\":\"EN ASAMBLEA DE CARBAP EN TRES ARROYOS DENUNCIAN LA CARTELIZACION EN LA CADENA TRIGUERA\"}]},{\"@type\":\"WebSite\",\"@id\":\"https:\/\/www.celttv.com.ar\/#website\",\"url\":\"https:\/\/www.celttv.com.ar\/\",\"name\":\"CELTTV\",\"description\":\"Cooperativa El\u00e9ctrica de Tornquist\",\"publisher\":{\"@id\":\"https:\/\/www.celttv.com.ar\/#organization\"},\"potentialAction\":[{\"@type\":\"SearchAction\",\"target\":{\"@type\":\"EntryPoint\",\"urlTemplate\":\"https:\/\/www.celttv.com.ar\/?s={search_term_string}\"},\"query-input\":\"required name=search_term_string\"}],\"inLanguage\":\"es\"},{\"@type\":\"Organization\",\"@id\":\"https:\/\/www.celttv.com.ar\/#organization\",\"name\":\"CELTTV\",\"url\":\"https:\/\/www.celttv.com.ar\/\",\"sameAs\":[\"https:\/\/www.youtube.com\/channel\/UCz_oIt8Hig64Ub-EmcNPIhg\",\"https:\/\/www.facebook.com\/celtTV\/\"],\"logo\":{\"@type\":\"ImageObject\",\"inLanguage\":\"es\",\"@id\":\"https:\/\/www.celttv.com.ar\/#\/schema\/logo\/image\/\",\"url\":\"http:\/\/www.celttv.com.ar\/wp-content\/uploads\/2022\/08\/logo-1.png\",\"contentUrl\":\"http:\/\/www.celttv.com.ar\/wp-content\/uploads\/2022\/08\/logo-1.png\",\"width\":461,\"height\":159,\"caption\":\"CELTTV\"},\"image\":{\"@id\":\"https:\/\/www.celttv.com.ar\/#\/schema\/logo\/image\/\"}},{\"@type\":\"Person\",\"@id\":\"https:\/\/www.celttv.com.ar\/#\/schema\/person\/6d99c072dba59953809c81446e9d0ace\",\"name\":\"ulises\",\"image\":{\"@type\":\"ImageObject\",\"inLanguage\":\"es\",\"@id\":\"https:\/\/www.celttv.com.ar\/#\/schema\/person\/image\/\",\"url\":\"https:\/\/secure.gravatar.com\/avatar\/7f2c48bdc33b30088f941fb6082e555f2874c98e20cb159d7b92b50eadfce793?s=96&d=mm&r=g\",\"contentUrl\":\"https:\/\/secure.gravatar.com\/avatar\/7f2c48bdc33b30088f941fb6082e555f2874c98e20cb159d7b92b50eadfce793?s=96&d=mm&r=g\",\"caption\":\"ulises\"},\"sameAs\":[\"http:\/\/www.celttv.com.ar\"]}]}<\/script>\n<!-- \/ Yoast SEO plugin. -->","yoast_head_json":{"title":"EN ASAMBLEA DE CARBAP EN TRES ARROYOS DENUNCIAN LA CARTELIZACION EN LA CADENA TRIGUERA - CELTTV","description":"Sitio web de noticias de la localidad de Tornquist, provincia de Buenos Aires, Rep\u00fablica Argentina. Contenido propio originado por periodistas de CELTTV, el canal de TV local de la Cooperativa El\u00e9ctrica de Tornquist. Turismo, Pol\u00edtica, Sociedad, Deporte, Cultura y todo el contenido de inter\u00e9s general que la gente del pueblo y la regi\u00f3n debe conocer.","robots":{"index":"index","follow":"follow","max-snippet":"max-snippet:-1","max-image-preview":"max-image-preview:large","max-video-preview":"max-video-preview:-1"},"canonical":"https:\/\/www.celttv.com.ar\/index.php\/2014\/12\/10\/en-asamblea-de-carbap-en-tres-arroyos-denuncian-la-cartelizacion-en-la-cadena-triguera\/","og_locale":"es_ES","og_type":"article","og_title":"EN ASAMBLEA DE CARBAP EN TRES ARROYOS DENUNCIAN LA CARTELIZACION EN LA CADENA TRIGUERA - CELTTV","og_description":"Sitio web de noticias de la localidad de Tornquist, provincia de Buenos Aires, Rep\u00fablica Argentina. Contenido propio originado por periodistas de CELTTV, el canal de TV local de la Cooperativa El\u00e9ctrica de Tornquist. Turismo, Pol\u00edtica, Sociedad, Deporte, Cultura y todo el contenido de inter\u00e9s general que la gente del pueblo y la regi\u00f3n debe conocer.","og_url":"https:\/\/www.celttv.com.ar\/index.php\/2014\/12\/10\/en-asamblea-de-carbap-en-tres-arroyos-denuncian-la-cartelizacion-en-la-cadena-triguera\/","og_site_name":"CELTTV","article_publisher":"https:\/\/www.facebook.com\/celtTV\/","article_published_time":"2014-12-10T23:45:46+00:00","og_image":[{"url":"http:\/\/www.tvcnoticias.com.ar\/wp-content\/uploads\/2014\/12\/asambla-3-A-2-Medium-450x337.jpg"}],"author":"ulises","twitter_card":"summary_large_image","twitter_misc":{"Escrito por":"ulises","Tiempo de lectura":"2 minutos"},"schema":{"@context":"https:\/\/schema.org","@graph":[{"@type":"NewsArticle","@id":"https:\/\/www.celttv.com.ar\/index.php\/2014\/12\/10\/en-asamblea-de-carbap-en-tres-arroyos-denuncian-la-cartelizacion-en-la-cadena-triguera\/#article","isPartOf":{"@id":"https:\/\/www.celttv.com.ar\/index.php\/2014\/12\/10\/en-asamblea-de-carbap-en-tres-arroyos-denuncian-la-cartelizacion-en-la-cadena-triguera\/"},"author":{"name":"ulises","@id":"https:\/\/www.celttv.com.ar\/#\/schema\/person\/6d99c072dba59953809c81446e9d0ace"},"headline":"EN ASAMBLEA DE CARBAP EN TRES ARROYOS DENUNCIAN LA CARTELIZACION EN LA CADENA TRIGUERA","datePublished":"2014-12-10T23:45:46+00:00","dateModified":"2014-12-10T23:45:46+00:00","mainEntityOfPage":{"@id":"https:\/\/www.celttv.com.ar\/index.php\/2014\/12\/10\/en-asamblea-de-carbap-en-tres-arroyos-denuncian-la-cartelizacion-en-la-cadena-triguera\/"},"wordCount":389,"publisher":{"@id":"https:\/\/www.celttv.com.ar\/#organization"},"articleSection":["Comunidad","Destacadas"],"inLanguage":"es"},{"@type":"WebPage","@id":"https:\/\/www.celttv.com.ar\/index.php\/2014\/12\/10\/en-asamblea-de-carbap-en-tres-arroyos-denuncian-la-cartelizacion-en-la-cadena-triguera\/","url":"https:\/\/www.celttv.com.ar\/index.php\/2014\/12\/10\/en-asamblea-de-carbap-en-tres-arroyos-denuncian-la-cartelizacion-en-la-cadena-triguera\/","name":"EN ASAMBLEA DE CARBAP EN TRES ARROYOS DENUNCIAN LA CARTELIZACION EN LA CADENA TRIGUERA - CELTTV","isPartOf":{"@id":"https:\/\/www.celttv.com.ar\/#website"},"datePublished":"2014-12-10T23:45:46+00:00","dateModified":"2014-12-10T23:45:46+00:00","description":"Sitio web de noticias de la localidad de Tornquist, provincia de Buenos Aires, Rep\u00fablica Argentina. Contenido propio originado por periodistas de CELTTV, el canal de TV local de la Cooperativa El\u00e9ctrica de Tornquist. Turismo, Pol\u00edtica, Sociedad, Deporte, Cultura y todo el contenido de inter\u00e9s general que la gente del pueblo y la regi\u00f3n debe conocer.","breadcrumb":{"@id":"https:\/\/www.celttv.com.ar\/index.php\/2014\/12\/10\/en-asamblea-de-carbap-en-tres-arroyos-denuncian-la-cartelizacion-en-la-cadena-triguera\/#breadcrumb"},"inLanguage":"es","potentialAction":[{"@type":"ReadAction","target":["https:\/\/www.celttv.com.ar\/index.php\/2014\/12\/10\/en-asamblea-de-carbap-en-tres-arroyos-denuncian-la-cartelizacion-en-la-cadena-triguera\/"]}]},{"@type":"BreadcrumbList","@id":"https:\/\/www.celttv.com.ar\/index.php\/2014\/12\/10\/en-asamblea-de-carbap-en-tres-arroyos-denuncian-la-cartelizacion-en-la-cadena-triguera\/#breadcrumb","itemListElement":[{"@type":"ListItem","position":1,"name":"Inicio","item":"https:\/\/www.celttv.com.ar\/"},{"@type":"ListItem","position":2,"name":"EN ASAMBLEA DE CARBAP EN TRES ARROYOS DENUNCIAN LA CARTELIZACION EN LA CADENA TRIGUERA"}]},{"@type":"WebSite","@id":"https:\/\/www.celttv.com.ar\/#website","url":"https:\/\/www.celttv.com.ar\/","name":"CELTTV","description":"Cooperativa El\u00e9ctrica de Tornquist","publisher":{"@id":"https:\/\/www.celttv.com.ar\/#organization"},"potentialAction":[{"@type":"SearchAction","target":{"@type":"EntryPoint","urlTemplate":"https:\/\/www.celttv.com.ar\/?s={search_term_string}"},"query-input":"required name=search_term_string"}],"inLanguage":"es"},{"@type":"Organization","@id":"https:\/\/www.celttv.com.ar\/#organization","name":"CELTTV","url":"https:\/\/www.celttv.com.ar\/","sameAs":["https:\/\/www.youtube.com\/channel\/UCz_oIt8Hig64Ub-EmcNPIhg","https:\/\/www.facebook.com\/celtTV\/"],"logo":{"@type":"ImageObject","inLanguage":"es","@id":"https:\/\/www.celttv.com.ar\/#\/schema\/logo\/image\/","url":"http:\/\/www.celttv.com.ar\/wp-content\/uploads\/2022\/08\/logo-1.png","contentUrl":"http:\/\/www.celttv.com.ar\/wp-content\/uploads\/2022\/08\/logo-1.png","width":461,"height":159,"caption":"CELTTV"},"image":{"@id":"https:\/\/www.celttv.com.ar\/#\/schema\/logo\/image\/"}},{"@type":"Person","@id":"https:\/\/www.celttv.com.ar\/#\/schema\/person\/6d99c072dba59953809c81446e9d0ace","name":"ulises","image":{"@type":"ImageObject","inLanguage":"es","@id":"https:\/\/www.celttv.com.ar\/#\/schema\/person\/image\/","url":"https:\/\/secure.gravatar.com\/avatar\/7f2c48bdc33b30088f941fb6082e555f2874c98e20cb159d7b92b50eadfce793?s=96&d=mm&r=g","contentUrl":"https:\/\/secure.gravatar.com\/avatar\/7f2c48bdc33b30088f941fb6082e555f2874c98e20cb159d7b92b50eadfce793?s=96&d=mm&r=g","caption":"ulises"},"sameAs":["http:\/\/www.celttv.com.ar"]}]}},"_links":{"self":[{"href":"https:\/\/www.celttv.com.ar\/index.php\/wp-json\/wp\/v2\/posts\/25633","targetHints":{"allow":["GET"]}}],"collection":[{"href":"https:\/\/www.celttv.com.ar\/index.php\/wp-json\/wp\/v2\/posts"}],"about":[{"href":"https:\/\/www.celttv.com.ar\/index.php\/wp-json\/wp\/v2\/types\/post"}],"author":[{"embeddable":true,"href":"https:\/\/www.celttv.com.ar\/index.php\/wp-json\/wp\/v2\/users\/1"}],"replies":[{"embeddable":true,"href":"https:\/\/www.celttv.com.ar\/index.php\/wp-json\/wp\/v2\/comments?post=25633"}],"version-history":[{"count":0,"href":"https:\/\/www.celttv.com.ar\/index.php\/wp-json\/wp\/v2\/posts\/25633\/revisions"}],"wp:attachment":[{"href":"https:\/\/www.celttv.com.ar\/index.php\/wp-json\/wp\/v2\/media?parent=25633"}],"wp:term":[{"taxonomy":"category","embeddable":true,"href":"https:\/\/www.celttv.com.ar\/index.php\/wp-json\/wp\/v2\/categories?post=25633"},{"taxonomy":"post_tag","embeddable":true,"href":"https:\/\/www.celttv.com.ar\/index.php\/wp-json\/wp\/v2\/tags?post=25633"}],"curies":[{"name":"wp","href":"https:\/\/api.w.org\/{rel}","templated":true}]}}