{"id":25665,"date":"2014-12-15T23:46:39","date_gmt":"2014-12-15T23:46:39","guid":{"rendered":"http:\/\/www.tvcnoticias.com.ar\/?p=25665"},"modified":"2014-12-15T23:46:39","modified_gmt":"2014-12-15T23:46:39","slug":"el-boxeo-volvio-a-tener-su-cita-en-tornquist-notas-e-imagenes","status":"publish","type":"post","link":"https:\/\/www.celttv.com.ar\/index.php\/2014\/12\/15\/el-boxeo-volvio-a-tener-su-cita-en-tornquist-notas-e-imagenes\/","title":{"rendered":"EL BOXEO VOLVI\u00d3 A TENER SU CITA EN TORNQUIST (Notas e im\u00e1genes)."},"content":{"rendered":"<div dir=\"ltr\"><a href=\"https:\/\/www.youtube.com\/watch?v=WWkv460tDik\">httpv:\/\/www.youtube.com\/watch?v=WWkv460tDik<\/a><\/div>\n<div dir=\"ltr\"><a href=\"https:\/\/www.youtube.com\/watch?v=3NJqwPi3eCw\">httpv:\/\/www.youtube.com\/watch?v=3NJqwPi3eCw<\/a><\/div>\n<div dir=\"ltr\"><a href=\"https:\/\/www.youtube.com\/watch?v=hiJRj_YntUI\">httpv:\/\/www.youtube.com\/watch?v=hiJRj_YntUI<\/a><\/div>\n<div dir=\"ltr\"><a href=\"https:\/\/www.youtube.com\/watch?v=8p7eIEv_Sz0\">httpv:\/\/www.youtube.com\/watch?v=8p7eIEv_Sz0<\/a><\/div>\n<div dir=\"ltr\"><a href=\"https:\/\/www.youtube.com\/watch?v=9lX-5Uqk62E\">httpv:\/\/www.youtube.com\/watch?v=9lX-5Uqk62E<\/a><\/div>\n<div dir=\"ltr\"><a href=\"https:\/\/www.youtube.com\/watch?v=wboQr0b2548\">httpv:\/\/www.youtube.com\/watch?v=wboQr0b2548<\/a><\/div>\n<div dir=\"ltr\"><a href=\"https:\/\/www.youtube.com\/watch?v=gQi32jbI-Ck\">httpv:\/\/www.youtube.com\/watch?v=gQi32jbI-Ck<\/a><\/div>\n<div dir=\"ltr\"><strong>MAGAZINE SPORT&#8212;-<\/strong> En una exitosa velada de boxeo, los tornquistenses tuvieron la oportunidad de disfrutar de seis combates, realizados en la noche del s\u00e1bado \u00faltimo, en el sal\u00f3n de fiestas de la Sociedad Italiana.<\/div>\n<div dir=\"ltr\">El festival tuvo\u00a0como principal objetivo recaudar fondos para ayudar a la entidad it\u00e1lica, la cual\u00a0se encuentra atravesando un problema judicial.<\/div>\n<div dir=\"ltr\">P\u00fagiles del gimnasio\u00a0<strong>&#8220;A todo pulm\u00f3n&#8221;<\/strong> y\u00a0tambi\u00e9n de la zona, se sumaron a una velada solidaria, entregando sobre el ring importantes peleas que desataron el aplauso de las 500 personas nucleadas en el denominado &#8220;templo&#8221; del boxeo local.<\/div>\n<div dir=\"ltr\">Banners publicitarios, importante iluminaci\u00f3n y sonido, m\u00e1quina de humo, sector de conferencia de prensa, servicio de cantina y la mayor predisposici\u00f3n por todas las personas vinculadas a la organizaci\u00f3n, hicieron que Tornquist disfrutara de una noche distintas a todas y con buen boxeo.<\/div>\n<div dir=\"ltr\">Los boxeadores locales\u00a0<strong>Sebasti\u00e1n Mu\u00f1oz<\/strong>,\u00a0<strong>Pablo Palavecino<\/strong> y\u00a0<strong>Nicol\u00e1s Candia<\/strong>, fueron el centro de atracci\u00f3n\u00a0de la noche. Los tres pupilos del gimnasio &#8220;A todo pulm\u00f3n&#8221;, ganaron sus respectivas peleas y dejaron una muy buena imagen ante el p\u00fablico.<\/div>\n<div dir=\"ltr\">Sin dudas,\u00a0la pelea m\u00e1s impactante fue la de\u00a0<strong>Nico Candia<\/strong> que en 45 segundos resolvi\u00f3 su pelea con un terrible zurdazo cruzado al ment\u00f3n de\u00a0Alejandro Hirich, lo que origin\u00f3 un tremendo KO.<\/div>\n<div dir=\"ltr\"><strong>MAGAZINE SPORT<\/strong> estuvo en la cobertura de toda la velada y dialog\u00f3 con los boxeadores tras las peleas.<\/div>\n","protected":false},"excerpt":{"rendered":"<p>httpv:\/\/www.youtube.com\/watch?v=WWkv460tDik httpv:\/\/www.youtube.com\/watch?v=3NJqwPi3eCw httpv:\/\/www.youtube.com\/watch?v=hiJRj_YntUI httpv:\/\/www.youtube.com\/watch?v=8p7eIEv_Sz0 httpv:\/\/www.youtube.com\/watch?v=9lX-5Uqk62E httpv:\/\/www.youtube.com\/watch?v=wboQr0b2548 httpv:\/\/www.youtube.com\/watch?v=gQi32jbI-Ck MAGAZINE SPORT&#8212;- En una exitosa velada de boxeo, los tornquistenses tuvieron la oportunidad de disfrutar de seis combates, realizados en la noche del s\u00e1bado \u00faltimo, en el sal\u00f3n de fiestas de la Sociedad Italiana. El festival tuvo\u00a0como principal objetivo recaudar fondos para ayudar a la entidad it\u00e1lica, la [&hellip;]<\/p>\n","protected":false},"author":1,"featured_media":0,"comment_status":"closed","ping_status":"open","sticky":false,"template":"","format":"standard","meta":{"footnotes":""},"categories":[51,60,52,64],"tags":[],"class_list":["post-25665","post","type-post","status-publish","format-standard","hentry","category-comunidad","category-deporte","category-destacadas","category-videos-destacados"],"yoast_head":"<!-- This site is optimized with the Yoast SEO plugin v19.7.1 - https:\/\/yoast.com\/wordpress\/plugins\/seo\/ -->\n<title>EL BOXEO VOLVI\u00d3 A TENER SU CITA EN TORNQUIST (Notas e im\u00e1genes). - CELTTV<\/title>\n<meta name=\"description\" content=\"Sitio web de noticias de la localidad de Tornquist, provincia de Buenos Aires, Rep\u00fablica Argentina. Contenido propio originado por periodistas de CELTTV, el canal de TV local de la Cooperativa El\u00e9ctrica de Tornquist. Turismo, Pol\u00edtica, Sociedad, Deporte, Cultura y todo el contenido de inter\u00e9s general que la gente del pueblo y la regi\u00f3n debe conocer.\" \/>\n<meta name=\"robots\" content=\"index, follow, max-snippet:-1, max-image-preview:large, max-video-preview:-1\" \/>\n<link rel=\"canonical\" href=\"https:\/\/www.celttv.com.ar\/index.php\/2014\/12\/15\/el-boxeo-volvio-a-tener-su-cita-en-tornquist-notas-e-imagenes\/\" \/>\n<meta property=\"og:locale\" content=\"es_ES\" \/>\n<meta property=\"og:type\" content=\"article\" \/>\n<meta property=\"og:title\" content=\"EL BOXEO VOLVI\u00d3 A TENER SU CITA EN TORNQUIST (Notas e im\u00e1genes). - CELTTV\" \/>\n<meta property=\"og:description\" content=\"Sitio web de noticias de la localidad de Tornquist, provincia de Buenos Aires, Rep\u00fablica Argentina. Contenido propio originado por periodistas de CELTTV, el canal de TV local de la Cooperativa El\u00e9ctrica de Tornquist. Turismo, Pol\u00edtica, Sociedad, Deporte, Cultura y todo el contenido de inter\u00e9s general que la gente del pueblo y la regi\u00f3n debe conocer.\" \/>\n<meta property=\"og:url\" content=\"https:\/\/www.celttv.com.ar\/index.php\/2014\/12\/15\/el-boxeo-volvio-a-tener-su-cita-en-tornquist-notas-e-imagenes\/\" \/>\n<meta property=\"og:site_name\" content=\"CELTTV\" \/>\n<meta property=\"article:publisher\" content=\"https:\/\/www.facebook.com\/celtTV\/\" \/>\n<meta property=\"article:published_time\" content=\"2014-12-15T23:46:39+00:00\" \/>\n<meta name=\"author\" content=\"ulises\" \/>\n<meta name=\"twitter:card\" content=\"summary_large_image\" \/>\n<meta name=\"twitter:label1\" content=\"Escrito por\" \/>\n\t<meta name=\"twitter:data1\" content=\"ulises\" \/>\n\t<meta name=\"twitter:label2\" content=\"Tiempo de lectura\" \/>\n\t<meta name=\"twitter:data2\" content=\"2 minutos\" \/>\n<script type=\"application\/ld+json\" class=\"yoast-schema-graph\">{\"@context\":\"https:\/\/schema.org\",\"@graph\":[{\"@type\":\"NewsArticle\",\"@id\":\"https:\/\/www.celttv.com.ar\/index.php\/2014\/12\/15\/el-boxeo-volvio-a-tener-su-cita-en-tornquist-notas-e-imagenes\/#article\",\"isPartOf\":{\"@id\":\"https:\/\/www.celttv.com.ar\/index.php\/2014\/12\/15\/el-boxeo-volvio-a-tener-su-cita-en-tornquist-notas-e-imagenes\/\"},\"author\":{\"name\":\"ulises\",\"@id\":\"https:\/\/www.celttv.com.ar\/#\/schema\/person\/6d99c072dba59953809c81446e9d0ace\"},\"headline\":\"EL BOXEO VOLVI\u00d3 A TENER SU CITA EN TORNQUIST (Notas e im\u00e1genes).\",\"datePublished\":\"2014-12-15T23:46:39+00:00\",\"dateModified\":\"2014-12-15T23:46:39+00:00\",\"mainEntityOfPage\":{\"@id\":\"https:\/\/www.celttv.com.ar\/index.php\/2014\/12\/15\/el-boxeo-volvio-a-tener-su-cita-en-tornquist-notas-e-imagenes\/\"},\"wordCount\":316,\"publisher\":{\"@id\":\"https:\/\/www.celttv.com.ar\/#organization\"},\"articleSection\":[\"Comunidad\",\"Deporte\",\"Destacadas\",\"Videos Destacados\"],\"inLanguage\":\"es\"},{\"@type\":\"WebPage\",\"@id\":\"https:\/\/www.celttv.com.ar\/index.php\/2014\/12\/15\/el-boxeo-volvio-a-tener-su-cita-en-tornquist-notas-e-imagenes\/\",\"url\":\"https:\/\/www.celttv.com.ar\/index.php\/2014\/12\/15\/el-boxeo-volvio-a-tener-su-cita-en-tornquist-notas-e-imagenes\/\",\"name\":\"EL BOXEO VOLVI\u00d3 A TENER SU CITA EN TORNQUIST (Notas e im\u00e1genes). - CELTTV\",\"isPartOf\":{\"@id\":\"https:\/\/www.celttv.com.ar\/#website\"},\"datePublished\":\"2014-12-15T23:46:39+00:00\",\"dateModified\":\"2014-12-15T23:46:39+00:00\",\"description\":\"Sitio web de noticias de la localidad de Tornquist, provincia de Buenos Aires, Rep\u00fablica Argentina. Contenido propio originado por periodistas de CELTTV, el canal de TV local de la Cooperativa El\u00e9ctrica de Tornquist. Turismo, Pol\u00edtica, Sociedad, Deporte, Cultura y todo el contenido de inter\u00e9s general que la gente del pueblo y la regi\u00f3n debe conocer.\",\"breadcrumb\":{\"@id\":\"https:\/\/www.celttv.com.ar\/index.php\/2014\/12\/15\/el-boxeo-volvio-a-tener-su-cita-en-tornquist-notas-e-imagenes\/#breadcrumb\"},\"inLanguage\":\"es\",\"potentialAction\":[{\"@type\":\"ReadAction\",\"target\":[\"https:\/\/www.celttv.com.ar\/index.php\/2014\/12\/15\/el-boxeo-volvio-a-tener-su-cita-en-tornquist-notas-e-imagenes\/\"]}]},{\"@type\":\"BreadcrumbList\",\"@id\":\"https:\/\/www.celttv.com.ar\/index.php\/2014\/12\/15\/el-boxeo-volvio-a-tener-su-cita-en-tornquist-notas-e-imagenes\/#breadcrumb\",\"itemListElement\":[{\"@type\":\"ListItem\",\"position\":1,\"name\":\"Inicio\",\"item\":\"https:\/\/www.celttv.com.ar\/\"},{\"@type\":\"ListItem\",\"position\":2,\"name\":\"EL BOXEO VOLVI\u00d3 A TENER SU CITA EN TORNQUIST (Notas e im\u00e1genes).\"}]},{\"@type\":\"WebSite\",\"@id\":\"https:\/\/www.celttv.com.ar\/#website\",\"url\":\"https:\/\/www.celttv.com.ar\/\",\"name\":\"CELTTV\",\"description\":\"Cooperativa El\u00e9ctrica de Tornquist\",\"publisher\":{\"@id\":\"https:\/\/www.celttv.com.ar\/#organization\"},\"potentialAction\":[{\"@type\":\"SearchAction\",\"target\":{\"@type\":\"EntryPoint\",\"urlTemplate\":\"https:\/\/www.celttv.com.ar\/?s={search_term_string}\"},\"query-input\":\"required name=search_term_string\"}],\"inLanguage\":\"es\"},{\"@type\":\"Organization\",\"@id\":\"https:\/\/www.celttv.com.ar\/#organization\",\"name\":\"CELTTV\",\"url\":\"https:\/\/www.celttv.com.ar\/\",\"sameAs\":[\"https:\/\/www.youtube.com\/channel\/UCz_oIt8Hig64Ub-EmcNPIhg\",\"https:\/\/www.facebook.com\/celtTV\/\"],\"logo\":{\"@type\":\"ImageObject\",\"inLanguage\":\"es\",\"@id\":\"https:\/\/www.celttv.com.ar\/#\/schema\/logo\/image\/\",\"url\":\"http:\/\/www.celttv.com.ar\/wp-content\/uploads\/2022\/08\/logo-1.png\",\"contentUrl\":\"http:\/\/www.celttv.com.ar\/wp-content\/uploads\/2022\/08\/logo-1.png\",\"width\":461,\"height\":159,\"caption\":\"CELTTV\"},\"image\":{\"@id\":\"https:\/\/www.celttv.com.ar\/#\/schema\/logo\/image\/\"}},{\"@type\":\"Person\",\"@id\":\"https:\/\/www.celttv.com.ar\/#\/schema\/person\/6d99c072dba59953809c81446e9d0ace\",\"name\":\"ulises\",\"image\":{\"@type\":\"ImageObject\",\"inLanguage\":\"es\",\"@id\":\"https:\/\/www.celttv.com.ar\/#\/schema\/person\/image\/\",\"url\":\"https:\/\/secure.gravatar.com\/avatar\/7f2c48bdc33b30088f941fb6082e555f2874c98e20cb159d7b92b50eadfce793?s=96&d=mm&r=g\",\"contentUrl\":\"https:\/\/secure.gravatar.com\/avatar\/7f2c48bdc33b30088f941fb6082e555f2874c98e20cb159d7b92b50eadfce793?s=96&d=mm&r=g\",\"caption\":\"ulises\"},\"sameAs\":[\"http:\/\/www.celttv.com.ar\"]}]}<\/script>\n<!-- \/ Yoast SEO plugin. -->","yoast_head_json":{"title":"EL BOXEO VOLVI\u00d3 A TENER SU CITA EN TORNQUIST (Notas e im\u00e1genes). - CELTTV","description":"Sitio web de noticias de la localidad de Tornquist, provincia de Buenos Aires, Rep\u00fablica Argentina. Contenido propio originado por periodistas de CELTTV, el canal de TV local de la Cooperativa El\u00e9ctrica de Tornquist. Turismo, Pol\u00edtica, Sociedad, Deporte, Cultura y todo el contenido de inter\u00e9s general que la gente del pueblo y la regi\u00f3n debe conocer.","robots":{"index":"index","follow":"follow","max-snippet":"max-snippet:-1","max-image-preview":"max-image-preview:large","max-video-preview":"max-video-preview:-1"},"canonical":"https:\/\/www.celttv.com.ar\/index.php\/2014\/12\/15\/el-boxeo-volvio-a-tener-su-cita-en-tornquist-notas-e-imagenes\/","og_locale":"es_ES","og_type":"article","og_title":"EL BOXEO VOLVI\u00d3 A TENER SU CITA EN TORNQUIST (Notas e im\u00e1genes). - CELTTV","og_description":"Sitio web de noticias de la localidad de Tornquist, provincia de Buenos Aires, Rep\u00fablica Argentina. Contenido propio originado por periodistas de CELTTV, el canal de TV local de la Cooperativa El\u00e9ctrica de Tornquist. Turismo, Pol\u00edtica, Sociedad, Deporte, Cultura y todo el contenido de inter\u00e9s general que la gente del pueblo y la regi\u00f3n debe conocer.","og_url":"https:\/\/www.celttv.com.ar\/index.php\/2014\/12\/15\/el-boxeo-volvio-a-tener-su-cita-en-tornquist-notas-e-imagenes\/","og_site_name":"CELTTV","article_publisher":"https:\/\/www.facebook.com\/celtTV\/","article_published_time":"2014-12-15T23:46:39+00:00","author":"ulises","twitter_card":"summary_large_image","twitter_misc":{"Escrito por":"ulises","Tiempo de lectura":"2 minutos"},"schema":{"@context":"https:\/\/schema.org","@graph":[{"@type":"NewsArticle","@id":"https:\/\/www.celttv.com.ar\/index.php\/2014\/12\/15\/el-boxeo-volvio-a-tener-su-cita-en-tornquist-notas-e-imagenes\/#article","isPartOf":{"@id":"https:\/\/www.celttv.com.ar\/index.php\/2014\/12\/15\/el-boxeo-volvio-a-tener-su-cita-en-tornquist-notas-e-imagenes\/"},"author":{"name":"ulises","@id":"https:\/\/www.celttv.com.ar\/#\/schema\/person\/6d99c072dba59953809c81446e9d0ace"},"headline":"EL BOXEO VOLVI\u00d3 A TENER SU CITA EN TORNQUIST (Notas e im\u00e1genes).","datePublished":"2014-12-15T23:46:39+00:00","dateModified":"2014-12-15T23:46:39+00:00","mainEntityOfPage":{"@id":"https:\/\/www.celttv.com.ar\/index.php\/2014\/12\/15\/el-boxeo-volvio-a-tener-su-cita-en-tornquist-notas-e-imagenes\/"},"wordCount":316,"publisher":{"@id":"https:\/\/www.celttv.com.ar\/#organization"},"articleSection":["Comunidad","Deporte","Destacadas","Videos Destacados"],"inLanguage":"es"},{"@type":"WebPage","@id":"https:\/\/www.celttv.com.ar\/index.php\/2014\/12\/15\/el-boxeo-volvio-a-tener-su-cita-en-tornquist-notas-e-imagenes\/","url":"https:\/\/www.celttv.com.ar\/index.php\/2014\/12\/15\/el-boxeo-volvio-a-tener-su-cita-en-tornquist-notas-e-imagenes\/","name":"EL BOXEO VOLVI\u00d3 A TENER SU CITA EN TORNQUIST (Notas e im\u00e1genes). - CELTTV","isPartOf":{"@id":"https:\/\/www.celttv.com.ar\/#website"},"datePublished":"2014-12-15T23:46:39+00:00","dateModified":"2014-12-15T23:46:39+00:00","description":"Sitio web de noticias de la localidad de Tornquist, provincia de Buenos Aires, Rep\u00fablica Argentina. Contenido propio originado por periodistas de CELTTV, el canal de TV local de la Cooperativa El\u00e9ctrica de Tornquist. Turismo, Pol\u00edtica, Sociedad, Deporte, Cultura y todo el contenido de inter\u00e9s general que la gente del pueblo y la regi\u00f3n debe conocer.","breadcrumb":{"@id":"https:\/\/www.celttv.com.ar\/index.php\/2014\/12\/15\/el-boxeo-volvio-a-tener-su-cita-en-tornquist-notas-e-imagenes\/#breadcrumb"},"inLanguage":"es","potentialAction":[{"@type":"ReadAction","target":["https:\/\/www.celttv.com.ar\/index.php\/2014\/12\/15\/el-boxeo-volvio-a-tener-su-cita-en-tornquist-notas-e-imagenes\/"]}]},{"@type":"BreadcrumbList","@id":"https:\/\/www.celttv.com.ar\/index.php\/2014\/12\/15\/el-boxeo-volvio-a-tener-su-cita-en-tornquist-notas-e-imagenes\/#breadcrumb","itemListElement":[{"@type":"ListItem","position":1,"name":"Inicio","item":"https:\/\/www.celttv.com.ar\/"},{"@type":"ListItem","position":2,"name":"EL BOXEO VOLVI\u00d3 A TENER SU CITA EN TORNQUIST (Notas e im\u00e1genes)."}]},{"@type":"WebSite","@id":"https:\/\/www.celttv.com.ar\/#website","url":"https:\/\/www.celttv.com.ar\/","name":"CELTTV","description":"Cooperativa El\u00e9ctrica de Tornquist","publisher":{"@id":"https:\/\/www.celttv.com.ar\/#organization"},"potentialAction":[{"@type":"SearchAction","target":{"@type":"EntryPoint","urlTemplate":"https:\/\/www.celttv.com.ar\/?s={search_term_string}"},"query-input":"required name=search_term_string"}],"inLanguage":"es"},{"@type":"Organization","@id":"https:\/\/www.celttv.com.ar\/#organization","name":"CELTTV","url":"https:\/\/www.celttv.com.ar\/","sameAs":["https:\/\/www.youtube.com\/channel\/UCz_oIt8Hig64Ub-EmcNPIhg","https:\/\/www.facebook.com\/celtTV\/"],"logo":{"@type":"ImageObject","inLanguage":"es","@id":"https:\/\/www.celttv.com.ar\/#\/schema\/logo\/image\/","url":"http:\/\/www.celttv.com.ar\/wp-content\/uploads\/2022\/08\/logo-1.png","contentUrl":"http:\/\/www.celttv.com.ar\/wp-content\/uploads\/2022\/08\/logo-1.png","width":461,"height":159,"caption":"CELTTV"},"image":{"@id":"https:\/\/www.celttv.com.ar\/#\/schema\/logo\/image\/"}},{"@type":"Person","@id":"https:\/\/www.celttv.com.ar\/#\/schema\/person\/6d99c072dba59953809c81446e9d0ace","name":"ulises","image":{"@type":"ImageObject","inLanguage":"es","@id":"https:\/\/www.celttv.com.ar\/#\/schema\/person\/image\/","url":"https:\/\/secure.gravatar.com\/avatar\/7f2c48bdc33b30088f941fb6082e555f2874c98e20cb159d7b92b50eadfce793?s=96&d=mm&r=g","contentUrl":"https:\/\/secure.gravatar.com\/avatar\/7f2c48bdc33b30088f941fb6082e555f2874c98e20cb159d7b92b50eadfce793?s=96&d=mm&r=g","caption":"ulises"},"sameAs":["http:\/\/www.celttv.com.ar"]}]}},"_links":{"self":[{"href":"https:\/\/www.celttv.com.ar\/index.php\/wp-json\/wp\/v2\/posts\/25665","targetHints":{"allow":["GET"]}}],"collection":[{"href":"https:\/\/www.celttv.com.ar\/index.php\/wp-json\/wp\/v2\/posts"}],"about":[{"href":"https:\/\/www.celttv.com.ar\/index.php\/wp-json\/wp\/v2\/types\/post"}],"author":[{"embeddable":true,"href":"https:\/\/www.celttv.com.ar\/index.php\/wp-json\/wp\/v2\/users\/1"}],"replies":[{"embeddable":true,"href":"https:\/\/www.celttv.com.ar\/index.php\/wp-json\/wp\/v2\/comments?post=25665"}],"version-history":[{"count":0,"href":"https:\/\/www.celttv.com.ar\/index.php\/wp-json\/wp\/v2\/posts\/25665\/revisions"}],"wp:attachment":[{"href":"https:\/\/www.celttv.com.ar\/index.php\/wp-json\/wp\/v2\/media?parent=25665"}],"wp:term":[{"taxonomy":"category","embeddable":true,"href":"https:\/\/www.celttv.com.ar\/index.php\/wp-json\/wp\/v2\/categories?post=25665"},{"taxonomy":"post_tag","embeddable":true,"href":"https:\/\/www.celttv.com.ar\/index.php\/wp-json\/wp\/v2\/tags?post=25665"}],"curies":[{"name":"wp","href":"https:\/\/api.w.org\/{rel}","templated":true}]}}