{"id":25672,"date":"2014-12-16T00:14:21","date_gmt":"2014-12-16T00:14:21","guid":{"rendered":"http:\/\/www.tvcnoticias.com.ar\/?p=25672"},"modified":"2014-12-16T00:14:21","modified_gmt":"2014-12-16T00:14:21","slug":"tornquist-integrara-el-consejo-provincial-de-turismo","status":"publish","type":"post","link":"https:\/\/www.celttv.com.ar\/index.php\/2014\/12\/16\/tornquist-integrara-el-consejo-provincial-de-turismo\/","title":{"rendered":"TORNQUIST INTEGRARA EL CONSEJO PROVINCIAL DE TURISMO"},"content":{"rendered":"<p><a rel=\"attachment wp-att-25673\" href=\"http:\/\/www.tvcnoticias.com.ar\/?attachment_id=25673\"><img loading=\"lazy\" decoding=\"async\" class=\"aligncenter size-medium wp-image-25673\" title=\"DSCN8686 (Medium)\" src=\"http:\/\/www.tvcnoticias.com.ar\/wp-content\/uploads\/2014\/12\/DSCN8686-Medium-450x205.jpg\" alt=\"\" width=\"450\" height=\"205\" \/><\/a>El distrito de Tornquist fue elegido como titular del Polo de Desarrollo Tur\u00edstico 6 dentro del Consejo Provincial de Turismo (Coprotur), durante una reuni\u00f3n desarrollada en Sierra de la Ventana, con la participaci\u00f3n de representantes de los diferentes distritos involucrados, entre ellos, el secretario de Turismo, Cultura y Deportes comunal, Leandro Pascale, y la directora de Turismo, licenciada Yanina Torres.<br \/>\nLa reuni\u00f3n en la cual se tom\u00f3 la determinaci\u00f3n, enmarcada dentro de la Ley Provincial de Turismo, estuvo encabezada por la propia Secretar\u00eda de Turismo Bonaerense.<br \/>\n\u201cSer\u00e1 un espacio institucionalizado en el cual se promover\u00e1 el di\u00e1logo entre los sectores p\u00fablico, privado y tambi\u00e9n acad\u00e9mico\u201d, describi\u00f3 el secretario de Turismo, Ignacio Crotto.<br \/>\nDurante el encuentro, que se desarroll\u00f3 en el Hotel Provincial, los distritos de Olavarr\u00eda y Saavedra obtuvieron su lugar como representantes secundarios.<br \/>\n\u201cQuiero agradecerle al gobernador Daniel Scioli, a Ignacio Crotto y a los distritos que acompa\u00f1aron esta decisi\u00f3n\u201d, resalt\u00f3 el intendente municipal, licenciado Gustavo Trankels.<br \/>\nEl Consejo estar\u00e1 integrado por siete miembros, uno por cada Polo de Desarrollo Tur\u00edstico. En lo que va del a\u00f1o fueron distinguidos anteriormente\u00a0 los distritos de La Plata y Ca\u00f1uelas para presidir los Polos 1 y 3,\u00a0 San Antonio de Areco y Lincoln como titulares de\u00a0 los Polos 2 y 7, respectivamente, y Necochea, al frente del\u00a0 Polo Tur\u00edstico 5.<br \/>\nLa reuni\u00f3n cont\u00f3 tambi\u00e9n con la participaci\u00f3n del secretario Guillermo Oustry (Producci\u00f3n y Turismo de Saavedra); y los directores de Turismo Mario Mantani (Tandil); Mar\u00eda Emilia Martinese (Olavarr\u00eda); Mar\u00eda Lidia Vieytes (Benito Ju\u00e1rez); M\u00f3nica Orazi (Coronel Pringles); Rafael Dupuy (Azul); y Romina Lezica (Coronel Su\u00e1rez).<br \/>\n&nbsp;<\/p>\n","protected":false},"excerpt":{"rendered":"<p>El distrito de Tornquist fue elegido como titular del Polo de Desarrollo Tur\u00edstico 6 dentro del Consejo Provincial de Turismo (Coprotur), durante una reuni\u00f3n desarrollada en Sierra de la Ventana, con la participaci\u00f3n de representantes de los diferentes distritos involucrados, entre ellos, el secretario de Turismo, Cultura y Deportes comunal, Leandro Pascale, y la directora [&hellip;]<\/p>\n","protected":false},"author":1,"featured_media":0,"comment_status":"closed","ping_status":"open","sticky":false,"template":"","format":"standard","meta":{"footnotes":""},"categories":[51,52,53],"tags":[],"class_list":["post-25672","post","type-post","status-publish","format-standard","hentry","category-comunidad","category-destacadas","category-politica"],"yoast_head":"<!-- This site is optimized with the Yoast SEO plugin v19.7.1 - https:\/\/yoast.com\/wordpress\/plugins\/seo\/ -->\n<title>TORNQUIST INTEGRARA EL CONSEJO PROVINCIAL DE TURISMO - CELTTV<\/title>\n<meta name=\"description\" content=\"Sitio web de noticias de la localidad de Tornquist, provincia de Buenos Aires, Rep\u00fablica Argentina. Contenido propio originado por periodistas de CELTTV, el canal de TV local de la Cooperativa El\u00e9ctrica de Tornquist. Turismo, Pol\u00edtica, Sociedad, Deporte, Cultura y todo el contenido de inter\u00e9s general que la gente del pueblo y la regi\u00f3n debe conocer.\" \/>\n<meta name=\"robots\" content=\"index, follow, max-snippet:-1, max-image-preview:large, max-video-preview:-1\" \/>\n<link rel=\"canonical\" href=\"https:\/\/www.celttv.com.ar\/index.php\/2014\/12\/16\/tornquist-integrara-el-consejo-provincial-de-turismo\/\" \/>\n<meta property=\"og:locale\" content=\"es_ES\" \/>\n<meta property=\"og:type\" content=\"article\" \/>\n<meta property=\"og:title\" content=\"TORNQUIST INTEGRARA EL CONSEJO PROVINCIAL DE TURISMO - CELTTV\" \/>\n<meta property=\"og:description\" content=\"Sitio web de noticias de la localidad de Tornquist, provincia de Buenos Aires, Rep\u00fablica Argentina. Contenido propio originado por periodistas de CELTTV, el canal de TV local de la Cooperativa El\u00e9ctrica de Tornquist. Turismo, Pol\u00edtica, Sociedad, Deporte, Cultura y todo el contenido de inter\u00e9s general que la gente del pueblo y la regi\u00f3n debe conocer.\" \/>\n<meta property=\"og:url\" content=\"https:\/\/www.celttv.com.ar\/index.php\/2014\/12\/16\/tornquist-integrara-el-consejo-provincial-de-turismo\/\" \/>\n<meta property=\"og:site_name\" content=\"CELTTV\" \/>\n<meta property=\"article:publisher\" content=\"https:\/\/www.facebook.com\/celtTV\/\" \/>\n<meta property=\"article:published_time\" content=\"2014-12-16T00:14:21+00:00\" \/>\n<meta property=\"og:image\" content=\"http:\/\/www.tvcnoticias.com.ar\/wp-content\/uploads\/2014\/12\/DSCN8686-Medium-450x205.jpg\" \/>\n<meta name=\"author\" content=\"ulises\" \/>\n<meta name=\"twitter:card\" content=\"summary_large_image\" \/>\n<meta name=\"twitter:label1\" content=\"Escrito por\" \/>\n\t<meta name=\"twitter:data1\" content=\"ulises\" \/>\n\t<meta name=\"twitter:label2\" content=\"Tiempo de lectura\" \/>\n\t<meta name=\"twitter:data2\" content=\"1 minuto\" \/>\n<script type=\"application\/ld+json\" class=\"yoast-schema-graph\">{\"@context\":\"https:\/\/schema.org\",\"@graph\":[{\"@type\":\"NewsArticle\",\"@id\":\"https:\/\/www.celttv.com.ar\/index.php\/2014\/12\/16\/tornquist-integrara-el-consejo-provincial-de-turismo\/#article\",\"isPartOf\":{\"@id\":\"https:\/\/www.celttv.com.ar\/index.php\/2014\/12\/16\/tornquist-integrara-el-consejo-provincial-de-turismo\/\"},\"author\":{\"name\":\"ulises\",\"@id\":\"https:\/\/www.celttv.com.ar\/#\/schema\/person\/6d99c072dba59953809c81446e9d0ace\"},\"headline\":\"TORNQUIST INTEGRARA EL CONSEJO PROVINCIAL DE TURISMO\",\"datePublished\":\"2014-12-16T00:14:21+00:00\",\"dateModified\":\"2014-12-16T00:14:21+00:00\",\"mainEntityOfPage\":{\"@id\":\"https:\/\/www.celttv.com.ar\/index.php\/2014\/12\/16\/tornquist-integrara-el-consejo-provincial-de-turismo\/\"},\"wordCount\":292,\"publisher\":{\"@id\":\"https:\/\/www.celttv.com.ar\/#organization\"},\"articleSection\":[\"Comunidad\",\"Destacadas\",\"Pol\u00edtica\"],\"inLanguage\":\"es\"},{\"@type\":\"WebPage\",\"@id\":\"https:\/\/www.celttv.com.ar\/index.php\/2014\/12\/16\/tornquist-integrara-el-consejo-provincial-de-turismo\/\",\"url\":\"https:\/\/www.celttv.com.ar\/index.php\/2014\/12\/16\/tornquist-integrara-el-consejo-provincial-de-turismo\/\",\"name\":\"TORNQUIST INTEGRARA EL CONSEJO PROVINCIAL DE TURISMO - CELTTV\",\"isPartOf\":{\"@id\":\"https:\/\/www.celttv.com.ar\/#website\"},\"datePublished\":\"2014-12-16T00:14:21+00:00\",\"dateModified\":\"2014-12-16T00:14:21+00:00\",\"description\":\"Sitio web de noticias de la localidad de Tornquist, provincia de Buenos Aires, Rep\u00fablica Argentina. Contenido propio originado por periodistas de CELTTV, el canal de TV local de la Cooperativa El\u00e9ctrica de Tornquist. Turismo, Pol\u00edtica, Sociedad, Deporte, Cultura y todo el contenido de inter\u00e9s general que la gente del pueblo y la regi\u00f3n debe conocer.\",\"breadcrumb\":{\"@id\":\"https:\/\/www.celttv.com.ar\/index.php\/2014\/12\/16\/tornquist-integrara-el-consejo-provincial-de-turismo\/#breadcrumb\"},\"inLanguage\":\"es\",\"potentialAction\":[{\"@type\":\"ReadAction\",\"target\":[\"https:\/\/www.celttv.com.ar\/index.php\/2014\/12\/16\/tornquist-integrara-el-consejo-provincial-de-turismo\/\"]}]},{\"@type\":\"BreadcrumbList\",\"@id\":\"https:\/\/www.celttv.com.ar\/index.php\/2014\/12\/16\/tornquist-integrara-el-consejo-provincial-de-turismo\/#breadcrumb\",\"itemListElement\":[{\"@type\":\"ListItem\",\"position\":1,\"name\":\"Inicio\",\"item\":\"https:\/\/www.celttv.com.ar\/\"},{\"@type\":\"ListItem\",\"position\":2,\"name\":\"TORNQUIST INTEGRARA EL CONSEJO PROVINCIAL DE TURISMO\"}]},{\"@type\":\"WebSite\",\"@id\":\"https:\/\/www.celttv.com.ar\/#website\",\"url\":\"https:\/\/www.celttv.com.ar\/\",\"name\":\"CELTTV\",\"description\":\"Cooperativa El\u00e9ctrica de Tornquist\",\"publisher\":{\"@id\":\"https:\/\/www.celttv.com.ar\/#organization\"},\"potentialAction\":[{\"@type\":\"SearchAction\",\"target\":{\"@type\":\"EntryPoint\",\"urlTemplate\":\"https:\/\/www.celttv.com.ar\/?s={search_term_string}\"},\"query-input\":\"required name=search_term_string\"}],\"inLanguage\":\"es\"},{\"@type\":\"Organization\",\"@id\":\"https:\/\/www.celttv.com.ar\/#organization\",\"name\":\"CELTTV\",\"url\":\"https:\/\/www.celttv.com.ar\/\",\"sameAs\":[\"https:\/\/www.youtube.com\/channel\/UCz_oIt8Hig64Ub-EmcNPIhg\",\"https:\/\/www.facebook.com\/celtTV\/\"],\"logo\":{\"@type\":\"ImageObject\",\"inLanguage\":\"es\",\"@id\":\"https:\/\/www.celttv.com.ar\/#\/schema\/logo\/image\/\",\"url\":\"http:\/\/www.celttv.com.ar\/wp-content\/uploads\/2022\/08\/logo-1.png\",\"contentUrl\":\"http:\/\/www.celttv.com.ar\/wp-content\/uploads\/2022\/08\/logo-1.png\",\"width\":461,\"height\":159,\"caption\":\"CELTTV\"},\"image\":{\"@id\":\"https:\/\/www.celttv.com.ar\/#\/schema\/logo\/image\/\"}},{\"@type\":\"Person\",\"@id\":\"https:\/\/www.celttv.com.ar\/#\/schema\/person\/6d99c072dba59953809c81446e9d0ace\",\"name\":\"ulises\",\"image\":{\"@type\":\"ImageObject\",\"inLanguage\":\"es\",\"@id\":\"https:\/\/www.celttv.com.ar\/#\/schema\/person\/image\/\",\"url\":\"https:\/\/secure.gravatar.com\/avatar\/7f2c48bdc33b30088f941fb6082e555f2874c98e20cb159d7b92b50eadfce793?s=96&d=mm&r=g\",\"contentUrl\":\"https:\/\/secure.gravatar.com\/avatar\/7f2c48bdc33b30088f941fb6082e555f2874c98e20cb159d7b92b50eadfce793?s=96&d=mm&r=g\",\"caption\":\"ulises\"},\"sameAs\":[\"http:\/\/www.celttv.com.ar\"]}]}<\/script>\n<!-- \/ Yoast SEO plugin. -->","yoast_head_json":{"title":"TORNQUIST INTEGRARA EL CONSEJO PROVINCIAL DE TURISMO - CELTTV","description":"Sitio web de noticias de la localidad de Tornquist, provincia de Buenos Aires, Rep\u00fablica Argentina. Contenido propio originado por periodistas de CELTTV, el canal de TV local de la Cooperativa El\u00e9ctrica de Tornquist. Turismo, Pol\u00edtica, Sociedad, Deporte, Cultura y todo el contenido de inter\u00e9s general que la gente del pueblo y la regi\u00f3n debe conocer.","robots":{"index":"index","follow":"follow","max-snippet":"max-snippet:-1","max-image-preview":"max-image-preview:large","max-video-preview":"max-video-preview:-1"},"canonical":"https:\/\/www.celttv.com.ar\/index.php\/2014\/12\/16\/tornquist-integrara-el-consejo-provincial-de-turismo\/","og_locale":"es_ES","og_type":"article","og_title":"TORNQUIST INTEGRARA EL CONSEJO PROVINCIAL DE TURISMO - CELTTV","og_description":"Sitio web de noticias de la localidad de Tornquist, provincia de Buenos Aires, Rep\u00fablica Argentina. Contenido propio originado por periodistas de CELTTV, el canal de TV local de la Cooperativa El\u00e9ctrica de Tornquist. Turismo, Pol\u00edtica, Sociedad, Deporte, Cultura y todo el contenido de inter\u00e9s general que la gente del pueblo y la regi\u00f3n debe conocer.","og_url":"https:\/\/www.celttv.com.ar\/index.php\/2014\/12\/16\/tornquist-integrara-el-consejo-provincial-de-turismo\/","og_site_name":"CELTTV","article_publisher":"https:\/\/www.facebook.com\/celtTV\/","article_published_time":"2014-12-16T00:14:21+00:00","og_image":[{"url":"http:\/\/www.tvcnoticias.com.ar\/wp-content\/uploads\/2014\/12\/DSCN8686-Medium-450x205.jpg"}],"author":"ulises","twitter_card":"summary_large_image","twitter_misc":{"Escrito por":"ulises","Tiempo de lectura":"1 minuto"},"schema":{"@context":"https:\/\/schema.org","@graph":[{"@type":"NewsArticle","@id":"https:\/\/www.celttv.com.ar\/index.php\/2014\/12\/16\/tornquist-integrara-el-consejo-provincial-de-turismo\/#article","isPartOf":{"@id":"https:\/\/www.celttv.com.ar\/index.php\/2014\/12\/16\/tornquist-integrara-el-consejo-provincial-de-turismo\/"},"author":{"name":"ulises","@id":"https:\/\/www.celttv.com.ar\/#\/schema\/person\/6d99c072dba59953809c81446e9d0ace"},"headline":"TORNQUIST INTEGRARA EL CONSEJO PROVINCIAL DE TURISMO","datePublished":"2014-12-16T00:14:21+00:00","dateModified":"2014-12-16T00:14:21+00:00","mainEntityOfPage":{"@id":"https:\/\/www.celttv.com.ar\/index.php\/2014\/12\/16\/tornquist-integrara-el-consejo-provincial-de-turismo\/"},"wordCount":292,"publisher":{"@id":"https:\/\/www.celttv.com.ar\/#organization"},"articleSection":["Comunidad","Destacadas","Pol\u00edtica"],"inLanguage":"es"},{"@type":"WebPage","@id":"https:\/\/www.celttv.com.ar\/index.php\/2014\/12\/16\/tornquist-integrara-el-consejo-provincial-de-turismo\/","url":"https:\/\/www.celttv.com.ar\/index.php\/2014\/12\/16\/tornquist-integrara-el-consejo-provincial-de-turismo\/","name":"TORNQUIST INTEGRARA EL CONSEJO PROVINCIAL DE TURISMO - CELTTV","isPartOf":{"@id":"https:\/\/www.celttv.com.ar\/#website"},"datePublished":"2014-12-16T00:14:21+00:00","dateModified":"2014-12-16T00:14:21+00:00","description":"Sitio web de noticias de la localidad de Tornquist, provincia de Buenos Aires, Rep\u00fablica Argentina. Contenido propio originado por periodistas de CELTTV, el canal de TV local de la Cooperativa El\u00e9ctrica de Tornquist. Turismo, Pol\u00edtica, Sociedad, Deporte, Cultura y todo el contenido de inter\u00e9s general que la gente del pueblo y la regi\u00f3n debe conocer.","breadcrumb":{"@id":"https:\/\/www.celttv.com.ar\/index.php\/2014\/12\/16\/tornquist-integrara-el-consejo-provincial-de-turismo\/#breadcrumb"},"inLanguage":"es","potentialAction":[{"@type":"ReadAction","target":["https:\/\/www.celttv.com.ar\/index.php\/2014\/12\/16\/tornquist-integrara-el-consejo-provincial-de-turismo\/"]}]},{"@type":"BreadcrumbList","@id":"https:\/\/www.celttv.com.ar\/index.php\/2014\/12\/16\/tornquist-integrara-el-consejo-provincial-de-turismo\/#breadcrumb","itemListElement":[{"@type":"ListItem","position":1,"name":"Inicio","item":"https:\/\/www.celttv.com.ar\/"},{"@type":"ListItem","position":2,"name":"TORNQUIST INTEGRARA EL CONSEJO PROVINCIAL DE TURISMO"}]},{"@type":"WebSite","@id":"https:\/\/www.celttv.com.ar\/#website","url":"https:\/\/www.celttv.com.ar\/","name":"CELTTV","description":"Cooperativa El\u00e9ctrica de Tornquist","publisher":{"@id":"https:\/\/www.celttv.com.ar\/#organization"},"potentialAction":[{"@type":"SearchAction","target":{"@type":"EntryPoint","urlTemplate":"https:\/\/www.celttv.com.ar\/?s={search_term_string}"},"query-input":"required name=search_term_string"}],"inLanguage":"es"},{"@type":"Organization","@id":"https:\/\/www.celttv.com.ar\/#organization","name":"CELTTV","url":"https:\/\/www.celttv.com.ar\/","sameAs":["https:\/\/www.youtube.com\/channel\/UCz_oIt8Hig64Ub-EmcNPIhg","https:\/\/www.facebook.com\/celtTV\/"],"logo":{"@type":"ImageObject","inLanguage":"es","@id":"https:\/\/www.celttv.com.ar\/#\/schema\/logo\/image\/","url":"http:\/\/www.celttv.com.ar\/wp-content\/uploads\/2022\/08\/logo-1.png","contentUrl":"http:\/\/www.celttv.com.ar\/wp-content\/uploads\/2022\/08\/logo-1.png","width":461,"height":159,"caption":"CELTTV"},"image":{"@id":"https:\/\/www.celttv.com.ar\/#\/schema\/logo\/image\/"}},{"@type":"Person","@id":"https:\/\/www.celttv.com.ar\/#\/schema\/person\/6d99c072dba59953809c81446e9d0ace","name":"ulises","image":{"@type":"ImageObject","inLanguage":"es","@id":"https:\/\/www.celttv.com.ar\/#\/schema\/person\/image\/","url":"https:\/\/secure.gravatar.com\/avatar\/7f2c48bdc33b30088f941fb6082e555f2874c98e20cb159d7b92b50eadfce793?s=96&d=mm&r=g","contentUrl":"https:\/\/secure.gravatar.com\/avatar\/7f2c48bdc33b30088f941fb6082e555f2874c98e20cb159d7b92b50eadfce793?s=96&d=mm&r=g","caption":"ulises"},"sameAs":["http:\/\/www.celttv.com.ar"]}]}},"_links":{"self":[{"href":"https:\/\/www.celttv.com.ar\/index.php\/wp-json\/wp\/v2\/posts\/25672","targetHints":{"allow":["GET"]}}],"collection":[{"href":"https:\/\/www.celttv.com.ar\/index.php\/wp-json\/wp\/v2\/posts"}],"about":[{"href":"https:\/\/www.celttv.com.ar\/index.php\/wp-json\/wp\/v2\/types\/post"}],"author":[{"embeddable":true,"href":"https:\/\/www.celttv.com.ar\/index.php\/wp-json\/wp\/v2\/users\/1"}],"replies":[{"embeddable":true,"href":"https:\/\/www.celttv.com.ar\/index.php\/wp-json\/wp\/v2\/comments?post=25672"}],"version-history":[{"count":0,"href":"https:\/\/www.celttv.com.ar\/index.php\/wp-json\/wp\/v2\/posts\/25672\/revisions"}],"wp:attachment":[{"href":"https:\/\/www.celttv.com.ar\/index.php\/wp-json\/wp\/v2\/media?parent=25672"}],"wp:term":[{"taxonomy":"category","embeddable":true,"href":"https:\/\/www.celttv.com.ar\/index.php\/wp-json\/wp\/v2\/categories?post=25672"},{"taxonomy":"post_tag","embeddable":true,"href":"https:\/\/www.celttv.com.ar\/index.php\/wp-json\/wp\/v2\/tags?post=25672"}],"curies":[{"name":"wp","href":"https:\/\/api.w.org\/{rel}","templated":true}]}}