{"id":25687,"date":"2014-12-16T23:07:41","date_gmt":"2014-12-16T23:07:41","guid":{"rendered":"http:\/\/www.tvcnoticias.com.ar\/?p=25687"},"modified":"2014-12-16T23:07:41","modified_gmt":"2014-12-16T23:07:41","slug":"emotiva-inauguracion-de-temporada-en-el-club-de-pesca-tornquist","status":"publish","type":"post","link":"https:\/\/www.celttv.com.ar\/index.php\/2014\/12\/16\/emotiva-inauguracion-de-temporada-en-el-club-de-pesca-tornquist\/","title":{"rendered":"EMOTIVA INAUGURACION DE TEMPORADA EN EL CLUB DE PESCA TORNQUIST"},"content":{"rendered":"<p><a href=\"https:\/\/www.youtube.com\/watch?v=Z7CvlTUPvYQ\">httpv:\/\/www.youtube.com\/watch?v=Z7CvlTUPvYQ<\/a><br \/>\n<a href=\"https:\/\/www.youtube.com\/watch?v=goghYhUldmI\">httpv:\/\/www.youtube.com\/watch?v=goghYhUldmI<\/a><br \/>\n<br \/>\n7\u00ba Pic Nic Familiar y 1ra. Procesi\u00f3n Acu\u00e1tica<\/p>\n<div>\n<div>Organizado por el Club de Pesca Tornquist, se llev\u00f3 a cabo el pasado domingo 7 el 7\u00ba Pic Nic Familiar y 1ra. Procesi\u00f3n Acu\u00e1tica con la imagen de la Rosa M\u00edstica, la cual se encuentra en forma permanente en el lugar.<\/div>\n<div>En una ma\u00f1ana de domingo realmente veraniega y con buena cantidad de p\u00fablico se le fue dando forma a esta fiesta de la gente lagunera.<\/div>\n<div>Comenz\u00f3 alrededor de las 11:30 hs. frente a la Capilla que alberga las im\u00e1genes del Sagrado Coraz\u00f3n y de Rosa M\u00edstica y con la conducci\u00f3n de la socia Nelly Zelarray\u00e1n de Miconi y el apoyo de la religiosa hermana Marta Allaltuni, se le dio lugar a la partida en procesi\u00f3n a pie con ambas im\u00e1genes, con c\u00e1nticos, oraciones, guitarras y banderines, hasta llegar al embarcadero.<\/div>\n<div>Posadas las im\u00e1genes en la lancha del socio Ruben Fari\u00f1a y con integrantes de la comisi\u00f3n directiva de acompa\u00f1antes, comenzaron a surcar las aguas laguneras para arribar al sector de playa,, donde un nutrido grupo de peregrinos esperaban el arribo.<\/div>\n<div>Desde all\u00ed y a pie las im\u00e1genes fueron transportadas en brazos de diferentes acompa\u00f1antes, hasta la capilla, cerrando con oraciones, pedidos y c\u00e1nticos, un emotivo y religioso acto.<\/div>\n<div>Esta fue la primera procesi\u00f3n acu\u00e1tica con las im\u00e1genes de Rosa M\u00edstica y el Sagrado Coraz\u00f3n, que se repetir\u00e1 cada a\u00f1o y junto a la gruta donde se encuentra la imagen de Nuestra Se\u00f1ora de Luj\u00e1n, en un marco de imponente belleza y de cara al espig\u00f3n de pescadores, conforman una importante propuesta de turismo religioso en el oeste de nuestra comarca.<\/div>\n<div>En otro sector la tradicional rueda de corderos al asador iba tomando color de apetitoso manjar bajo la maestr\u00eda de los asadores \u201cPich\u00edn\u201d Laborde y \u201cBocha\u201d Montes de Oca.<\/div>\n<div>La alegre m\u00fasica del maestro Carlos Polak le pon\u00eda ritmo al festejo.<\/div>\n<div>Para regocijo del presidente Ricardo Echevarr\u00eda y su comisi\u00f3n directiva, el diputado provincial Rub\u00e9n Grenada (ex intendente del partido de Saavedra) se hizo presente con un subsidio de $ 10.000, que sirvi\u00f3 para redondear un hermoso d\u00eda de festejo lagunero.<\/div>\n<div>Religiosidad, pesca, navegaci\u00f3n, gastronom\u00eda, m\u00fasica y un ambiente familiar en un hermos\u00edsimo predio que estaba bien preparado para la ocasi\u00f3n.<\/div>\n<\/div>\n","protected":false},"excerpt":{"rendered":"<p>httpv:\/\/www.youtube.com\/watch?v=Z7CvlTUPvYQ httpv:\/\/www.youtube.com\/watch?v=goghYhUldmI 7\u00ba Pic Nic Familiar y 1ra. Procesi\u00f3n Acu\u00e1tica Organizado por el Club de Pesca Tornquist, se llev\u00f3 a cabo el pasado domingo 7 el 7\u00ba Pic Nic Familiar y 1ra. Procesi\u00f3n Acu\u00e1tica con la imagen de la Rosa M\u00edstica, la cual se encuentra en forma permanente en el lugar. En una ma\u00f1ana de [&hellip;]<\/p>\n","protected":false},"author":1,"featured_media":0,"comment_status":"closed","ping_status":"open","sticky":false,"template":"","format":"standard","meta":{"footnotes":""},"categories":[51,60,52,64],"tags":[],"class_list":["post-25687","post","type-post","status-publish","format-standard","hentry","category-comunidad","category-deporte","category-destacadas","category-videos-destacados"],"yoast_head":"<!-- This site is optimized with the Yoast SEO plugin v19.7.1 - https:\/\/yoast.com\/wordpress\/plugins\/seo\/ -->\n<title>EMOTIVA INAUGURACION DE TEMPORADA EN EL CLUB DE PESCA TORNQUIST - CELTTV<\/title>\n<meta name=\"description\" content=\"Sitio web de noticias de la localidad de Tornquist, provincia de Buenos Aires, Rep\u00fablica Argentina. Contenido propio originado por periodistas de CELTTV, el canal de TV local de la Cooperativa El\u00e9ctrica de Tornquist. Turismo, Pol\u00edtica, Sociedad, Deporte, Cultura y todo el contenido de inter\u00e9s general que la gente del pueblo y la regi\u00f3n debe conocer.\" \/>\n<meta name=\"robots\" content=\"index, follow, max-snippet:-1, max-image-preview:large, max-video-preview:-1\" \/>\n<link rel=\"canonical\" href=\"https:\/\/www.celttv.com.ar\/index.php\/2014\/12\/16\/emotiva-inauguracion-de-temporada-en-el-club-de-pesca-tornquist\/\" \/>\n<meta property=\"og:locale\" content=\"es_ES\" \/>\n<meta property=\"og:type\" content=\"article\" \/>\n<meta property=\"og:title\" content=\"EMOTIVA INAUGURACION DE TEMPORADA EN EL CLUB DE PESCA TORNQUIST - CELTTV\" \/>\n<meta property=\"og:description\" content=\"Sitio web de noticias de la localidad de Tornquist, provincia de Buenos Aires, Rep\u00fablica Argentina. Contenido propio originado por periodistas de CELTTV, el canal de TV local de la Cooperativa El\u00e9ctrica de Tornquist. Turismo, Pol\u00edtica, Sociedad, Deporte, Cultura y todo el contenido de inter\u00e9s general que la gente del pueblo y la regi\u00f3n debe conocer.\" \/>\n<meta property=\"og:url\" content=\"https:\/\/www.celttv.com.ar\/index.php\/2014\/12\/16\/emotiva-inauguracion-de-temporada-en-el-club-de-pesca-tornquist\/\" \/>\n<meta property=\"og:site_name\" content=\"CELTTV\" \/>\n<meta property=\"article:publisher\" content=\"https:\/\/www.facebook.com\/celtTV\/\" \/>\n<meta property=\"article:published_time\" content=\"2014-12-16T23:07:41+00:00\" \/>\n<meta name=\"author\" content=\"ulises\" \/>\n<meta name=\"twitter:card\" content=\"summary_large_image\" \/>\n<meta name=\"twitter:label1\" content=\"Escrito por\" \/>\n\t<meta name=\"twitter:data1\" content=\"ulises\" \/>\n\t<meta name=\"twitter:label2\" content=\"Tiempo de lectura\" \/>\n\t<meta name=\"twitter:data2\" content=\"2 minutos\" \/>\n<script type=\"application\/ld+json\" class=\"yoast-schema-graph\">{\"@context\":\"https:\/\/schema.org\",\"@graph\":[{\"@type\":\"NewsArticle\",\"@id\":\"https:\/\/www.celttv.com.ar\/index.php\/2014\/12\/16\/emotiva-inauguracion-de-temporada-en-el-club-de-pesca-tornquist\/#article\",\"isPartOf\":{\"@id\":\"https:\/\/www.celttv.com.ar\/index.php\/2014\/12\/16\/emotiva-inauguracion-de-temporada-en-el-club-de-pesca-tornquist\/\"},\"author\":{\"name\":\"ulises\",\"@id\":\"https:\/\/www.celttv.com.ar\/#\/schema\/person\/6d99c072dba59953809c81446e9d0ace\"},\"headline\":\"EMOTIVA INAUGURACION DE TEMPORADA EN EL CLUB DE PESCA TORNQUIST\",\"datePublished\":\"2014-12-16T23:07:41+00:00\",\"dateModified\":\"2014-12-16T23:07:41+00:00\",\"mainEntityOfPage\":{\"@id\":\"https:\/\/www.celttv.com.ar\/index.php\/2014\/12\/16\/emotiva-inauguracion-de-temporada-en-el-club-de-pesca-tornquist\/\"},\"wordCount\":437,\"publisher\":{\"@id\":\"https:\/\/www.celttv.com.ar\/#organization\"},\"articleSection\":[\"Comunidad\",\"Deporte\",\"Destacadas\",\"Videos Destacados\"],\"inLanguage\":\"es\"},{\"@type\":\"WebPage\",\"@id\":\"https:\/\/www.celttv.com.ar\/index.php\/2014\/12\/16\/emotiva-inauguracion-de-temporada-en-el-club-de-pesca-tornquist\/\",\"url\":\"https:\/\/www.celttv.com.ar\/index.php\/2014\/12\/16\/emotiva-inauguracion-de-temporada-en-el-club-de-pesca-tornquist\/\",\"name\":\"EMOTIVA INAUGURACION DE TEMPORADA EN EL CLUB DE PESCA TORNQUIST - CELTTV\",\"isPartOf\":{\"@id\":\"https:\/\/www.celttv.com.ar\/#website\"},\"datePublished\":\"2014-12-16T23:07:41+00:00\",\"dateModified\":\"2014-12-16T23:07:41+00:00\",\"description\":\"Sitio web de noticias de la localidad de Tornquist, provincia de Buenos Aires, Rep\u00fablica Argentina. Contenido propio originado por periodistas de CELTTV, el canal de TV local de la Cooperativa El\u00e9ctrica de Tornquist. Turismo, Pol\u00edtica, Sociedad, Deporte, Cultura y todo el contenido de inter\u00e9s general que la gente del pueblo y la regi\u00f3n debe conocer.\",\"breadcrumb\":{\"@id\":\"https:\/\/www.celttv.com.ar\/index.php\/2014\/12\/16\/emotiva-inauguracion-de-temporada-en-el-club-de-pesca-tornquist\/#breadcrumb\"},\"inLanguage\":\"es\",\"potentialAction\":[{\"@type\":\"ReadAction\",\"target\":[\"https:\/\/www.celttv.com.ar\/index.php\/2014\/12\/16\/emotiva-inauguracion-de-temporada-en-el-club-de-pesca-tornquist\/\"]}]},{\"@type\":\"BreadcrumbList\",\"@id\":\"https:\/\/www.celttv.com.ar\/index.php\/2014\/12\/16\/emotiva-inauguracion-de-temporada-en-el-club-de-pesca-tornquist\/#breadcrumb\",\"itemListElement\":[{\"@type\":\"ListItem\",\"position\":1,\"name\":\"Inicio\",\"item\":\"https:\/\/www.celttv.com.ar\/\"},{\"@type\":\"ListItem\",\"position\":2,\"name\":\"EMOTIVA INAUGURACION DE TEMPORADA EN EL CLUB DE PESCA TORNQUIST\"}]},{\"@type\":\"WebSite\",\"@id\":\"https:\/\/www.celttv.com.ar\/#website\",\"url\":\"https:\/\/www.celttv.com.ar\/\",\"name\":\"CELTTV\",\"description\":\"Cooperativa El\u00e9ctrica de Tornquist\",\"publisher\":{\"@id\":\"https:\/\/www.celttv.com.ar\/#organization\"},\"potentialAction\":[{\"@type\":\"SearchAction\",\"target\":{\"@type\":\"EntryPoint\",\"urlTemplate\":\"https:\/\/www.celttv.com.ar\/?s={search_term_string}\"},\"query-input\":\"required name=search_term_string\"}],\"inLanguage\":\"es\"},{\"@type\":\"Organization\",\"@id\":\"https:\/\/www.celttv.com.ar\/#organization\",\"name\":\"CELTTV\",\"url\":\"https:\/\/www.celttv.com.ar\/\",\"sameAs\":[\"https:\/\/www.youtube.com\/channel\/UCz_oIt8Hig64Ub-EmcNPIhg\",\"https:\/\/www.facebook.com\/celtTV\/\"],\"logo\":{\"@type\":\"ImageObject\",\"inLanguage\":\"es\",\"@id\":\"https:\/\/www.celttv.com.ar\/#\/schema\/logo\/image\/\",\"url\":\"http:\/\/www.celttv.com.ar\/wp-content\/uploads\/2022\/08\/logo-1.png\",\"contentUrl\":\"http:\/\/www.celttv.com.ar\/wp-content\/uploads\/2022\/08\/logo-1.png\",\"width\":461,\"height\":159,\"caption\":\"CELTTV\"},\"image\":{\"@id\":\"https:\/\/www.celttv.com.ar\/#\/schema\/logo\/image\/\"}},{\"@type\":\"Person\",\"@id\":\"https:\/\/www.celttv.com.ar\/#\/schema\/person\/6d99c072dba59953809c81446e9d0ace\",\"name\":\"ulises\",\"image\":{\"@type\":\"ImageObject\",\"inLanguage\":\"es\",\"@id\":\"https:\/\/www.celttv.com.ar\/#\/schema\/person\/image\/\",\"url\":\"https:\/\/secure.gravatar.com\/avatar\/7f2c48bdc33b30088f941fb6082e555f2874c98e20cb159d7b92b50eadfce793?s=96&d=mm&r=g\",\"contentUrl\":\"https:\/\/secure.gravatar.com\/avatar\/7f2c48bdc33b30088f941fb6082e555f2874c98e20cb159d7b92b50eadfce793?s=96&d=mm&r=g\",\"caption\":\"ulises\"},\"sameAs\":[\"http:\/\/www.celttv.com.ar\"]}]}<\/script>\n<!-- \/ Yoast SEO plugin. -->","yoast_head_json":{"title":"EMOTIVA INAUGURACION DE TEMPORADA EN EL CLUB DE PESCA TORNQUIST - CELTTV","description":"Sitio web de noticias de la localidad de Tornquist, provincia de Buenos Aires, Rep\u00fablica Argentina. Contenido propio originado por periodistas de CELTTV, el canal de TV local de la Cooperativa El\u00e9ctrica de Tornquist. Turismo, Pol\u00edtica, Sociedad, Deporte, Cultura y todo el contenido de inter\u00e9s general que la gente del pueblo y la regi\u00f3n debe conocer.","robots":{"index":"index","follow":"follow","max-snippet":"max-snippet:-1","max-image-preview":"max-image-preview:large","max-video-preview":"max-video-preview:-1"},"canonical":"https:\/\/www.celttv.com.ar\/index.php\/2014\/12\/16\/emotiva-inauguracion-de-temporada-en-el-club-de-pesca-tornquist\/","og_locale":"es_ES","og_type":"article","og_title":"EMOTIVA INAUGURACION DE TEMPORADA EN EL CLUB DE PESCA TORNQUIST - CELTTV","og_description":"Sitio web de noticias de la localidad de Tornquist, provincia de Buenos Aires, Rep\u00fablica Argentina. Contenido propio originado por periodistas de CELTTV, el canal de TV local de la Cooperativa El\u00e9ctrica de Tornquist. Turismo, Pol\u00edtica, Sociedad, Deporte, Cultura y todo el contenido de inter\u00e9s general que la gente del pueblo y la regi\u00f3n debe conocer.","og_url":"https:\/\/www.celttv.com.ar\/index.php\/2014\/12\/16\/emotiva-inauguracion-de-temporada-en-el-club-de-pesca-tornquist\/","og_site_name":"CELTTV","article_publisher":"https:\/\/www.facebook.com\/celtTV\/","article_published_time":"2014-12-16T23:07:41+00:00","author":"ulises","twitter_card":"summary_large_image","twitter_misc":{"Escrito por":"ulises","Tiempo de lectura":"2 minutos"},"schema":{"@context":"https:\/\/schema.org","@graph":[{"@type":"NewsArticle","@id":"https:\/\/www.celttv.com.ar\/index.php\/2014\/12\/16\/emotiva-inauguracion-de-temporada-en-el-club-de-pesca-tornquist\/#article","isPartOf":{"@id":"https:\/\/www.celttv.com.ar\/index.php\/2014\/12\/16\/emotiva-inauguracion-de-temporada-en-el-club-de-pesca-tornquist\/"},"author":{"name":"ulises","@id":"https:\/\/www.celttv.com.ar\/#\/schema\/person\/6d99c072dba59953809c81446e9d0ace"},"headline":"EMOTIVA INAUGURACION DE TEMPORADA EN EL CLUB DE PESCA TORNQUIST","datePublished":"2014-12-16T23:07:41+00:00","dateModified":"2014-12-16T23:07:41+00:00","mainEntityOfPage":{"@id":"https:\/\/www.celttv.com.ar\/index.php\/2014\/12\/16\/emotiva-inauguracion-de-temporada-en-el-club-de-pesca-tornquist\/"},"wordCount":437,"publisher":{"@id":"https:\/\/www.celttv.com.ar\/#organization"},"articleSection":["Comunidad","Deporte","Destacadas","Videos Destacados"],"inLanguage":"es"},{"@type":"WebPage","@id":"https:\/\/www.celttv.com.ar\/index.php\/2014\/12\/16\/emotiva-inauguracion-de-temporada-en-el-club-de-pesca-tornquist\/","url":"https:\/\/www.celttv.com.ar\/index.php\/2014\/12\/16\/emotiva-inauguracion-de-temporada-en-el-club-de-pesca-tornquist\/","name":"EMOTIVA INAUGURACION DE TEMPORADA EN EL CLUB DE PESCA TORNQUIST - CELTTV","isPartOf":{"@id":"https:\/\/www.celttv.com.ar\/#website"},"datePublished":"2014-12-16T23:07:41+00:00","dateModified":"2014-12-16T23:07:41+00:00","description":"Sitio web de noticias de la localidad de Tornquist, provincia de Buenos Aires, Rep\u00fablica Argentina. Contenido propio originado por periodistas de CELTTV, el canal de TV local de la Cooperativa El\u00e9ctrica de Tornquist. Turismo, Pol\u00edtica, Sociedad, Deporte, Cultura y todo el contenido de inter\u00e9s general que la gente del pueblo y la regi\u00f3n debe conocer.","breadcrumb":{"@id":"https:\/\/www.celttv.com.ar\/index.php\/2014\/12\/16\/emotiva-inauguracion-de-temporada-en-el-club-de-pesca-tornquist\/#breadcrumb"},"inLanguage":"es","potentialAction":[{"@type":"ReadAction","target":["https:\/\/www.celttv.com.ar\/index.php\/2014\/12\/16\/emotiva-inauguracion-de-temporada-en-el-club-de-pesca-tornquist\/"]}]},{"@type":"BreadcrumbList","@id":"https:\/\/www.celttv.com.ar\/index.php\/2014\/12\/16\/emotiva-inauguracion-de-temporada-en-el-club-de-pesca-tornquist\/#breadcrumb","itemListElement":[{"@type":"ListItem","position":1,"name":"Inicio","item":"https:\/\/www.celttv.com.ar\/"},{"@type":"ListItem","position":2,"name":"EMOTIVA INAUGURACION DE TEMPORADA EN EL CLUB DE PESCA TORNQUIST"}]},{"@type":"WebSite","@id":"https:\/\/www.celttv.com.ar\/#website","url":"https:\/\/www.celttv.com.ar\/","name":"CELTTV","description":"Cooperativa El\u00e9ctrica de Tornquist","publisher":{"@id":"https:\/\/www.celttv.com.ar\/#organization"},"potentialAction":[{"@type":"SearchAction","target":{"@type":"EntryPoint","urlTemplate":"https:\/\/www.celttv.com.ar\/?s={search_term_string}"},"query-input":"required name=search_term_string"}],"inLanguage":"es"},{"@type":"Organization","@id":"https:\/\/www.celttv.com.ar\/#organization","name":"CELTTV","url":"https:\/\/www.celttv.com.ar\/","sameAs":["https:\/\/www.youtube.com\/channel\/UCz_oIt8Hig64Ub-EmcNPIhg","https:\/\/www.facebook.com\/celtTV\/"],"logo":{"@type":"ImageObject","inLanguage":"es","@id":"https:\/\/www.celttv.com.ar\/#\/schema\/logo\/image\/","url":"http:\/\/www.celttv.com.ar\/wp-content\/uploads\/2022\/08\/logo-1.png","contentUrl":"http:\/\/www.celttv.com.ar\/wp-content\/uploads\/2022\/08\/logo-1.png","width":461,"height":159,"caption":"CELTTV"},"image":{"@id":"https:\/\/www.celttv.com.ar\/#\/schema\/logo\/image\/"}},{"@type":"Person","@id":"https:\/\/www.celttv.com.ar\/#\/schema\/person\/6d99c072dba59953809c81446e9d0ace","name":"ulises","image":{"@type":"ImageObject","inLanguage":"es","@id":"https:\/\/www.celttv.com.ar\/#\/schema\/person\/image\/","url":"https:\/\/secure.gravatar.com\/avatar\/7f2c48bdc33b30088f941fb6082e555f2874c98e20cb159d7b92b50eadfce793?s=96&d=mm&r=g","contentUrl":"https:\/\/secure.gravatar.com\/avatar\/7f2c48bdc33b30088f941fb6082e555f2874c98e20cb159d7b92b50eadfce793?s=96&d=mm&r=g","caption":"ulises"},"sameAs":["http:\/\/www.celttv.com.ar"]}]}},"_links":{"self":[{"href":"https:\/\/www.celttv.com.ar\/index.php\/wp-json\/wp\/v2\/posts\/25687","targetHints":{"allow":["GET"]}}],"collection":[{"href":"https:\/\/www.celttv.com.ar\/index.php\/wp-json\/wp\/v2\/posts"}],"about":[{"href":"https:\/\/www.celttv.com.ar\/index.php\/wp-json\/wp\/v2\/types\/post"}],"author":[{"embeddable":true,"href":"https:\/\/www.celttv.com.ar\/index.php\/wp-json\/wp\/v2\/users\/1"}],"replies":[{"embeddable":true,"href":"https:\/\/www.celttv.com.ar\/index.php\/wp-json\/wp\/v2\/comments?post=25687"}],"version-history":[{"count":0,"href":"https:\/\/www.celttv.com.ar\/index.php\/wp-json\/wp\/v2\/posts\/25687\/revisions"}],"wp:attachment":[{"href":"https:\/\/www.celttv.com.ar\/index.php\/wp-json\/wp\/v2\/media?parent=25687"}],"wp:term":[{"taxonomy":"category","embeddable":true,"href":"https:\/\/www.celttv.com.ar\/index.php\/wp-json\/wp\/v2\/categories?post=25687"},{"taxonomy":"post_tag","embeddable":true,"href":"https:\/\/www.celttv.com.ar\/index.php\/wp-json\/wp\/v2\/tags?post=25687"}],"curies":[{"name":"wp","href":"https:\/\/api.w.org\/{rel}","templated":true}]}}