{"id":25834,"date":"2014-12-18T12:39:13","date_gmt":"2014-12-18T12:39:13","guid":{"rendered":"http:\/\/www.tvcnoticias.com.ar\/?p=25834"},"modified":"2014-12-18T12:39:13","modified_gmt":"2014-12-18T12:39:13","slug":"trascendente-reunion-en-pos-de-una-obra-energetica-clave-para-tornquist","status":"publish","type":"post","link":"https:\/\/www.celttv.com.ar\/index.php\/2014\/12\/18\/trascendente-reunion-en-pos-de-una-obra-energetica-clave-para-tornquist\/","title":{"rendered":"TRASCENDENTE REUNION EN POS DE UNA OBRA ENERG\u00c9TICA CLAVE PARA TORNQUIST"},"content":{"rendered":"<p><a rel=\"attachment wp-att-25835\" href=\"http:\/\/www.tvcnoticias.com.ar\/?attachment_id=25835\"><img loading=\"lazy\" decoding=\"async\" class=\"aligncenter size-medium wp-image-25835\" title=\"01 (Medium)\" src=\"http:\/\/www.tvcnoticias.com.ar\/wp-content\/uploads\/2014\/12\/01-Medium-450x337.jpg\" alt=\"\" width=\"450\" height=\"337\" \/><\/a><br \/>\nLa posibilidad de realizar una obra que duplique la capacidad de generaci\u00f3n de energ\u00eda en el distrito de Tornquist qued\u00f3 expuesta durante una reuni\u00f3n que el intendente municipal, licenciado Gustavo Trankels, mantuvo en la ciudad de Buenos Aires con integrantes del equipo de trabajo del ministro de Planificaci\u00f3n Federal de la Naci\u00f3n, Julio De Vido, miembros de las cooperativas el\u00e9ctricas de la regi\u00f3n y representantes de la empresa EDES.<br \/>\nEl encuentro cont\u00f3 con la presencia del secretario de Gobierno y Hacienda, Guillermo L\u00f6ffler; el gerente de la entidad cooperativista tornquistense, ingeniero Edgard Barone; el presidente de la Cooperativa El\u00e9ctrica de Chasic\u00f3, Gustavo Bonotti, y Julio Oviedo, de la misma instituci\u00f3n.<br \/>\n\u201cMantuvimos una reuni\u00f3n la semana pasada con gente del equipo del ministro Julio De Vido y a partir de ese encuentro, realizamos ayer una nueva reuni\u00f3n de car\u00e1cter t\u00e9cnico, de la cual participaron la Cooperativa El\u00e9ctrica de Tornquist, la Cooperativa El\u00e9ctrica de Chasic\u00f3 y un t\u00e9cnico de la empresa EDES, todos tratando de hacer un trabajo mancomunado para concretar un gran anhelo, que ya hemos conversado largamente con las entidades cooperativistas y que es que Tornquist tenga asegurada la provisi\u00f3n de energ\u00eda de cara a los pr\u00f3ximos 20 a\u00f1os\u201d, confi\u00f3 Trankels.<br \/>\n\u201cPara eso es necesaria una obra de dimensiones que ni la empresa EDES, ni las cooperativas ni el Municipio puede afrontar. Por eso es que presentamos esta inquietud al ministro Julio De Vido, quien nos dio la grata noticia de que el Ministerio va a colaborar con esa obra\u201d, agreg\u00f3.<br \/>\nEn este sentido, el jefe comunal confi\u00f3 que deben presentarse varias carpetas con los anteproyectos y los presupuestos correspondientes.<br \/>\n\u201cUna vez que los proyectos se encuentren finalizados, mantendremos una nueva reuni\u00f3n para avanzar en la firma del acuerdo marco que conduzca a la realizaci\u00f3n de esta obra, que parec\u00eda inalcanzable y que hoy, gracias al gran entendimiento del gobierno nacional, estamos a pasos de lograr\u201d, enfatiz\u00f3.<br \/>\nLa obra permitir\u00eda duplicar la capacidad de 15 a 30 mw y demandar\u00eda una inversi\u00f3n superior a los 50 millones de pesos.<br \/>\nPara dialogar sobre diferentes detalles, el intendente Trankels y Guillermo L\u00f6ffler se reunieron con Alberto Rubio, Gabriel Artola y Roberto Delfino, miembros de la Cooperativa El\u00e9ctrica de Tornquist.<br \/>\n\u201cEsa construcci\u00f3n nos abrir\u00eda la posibilidad para la radicaci\u00f3n de empresas y una planificaci\u00f3n especial para el oeste del distrito y para el Sector Industrial Planificado. Adem\u00e1s, beneficiar\u00eda tambi\u00e9n a la provisi\u00f3n de energ\u00eda el\u00e9ctrica de Villa Ventana, Saldungaray, Sierra de la Ventana, Tres Picos y varios lugares de la zona. Ser\u00e1 de impacto regional\u201d, manifest\u00f3.<br \/>\n&nbsp;<br \/>\n&nbsp;<\/p>\n","protected":false},"excerpt":{"rendered":"<p>La posibilidad de realizar una obra que duplique la capacidad de generaci\u00f3n de energ\u00eda en el distrito de Tornquist qued\u00f3 expuesta durante una reuni\u00f3n que el intendente municipal, licenciado Gustavo Trankels, mantuvo en la ciudad de Buenos Aires con integrantes del equipo de trabajo del ministro de Planificaci\u00f3n Federal de la Naci\u00f3n, Julio De Vido, [&hellip;]<\/p>\n","protected":false},"author":1,"featured_media":0,"comment_status":"closed","ping_status":"open","sticky":false,"template":"","format":"standard","meta":{"footnotes":""},"categories":[51,52,53],"tags":[],"class_list":["post-25834","post","type-post","status-publish","format-standard","hentry","category-comunidad","category-destacadas","category-politica"],"yoast_head":"<!-- This site is optimized with the Yoast SEO plugin v19.7.1 - https:\/\/yoast.com\/wordpress\/plugins\/seo\/ -->\n<title>TRASCENDENTE REUNION EN POS DE UNA OBRA ENERG\u00c9TICA CLAVE PARA TORNQUIST - CELTTV<\/title>\n<meta name=\"description\" content=\"Sitio web de noticias de la localidad de Tornquist, provincia de Buenos Aires, Rep\u00fablica Argentina. Contenido propio originado por periodistas de CELTTV, el canal de TV local de la Cooperativa El\u00e9ctrica de Tornquist. Turismo, Pol\u00edtica, Sociedad, Deporte, Cultura y todo el contenido de inter\u00e9s general que la gente del pueblo y la regi\u00f3n debe conocer.\" \/>\n<meta name=\"robots\" content=\"index, follow, max-snippet:-1, max-image-preview:large, max-video-preview:-1\" \/>\n<link rel=\"canonical\" href=\"https:\/\/www.celttv.com.ar\/index.php\/2014\/12\/18\/trascendente-reunion-en-pos-de-una-obra-energetica-clave-para-tornquist\/\" \/>\n<meta property=\"og:locale\" content=\"es_ES\" \/>\n<meta property=\"og:type\" content=\"article\" \/>\n<meta property=\"og:title\" content=\"TRASCENDENTE REUNION EN POS DE UNA OBRA ENERG\u00c9TICA CLAVE PARA TORNQUIST - CELTTV\" \/>\n<meta property=\"og:description\" content=\"Sitio web de noticias de la localidad de Tornquist, provincia de Buenos Aires, Rep\u00fablica Argentina. Contenido propio originado por periodistas de CELTTV, el canal de TV local de la Cooperativa El\u00e9ctrica de Tornquist. Turismo, Pol\u00edtica, Sociedad, Deporte, Cultura y todo el contenido de inter\u00e9s general que la gente del pueblo y la regi\u00f3n debe conocer.\" \/>\n<meta property=\"og:url\" content=\"https:\/\/www.celttv.com.ar\/index.php\/2014\/12\/18\/trascendente-reunion-en-pos-de-una-obra-energetica-clave-para-tornquist\/\" \/>\n<meta property=\"og:site_name\" content=\"CELTTV\" \/>\n<meta property=\"article:publisher\" content=\"https:\/\/www.facebook.com\/celtTV\/\" \/>\n<meta property=\"article:published_time\" content=\"2014-12-18T12:39:13+00:00\" \/>\n<meta property=\"og:image\" content=\"http:\/\/www.tvcnoticias.com.ar\/wp-content\/uploads\/2014\/12\/01-Medium-450x337.jpg\" \/>\n<meta name=\"author\" content=\"ulises\" \/>\n<meta name=\"twitter:card\" content=\"summary_large_image\" \/>\n<meta name=\"twitter:label1\" content=\"Escrito por\" \/>\n\t<meta name=\"twitter:data1\" content=\"ulises\" \/>\n\t<meta name=\"twitter:label2\" content=\"Tiempo de lectura\" \/>\n\t<meta name=\"twitter:data2\" content=\"2 minutos\" \/>\n<script type=\"application\/ld+json\" class=\"yoast-schema-graph\">{\"@context\":\"https:\/\/schema.org\",\"@graph\":[{\"@type\":\"NewsArticle\",\"@id\":\"https:\/\/www.celttv.com.ar\/index.php\/2014\/12\/18\/trascendente-reunion-en-pos-de-una-obra-energetica-clave-para-tornquist\/#article\",\"isPartOf\":{\"@id\":\"https:\/\/www.celttv.com.ar\/index.php\/2014\/12\/18\/trascendente-reunion-en-pos-de-una-obra-energetica-clave-para-tornquist\/\"},\"author\":{\"name\":\"ulises\",\"@id\":\"https:\/\/www.celttv.com.ar\/#\/schema\/person\/6d99c072dba59953809c81446e9d0ace\"},\"headline\":\"TRASCENDENTE REUNION EN POS DE UNA OBRA ENERG\u00c9TICA CLAVE PARA TORNQUIST\",\"datePublished\":\"2014-12-18T12:39:13+00:00\",\"dateModified\":\"2014-12-18T12:39:13+00:00\",\"mainEntityOfPage\":{\"@id\":\"https:\/\/www.celttv.com.ar\/index.php\/2014\/12\/18\/trascendente-reunion-en-pos-de-una-obra-energetica-clave-para-tornquist\/\"},\"wordCount\":476,\"publisher\":{\"@id\":\"https:\/\/www.celttv.com.ar\/#organization\"},\"articleSection\":[\"Comunidad\",\"Destacadas\",\"Pol\u00edtica\"],\"inLanguage\":\"es\"},{\"@type\":\"WebPage\",\"@id\":\"https:\/\/www.celttv.com.ar\/index.php\/2014\/12\/18\/trascendente-reunion-en-pos-de-una-obra-energetica-clave-para-tornquist\/\",\"url\":\"https:\/\/www.celttv.com.ar\/index.php\/2014\/12\/18\/trascendente-reunion-en-pos-de-una-obra-energetica-clave-para-tornquist\/\",\"name\":\"TRASCENDENTE REUNION EN POS DE UNA OBRA ENERG\u00c9TICA CLAVE PARA TORNQUIST - CELTTV\",\"isPartOf\":{\"@id\":\"https:\/\/www.celttv.com.ar\/#website\"},\"datePublished\":\"2014-12-18T12:39:13+00:00\",\"dateModified\":\"2014-12-18T12:39:13+00:00\",\"description\":\"Sitio web de noticias de la localidad de Tornquist, provincia de Buenos Aires, Rep\u00fablica Argentina. Contenido propio originado por periodistas de CELTTV, el canal de TV local de la Cooperativa El\u00e9ctrica de Tornquist. Turismo, Pol\u00edtica, Sociedad, Deporte, Cultura y todo el contenido de inter\u00e9s general que la gente del pueblo y la regi\u00f3n debe conocer.\",\"breadcrumb\":{\"@id\":\"https:\/\/www.celttv.com.ar\/index.php\/2014\/12\/18\/trascendente-reunion-en-pos-de-una-obra-energetica-clave-para-tornquist\/#breadcrumb\"},\"inLanguage\":\"es\",\"potentialAction\":[{\"@type\":\"ReadAction\",\"target\":[\"https:\/\/www.celttv.com.ar\/index.php\/2014\/12\/18\/trascendente-reunion-en-pos-de-una-obra-energetica-clave-para-tornquist\/\"]}]},{\"@type\":\"BreadcrumbList\",\"@id\":\"https:\/\/www.celttv.com.ar\/index.php\/2014\/12\/18\/trascendente-reunion-en-pos-de-una-obra-energetica-clave-para-tornquist\/#breadcrumb\",\"itemListElement\":[{\"@type\":\"ListItem\",\"position\":1,\"name\":\"Inicio\",\"item\":\"https:\/\/www.celttv.com.ar\/\"},{\"@type\":\"ListItem\",\"position\":2,\"name\":\"TRASCENDENTE REUNION EN POS DE UNA OBRA ENERG\u00c9TICA CLAVE PARA TORNQUIST\"}]},{\"@type\":\"WebSite\",\"@id\":\"https:\/\/www.celttv.com.ar\/#website\",\"url\":\"https:\/\/www.celttv.com.ar\/\",\"name\":\"CELTTV\",\"description\":\"Cooperativa El\u00e9ctrica de Tornquist\",\"publisher\":{\"@id\":\"https:\/\/www.celttv.com.ar\/#organization\"},\"potentialAction\":[{\"@type\":\"SearchAction\",\"target\":{\"@type\":\"EntryPoint\",\"urlTemplate\":\"https:\/\/www.celttv.com.ar\/?s={search_term_string}\"},\"query-input\":\"required name=search_term_string\"}],\"inLanguage\":\"es\"},{\"@type\":\"Organization\",\"@id\":\"https:\/\/www.celttv.com.ar\/#organization\",\"name\":\"CELTTV\",\"url\":\"https:\/\/www.celttv.com.ar\/\",\"sameAs\":[\"https:\/\/www.youtube.com\/channel\/UCz_oIt8Hig64Ub-EmcNPIhg\",\"https:\/\/www.facebook.com\/celtTV\/\"],\"logo\":{\"@type\":\"ImageObject\",\"inLanguage\":\"es\",\"@id\":\"https:\/\/www.celttv.com.ar\/#\/schema\/logo\/image\/\",\"url\":\"http:\/\/www.celttv.com.ar\/wp-content\/uploads\/2022\/08\/logo-1.png\",\"contentUrl\":\"http:\/\/www.celttv.com.ar\/wp-content\/uploads\/2022\/08\/logo-1.png\",\"width\":461,\"height\":159,\"caption\":\"CELTTV\"},\"image\":{\"@id\":\"https:\/\/www.celttv.com.ar\/#\/schema\/logo\/image\/\"}},{\"@type\":\"Person\",\"@id\":\"https:\/\/www.celttv.com.ar\/#\/schema\/person\/6d99c072dba59953809c81446e9d0ace\",\"name\":\"ulises\",\"image\":{\"@type\":\"ImageObject\",\"inLanguage\":\"es\",\"@id\":\"https:\/\/www.celttv.com.ar\/#\/schema\/person\/image\/\",\"url\":\"https:\/\/secure.gravatar.com\/avatar\/7f2c48bdc33b30088f941fb6082e555f2874c98e20cb159d7b92b50eadfce793?s=96&d=mm&r=g\",\"contentUrl\":\"https:\/\/secure.gravatar.com\/avatar\/7f2c48bdc33b30088f941fb6082e555f2874c98e20cb159d7b92b50eadfce793?s=96&d=mm&r=g\",\"caption\":\"ulises\"},\"sameAs\":[\"http:\/\/www.celttv.com.ar\"]}]}<\/script>\n<!-- \/ Yoast SEO plugin. -->","yoast_head_json":{"title":"TRASCENDENTE REUNION EN POS DE UNA OBRA ENERG\u00c9TICA CLAVE PARA TORNQUIST - CELTTV","description":"Sitio web de noticias de la localidad de Tornquist, provincia de Buenos Aires, Rep\u00fablica Argentina. Contenido propio originado por periodistas de CELTTV, el canal de TV local de la Cooperativa El\u00e9ctrica de Tornquist. Turismo, Pol\u00edtica, Sociedad, Deporte, Cultura y todo el contenido de inter\u00e9s general que la gente del pueblo y la regi\u00f3n debe conocer.","robots":{"index":"index","follow":"follow","max-snippet":"max-snippet:-1","max-image-preview":"max-image-preview:large","max-video-preview":"max-video-preview:-1"},"canonical":"https:\/\/www.celttv.com.ar\/index.php\/2014\/12\/18\/trascendente-reunion-en-pos-de-una-obra-energetica-clave-para-tornquist\/","og_locale":"es_ES","og_type":"article","og_title":"TRASCENDENTE REUNION EN POS DE UNA OBRA ENERG\u00c9TICA CLAVE PARA TORNQUIST - CELTTV","og_description":"Sitio web de noticias de la localidad de Tornquist, provincia de Buenos Aires, Rep\u00fablica Argentina. Contenido propio originado por periodistas de CELTTV, el canal de TV local de la Cooperativa El\u00e9ctrica de Tornquist. Turismo, Pol\u00edtica, Sociedad, Deporte, Cultura y todo el contenido de inter\u00e9s general que la gente del pueblo y la regi\u00f3n debe conocer.","og_url":"https:\/\/www.celttv.com.ar\/index.php\/2014\/12\/18\/trascendente-reunion-en-pos-de-una-obra-energetica-clave-para-tornquist\/","og_site_name":"CELTTV","article_publisher":"https:\/\/www.facebook.com\/celtTV\/","article_published_time":"2014-12-18T12:39:13+00:00","og_image":[{"url":"http:\/\/www.tvcnoticias.com.ar\/wp-content\/uploads\/2014\/12\/01-Medium-450x337.jpg"}],"author":"ulises","twitter_card":"summary_large_image","twitter_misc":{"Escrito por":"ulises","Tiempo de lectura":"2 minutos"},"schema":{"@context":"https:\/\/schema.org","@graph":[{"@type":"NewsArticle","@id":"https:\/\/www.celttv.com.ar\/index.php\/2014\/12\/18\/trascendente-reunion-en-pos-de-una-obra-energetica-clave-para-tornquist\/#article","isPartOf":{"@id":"https:\/\/www.celttv.com.ar\/index.php\/2014\/12\/18\/trascendente-reunion-en-pos-de-una-obra-energetica-clave-para-tornquist\/"},"author":{"name":"ulises","@id":"https:\/\/www.celttv.com.ar\/#\/schema\/person\/6d99c072dba59953809c81446e9d0ace"},"headline":"TRASCENDENTE REUNION EN POS DE UNA OBRA ENERG\u00c9TICA CLAVE PARA TORNQUIST","datePublished":"2014-12-18T12:39:13+00:00","dateModified":"2014-12-18T12:39:13+00:00","mainEntityOfPage":{"@id":"https:\/\/www.celttv.com.ar\/index.php\/2014\/12\/18\/trascendente-reunion-en-pos-de-una-obra-energetica-clave-para-tornquist\/"},"wordCount":476,"publisher":{"@id":"https:\/\/www.celttv.com.ar\/#organization"},"articleSection":["Comunidad","Destacadas","Pol\u00edtica"],"inLanguage":"es"},{"@type":"WebPage","@id":"https:\/\/www.celttv.com.ar\/index.php\/2014\/12\/18\/trascendente-reunion-en-pos-de-una-obra-energetica-clave-para-tornquist\/","url":"https:\/\/www.celttv.com.ar\/index.php\/2014\/12\/18\/trascendente-reunion-en-pos-de-una-obra-energetica-clave-para-tornquist\/","name":"TRASCENDENTE REUNION EN POS DE UNA OBRA ENERG\u00c9TICA CLAVE PARA TORNQUIST - CELTTV","isPartOf":{"@id":"https:\/\/www.celttv.com.ar\/#website"},"datePublished":"2014-12-18T12:39:13+00:00","dateModified":"2014-12-18T12:39:13+00:00","description":"Sitio web de noticias de la localidad de Tornquist, provincia de Buenos Aires, Rep\u00fablica Argentina. Contenido propio originado por periodistas de CELTTV, el canal de TV local de la Cooperativa El\u00e9ctrica de Tornquist. Turismo, Pol\u00edtica, Sociedad, Deporte, Cultura y todo el contenido de inter\u00e9s general que la gente del pueblo y la regi\u00f3n debe conocer.","breadcrumb":{"@id":"https:\/\/www.celttv.com.ar\/index.php\/2014\/12\/18\/trascendente-reunion-en-pos-de-una-obra-energetica-clave-para-tornquist\/#breadcrumb"},"inLanguage":"es","potentialAction":[{"@type":"ReadAction","target":["https:\/\/www.celttv.com.ar\/index.php\/2014\/12\/18\/trascendente-reunion-en-pos-de-una-obra-energetica-clave-para-tornquist\/"]}]},{"@type":"BreadcrumbList","@id":"https:\/\/www.celttv.com.ar\/index.php\/2014\/12\/18\/trascendente-reunion-en-pos-de-una-obra-energetica-clave-para-tornquist\/#breadcrumb","itemListElement":[{"@type":"ListItem","position":1,"name":"Inicio","item":"https:\/\/www.celttv.com.ar\/"},{"@type":"ListItem","position":2,"name":"TRASCENDENTE REUNION EN POS DE UNA OBRA ENERG\u00c9TICA CLAVE PARA TORNQUIST"}]},{"@type":"WebSite","@id":"https:\/\/www.celttv.com.ar\/#website","url":"https:\/\/www.celttv.com.ar\/","name":"CELTTV","description":"Cooperativa El\u00e9ctrica de Tornquist","publisher":{"@id":"https:\/\/www.celttv.com.ar\/#organization"},"potentialAction":[{"@type":"SearchAction","target":{"@type":"EntryPoint","urlTemplate":"https:\/\/www.celttv.com.ar\/?s={search_term_string}"},"query-input":"required name=search_term_string"}],"inLanguage":"es"},{"@type":"Organization","@id":"https:\/\/www.celttv.com.ar\/#organization","name":"CELTTV","url":"https:\/\/www.celttv.com.ar\/","sameAs":["https:\/\/www.youtube.com\/channel\/UCz_oIt8Hig64Ub-EmcNPIhg","https:\/\/www.facebook.com\/celtTV\/"],"logo":{"@type":"ImageObject","inLanguage":"es","@id":"https:\/\/www.celttv.com.ar\/#\/schema\/logo\/image\/","url":"http:\/\/www.celttv.com.ar\/wp-content\/uploads\/2022\/08\/logo-1.png","contentUrl":"http:\/\/www.celttv.com.ar\/wp-content\/uploads\/2022\/08\/logo-1.png","width":461,"height":159,"caption":"CELTTV"},"image":{"@id":"https:\/\/www.celttv.com.ar\/#\/schema\/logo\/image\/"}},{"@type":"Person","@id":"https:\/\/www.celttv.com.ar\/#\/schema\/person\/6d99c072dba59953809c81446e9d0ace","name":"ulises","image":{"@type":"ImageObject","inLanguage":"es","@id":"https:\/\/www.celttv.com.ar\/#\/schema\/person\/image\/","url":"https:\/\/secure.gravatar.com\/avatar\/7f2c48bdc33b30088f941fb6082e555f2874c98e20cb159d7b92b50eadfce793?s=96&d=mm&r=g","contentUrl":"https:\/\/secure.gravatar.com\/avatar\/7f2c48bdc33b30088f941fb6082e555f2874c98e20cb159d7b92b50eadfce793?s=96&d=mm&r=g","caption":"ulises"},"sameAs":["http:\/\/www.celttv.com.ar"]}]}},"_links":{"self":[{"href":"https:\/\/www.celttv.com.ar\/index.php\/wp-json\/wp\/v2\/posts\/25834","targetHints":{"allow":["GET"]}}],"collection":[{"href":"https:\/\/www.celttv.com.ar\/index.php\/wp-json\/wp\/v2\/posts"}],"about":[{"href":"https:\/\/www.celttv.com.ar\/index.php\/wp-json\/wp\/v2\/types\/post"}],"author":[{"embeddable":true,"href":"https:\/\/www.celttv.com.ar\/index.php\/wp-json\/wp\/v2\/users\/1"}],"replies":[{"embeddable":true,"href":"https:\/\/www.celttv.com.ar\/index.php\/wp-json\/wp\/v2\/comments?post=25834"}],"version-history":[{"count":0,"href":"https:\/\/www.celttv.com.ar\/index.php\/wp-json\/wp\/v2\/posts\/25834\/revisions"}],"wp:attachment":[{"href":"https:\/\/www.celttv.com.ar\/index.php\/wp-json\/wp\/v2\/media?parent=25834"}],"wp:term":[{"taxonomy":"category","embeddable":true,"href":"https:\/\/www.celttv.com.ar\/index.php\/wp-json\/wp\/v2\/categories?post=25834"},{"taxonomy":"post_tag","embeddable":true,"href":"https:\/\/www.celttv.com.ar\/index.php\/wp-json\/wp\/v2\/tags?post=25834"}],"curies":[{"name":"wp","href":"https:\/\/api.w.org\/{rel}","templated":true}]}}