{"id":25840,"date":"2014-12-18T20:36:37","date_gmt":"2014-12-18T20:36:37","guid":{"rendered":"http:\/\/www.tvcnoticias.com.ar\/?p=25840"},"modified":"2014-12-18T20:36:37","modified_gmt":"2014-12-18T20:36:37","slug":"hicieron-realidad-el-sueno-de-la-casa-propia","status":"publish","type":"post","link":"https:\/\/www.celttv.com.ar\/index.php\/2014\/12\/18\/hicieron-realidad-el-sueno-de-la-casa-propia\/","title":{"rendered":"HICIERON REALIDAD EL SUE\u00d1O DE LA CASA PROPIA"},"content":{"rendered":"<p><strong>Emotiva entrega de 10 viviendas para polic\u00edas<\/strong><br \/>\nLas l\u00e1grimas de emoci\u00f3n y felicidad embargaron los rostros de las familias beneficiarias. La situaci\u00f3n ameritaba semejante alegr\u00eda. El sue\u00f1o de la casa propia acababa de hacerse realidad. Mediante un acto desarrollado en la Sala de Situaciones del Palacio Municipal, el intendente Gustavo Trankels le entreg\u00f3 las llaves de sus viviendas a los 10 adjudicatarios del Plan Compartir, Subprograma Polic\u00eda Comunal, financiadas por el gobierno de la Provincia de Buenos Aires a trav\u00e9s de la comuna.<br \/>\nLa celebraci\u00f3n cont\u00f3, adem\u00e1s, con la presencia del Director de Ejecuci\u00f3n del Instituto Provincial de la Vivienda, Pablo V\u00e1zquez; el asesor del administrador general del mencionado organismo, Fernando Salvioni; el Jefe de la Polic\u00eda Comunal, comisario Guillermo Retamoso; miembros de la fuerza de seguridad; integrantes del Departamento Ejecutivo Municipal; concejales; y las propias familias beneficiarias.<br \/>\n\u201cEste es un excelente d\u00eda. Nosotros estamos muy emocionados, as\u00ed que me imagino c\u00f3mo deben estar ustedes. Es una alegr\u00eda saber que esta obra p\u00fablica se va a convertir en algo mucho m\u00e1s c\u00e1lido, que son hogares para sus familias\u201d, se\u00f1al\u00f3 el intendente Trankels.<br \/>\n\u201cTengo que agradecerle much\u00edsimo a Anabella Madue\u00f1a y el gran equipo de Obras P\u00fablicas del Municipio, que le pusieron mucho compromiso a esta obra; a Pablo Sarlo (administrador general organismo bonaerense) y todo el equipo del Instituto Provincial de la Vivienda, que siempre nos acompa\u00f1aron; y a los adjudicatarios por haber confiado en nosotros. Sabemos que hubo momentos en los cuales surgieron inconvenientes y entre todos los supimos superar con dignidad y respeto\u201d, enfatiz\u00f3.<br \/>\nEl jefe comunal tambi\u00e9n agradeci\u00f3 al gobernador Daniel Scioli y al ministro de Infraestructura, Alejandro Arl\u00eda, por permitir una importante mejora en la calidad de vida de vecinos de nuestra comunidad.<br \/>\n\u201cEn poco tiempo tendremos 30 viviendas m\u00e1s para entregar en Tornquist y 20 en Saldungaray. Adem\u00e1s, comenzaremos con la construcci\u00f3n de 20 casas m\u00e1s y estamos por firmar la escritura para adquirir 26 lotes que se destinar\u00e1n a beneficiarios del PRO.CRE.AR. De a poco vamos avanzando en el objetivo de cubrir la demanda habitacional del distrito\u201d, afirm\u00f3.<br \/>\nLos beneficiarios fueron Omar Storm, Iv\u00e1n Molina,\u00a0 Mariela Sandoval, Cintia Montiel, Diego Pinedo, Daniel P\u00e1ez, Juan Ibarrola, Jos\u00e9 Arocena, Daniela Herbalejo y M\u00f3nica Mart\u00ednez.<br \/>\nDurante el transcurso del acto se entregaron las llaves y se firmaron los documentos correspondientes a al acto administrativo de cesi\u00f3n de las viviendas. Luego, se realiz\u00f3 un recorrido por las casas, en las cuales se plant\u00f3 un fresno americano como s\u00edmbolo del emotivo momento.<br \/>\n\u201cEs especial esta entrega porque podemos hacer realidad el sue\u00f1o de 10 familias de la provincia de Buenos Aires. La vivienda es la base de la familia; a partir de ahora empieza el desarrollo de sus familias. Los felicito. Van a empezar el a\u00f1o 2015 de la mejor manera, con la casa propia\u201d, manifest\u00f3 Pablo V\u00e1zquez, quien agradeci\u00f3 a los integrantes de la delegaci\u00f3n Bah\u00eda Blanca del Instituto de la Vivienda y especialmente a Trankels y todo su equipo por el compromiso asumido con esta obra.<br \/>\n&nbsp;<br \/>\n<a rel=\"attachment wp-att-25851\" href=\"http:\/\/www.tvcnoticias.com.ar\/?attachment_id=25851\"><img loading=\"lazy\" decoding=\"async\" class=\"aligncenter size-medium wp-image-25851\" title=\"DSCN9585 (1280x960) (Small)\" src=\"http:\/\/www.tvcnoticias.com.ar\/wp-content\/uploads\/2014\/12\/DSCN9585-1280x960-Small-450x337.jpg\" alt=\"\" width=\"450\" height=\"337\" \/><\/a><br \/>\n<br \/>\n&nbsp;<\/p>\n","protected":false},"excerpt":{"rendered":"<p>Emotiva entrega de 10 viviendas para polic\u00edas Las l\u00e1grimas de emoci\u00f3n y felicidad embargaron los rostros de las familias beneficiarias. La situaci\u00f3n ameritaba semejante alegr\u00eda. El sue\u00f1o de la casa propia acababa de hacerse realidad. Mediante un acto desarrollado en la Sala de Situaciones del Palacio Municipal, el intendente Gustavo Trankels le entreg\u00f3 las llaves [&hellip;]<\/p>\n","protected":false},"author":1,"featured_media":0,"comment_status":"closed","ping_status":"open","sticky":false,"template":"","format":"standard","meta":{"footnotes":""},"categories":[51,52,53],"tags":[],"class_list":["post-25840","post","type-post","status-publish","format-standard","hentry","category-comunidad","category-destacadas","category-politica"],"yoast_head":"<!-- This site is optimized with the Yoast SEO plugin v19.7.1 - https:\/\/yoast.com\/wordpress\/plugins\/seo\/ -->\n<title>HICIERON REALIDAD EL SUE\u00d1O DE LA CASA PROPIA - CELTTV<\/title>\n<meta name=\"description\" content=\"Sitio web de noticias de la localidad de Tornquist, provincia de Buenos Aires, Rep\u00fablica Argentina. Contenido propio originado por periodistas de CELTTV, el canal de TV local de la Cooperativa El\u00e9ctrica de Tornquist. Turismo, Pol\u00edtica, Sociedad, Deporte, Cultura y todo el contenido de inter\u00e9s general que la gente del pueblo y la regi\u00f3n debe conocer.\" \/>\n<meta name=\"robots\" content=\"index, follow, max-snippet:-1, max-image-preview:large, max-video-preview:-1\" \/>\n<link rel=\"canonical\" href=\"https:\/\/www.celttv.com.ar\/index.php\/2014\/12\/18\/hicieron-realidad-el-sueno-de-la-casa-propia\/\" \/>\n<meta property=\"og:locale\" content=\"es_ES\" \/>\n<meta property=\"og:type\" content=\"article\" \/>\n<meta property=\"og:title\" content=\"HICIERON REALIDAD EL SUE\u00d1O DE LA CASA PROPIA - CELTTV\" \/>\n<meta property=\"og:description\" content=\"Sitio web de noticias de la localidad de Tornquist, provincia de Buenos Aires, Rep\u00fablica Argentina. Contenido propio originado por periodistas de CELTTV, el canal de TV local de la Cooperativa El\u00e9ctrica de Tornquist. Turismo, Pol\u00edtica, Sociedad, Deporte, Cultura y todo el contenido de inter\u00e9s general que la gente del pueblo y la regi\u00f3n debe conocer.\" \/>\n<meta property=\"og:url\" content=\"https:\/\/www.celttv.com.ar\/index.php\/2014\/12\/18\/hicieron-realidad-el-sueno-de-la-casa-propia\/\" \/>\n<meta property=\"og:site_name\" content=\"CELTTV\" \/>\n<meta property=\"article:publisher\" content=\"https:\/\/www.facebook.com\/celtTV\/\" \/>\n<meta property=\"article:published_time\" content=\"2014-12-18T20:36:37+00:00\" \/>\n<meta property=\"og:image\" content=\"http:\/\/www.tvcnoticias.com.ar\/wp-content\/uploads\/2014\/12\/DSCN9585-1280x960-Small-450x337.jpg\" \/>\n<meta name=\"author\" content=\"ulises\" \/>\n<meta name=\"twitter:card\" content=\"summary_large_image\" \/>\n<meta name=\"twitter:label1\" content=\"Escrito por\" \/>\n\t<meta name=\"twitter:data1\" content=\"ulises\" \/>\n\t<meta name=\"twitter:label2\" content=\"Tiempo de lectura\" \/>\n\t<meta name=\"twitter:data2\" content=\"3 minutos\" \/>\n<script type=\"application\/ld+json\" class=\"yoast-schema-graph\">{\"@context\":\"https:\/\/schema.org\",\"@graph\":[{\"@type\":\"NewsArticle\",\"@id\":\"https:\/\/www.celttv.com.ar\/index.php\/2014\/12\/18\/hicieron-realidad-el-sueno-de-la-casa-propia\/#article\",\"isPartOf\":{\"@id\":\"https:\/\/www.celttv.com.ar\/index.php\/2014\/12\/18\/hicieron-realidad-el-sueno-de-la-casa-propia\/\"},\"author\":{\"name\":\"ulises\",\"@id\":\"https:\/\/www.celttv.com.ar\/#\/schema\/person\/6d99c072dba59953809c81446e9d0ace\"},\"headline\":\"HICIERON REALIDAD EL SUE\u00d1O DE LA CASA PROPIA\",\"datePublished\":\"2014-12-18T20:36:37+00:00\",\"dateModified\":\"2014-12-18T20:36:37+00:00\",\"mainEntityOfPage\":{\"@id\":\"https:\/\/www.celttv.com.ar\/index.php\/2014\/12\/18\/hicieron-realidad-el-sueno-de-la-casa-propia\/\"},\"wordCount\":550,\"publisher\":{\"@id\":\"https:\/\/www.celttv.com.ar\/#organization\"},\"articleSection\":[\"Comunidad\",\"Destacadas\",\"Pol\u00edtica\"],\"inLanguage\":\"es\"},{\"@type\":\"WebPage\",\"@id\":\"https:\/\/www.celttv.com.ar\/index.php\/2014\/12\/18\/hicieron-realidad-el-sueno-de-la-casa-propia\/\",\"url\":\"https:\/\/www.celttv.com.ar\/index.php\/2014\/12\/18\/hicieron-realidad-el-sueno-de-la-casa-propia\/\",\"name\":\"HICIERON REALIDAD EL SUE\u00d1O DE LA CASA PROPIA - CELTTV\",\"isPartOf\":{\"@id\":\"https:\/\/www.celttv.com.ar\/#website\"},\"datePublished\":\"2014-12-18T20:36:37+00:00\",\"dateModified\":\"2014-12-18T20:36:37+00:00\",\"description\":\"Sitio web de noticias de la localidad de Tornquist, provincia de Buenos Aires, Rep\u00fablica Argentina. Contenido propio originado por periodistas de CELTTV, el canal de TV local de la Cooperativa El\u00e9ctrica de Tornquist. Turismo, Pol\u00edtica, Sociedad, Deporte, Cultura y todo el contenido de inter\u00e9s general que la gente del pueblo y la regi\u00f3n debe conocer.\",\"breadcrumb\":{\"@id\":\"https:\/\/www.celttv.com.ar\/index.php\/2014\/12\/18\/hicieron-realidad-el-sueno-de-la-casa-propia\/#breadcrumb\"},\"inLanguage\":\"es\",\"potentialAction\":[{\"@type\":\"ReadAction\",\"target\":[\"https:\/\/www.celttv.com.ar\/index.php\/2014\/12\/18\/hicieron-realidad-el-sueno-de-la-casa-propia\/\"]}]},{\"@type\":\"BreadcrumbList\",\"@id\":\"https:\/\/www.celttv.com.ar\/index.php\/2014\/12\/18\/hicieron-realidad-el-sueno-de-la-casa-propia\/#breadcrumb\",\"itemListElement\":[{\"@type\":\"ListItem\",\"position\":1,\"name\":\"Inicio\",\"item\":\"https:\/\/www.celttv.com.ar\/\"},{\"@type\":\"ListItem\",\"position\":2,\"name\":\"HICIERON REALIDAD EL SUE\u00d1O DE LA CASA PROPIA\"}]},{\"@type\":\"WebSite\",\"@id\":\"https:\/\/www.celttv.com.ar\/#website\",\"url\":\"https:\/\/www.celttv.com.ar\/\",\"name\":\"CELTTV\",\"description\":\"Cooperativa El\u00e9ctrica de Tornquist\",\"publisher\":{\"@id\":\"https:\/\/www.celttv.com.ar\/#organization\"},\"potentialAction\":[{\"@type\":\"SearchAction\",\"target\":{\"@type\":\"EntryPoint\",\"urlTemplate\":\"https:\/\/www.celttv.com.ar\/?s={search_term_string}\"},\"query-input\":\"required name=search_term_string\"}],\"inLanguage\":\"es\"},{\"@type\":\"Organization\",\"@id\":\"https:\/\/www.celttv.com.ar\/#organization\",\"name\":\"CELTTV\",\"url\":\"https:\/\/www.celttv.com.ar\/\",\"sameAs\":[\"https:\/\/www.youtube.com\/channel\/UCz_oIt8Hig64Ub-EmcNPIhg\",\"https:\/\/www.facebook.com\/celtTV\/\"],\"logo\":{\"@type\":\"ImageObject\",\"inLanguage\":\"es\",\"@id\":\"https:\/\/www.celttv.com.ar\/#\/schema\/logo\/image\/\",\"url\":\"http:\/\/www.celttv.com.ar\/wp-content\/uploads\/2022\/08\/logo-1.png\",\"contentUrl\":\"http:\/\/www.celttv.com.ar\/wp-content\/uploads\/2022\/08\/logo-1.png\",\"width\":461,\"height\":159,\"caption\":\"CELTTV\"},\"image\":{\"@id\":\"https:\/\/www.celttv.com.ar\/#\/schema\/logo\/image\/\"}},{\"@type\":\"Person\",\"@id\":\"https:\/\/www.celttv.com.ar\/#\/schema\/person\/6d99c072dba59953809c81446e9d0ace\",\"name\":\"ulises\",\"image\":{\"@type\":\"ImageObject\",\"inLanguage\":\"es\",\"@id\":\"https:\/\/www.celttv.com.ar\/#\/schema\/person\/image\/\",\"url\":\"https:\/\/secure.gravatar.com\/avatar\/7f2c48bdc33b30088f941fb6082e555f2874c98e20cb159d7b92b50eadfce793?s=96&d=mm&r=g\",\"contentUrl\":\"https:\/\/secure.gravatar.com\/avatar\/7f2c48bdc33b30088f941fb6082e555f2874c98e20cb159d7b92b50eadfce793?s=96&d=mm&r=g\",\"caption\":\"ulises\"},\"sameAs\":[\"http:\/\/www.celttv.com.ar\"]}]}<\/script>\n<!-- \/ Yoast SEO plugin. -->","yoast_head_json":{"title":"HICIERON REALIDAD EL SUE\u00d1O DE LA CASA PROPIA - CELTTV","description":"Sitio web de noticias de la localidad de Tornquist, provincia de Buenos Aires, Rep\u00fablica Argentina. Contenido propio originado por periodistas de CELTTV, el canal de TV local de la Cooperativa El\u00e9ctrica de Tornquist. Turismo, Pol\u00edtica, Sociedad, Deporte, Cultura y todo el contenido de inter\u00e9s general que la gente del pueblo y la regi\u00f3n debe conocer.","robots":{"index":"index","follow":"follow","max-snippet":"max-snippet:-1","max-image-preview":"max-image-preview:large","max-video-preview":"max-video-preview:-1"},"canonical":"https:\/\/www.celttv.com.ar\/index.php\/2014\/12\/18\/hicieron-realidad-el-sueno-de-la-casa-propia\/","og_locale":"es_ES","og_type":"article","og_title":"HICIERON REALIDAD EL SUE\u00d1O DE LA CASA PROPIA - CELTTV","og_description":"Sitio web de noticias de la localidad de Tornquist, provincia de Buenos Aires, Rep\u00fablica Argentina. Contenido propio originado por periodistas de CELTTV, el canal de TV local de la Cooperativa El\u00e9ctrica de Tornquist. Turismo, Pol\u00edtica, Sociedad, Deporte, Cultura y todo el contenido de inter\u00e9s general que la gente del pueblo y la regi\u00f3n debe conocer.","og_url":"https:\/\/www.celttv.com.ar\/index.php\/2014\/12\/18\/hicieron-realidad-el-sueno-de-la-casa-propia\/","og_site_name":"CELTTV","article_publisher":"https:\/\/www.facebook.com\/celtTV\/","article_published_time":"2014-12-18T20:36:37+00:00","og_image":[{"url":"http:\/\/www.tvcnoticias.com.ar\/wp-content\/uploads\/2014\/12\/DSCN9585-1280x960-Small-450x337.jpg"}],"author":"ulises","twitter_card":"summary_large_image","twitter_misc":{"Escrito por":"ulises","Tiempo de lectura":"3 minutos"},"schema":{"@context":"https:\/\/schema.org","@graph":[{"@type":"NewsArticle","@id":"https:\/\/www.celttv.com.ar\/index.php\/2014\/12\/18\/hicieron-realidad-el-sueno-de-la-casa-propia\/#article","isPartOf":{"@id":"https:\/\/www.celttv.com.ar\/index.php\/2014\/12\/18\/hicieron-realidad-el-sueno-de-la-casa-propia\/"},"author":{"name":"ulises","@id":"https:\/\/www.celttv.com.ar\/#\/schema\/person\/6d99c072dba59953809c81446e9d0ace"},"headline":"HICIERON REALIDAD EL SUE\u00d1O DE LA CASA PROPIA","datePublished":"2014-12-18T20:36:37+00:00","dateModified":"2014-12-18T20:36:37+00:00","mainEntityOfPage":{"@id":"https:\/\/www.celttv.com.ar\/index.php\/2014\/12\/18\/hicieron-realidad-el-sueno-de-la-casa-propia\/"},"wordCount":550,"publisher":{"@id":"https:\/\/www.celttv.com.ar\/#organization"},"articleSection":["Comunidad","Destacadas","Pol\u00edtica"],"inLanguage":"es"},{"@type":"WebPage","@id":"https:\/\/www.celttv.com.ar\/index.php\/2014\/12\/18\/hicieron-realidad-el-sueno-de-la-casa-propia\/","url":"https:\/\/www.celttv.com.ar\/index.php\/2014\/12\/18\/hicieron-realidad-el-sueno-de-la-casa-propia\/","name":"HICIERON REALIDAD EL SUE\u00d1O DE LA CASA PROPIA - CELTTV","isPartOf":{"@id":"https:\/\/www.celttv.com.ar\/#website"},"datePublished":"2014-12-18T20:36:37+00:00","dateModified":"2014-12-18T20:36:37+00:00","description":"Sitio web de noticias de la localidad de Tornquist, provincia de Buenos Aires, Rep\u00fablica Argentina. Contenido propio originado por periodistas de CELTTV, el canal de TV local de la Cooperativa El\u00e9ctrica de Tornquist. Turismo, Pol\u00edtica, Sociedad, Deporte, Cultura y todo el contenido de inter\u00e9s general que la gente del pueblo y la regi\u00f3n debe conocer.","breadcrumb":{"@id":"https:\/\/www.celttv.com.ar\/index.php\/2014\/12\/18\/hicieron-realidad-el-sueno-de-la-casa-propia\/#breadcrumb"},"inLanguage":"es","potentialAction":[{"@type":"ReadAction","target":["https:\/\/www.celttv.com.ar\/index.php\/2014\/12\/18\/hicieron-realidad-el-sueno-de-la-casa-propia\/"]}]},{"@type":"BreadcrumbList","@id":"https:\/\/www.celttv.com.ar\/index.php\/2014\/12\/18\/hicieron-realidad-el-sueno-de-la-casa-propia\/#breadcrumb","itemListElement":[{"@type":"ListItem","position":1,"name":"Inicio","item":"https:\/\/www.celttv.com.ar\/"},{"@type":"ListItem","position":2,"name":"HICIERON REALIDAD EL SUE\u00d1O DE LA CASA PROPIA"}]},{"@type":"WebSite","@id":"https:\/\/www.celttv.com.ar\/#website","url":"https:\/\/www.celttv.com.ar\/","name":"CELTTV","description":"Cooperativa El\u00e9ctrica de Tornquist","publisher":{"@id":"https:\/\/www.celttv.com.ar\/#organization"},"potentialAction":[{"@type":"SearchAction","target":{"@type":"EntryPoint","urlTemplate":"https:\/\/www.celttv.com.ar\/?s={search_term_string}"},"query-input":"required name=search_term_string"}],"inLanguage":"es"},{"@type":"Organization","@id":"https:\/\/www.celttv.com.ar\/#organization","name":"CELTTV","url":"https:\/\/www.celttv.com.ar\/","sameAs":["https:\/\/www.youtube.com\/channel\/UCz_oIt8Hig64Ub-EmcNPIhg","https:\/\/www.facebook.com\/celtTV\/"],"logo":{"@type":"ImageObject","inLanguage":"es","@id":"https:\/\/www.celttv.com.ar\/#\/schema\/logo\/image\/","url":"http:\/\/www.celttv.com.ar\/wp-content\/uploads\/2022\/08\/logo-1.png","contentUrl":"http:\/\/www.celttv.com.ar\/wp-content\/uploads\/2022\/08\/logo-1.png","width":461,"height":159,"caption":"CELTTV"},"image":{"@id":"https:\/\/www.celttv.com.ar\/#\/schema\/logo\/image\/"}},{"@type":"Person","@id":"https:\/\/www.celttv.com.ar\/#\/schema\/person\/6d99c072dba59953809c81446e9d0ace","name":"ulises","image":{"@type":"ImageObject","inLanguage":"es","@id":"https:\/\/www.celttv.com.ar\/#\/schema\/person\/image\/","url":"https:\/\/secure.gravatar.com\/avatar\/7f2c48bdc33b30088f941fb6082e555f2874c98e20cb159d7b92b50eadfce793?s=96&d=mm&r=g","contentUrl":"https:\/\/secure.gravatar.com\/avatar\/7f2c48bdc33b30088f941fb6082e555f2874c98e20cb159d7b92b50eadfce793?s=96&d=mm&r=g","caption":"ulises"},"sameAs":["http:\/\/www.celttv.com.ar"]}]}},"_links":{"self":[{"href":"https:\/\/www.celttv.com.ar\/index.php\/wp-json\/wp\/v2\/posts\/25840","targetHints":{"allow":["GET"]}}],"collection":[{"href":"https:\/\/www.celttv.com.ar\/index.php\/wp-json\/wp\/v2\/posts"}],"about":[{"href":"https:\/\/www.celttv.com.ar\/index.php\/wp-json\/wp\/v2\/types\/post"}],"author":[{"embeddable":true,"href":"https:\/\/www.celttv.com.ar\/index.php\/wp-json\/wp\/v2\/users\/1"}],"replies":[{"embeddable":true,"href":"https:\/\/www.celttv.com.ar\/index.php\/wp-json\/wp\/v2\/comments?post=25840"}],"version-history":[{"count":0,"href":"https:\/\/www.celttv.com.ar\/index.php\/wp-json\/wp\/v2\/posts\/25840\/revisions"}],"wp:attachment":[{"href":"https:\/\/www.celttv.com.ar\/index.php\/wp-json\/wp\/v2\/media?parent=25840"}],"wp:term":[{"taxonomy":"category","embeddable":true,"href":"https:\/\/www.celttv.com.ar\/index.php\/wp-json\/wp\/v2\/categories?post=25840"},{"taxonomy":"post_tag","embeddable":true,"href":"https:\/\/www.celttv.com.ar\/index.php\/wp-json\/wp\/v2\/tags?post=25840"}],"curies":[{"name":"wp","href":"https:\/\/api.w.org\/{rel}","templated":true}]}}