{"id":25855,"date":"2014-12-18T20:55:36","date_gmt":"2014-12-18T20:55:36","guid":{"rendered":"http:\/\/www.tvcnoticias.com.ar\/?p=25855"},"modified":"2014-12-18T20:55:36","modified_gmt":"2014-12-18T20:55:36","slug":"un-emprendimiento-productivo-se-trasladara-al-predio-del-ferrocarril","status":"publish","type":"post","link":"https:\/\/www.celttv.com.ar\/index.php\/2014\/12\/18\/un-emprendimiento-productivo-se-trasladara-al-predio-del-ferrocarril\/","title":{"rendered":"UN EMPRENDIMIENTO PRODUCTIVO SE TRASLADAR\u00c1 AL PREDIO DEL FERROCARRIL"},"content":{"rendered":"<p><a rel=\"attachment wp-att-25857\" href=\"http:\/\/www.tvcnoticias.com.ar\/?attachment_id=25857\"><img loading=\"lazy\" decoding=\"async\" class=\"aligncenter size-medium wp-image-25857\" title=\"DSCN9493 (1280x960) (Small)\" src=\"http:\/\/www.tvcnoticias.com.ar\/wp-content\/uploads\/2014\/12\/DSCN9493-1280x960-Small-450x337.jpg\" alt=\"\" width=\"450\" height=\"337\" \/><\/a><br \/>\nEl intendente municipal, licenciado Gustavo Trankels, le entreg\u00f3 las llaves de uno de los galpones del ferrocarril al titular de la empresa local Bolteco, Franco Bolletta, quien trasladar\u00e1 a ese hist\u00f3rico lugar la f\u00e1brica de chapas con material reciclable.<br \/>\n\u201cEstamos muy contentos con el destino que se le dar\u00e1 a este inmueble. Nuestra intenci\u00f3n es poner en valor todo el cuadro de estaci\u00f3n, por eso se fueron recuperando cada uno de los galpones de este sector, a trav\u00e9s de un convenio con FerroExpreso Pampeano. Desde que tomamos contacto con Franco estamos tan entusiasmado como \u00e9l y acompa\u00f1\u00e1ndolo en su proyecto\u201d, se\u00f1al\u00f3 el jefe comunal.<br \/>\nDe la entrega tambi\u00e9n participaron el secretario y el director de Producci\u00f3n y Medio Ambiente de la Municipalidad de Tornquist, Ricardo Valentini y Walter Taylor, respectivamente.<br \/>\n\u201cEs una industria genuina, pensada por un tornquistense que necesitaba expandirse para lograr continuidad en la producci\u00f3n y mayor eficiencia, adem\u00e1s de la instalaci\u00f3n de \u00a0equipamiento que le permita otra capacidad productiva. Entonces, la decisi\u00f3n de la Secretar\u00eda de Producci\u00f3n y propia m\u00eda fue la de intervenir con FerroExpreso para que Franco pudiera tener la posibilidad de seguir haciendo crecer su emprendimiento\u201d, explic\u00f3 Trankels.<br \/>\n\u201cCreemos que merece un fuerte apoyo y por eso se lo estamos dando. Nos llena de orgullo. Sabemos de la impronta de Franco y por eso estamos seguros que su emprendimiento ser\u00e1 un \u00e9xito\u201d, a\u00f1adi\u00f3.<br \/>\nPor su parte, Bolletta no ocult\u00f3 su satisfacci\u00f3n por poder acceder a un espacio que se adapta a la perfecci\u00f3n a sus necesidades.<br \/>\n\u201cEstamos necesitando un lugar con otras caracter\u00edsticas porque queremos seguir creciendo. Y la posibilidad de podernos instalar en este lugar no s\u00f3lo acorta los tiempos para que nosotros lleguemos a donde estamos buscando, sino que adem\u00e1s es un respaldo enorme. Estamos totalmente agradecidos a Gustavo y todo su equipo de trabajo. Sin ellos, esto no ser\u00eda posible\u201d, dijo.<br \/>\n&nbsp;<br \/>\n&nbsp;<\/p>\n","protected":false},"excerpt":{"rendered":"<p>El intendente municipal, licenciado Gustavo Trankels, le entreg\u00f3 las llaves de uno de los galpones del ferrocarril al titular de la empresa local Bolteco, Franco Bolletta, quien trasladar\u00e1 a ese hist\u00f3rico lugar la f\u00e1brica de chapas con material reciclable. \u201cEstamos muy contentos con el destino que se le dar\u00e1 a este inmueble. Nuestra intenci\u00f3n es [&hellip;]<\/p>\n","protected":false},"author":1,"featured_media":0,"comment_status":"closed","ping_status":"open","sticky":false,"template":"","format":"standard","meta":{"footnotes":""},"categories":[51,52,53],"tags":[],"class_list":["post-25855","post","type-post","status-publish","format-standard","hentry","category-comunidad","category-destacadas","category-politica"],"yoast_head":"<!-- This site is optimized with the Yoast SEO plugin v19.7.1 - https:\/\/yoast.com\/wordpress\/plugins\/seo\/ -->\n<title>UN EMPRENDIMIENTO PRODUCTIVO SE TRASLADAR\u00c1 AL PREDIO DEL FERROCARRIL - CELTTV<\/title>\n<meta name=\"description\" content=\"Sitio web de noticias de la localidad de Tornquist, provincia de Buenos Aires, Rep\u00fablica Argentina. Contenido propio originado por periodistas de CELTTV, el canal de TV local de la Cooperativa El\u00e9ctrica de Tornquist. Turismo, Pol\u00edtica, Sociedad, Deporte, Cultura y todo el contenido de inter\u00e9s general que la gente del pueblo y la regi\u00f3n debe conocer.\" \/>\n<meta name=\"robots\" content=\"index, follow, max-snippet:-1, max-image-preview:large, max-video-preview:-1\" \/>\n<link rel=\"canonical\" href=\"https:\/\/www.celttv.com.ar\/index.php\/2014\/12\/18\/un-emprendimiento-productivo-se-trasladara-al-predio-del-ferrocarril\/\" \/>\n<meta property=\"og:locale\" content=\"es_ES\" \/>\n<meta property=\"og:type\" content=\"article\" \/>\n<meta property=\"og:title\" content=\"UN EMPRENDIMIENTO PRODUCTIVO SE TRASLADAR\u00c1 AL PREDIO DEL FERROCARRIL - CELTTV\" \/>\n<meta property=\"og:description\" content=\"Sitio web de noticias de la localidad de Tornquist, provincia de Buenos Aires, Rep\u00fablica Argentina. Contenido propio originado por periodistas de CELTTV, el canal de TV local de la Cooperativa El\u00e9ctrica de Tornquist. Turismo, Pol\u00edtica, Sociedad, Deporte, Cultura y todo el contenido de inter\u00e9s general que la gente del pueblo y la regi\u00f3n debe conocer.\" \/>\n<meta property=\"og:url\" content=\"https:\/\/www.celttv.com.ar\/index.php\/2014\/12\/18\/un-emprendimiento-productivo-se-trasladara-al-predio-del-ferrocarril\/\" \/>\n<meta property=\"og:site_name\" content=\"CELTTV\" \/>\n<meta property=\"article:publisher\" content=\"https:\/\/www.facebook.com\/celtTV\/\" \/>\n<meta property=\"article:published_time\" content=\"2014-12-18T20:55:36+00:00\" \/>\n<meta property=\"og:image\" content=\"http:\/\/www.tvcnoticias.com.ar\/wp-content\/uploads\/2014\/12\/DSCN9493-1280x960-Small-450x337.jpg\" \/>\n<meta name=\"author\" content=\"ulises\" \/>\n<meta name=\"twitter:card\" content=\"summary_large_image\" \/>\n<meta name=\"twitter:label1\" content=\"Escrito por\" \/>\n\t<meta name=\"twitter:data1\" content=\"ulises\" \/>\n\t<meta name=\"twitter:label2\" content=\"Tiempo de lectura\" \/>\n\t<meta name=\"twitter:data2\" content=\"2 minutos\" \/>\n<script type=\"application\/ld+json\" class=\"yoast-schema-graph\">{\"@context\":\"https:\/\/schema.org\",\"@graph\":[{\"@type\":\"NewsArticle\",\"@id\":\"https:\/\/www.celttv.com.ar\/index.php\/2014\/12\/18\/un-emprendimiento-productivo-se-trasladara-al-predio-del-ferrocarril\/#article\",\"isPartOf\":{\"@id\":\"https:\/\/www.celttv.com.ar\/index.php\/2014\/12\/18\/un-emprendimiento-productivo-se-trasladara-al-predio-del-ferrocarril\/\"},\"author\":{\"name\":\"ulises\",\"@id\":\"https:\/\/www.celttv.com.ar\/#\/schema\/person\/6d99c072dba59953809c81446e9d0ace\"},\"headline\":\"UN EMPRENDIMIENTO PRODUCTIVO SE TRASLADAR\u00c1 AL PREDIO DEL FERROCARRIL\",\"datePublished\":\"2014-12-18T20:55:36+00:00\",\"dateModified\":\"2014-12-18T20:55:36+00:00\",\"mainEntityOfPage\":{\"@id\":\"https:\/\/www.celttv.com.ar\/index.php\/2014\/12\/18\/un-emprendimiento-productivo-se-trasladara-al-predio-del-ferrocarril\/\"},\"wordCount\":348,\"publisher\":{\"@id\":\"https:\/\/www.celttv.com.ar\/#organization\"},\"articleSection\":[\"Comunidad\",\"Destacadas\",\"Pol\u00edtica\"],\"inLanguage\":\"es\"},{\"@type\":\"WebPage\",\"@id\":\"https:\/\/www.celttv.com.ar\/index.php\/2014\/12\/18\/un-emprendimiento-productivo-se-trasladara-al-predio-del-ferrocarril\/\",\"url\":\"https:\/\/www.celttv.com.ar\/index.php\/2014\/12\/18\/un-emprendimiento-productivo-se-trasladara-al-predio-del-ferrocarril\/\",\"name\":\"UN EMPRENDIMIENTO PRODUCTIVO SE TRASLADAR\u00c1 AL PREDIO DEL FERROCARRIL - CELTTV\",\"isPartOf\":{\"@id\":\"https:\/\/www.celttv.com.ar\/#website\"},\"datePublished\":\"2014-12-18T20:55:36+00:00\",\"dateModified\":\"2014-12-18T20:55:36+00:00\",\"description\":\"Sitio web de noticias de la localidad de Tornquist, provincia de Buenos Aires, Rep\u00fablica Argentina. Contenido propio originado por periodistas de CELTTV, el canal de TV local de la Cooperativa El\u00e9ctrica de Tornquist. Turismo, Pol\u00edtica, Sociedad, Deporte, Cultura y todo el contenido de inter\u00e9s general que la gente del pueblo y la regi\u00f3n debe conocer.\",\"breadcrumb\":{\"@id\":\"https:\/\/www.celttv.com.ar\/index.php\/2014\/12\/18\/un-emprendimiento-productivo-se-trasladara-al-predio-del-ferrocarril\/#breadcrumb\"},\"inLanguage\":\"es\",\"potentialAction\":[{\"@type\":\"ReadAction\",\"target\":[\"https:\/\/www.celttv.com.ar\/index.php\/2014\/12\/18\/un-emprendimiento-productivo-se-trasladara-al-predio-del-ferrocarril\/\"]}]},{\"@type\":\"BreadcrumbList\",\"@id\":\"https:\/\/www.celttv.com.ar\/index.php\/2014\/12\/18\/un-emprendimiento-productivo-se-trasladara-al-predio-del-ferrocarril\/#breadcrumb\",\"itemListElement\":[{\"@type\":\"ListItem\",\"position\":1,\"name\":\"Inicio\",\"item\":\"https:\/\/www.celttv.com.ar\/\"},{\"@type\":\"ListItem\",\"position\":2,\"name\":\"UN EMPRENDIMIENTO PRODUCTIVO SE TRASLADAR\u00c1 AL PREDIO DEL FERROCARRIL\"}]},{\"@type\":\"WebSite\",\"@id\":\"https:\/\/www.celttv.com.ar\/#website\",\"url\":\"https:\/\/www.celttv.com.ar\/\",\"name\":\"CELTTV\",\"description\":\"Cooperativa El\u00e9ctrica de Tornquist\",\"publisher\":{\"@id\":\"https:\/\/www.celttv.com.ar\/#organization\"},\"potentialAction\":[{\"@type\":\"SearchAction\",\"target\":{\"@type\":\"EntryPoint\",\"urlTemplate\":\"https:\/\/www.celttv.com.ar\/?s={search_term_string}\"},\"query-input\":\"required name=search_term_string\"}],\"inLanguage\":\"es\"},{\"@type\":\"Organization\",\"@id\":\"https:\/\/www.celttv.com.ar\/#organization\",\"name\":\"CELTTV\",\"url\":\"https:\/\/www.celttv.com.ar\/\",\"sameAs\":[\"https:\/\/www.youtube.com\/channel\/UCz_oIt8Hig64Ub-EmcNPIhg\",\"https:\/\/www.facebook.com\/celtTV\/\"],\"logo\":{\"@type\":\"ImageObject\",\"inLanguage\":\"es\",\"@id\":\"https:\/\/www.celttv.com.ar\/#\/schema\/logo\/image\/\",\"url\":\"http:\/\/www.celttv.com.ar\/wp-content\/uploads\/2022\/08\/logo-1.png\",\"contentUrl\":\"http:\/\/www.celttv.com.ar\/wp-content\/uploads\/2022\/08\/logo-1.png\",\"width\":461,\"height\":159,\"caption\":\"CELTTV\"},\"image\":{\"@id\":\"https:\/\/www.celttv.com.ar\/#\/schema\/logo\/image\/\"}},{\"@type\":\"Person\",\"@id\":\"https:\/\/www.celttv.com.ar\/#\/schema\/person\/6d99c072dba59953809c81446e9d0ace\",\"name\":\"ulises\",\"image\":{\"@type\":\"ImageObject\",\"inLanguage\":\"es\",\"@id\":\"https:\/\/www.celttv.com.ar\/#\/schema\/person\/image\/\",\"url\":\"https:\/\/secure.gravatar.com\/avatar\/7f2c48bdc33b30088f941fb6082e555f2874c98e20cb159d7b92b50eadfce793?s=96&d=mm&r=g\",\"contentUrl\":\"https:\/\/secure.gravatar.com\/avatar\/7f2c48bdc33b30088f941fb6082e555f2874c98e20cb159d7b92b50eadfce793?s=96&d=mm&r=g\",\"caption\":\"ulises\"},\"sameAs\":[\"http:\/\/www.celttv.com.ar\"]}]}<\/script>\n<!-- \/ Yoast SEO plugin. -->","yoast_head_json":{"title":"UN EMPRENDIMIENTO PRODUCTIVO SE TRASLADAR\u00c1 AL PREDIO DEL FERROCARRIL - CELTTV","description":"Sitio web de noticias de la localidad de Tornquist, provincia de Buenos Aires, Rep\u00fablica Argentina. Contenido propio originado por periodistas de CELTTV, el canal de TV local de la Cooperativa El\u00e9ctrica de Tornquist. Turismo, Pol\u00edtica, Sociedad, Deporte, Cultura y todo el contenido de inter\u00e9s general que la gente del pueblo y la regi\u00f3n debe conocer.","robots":{"index":"index","follow":"follow","max-snippet":"max-snippet:-1","max-image-preview":"max-image-preview:large","max-video-preview":"max-video-preview:-1"},"canonical":"https:\/\/www.celttv.com.ar\/index.php\/2014\/12\/18\/un-emprendimiento-productivo-se-trasladara-al-predio-del-ferrocarril\/","og_locale":"es_ES","og_type":"article","og_title":"UN EMPRENDIMIENTO PRODUCTIVO SE TRASLADAR\u00c1 AL PREDIO DEL FERROCARRIL - CELTTV","og_description":"Sitio web de noticias de la localidad de Tornquist, provincia de Buenos Aires, Rep\u00fablica Argentina. Contenido propio originado por periodistas de CELTTV, el canal de TV local de la Cooperativa El\u00e9ctrica de Tornquist. Turismo, Pol\u00edtica, Sociedad, Deporte, Cultura y todo el contenido de inter\u00e9s general que la gente del pueblo y la regi\u00f3n debe conocer.","og_url":"https:\/\/www.celttv.com.ar\/index.php\/2014\/12\/18\/un-emprendimiento-productivo-se-trasladara-al-predio-del-ferrocarril\/","og_site_name":"CELTTV","article_publisher":"https:\/\/www.facebook.com\/celtTV\/","article_published_time":"2014-12-18T20:55:36+00:00","og_image":[{"url":"http:\/\/www.tvcnoticias.com.ar\/wp-content\/uploads\/2014\/12\/DSCN9493-1280x960-Small-450x337.jpg"}],"author":"ulises","twitter_card":"summary_large_image","twitter_misc":{"Escrito por":"ulises","Tiempo de lectura":"2 minutos"},"schema":{"@context":"https:\/\/schema.org","@graph":[{"@type":"NewsArticle","@id":"https:\/\/www.celttv.com.ar\/index.php\/2014\/12\/18\/un-emprendimiento-productivo-se-trasladara-al-predio-del-ferrocarril\/#article","isPartOf":{"@id":"https:\/\/www.celttv.com.ar\/index.php\/2014\/12\/18\/un-emprendimiento-productivo-se-trasladara-al-predio-del-ferrocarril\/"},"author":{"name":"ulises","@id":"https:\/\/www.celttv.com.ar\/#\/schema\/person\/6d99c072dba59953809c81446e9d0ace"},"headline":"UN EMPRENDIMIENTO PRODUCTIVO SE TRASLADAR\u00c1 AL PREDIO DEL FERROCARRIL","datePublished":"2014-12-18T20:55:36+00:00","dateModified":"2014-12-18T20:55:36+00:00","mainEntityOfPage":{"@id":"https:\/\/www.celttv.com.ar\/index.php\/2014\/12\/18\/un-emprendimiento-productivo-se-trasladara-al-predio-del-ferrocarril\/"},"wordCount":348,"publisher":{"@id":"https:\/\/www.celttv.com.ar\/#organization"},"articleSection":["Comunidad","Destacadas","Pol\u00edtica"],"inLanguage":"es"},{"@type":"WebPage","@id":"https:\/\/www.celttv.com.ar\/index.php\/2014\/12\/18\/un-emprendimiento-productivo-se-trasladara-al-predio-del-ferrocarril\/","url":"https:\/\/www.celttv.com.ar\/index.php\/2014\/12\/18\/un-emprendimiento-productivo-se-trasladara-al-predio-del-ferrocarril\/","name":"UN EMPRENDIMIENTO PRODUCTIVO SE TRASLADAR\u00c1 AL PREDIO DEL FERROCARRIL - CELTTV","isPartOf":{"@id":"https:\/\/www.celttv.com.ar\/#website"},"datePublished":"2014-12-18T20:55:36+00:00","dateModified":"2014-12-18T20:55:36+00:00","description":"Sitio web de noticias de la localidad de Tornquist, provincia de Buenos Aires, Rep\u00fablica Argentina. Contenido propio originado por periodistas de CELTTV, el canal de TV local de la Cooperativa El\u00e9ctrica de Tornquist. Turismo, Pol\u00edtica, Sociedad, Deporte, Cultura y todo el contenido de inter\u00e9s general que la gente del pueblo y la regi\u00f3n debe conocer.","breadcrumb":{"@id":"https:\/\/www.celttv.com.ar\/index.php\/2014\/12\/18\/un-emprendimiento-productivo-se-trasladara-al-predio-del-ferrocarril\/#breadcrumb"},"inLanguage":"es","potentialAction":[{"@type":"ReadAction","target":["https:\/\/www.celttv.com.ar\/index.php\/2014\/12\/18\/un-emprendimiento-productivo-se-trasladara-al-predio-del-ferrocarril\/"]}]},{"@type":"BreadcrumbList","@id":"https:\/\/www.celttv.com.ar\/index.php\/2014\/12\/18\/un-emprendimiento-productivo-se-trasladara-al-predio-del-ferrocarril\/#breadcrumb","itemListElement":[{"@type":"ListItem","position":1,"name":"Inicio","item":"https:\/\/www.celttv.com.ar\/"},{"@type":"ListItem","position":2,"name":"UN EMPRENDIMIENTO PRODUCTIVO SE TRASLADAR\u00c1 AL PREDIO DEL FERROCARRIL"}]},{"@type":"WebSite","@id":"https:\/\/www.celttv.com.ar\/#website","url":"https:\/\/www.celttv.com.ar\/","name":"CELTTV","description":"Cooperativa El\u00e9ctrica de Tornquist","publisher":{"@id":"https:\/\/www.celttv.com.ar\/#organization"},"potentialAction":[{"@type":"SearchAction","target":{"@type":"EntryPoint","urlTemplate":"https:\/\/www.celttv.com.ar\/?s={search_term_string}"},"query-input":"required name=search_term_string"}],"inLanguage":"es"},{"@type":"Organization","@id":"https:\/\/www.celttv.com.ar\/#organization","name":"CELTTV","url":"https:\/\/www.celttv.com.ar\/","sameAs":["https:\/\/www.youtube.com\/channel\/UCz_oIt8Hig64Ub-EmcNPIhg","https:\/\/www.facebook.com\/celtTV\/"],"logo":{"@type":"ImageObject","inLanguage":"es","@id":"https:\/\/www.celttv.com.ar\/#\/schema\/logo\/image\/","url":"http:\/\/www.celttv.com.ar\/wp-content\/uploads\/2022\/08\/logo-1.png","contentUrl":"http:\/\/www.celttv.com.ar\/wp-content\/uploads\/2022\/08\/logo-1.png","width":461,"height":159,"caption":"CELTTV"},"image":{"@id":"https:\/\/www.celttv.com.ar\/#\/schema\/logo\/image\/"}},{"@type":"Person","@id":"https:\/\/www.celttv.com.ar\/#\/schema\/person\/6d99c072dba59953809c81446e9d0ace","name":"ulises","image":{"@type":"ImageObject","inLanguage":"es","@id":"https:\/\/www.celttv.com.ar\/#\/schema\/person\/image\/","url":"https:\/\/secure.gravatar.com\/avatar\/7f2c48bdc33b30088f941fb6082e555f2874c98e20cb159d7b92b50eadfce793?s=96&d=mm&r=g","contentUrl":"https:\/\/secure.gravatar.com\/avatar\/7f2c48bdc33b30088f941fb6082e555f2874c98e20cb159d7b92b50eadfce793?s=96&d=mm&r=g","caption":"ulises"},"sameAs":["http:\/\/www.celttv.com.ar"]}]}},"_links":{"self":[{"href":"https:\/\/www.celttv.com.ar\/index.php\/wp-json\/wp\/v2\/posts\/25855","targetHints":{"allow":["GET"]}}],"collection":[{"href":"https:\/\/www.celttv.com.ar\/index.php\/wp-json\/wp\/v2\/posts"}],"about":[{"href":"https:\/\/www.celttv.com.ar\/index.php\/wp-json\/wp\/v2\/types\/post"}],"author":[{"embeddable":true,"href":"https:\/\/www.celttv.com.ar\/index.php\/wp-json\/wp\/v2\/users\/1"}],"replies":[{"embeddable":true,"href":"https:\/\/www.celttv.com.ar\/index.php\/wp-json\/wp\/v2\/comments?post=25855"}],"version-history":[{"count":0,"href":"https:\/\/www.celttv.com.ar\/index.php\/wp-json\/wp\/v2\/posts\/25855\/revisions"}],"wp:attachment":[{"href":"https:\/\/www.celttv.com.ar\/index.php\/wp-json\/wp\/v2\/media?parent=25855"}],"wp:term":[{"taxonomy":"category","embeddable":true,"href":"https:\/\/www.celttv.com.ar\/index.php\/wp-json\/wp\/v2\/categories?post=25855"},{"taxonomy":"post_tag","embeddable":true,"href":"https:\/\/www.celttv.com.ar\/index.php\/wp-json\/wp\/v2\/tags?post=25855"}],"curies":[{"name":"wp","href":"https:\/\/api.w.org\/{rel}","templated":true}]}}