{"id":25862,"date":"2014-12-18T21:38:23","date_gmt":"2014-12-18T21:38:23","guid":{"rendered":"http:\/\/www.tvcnoticias.com.ar\/?p=25862"},"modified":"2014-12-18T21:38:23","modified_gmt":"2014-12-18T21:38:23","slug":"el-martes-23-se-inaugurara-elpaseo-peatonal-gerardo-p-rattero","status":"publish","type":"post","link":"https:\/\/www.celttv.com.ar\/index.php\/2014\/12\/18\/el-martes-23-se-inaugurara-elpaseo-peatonal-gerardo-p-rattero\/","title":{"rendered":"EL MARTES 23 SE INAUGURAR\u00c1 ELPASEO PEATONAL &#8220;GERARDO P. RATTERO&#8221;"},"content":{"rendered":"<p><a rel=\"attachment wp-att-25863\" href=\"http:\/\/www.tvcnoticias.com.ar\/?attachment_id=25863\"><img loading=\"lazy\" decoding=\"async\" class=\"aligncenter size-medium wp-image-25863\" title=\"invitacion senda (Medium)\" src=\"http:\/\/www.tvcnoticias.com.ar\/wp-content\/uploads\/2014\/12\/invitacion-senda-Medium-450x205.jpg\" alt=\"\" width=\"450\" height=\"205\" \/><\/a>El Paseo Peatonal \u201cGerardo P. Rattero\u201d ser\u00e1 inaugurado el pr\u00f3ximo martes 23, con un acto que se desarrollar\u00e1 a partir de las 20 horas en la intersecci\u00f3n de la ruta provincial 76 y el acceso a Tornquist.<br \/>\nConjuntamente con esta obra, que modificar\u00e1 y embellecer\u00e1 considerablemente el ingreso norte a la ciudad cabecera del distrito, se pondr\u00e1 en marcha el sistema lum\u00ednico vial desde el mencionado cruce hasta el Hospital Municipal.<br \/>\nEntre las sorpresas que se preparan para la inauguraci\u00f3n, se contar\u00e1 con las actuaciones de la Orquesta Escuela y la artista local Vanina Lamberto, que le otorgar\u00e1n el toque musical a la jornada.<br \/>\nEl Paseo Peatonal \u201cGerardo P. Rattero\u201d une el inmueble donde funcionan la Escuela de Educaci\u00f3n Secundaria T\u00e9cnica N\u00b0 1 y el Centro de Formaci\u00f3n Profesional N\u00b0 402 con el ejido urbano, cuenta con m\u00e1s de 2.300 metros de extensi\u00f3n e iluminaci\u00f3n acorde.<br \/>\nEn el sector de la intersecci\u00f3n se dise\u00f1\u00f3 un proyecto integral, que incluye tramos de senda de hormig\u00f3n que alcanzar\u00e1n los 300 metros lineales y se entrecruzar\u00e1n formando espacios verdes que contar\u00e1n con equipamiento.<br \/>\nEl diagrama de los caminos responde lograr el mejor encuadre de las visuales paisaj\u00edsticas que nos ofrece ese lugar del distrito.<br \/>\nLa obra, cuyo nombre homenajear\u00e1 a quien fuera electo cuatro veces intendente de nuestro distrito, se completar\u00e1 con iluminaci\u00f3n que acompa\u00f1ar\u00e1 el trayecto y una construcci\u00f3n adicional que se descubrir\u00e1 el d\u00eda de la inauguraci\u00f3n.<br \/>\n&nbsp;<\/p>\n","protected":false},"excerpt":{"rendered":"<p>El Paseo Peatonal \u201cGerardo P. Rattero\u201d ser\u00e1 inaugurado el pr\u00f3ximo martes 23, con un acto que se desarrollar\u00e1 a partir de las 20 horas en la intersecci\u00f3n de la ruta provincial 76 y el acceso a Tornquist. Conjuntamente con esta obra, que modificar\u00e1 y embellecer\u00e1 considerablemente el ingreso norte a la ciudad cabecera del distrito, [&hellip;]<\/p>\n","protected":false},"author":1,"featured_media":0,"comment_status":"closed","ping_status":"open","sticky":false,"template":"","format":"standard","meta":{"footnotes":""},"categories":[51,52,53],"tags":[],"class_list":["post-25862","post","type-post","status-publish","format-standard","hentry","category-comunidad","category-destacadas","category-politica"],"yoast_head":"<!-- This site is optimized with the Yoast SEO plugin v19.7.1 - https:\/\/yoast.com\/wordpress\/plugins\/seo\/ -->\n<title>EL MARTES 23 SE INAUGURAR\u00c1 ELPASEO PEATONAL &quot;GERARDO P. RATTERO&quot; - CELTTV<\/title>\n<meta name=\"description\" content=\"Sitio web de noticias de la localidad de Tornquist, provincia de Buenos Aires, Rep\u00fablica Argentina. Contenido propio originado por periodistas de CELTTV, el canal de TV local de la Cooperativa El\u00e9ctrica de Tornquist. Turismo, Pol\u00edtica, Sociedad, Deporte, Cultura y todo el contenido de inter\u00e9s general que la gente del pueblo y la regi\u00f3n debe conocer.\" \/>\n<meta name=\"robots\" content=\"index, follow, max-snippet:-1, max-image-preview:large, max-video-preview:-1\" \/>\n<link rel=\"canonical\" href=\"https:\/\/www.celttv.com.ar\/index.php\/2014\/12\/18\/el-martes-23-se-inaugurara-elpaseo-peatonal-gerardo-p-rattero\/\" \/>\n<meta property=\"og:locale\" content=\"es_ES\" \/>\n<meta property=\"og:type\" content=\"article\" \/>\n<meta property=\"og:title\" content=\"EL MARTES 23 SE INAUGURAR\u00c1 ELPASEO PEATONAL &quot;GERARDO P. RATTERO&quot; - CELTTV\" \/>\n<meta property=\"og:description\" content=\"Sitio web de noticias de la localidad de Tornquist, provincia de Buenos Aires, Rep\u00fablica Argentina. Contenido propio originado por periodistas de CELTTV, el canal de TV local de la Cooperativa El\u00e9ctrica de Tornquist. Turismo, Pol\u00edtica, Sociedad, Deporte, Cultura y todo el contenido de inter\u00e9s general que la gente del pueblo y la regi\u00f3n debe conocer.\" \/>\n<meta property=\"og:url\" content=\"https:\/\/www.celttv.com.ar\/index.php\/2014\/12\/18\/el-martes-23-se-inaugurara-elpaseo-peatonal-gerardo-p-rattero\/\" \/>\n<meta property=\"og:site_name\" content=\"CELTTV\" \/>\n<meta property=\"article:publisher\" content=\"https:\/\/www.facebook.com\/celtTV\/\" \/>\n<meta property=\"article:published_time\" content=\"2014-12-18T21:38:23+00:00\" \/>\n<meta property=\"og:image\" content=\"http:\/\/www.tvcnoticias.com.ar\/wp-content\/uploads\/2014\/12\/invitacion-senda-Medium-450x205.jpg\" \/>\n<meta name=\"author\" content=\"ulises\" \/>\n<meta name=\"twitter:card\" content=\"summary_large_image\" \/>\n<meta name=\"twitter:label1\" content=\"Escrito por\" \/>\n\t<meta name=\"twitter:data1\" content=\"ulises\" \/>\n\t<meta name=\"twitter:label2\" content=\"Tiempo de lectura\" \/>\n\t<meta name=\"twitter:data2\" content=\"1 minuto\" \/>\n<script type=\"application\/ld+json\" class=\"yoast-schema-graph\">{\"@context\":\"https:\/\/schema.org\",\"@graph\":[{\"@type\":\"NewsArticle\",\"@id\":\"https:\/\/www.celttv.com.ar\/index.php\/2014\/12\/18\/el-martes-23-se-inaugurara-elpaseo-peatonal-gerardo-p-rattero\/#article\",\"isPartOf\":{\"@id\":\"https:\/\/www.celttv.com.ar\/index.php\/2014\/12\/18\/el-martes-23-se-inaugurara-elpaseo-peatonal-gerardo-p-rattero\/\"},\"author\":{\"name\":\"ulises\",\"@id\":\"https:\/\/www.celttv.com.ar\/#\/schema\/person\/6d99c072dba59953809c81446e9d0ace\"},\"headline\":\"EL MARTES 23 SE INAUGURAR\u00c1 ELPASEO PEATONAL &#8220;GERARDO P. RATTERO&#8221;\",\"datePublished\":\"2014-12-18T21:38:23+00:00\",\"dateModified\":\"2014-12-18T21:38:23+00:00\",\"mainEntityOfPage\":{\"@id\":\"https:\/\/www.celttv.com.ar\/index.php\/2014\/12\/18\/el-martes-23-se-inaugurara-elpaseo-peatonal-gerardo-p-rattero\/\"},\"wordCount\":261,\"publisher\":{\"@id\":\"https:\/\/www.celttv.com.ar\/#organization\"},\"articleSection\":[\"Comunidad\",\"Destacadas\",\"Pol\u00edtica\"],\"inLanguage\":\"es\"},{\"@type\":\"WebPage\",\"@id\":\"https:\/\/www.celttv.com.ar\/index.php\/2014\/12\/18\/el-martes-23-se-inaugurara-elpaseo-peatonal-gerardo-p-rattero\/\",\"url\":\"https:\/\/www.celttv.com.ar\/index.php\/2014\/12\/18\/el-martes-23-se-inaugurara-elpaseo-peatonal-gerardo-p-rattero\/\",\"name\":\"EL MARTES 23 SE INAUGURAR\u00c1 ELPASEO PEATONAL \\\"GERARDO P. RATTERO\\\" - CELTTV\",\"isPartOf\":{\"@id\":\"https:\/\/www.celttv.com.ar\/#website\"},\"datePublished\":\"2014-12-18T21:38:23+00:00\",\"dateModified\":\"2014-12-18T21:38:23+00:00\",\"description\":\"Sitio web de noticias de la localidad de Tornquist, provincia de Buenos Aires, Rep\u00fablica Argentina. Contenido propio originado por periodistas de CELTTV, el canal de TV local de la Cooperativa El\u00e9ctrica de Tornquist. Turismo, Pol\u00edtica, Sociedad, Deporte, Cultura y todo el contenido de inter\u00e9s general que la gente del pueblo y la regi\u00f3n debe conocer.\",\"breadcrumb\":{\"@id\":\"https:\/\/www.celttv.com.ar\/index.php\/2014\/12\/18\/el-martes-23-se-inaugurara-elpaseo-peatonal-gerardo-p-rattero\/#breadcrumb\"},\"inLanguage\":\"es\",\"potentialAction\":[{\"@type\":\"ReadAction\",\"target\":[\"https:\/\/www.celttv.com.ar\/index.php\/2014\/12\/18\/el-martes-23-se-inaugurara-elpaseo-peatonal-gerardo-p-rattero\/\"]}]},{\"@type\":\"BreadcrumbList\",\"@id\":\"https:\/\/www.celttv.com.ar\/index.php\/2014\/12\/18\/el-martes-23-se-inaugurara-elpaseo-peatonal-gerardo-p-rattero\/#breadcrumb\",\"itemListElement\":[{\"@type\":\"ListItem\",\"position\":1,\"name\":\"Inicio\",\"item\":\"https:\/\/www.celttv.com.ar\/\"},{\"@type\":\"ListItem\",\"position\":2,\"name\":\"EL MARTES 23 SE INAUGURAR\u00c1 ELPASEO PEATONAL &#8220;GERARDO P. RATTERO&#8221;\"}]},{\"@type\":\"WebSite\",\"@id\":\"https:\/\/www.celttv.com.ar\/#website\",\"url\":\"https:\/\/www.celttv.com.ar\/\",\"name\":\"CELTTV\",\"description\":\"Cooperativa El\u00e9ctrica de Tornquist\",\"publisher\":{\"@id\":\"https:\/\/www.celttv.com.ar\/#organization\"},\"potentialAction\":[{\"@type\":\"SearchAction\",\"target\":{\"@type\":\"EntryPoint\",\"urlTemplate\":\"https:\/\/www.celttv.com.ar\/?s={search_term_string}\"},\"query-input\":\"required name=search_term_string\"}],\"inLanguage\":\"es\"},{\"@type\":\"Organization\",\"@id\":\"https:\/\/www.celttv.com.ar\/#organization\",\"name\":\"CELTTV\",\"url\":\"https:\/\/www.celttv.com.ar\/\",\"sameAs\":[\"https:\/\/www.youtube.com\/channel\/UCz_oIt8Hig64Ub-EmcNPIhg\",\"https:\/\/www.facebook.com\/celtTV\/\"],\"logo\":{\"@type\":\"ImageObject\",\"inLanguage\":\"es\",\"@id\":\"https:\/\/www.celttv.com.ar\/#\/schema\/logo\/image\/\",\"url\":\"http:\/\/www.celttv.com.ar\/wp-content\/uploads\/2022\/08\/logo-1.png\",\"contentUrl\":\"http:\/\/www.celttv.com.ar\/wp-content\/uploads\/2022\/08\/logo-1.png\",\"width\":461,\"height\":159,\"caption\":\"CELTTV\"},\"image\":{\"@id\":\"https:\/\/www.celttv.com.ar\/#\/schema\/logo\/image\/\"}},{\"@type\":\"Person\",\"@id\":\"https:\/\/www.celttv.com.ar\/#\/schema\/person\/6d99c072dba59953809c81446e9d0ace\",\"name\":\"ulises\",\"image\":{\"@type\":\"ImageObject\",\"inLanguage\":\"es\",\"@id\":\"https:\/\/www.celttv.com.ar\/#\/schema\/person\/image\/\",\"url\":\"https:\/\/secure.gravatar.com\/avatar\/7f2c48bdc33b30088f941fb6082e555f2874c98e20cb159d7b92b50eadfce793?s=96&d=mm&r=g\",\"contentUrl\":\"https:\/\/secure.gravatar.com\/avatar\/7f2c48bdc33b30088f941fb6082e555f2874c98e20cb159d7b92b50eadfce793?s=96&d=mm&r=g\",\"caption\":\"ulises\"},\"sameAs\":[\"http:\/\/www.celttv.com.ar\"]}]}<\/script>\n<!-- \/ Yoast SEO plugin. -->","yoast_head_json":{"title":"EL MARTES 23 SE INAUGURAR\u00c1 ELPASEO PEATONAL \"GERARDO P. RATTERO\" - CELTTV","description":"Sitio web de noticias de la localidad de Tornquist, provincia de Buenos Aires, Rep\u00fablica Argentina. Contenido propio originado por periodistas de CELTTV, el canal de TV local de la Cooperativa El\u00e9ctrica de Tornquist. Turismo, Pol\u00edtica, Sociedad, Deporte, Cultura y todo el contenido de inter\u00e9s general que la gente del pueblo y la regi\u00f3n debe conocer.","robots":{"index":"index","follow":"follow","max-snippet":"max-snippet:-1","max-image-preview":"max-image-preview:large","max-video-preview":"max-video-preview:-1"},"canonical":"https:\/\/www.celttv.com.ar\/index.php\/2014\/12\/18\/el-martes-23-se-inaugurara-elpaseo-peatonal-gerardo-p-rattero\/","og_locale":"es_ES","og_type":"article","og_title":"EL MARTES 23 SE INAUGURAR\u00c1 ELPASEO PEATONAL \"GERARDO P. RATTERO\" - CELTTV","og_description":"Sitio web de noticias de la localidad de Tornquist, provincia de Buenos Aires, Rep\u00fablica Argentina. Contenido propio originado por periodistas de CELTTV, el canal de TV local de la Cooperativa El\u00e9ctrica de Tornquist. Turismo, Pol\u00edtica, Sociedad, Deporte, Cultura y todo el contenido de inter\u00e9s general que la gente del pueblo y la regi\u00f3n debe conocer.","og_url":"https:\/\/www.celttv.com.ar\/index.php\/2014\/12\/18\/el-martes-23-se-inaugurara-elpaseo-peatonal-gerardo-p-rattero\/","og_site_name":"CELTTV","article_publisher":"https:\/\/www.facebook.com\/celtTV\/","article_published_time":"2014-12-18T21:38:23+00:00","og_image":[{"url":"http:\/\/www.tvcnoticias.com.ar\/wp-content\/uploads\/2014\/12\/invitacion-senda-Medium-450x205.jpg"}],"author":"ulises","twitter_card":"summary_large_image","twitter_misc":{"Escrito por":"ulises","Tiempo de lectura":"1 minuto"},"schema":{"@context":"https:\/\/schema.org","@graph":[{"@type":"NewsArticle","@id":"https:\/\/www.celttv.com.ar\/index.php\/2014\/12\/18\/el-martes-23-se-inaugurara-elpaseo-peatonal-gerardo-p-rattero\/#article","isPartOf":{"@id":"https:\/\/www.celttv.com.ar\/index.php\/2014\/12\/18\/el-martes-23-se-inaugurara-elpaseo-peatonal-gerardo-p-rattero\/"},"author":{"name":"ulises","@id":"https:\/\/www.celttv.com.ar\/#\/schema\/person\/6d99c072dba59953809c81446e9d0ace"},"headline":"EL MARTES 23 SE INAUGURAR\u00c1 ELPASEO PEATONAL &#8220;GERARDO P. RATTERO&#8221;","datePublished":"2014-12-18T21:38:23+00:00","dateModified":"2014-12-18T21:38:23+00:00","mainEntityOfPage":{"@id":"https:\/\/www.celttv.com.ar\/index.php\/2014\/12\/18\/el-martes-23-se-inaugurara-elpaseo-peatonal-gerardo-p-rattero\/"},"wordCount":261,"publisher":{"@id":"https:\/\/www.celttv.com.ar\/#organization"},"articleSection":["Comunidad","Destacadas","Pol\u00edtica"],"inLanguage":"es"},{"@type":"WebPage","@id":"https:\/\/www.celttv.com.ar\/index.php\/2014\/12\/18\/el-martes-23-se-inaugurara-elpaseo-peatonal-gerardo-p-rattero\/","url":"https:\/\/www.celttv.com.ar\/index.php\/2014\/12\/18\/el-martes-23-se-inaugurara-elpaseo-peatonal-gerardo-p-rattero\/","name":"EL MARTES 23 SE INAUGURAR\u00c1 ELPASEO PEATONAL \"GERARDO P. RATTERO\" - CELTTV","isPartOf":{"@id":"https:\/\/www.celttv.com.ar\/#website"},"datePublished":"2014-12-18T21:38:23+00:00","dateModified":"2014-12-18T21:38:23+00:00","description":"Sitio web de noticias de la localidad de Tornquist, provincia de Buenos Aires, Rep\u00fablica Argentina. Contenido propio originado por periodistas de CELTTV, el canal de TV local de la Cooperativa El\u00e9ctrica de Tornquist. Turismo, Pol\u00edtica, Sociedad, Deporte, Cultura y todo el contenido de inter\u00e9s general que la gente del pueblo y la regi\u00f3n debe conocer.","breadcrumb":{"@id":"https:\/\/www.celttv.com.ar\/index.php\/2014\/12\/18\/el-martes-23-se-inaugurara-elpaseo-peatonal-gerardo-p-rattero\/#breadcrumb"},"inLanguage":"es","potentialAction":[{"@type":"ReadAction","target":["https:\/\/www.celttv.com.ar\/index.php\/2014\/12\/18\/el-martes-23-se-inaugurara-elpaseo-peatonal-gerardo-p-rattero\/"]}]},{"@type":"BreadcrumbList","@id":"https:\/\/www.celttv.com.ar\/index.php\/2014\/12\/18\/el-martes-23-se-inaugurara-elpaseo-peatonal-gerardo-p-rattero\/#breadcrumb","itemListElement":[{"@type":"ListItem","position":1,"name":"Inicio","item":"https:\/\/www.celttv.com.ar\/"},{"@type":"ListItem","position":2,"name":"EL MARTES 23 SE INAUGURAR\u00c1 ELPASEO PEATONAL &#8220;GERARDO P. RATTERO&#8221;"}]},{"@type":"WebSite","@id":"https:\/\/www.celttv.com.ar\/#website","url":"https:\/\/www.celttv.com.ar\/","name":"CELTTV","description":"Cooperativa El\u00e9ctrica de Tornquist","publisher":{"@id":"https:\/\/www.celttv.com.ar\/#organization"},"potentialAction":[{"@type":"SearchAction","target":{"@type":"EntryPoint","urlTemplate":"https:\/\/www.celttv.com.ar\/?s={search_term_string}"},"query-input":"required name=search_term_string"}],"inLanguage":"es"},{"@type":"Organization","@id":"https:\/\/www.celttv.com.ar\/#organization","name":"CELTTV","url":"https:\/\/www.celttv.com.ar\/","sameAs":["https:\/\/www.youtube.com\/channel\/UCz_oIt8Hig64Ub-EmcNPIhg","https:\/\/www.facebook.com\/celtTV\/"],"logo":{"@type":"ImageObject","inLanguage":"es","@id":"https:\/\/www.celttv.com.ar\/#\/schema\/logo\/image\/","url":"http:\/\/www.celttv.com.ar\/wp-content\/uploads\/2022\/08\/logo-1.png","contentUrl":"http:\/\/www.celttv.com.ar\/wp-content\/uploads\/2022\/08\/logo-1.png","width":461,"height":159,"caption":"CELTTV"},"image":{"@id":"https:\/\/www.celttv.com.ar\/#\/schema\/logo\/image\/"}},{"@type":"Person","@id":"https:\/\/www.celttv.com.ar\/#\/schema\/person\/6d99c072dba59953809c81446e9d0ace","name":"ulises","image":{"@type":"ImageObject","inLanguage":"es","@id":"https:\/\/www.celttv.com.ar\/#\/schema\/person\/image\/","url":"https:\/\/secure.gravatar.com\/avatar\/7f2c48bdc33b30088f941fb6082e555f2874c98e20cb159d7b92b50eadfce793?s=96&d=mm&r=g","contentUrl":"https:\/\/secure.gravatar.com\/avatar\/7f2c48bdc33b30088f941fb6082e555f2874c98e20cb159d7b92b50eadfce793?s=96&d=mm&r=g","caption":"ulises"},"sameAs":["http:\/\/www.celttv.com.ar"]}]}},"_links":{"self":[{"href":"https:\/\/www.celttv.com.ar\/index.php\/wp-json\/wp\/v2\/posts\/25862","targetHints":{"allow":["GET"]}}],"collection":[{"href":"https:\/\/www.celttv.com.ar\/index.php\/wp-json\/wp\/v2\/posts"}],"about":[{"href":"https:\/\/www.celttv.com.ar\/index.php\/wp-json\/wp\/v2\/types\/post"}],"author":[{"embeddable":true,"href":"https:\/\/www.celttv.com.ar\/index.php\/wp-json\/wp\/v2\/users\/1"}],"replies":[{"embeddable":true,"href":"https:\/\/www.celttv.com.ar\/index.php\/wp-json\/wp\/v2\/comments?post=25862"}],"version-history":[{"count":0,"href":"https:\/\/www.celttv.com.ar\/index.php\/wp-json\/wp\/v2\/posts\/25862\/revisions"}],"wp:attachment":[{"href":"https:\/\/www.celttv.com.ar\/index.php\/wp-json\/wp\/v2\/media?parent=25862"}],"wp:term":[{"taxonomy":"category","embeddable":true,"href":"https:\/\/www.celttv.com.ar\/index.php\/wp-json\/wp\/v2\/categories?post=25862"},{"taxonomy":"post_tag","embeddable":true,"href":"https:\/\/www.celttv.com.ar\/index.php\/wp-json\/wp\/v2\/tags?post=25862"}],"curies":[{"name":"wp","href":"https:\/\/api.w.org\/{rel}","templated":true}]}}