{"id":25873,"date":"2014-12-19T19:25:04","date_gmt":"2014-12-19T19:25:04","guid":{"rendered":"http:\/\/www.tvcnoticias.com.ar\/?p=25873"},"modified":"2014-12-19T19:25:04","modified_gmt":"2014-12-19T19:25:04","slug":"ediles-del-fpv-proponen-declarar-de-interes-municipal-al-semanario-observador-serrano","status":"publish","type":"post","link":"https:\/\/www.celttv.com.ar\/index.php\/2014\/12\/19\/ediles-del-fpv-proponen-declarar-de-interes-municipal-al-semanario-observador-serrano\/","title":{"rendered":"EDILES DEL FpV PROPONEN DECLARAR DE INTERES MUNICIPAL AL SEMANARIO OBSERVADOR SERRANO"},"content":{"rendered":"<p><a rel=\"attachment wp-att-25874\" href=\"http:\/\/www.tvcnoticias.com.ar\/?attachment_id=25874\">OBSERVADOR SERRANO EDICION N\u00ba 1<\/a><br \/>\n<a rel=\"attachment wp-att-25875\" href=\"http:\/\/www.tvcnoticias.com.ar\/?attachment_id=25875\"><img loading=\"lazy\" decoding=\"async\" class=\"aligncenter size-medium wp-image-25875\" title=\"PORTADA EDICION N\u00ba1 (Medium)\" src=\"http:\/\/www.tvcnoticias.com.ar\/wp-content\/uploads\/2014\/12\/PORTADA-EDICION-N\u00ba1-Medium-306x450.jpg\" alt=\"\" width=\"306\" height=\"450\" \/><\/a><br \/>\n<span style=\"font-size: x-small;\"><span style=\"font-family: Verdana, Arial, Helvetica, sans-serif;\">El bloque de concejales del Frente para\u00a0la Victoria\u00a0present\u00f3 en la ma\u00f1ana de hoy un proyecto de Resoluci\u00f3n para declarar de Inter\u00e9s Municipal al Semanario Observador Serrano, que durante el presente a\u00f1o cumpli\u00f3 30 a\u00f1os de trayectoria.<\/span><\/span><br \/>\n<span style=\"font-size: x-small;\"><span style=\"font-family: Verdana, Arial, Helvetica, sans-serif;\">Entre los considerando expresados en el documento, los ediles afirman que \u201ces un medio de comunicaci\u00f3n escrita que ha acompa\u00f1ado a los ciudadanos del distrito desde el regreso de la democracia\u201d y que \u201cdesde el 16 de abril de 1984 recoge y destaca los hechos de la vida institucional, deportiva, pol\u00edtica, social y cultural\u201d.<\/span><\/span><br \/>\n<span style=\"font-size: x-small;\"><span style=\"font-family: Verdana, Arial, Helvetica, sans-serif;\">Adem\u00e1s, resaltan que \u201cen estos 30 a\u00f1os se ha convertido en un fiel testigo de nuestra historia reciente y en sus 1.478 ediciones guarda los recuerdos y an\u00e9cdotas de todos quienes vivimos en este distrito\u201d y que \u201ces importante no s\u00f3lo destacar, sino proteger estos peri\u00f3dicos que han sabido reflejar el paso del tiempo en Tornquist, guardando detalles de nuestra vida en comunidad y dejando un importante reflejo de la historia para las futuras generaciones\u201d.<\/span><\/span><br \/>\n<span style=\"font-size: x-small;\"><span style=\"font-family: Verdana, Arial, Helvetica, sans-serif;\">Finalmente, el bloque de ediles del FpV propone invitar al director del semanario, Miguel \u00c1ngel Herrada a una sesi\u00f3n extraordinaria con el prop\u00f3sito de hacerle un reconocimiento.<\/span><\/span><br \/>\n<span style=\"font-size: x-small;\"> <\/span><\/p>\n<h1><\/h1>\n<p>&nbsp;<\/p>\n","protected":false},"excerpt":{"rendered":"<p>OBSERVADOR SERRANO EDICION N\u00ba 1 El bloque de concejales del Frente para\u00a0la Victoria\u00a0present\u00f3 en la ma\u00f1ana de hoy un proyecto de Resoluci\u00f3n para declarar de Inter\u00e9s Municipal al Semanario Observador Serrano, que durante el presente a\u00f1o cumpli\u00f3 30 a\u00f1os de trayectoria. Entre los considerando expresados en el documento, los ediles afirman que \u201ces un medio [&hellip;]<\/p>\n","protected":false},"author":1,"featured_media":0,"comment_status":"closed","ping_status":"open","sticky":false,"template":"","format":"standard","meta":{"footnotes":""},"categories":[51,52,53],"tags":[],"class_list":["post-25873","post","type-post","status-publish","format-standard","hentry","category-comunidad","category-destacadas","category-politica"],"yoast_head":"<!-- This site is optimized with the Yoast SEO plugin v19.7.1 - https:\/\/yoast.com\/wordpress\/plugins\/seo\/ -->\n<title>EDILES DEL FpV PROPONEN DECLARAR DE INTERES MUNICIPAL AL SEMANARIO OBSERVADOR SERRANO - CELTTV<\/title>\n<meta name=\"description\" content=\"Sitio web de noticias de la localidad de Tornquist, provincia de Buenos Aires, Rep\u00fablica Argentina. Contenido propio originado por periodistas de CELTTV, el canal de TV local de la Cooperativa El\u00e9ctrica de Tornquist. Turismo, Pol\u00edtica, Sociedad, Deporte, Cultura y todo el contenido de inter\u00e9s general que la gente del pueblo y la regi\u00f3n debe conocer.\" \/>\n<meta name=\"robots\" content=\"index, follow, max-snippet:-1, max-image-preview:large, max-video-preview:-1\" \/>\n<link rel=\"canonical\" href=\"https:\/\/www.celttv.com.ar\/index.php\/2014\/12\/19\/ediles-del-fpv-proponen-declarar-de-interes-municipal-al-semanario-observador-serrano\/\" \/>\n<meta property=\"og:locale\" content=\"es_ES\" \/>\n<meta property=\"og:type\" content=\"article\" \/>\n<meta property=\"og:title\" content=\"EDILES DEL FpV PROPONEN DECLARAR DE INTERES MUNICIPAL AL SEMANARIO OBSERVADOR SERRANO - CELTTV\" \/>\n<meta property=\"og:description\" content=\"Sitio web de noticias de la localidad de Tornquist, provincia de Buenos Aires, Rep\u00fablica Argentina. Contenido propio originado por periodistas de CELTTV, el canal de TV local de la Cooperativa El\u00e9ctrica de Tornquist. Turismo, Pol\u00edtica, Sociedad, Deporte, Cultura y todo el contenido de inter\u00e9s general que la gente del pueblo y la regi\u00f3n debe conocer.\" \/>\n<meta property=\"og:url\" content=\"https:\/\/www.celttv.com.ar\/index.php\/2014\/12\/19\/ediles-del-fpv-proponen-declarar-de-interes-municipal-al-semanario-observador-serrano\/\" \/>\n<meta property=\"og:site_name\" content=\"CELTTV\" \/>\n<meta property=\"article:publisher\" content=\"https:\/\/www.facebook.com\/celtTV\/\" \/>\n<meta property=\"article:published_time\" content=\"2014-12-19T19:25:04+00:00\" \/>\n<meta name=\"author\" content=\"ulises\" \/>\n<meta name=\"twitter:card\" content=\"summary_large_image\" \/>\n<meta name=\"twitter:label1\" content=\"Escrito por\" \/>\n\t<meta name=\"twitter:data1\" content=\"ulises\" \/>\n\t<meta name=\"twitter:label2\" content=\"Tiempo de lectura\" \/>\n\t<meta name=\"twitter:data2\" content=\"1 minuto\" \/>\n<script type=\"application\/ld+json\" class=\"yoast-schema-graph\">{\"@context\":\"https:\/\/schema.org\",\"@graph\":[{\"@type\":\"NewsArticle\",\"@id\":\"https:\/\/www.celttv.com.ar\/index.php\/2014\/12\/19\/ediles-del-fpv-proponen-declarar-de-interes-municipal-al-semanario-observador-serrano\/#article\",\"isPartOf\":{\"@id\":\"https:\/\/www.celttv.com.ar\/index.php\/2014\/12\/19\/ediles-del-fpv-proponen-declarar-de-interes-municipal-al-semanario-observador-serrano\/\"},\"author\":{\"name\":\"ulises\",\"@id\":\"https:\/\/www.celttv.com.ar\/#\/schema\/person\/6d99c072dba59953809c81446e9d0ace\"},\"headline\":\"EDILES DEL FpV PROPONEN DECLARAR DE INTERES MUNICIPAL AL SEMANARIO OBSERVADOR SERRANO\",\"datePublished\":\"2014-12-19T19:25:04+00:00\",\"dateModified\":\"2014-12-19T19:25:04+00:00\",\"mainEntityOfPage\":{\"@id\":\"https:\/\/www.celttv.com.ar\/index.php\/2014\/12\/19\/ediles-del-fpv-proponen-declarar-de-interes-municipal-al-semanario-observador-serrano\/\"},\"wordCount\":221,\"publisher\":{\"@id\":\"https:\/\/www.celttv.com.ar\/#organization\"},\"articleSection\":[\"Comunidad\",\"Destacadas\",\"Pol\u00edtica\"],\"inLanguage\":\"es\"},{\"@type\":\"WebPage\",\"@id\":\"https:\/\/www.celttv.com.ar\/index.php\/2014\/12\/19\/ediles-del-fpv-proponen-declarar-de-interes-municipal-al-semanario-observador-serrano\/\",\"url\":\"https:\/\/www.celttv.com.ar\/index.php\/2014\/12\/19\/ediles-del-fpv-proponen-declarar-de-interes-municipal-al-semanario-observador-serrano\/\",\"name\":\"EDILES DEL FpV PROPONEN DECLARAR DE INTERES MUNICIPAL AL SEMANARIO OBSERVADOR SERRANO - CELTTV\",\"isPartOf\":{\"@id\":\"https:\/\/www.celttv.com.ar\/#website\"},\"datePublished\":\"2014-12-19T19:25:04+00:00\",\"dateModified\":\"2014-12-19T19:25:04+00:00\",\"description\":\"Sitio web de noticias de la localidad de Tornquist, provincia de Buenos Aires, Rep\u00fablica Argentina. Contenido propio originado por periodistas de CELTTV, el canal de TV local de la Cooperativa El\u00e9ctrica de Tornquist. Turismo, Pol\u00edtica, Sociedad, Deporte, Cultura y todo el contenido de inter\u00e9s general que la gente del pueblo y la regi\u00f3n debe conocer.\",\"breadcrumb\":{\"@id\":\"https:\/\/www.celttv.com.ar\/index.php\/2014\/12\/19\/ediles-del-fpv-proponen-declarar-de-interes-municipal-al-semanario-observador-serrano\/#breadcrumb\"},\"inLanguage\":\"es\",\"potentialAction\":[{\"@type\":\"ReadAction\",\"target\":[\"https:\/\/www.celttv.com.ar\/index.php\/2014\/12\/19\/ediles-del-fpv-proponen-declarar-de-interes-municipal-al-semanario-observador-serrano\/\"]}]},{\"@type\":\"BreadcrumbList\",\"@id\":\"https:\/\/www.celttv.com.ar\/index.php\/2014\/12\/19\/ediles-del-fpv-proponen-declarar-de-interes-municipal-al-semanario-observador-serrano\/#breadcrumb\",\"itemListElement\":[{\"@type\":\"ListItem\",\"position\":1,\"name\":\"Inicio\",\"item\":\"https:\/\/www.celttv.com.ar\/\"},{\"@type\":\"ListItem\",\"position\":2,\"name\":\"EDILES DEL FpV PROPONEN DECLARAR DE INTERES MUNICIPAL AL SEMANARIO OBSERVADOR SERRANO\"}]},{\"@type\":\"WebSite\",\"@id\":\"https:\/\/www.celttv.com.ar\/#website\",\"url\":\"https:\/\/www.celttv.com.ar\/\",\"name\":\"CELTTV\",\"description\":\"Cooperativa El\u00e9ctrica de Tornquist\",\"publisher\":{\"@id\":\"https:\/\/www.celttv.com.ar\/#organization\"},\"potentialAction\":[{\"@type\":\"SearchAction\",\"target\":{\"@type\":\"EntryPoint\",\"urlTemplate\":\"https:\/\/www.celttv.com.ar\/?s={search_term_string}\"},\"query-input\":\"required name=search_term_string\"}],\"inLanguage\":\"es\"},{\"@type\":\"Organization\",\"@id\":\"https:\/\/www.celttv.com.ar\/#organization\",\"name\":\"CELTTV\",\"url\":\"https:\/\/www.celttv.com.ar\/\",\"sameAs\":[\"https:\/\/www.youtube.com\/channel\/UCz_oIt8Hig64Ub-EmcNPIhg\",\"https:\/\/www.facebook.com\/celtTV\/\"],\"logo\":{\"@type\":\"ImageObject\",\"inLanguage\":\"es\",\"@id\":\"https:\/\/www.celttv.com.ar\/#\/schema\/logo\/image\/\",\"url\":\"http:\/\/www.celttv.com.ar\/wp-content\/uploads\/2022\/08\/logo-1.png\",\"contentUrl\":\"http:\/\/www.celttv.com.ar\/wp-content\/uploads\/2022\/08\/logo-1.png\",\"width\":461,\"height\":159,\"caption\":\"CELTTV\"},\"image\":{\"@id\":\"https:\/\/www.celttv.com.ar\/#\/schema\/logo\/image\/\"}},{\"@type\":\"Person\",\"@id\":\"https:\/\/www.celttv.com.ar\/#\/schema\/person\/6d99c072dba59953809c81446e9d0ace\",\"name\":\"ulises\",\"image\":{\"@type\":\"ImageObject\",\"inLanguage\":\"es\",\"@id\":\"https:\/\/www.celttv.com.ar\/#\/schema\/person\/image\/\",\"url\":\"https:\/\/secure.gravatar.com\/avatar\/7f2c48bdc33b30088f941fb6082e555f2874c98e20cb159d7b92b50eadfce793?s=96&d=mm&r=g\",\"contentUrl\":\"https:\/\/secure.gravatar.com\/avatar\/7f2c48bdc33b30088f941fb6082e555f2874c98e20cb159d7b92b50eadfce793?s=96&d=mm&r=g\",\"caption\":\"ulises\"},\"sameAs\":[\"http:\/\/www.celttv.com.ar\"]}]}<\/script>\n<!-- \/ Yoast SEO plugin. -->","yoast_head_json":{"title":"EDILES DEL FpV PROPONEN DECLARAR DE INTERES MUNICIPAL AL SEMANARIO OBSERVADOR SERRANO - CELTTV","description":"Sitio web de noticias de la localidad de Tornquist, provincia de Buenos Aires, Rep\u00fablica Argentina. Contenido propio originado por periodistas de CELTTV, el canal de TV local de la Cooperativa El\u00e9ctrica de Tornquist. Turismo, Pol\u00edtica, Sociedad, Deporte, Cultura y todo el contenido de inter\u00e9s general que la gente del pueblo y la regi\u00f3n debe conocer.","robots":{"index":"index","follow":"follow","max-snippet":"max-snippet:-1","max-image-preview":"max-image-preview:large","max-video-preview":"max-video-preview:-1"},"canonical":"https:\/\/www.celttv.com.ar\/index.php\/2014\/12\/19\/ediles-del-fpv-proponen-declarar-de-interes-municipal-al-semanario-observador-serrano\/","og_locale":"es_ES","og_type":"article","og_title":"EDILES DEL FpV PROPONEN DECLARAR DE INTERES MUNICIPAL AL SEMANARIO OBSERVADOR SERRANO - CELTTV","og_description":"Sitio web de noticias de la localidad de Tornquist, provincia de Buenos Aires, Rep\u00fablica Argentina. Contenido propio originado por periodistas de CELTTV, el canal de TV local de la Cooperativa El\u00e9ctrica de Tornquist. Turismo, Pol\u00edtica, Sociedad, Deporte, Cultura y todo el contenido de inter\u00e9s general que la gente del pueblo y la regi\u00f3n debe conocer.","og_url":"https:\/\/www.celttv.com.ar\/index.php\/2014\/12\/19\/ediles-del-fpv-proponen-declarar-de-interes-municipal-al-semanario-observador-serrano\/","og_site_name":"CELTTV","article_publisher":"https:\/\/www.facebook.com\/celtTV\/","article_published_time":"2014-12-19T19:25:04+00:00","author":"ulises","twitter_card":"summary_large_image","twitter_misc":{"Escrito por":"ulises","Tiempo de lectura":"1 minuto"},"schema":{"@context":"https:\/\/schema.org","@graph":[{"@type":"NewsArticle","@id":"https:\/\/www.celttv.com.ar\/index.php\/2014\/12\/19\/ediles-del-fpv-proponen-declarar-de-interes-municipal-al-semanario-observador-serrano\/#article","isPartOf":{"@id":"https:\/\/www.celttv.com.ar\/index.php\/2014\/12\/19\/ediles-del-fpv-proponen-declarar-de-interes-municipal-al-semanario-observador-serrano\/"},"author":{"name":"ulises","@id":"https:\/\/www.celttv.com.ar\/#\/schema\/person\/6d99c072dba59953809c81446e9d0ace"},"headline":"EDILES DEL FpV PROPONEN DECLARAR DE INTERES MUNICIPAL AL SEMANARIO OBSERVADOR SERRANO","datePublished":"2014-12-19T19:25:04+00:00","dateModified":"2014-12-19T19:25:04+00:00","mainEntityOfPage":{"@id":"https:\/\/www.celttv.com.ar\/index.php\/2014\/12\/19\/ediles-del-fpv-proponen-declarar-de-interes-municipal-al-semanario-observador-serrano\/"},"wordCount":221,"publisher":{"@id":"https:\/\/www.celttv.com.ar\/#organization"},"articleSection":["Comunidad","Destacadas","Pol\u00edtica"],"inLanguage":"es"},{"@type":"WebPage","@id":"https:\/\/www.celttv.com.ar\/index.php\/2014\/12\/19\/ediles-del-fpv-proponen-declarar-de-interes-municipal-al-semanario-observador-serrano\/","url":"https:\/\/www.celttv.com.ar\/index.php\/2014\/12\/19\/ediles-del-fpv-proponen-declarar-de-interes-municipal-al-semanario-observador-serrano\/","name":"EDILES DEL FpV PROPONEN DECLARAR DE INTERES MUNICIPAL AL SEMANARIO OBSERVADOR SERRANO - CELTTV","isPartOf":{"@id":"https:\/\/www.celttv.com.ar\/#website"},"datePublished":"2014-12-19T19:25:04+00:00","dateModified":"2014-12-19T19:25:04+00:00","description":"Sitio web de noticias de la localidad de Tornquist, provincia de Buenos Aires, Rep\u00fablica Argentina. Contenido propio originado por periodistas de CELTTV, el canal de TV local de la Cooperativa El\u00e9ctrica de Tornquist. Turismo, Pol\u00edtica, Sociedad, Deporte, Cultura y todo el contenido de inter\u00e9s general que la gente del pueblo y la regi\u00f3n debe conocer.","breadcrumb":{"@id":"https:\/\/www.celttv.com.ar\/index.php\/2014\/12\/19\/ediles-del-fpv-proponen-declarar-de-interes-municipal-al-semanario-observador-serrano\/#breadcrumb"},"inLanguage":"es","potentialAction":[{"@type":"ReadAction","target":["https:\/\/www.celttv.com.ar\/index.php\/2014\/12\/19\/ediles-del-fpv-proponen-declarar-de-interes-municipal-al-semanario-observador-serrano\/"]}]},{"@type":"BreadcrumbList","@id":"https:\/\/www.celttv.com.ar\/index.php\/2014\/12\/19\/ediles-del-fpv-proponen-declarar-de-interes-municipal-al-semanario-observador-serrano\/#breadcrumb","itemListElement":[{"@type":"ListItem","position":1,"name":"Inicio","item":"https:\/\/www.celttv.com.ar\/"},{"@type":"ListItem","position":2,"name":"EDILES DEL FpV PROPONEN DECLARAR DE INTERES MUNICIPAL AL SEMANARIO OBSERVADOR SERRANO"}]},{"@type":"WebSite","@id":"https:\/\/www.celttv.com.ar\/#website","url":"https:\/\/www.celttv.com.ar\/","name":"CELTTV","description":"Cooperativa El\u00e9ctrica de Tornquist","publisher":{"@id":"https:\/\/www.celttv.com.ar\/#organization"},"potentialAction":[{"@type":"SearchAction","target":{"@type":"EntryPoint","urlTemplate":"https:\/\/www.celttv.com.ar\/?s={search_term_string}"},"query-input":"required name=search_term_string"}],"inLanguage":"es"},{"@type":"Organization","@id":"https:\/\/www.celttv.com.ar\/#organization","name":"CELTTV","url":"https:\/\/www.celttv.com.ar\/","sameAs":["https:\/\/www.youtube.com\/channel\/UCz_oIt8Hig64Ub-EmcNPIhg","https:\/\/www.facebook.com\/celtTV\/"],"logo":{"@type":"ImageObject","inLanguage":"es","@id":"https:\/\/www.celttv.com.ar\/#\/schema\/logo\/image\/","url":"http:\/\/www.celttv.com.ar\/wp-content\/uploads\/2022\/08\/logo-1.png","contentUrl":"http:\/\/www.celttv.com.ar\/wp-content\/uploads\/2022\/08\/logo-1.png","width":461,"height":159,"caption":"CELTTV"},"image":{"@id":"https:\/\/www.celttv.com.ar\/#\/schema\/logo\/image\/"}},{"@type":"Person","@id":"https:\/\/www.celttv.com.ar\/#\/schema\/person\/6d99c072dba59953809c81446e9d0ace","name":"ulises","image":{"@type":"ImageObject","inLanguage":"es","@id":"https:\/\/www.celttv.com.ar\/#\/schema\/person\/image\/","url":"https:\/\/secure.gravatar.com\/avatar\/7f2c48bdc33b30088f941fb6082e555f2874c98e20cb159d7b92b50eadfce793?s=96&d=mm&r=g","contentUrl":"https:\/\/secure.gravatar.com\/avatar\/7f2c48bdc33b30088f941fb6082e555f2874c98e20cb159d7b92b50eadfce793?s=96&d=mm&r=g","caption":"ulises"},"sameAs":["http:\/\/www.celttv.com.ar"]}]}},"_links":{"self":[{"href":"https:\/\/www.celttv.com.ar\/index.php\/wp-json\/wp\/v2\/posts\/25873","targetHints":{"allow":["GET"]}}],"collection":[{"href":"https:\/\/www.celttv.com.ar\/index.php\/wp-json\/wp\/v2\/posts"}],"about":[{"href":"https:\/\/www.celttv.com.ar\/index.php\/wp-json\/wp\/v2\/types\/post"}],"author":[{"embeddable":true,"href":"https:\/\/www.celttv.com.ar\/index.php\/wp-json\/wp\/v2\/users\/1"}],"replies":[{"embeddable":true,"href":"https:\/\/www.celttv.com.ar\/index.php\/wp-json\/wp\/v2\/comments?post=25873"}],"version-history":[{"count":0,"href":"https:\/\/www.celttv.com.ar\/index.php\/wp-json\/wp\/v2\/posts\/25873\/revisions"}],"wp:attachment":[{"href":"https:\/\/www.celttv.com.ar\/index.php\/wp-json\/wp\/v2\/media?parent=25873"}],"wp:term":[{"taxonomy":"category","embeddable":true,"href":"https:\/\/www.celttv.com.ar\/index.php\/wp-json\/wp\/v2\/categories?post=25873"},{"taxonomy":"post_tag","embeddable":true,"href":"https:\/\/www.celttv.com.ar\/index.php\/wp-json\/wp\/v2\/tags?post=25873"}],"curies":[{"name":"wp","href":"https:\/\/api.w.org\/{rel}","templated":true}]}}