{"id":25879,"date":"2014-12-19T19:57:10","date_gmt":"2014-12-19T19:57:10","guid":{"rendered":"http:\/\/www.tvcnoticias.com.ar\/?p=25879"},"modified":"2014-12-19T19:57:10","modified_gmt":"2014-12-19T19:57:10","slug":"anunciaron-nueva-oferta-educativa-universitaria-para-el-distrito","status":"publish","type":"post","link":"https:\/\/www.celttv.com.ar\/index.php\/2014\/12\/19\/anunciaron-nueva-oferta-educativa-universitaria-para-el-distrito\/","title":{"rendered":"ANUNCIARON NUEVA OFERTA EDUCATIVA UNIVERSITARIA PARA EL DISTRITO"},"content":{"rendered":"<p><a rel=\"attachment wp-att-25880\" href=\"http:\/\/www.tvcnoticias.com.ar\/?attachment_id=25880\"><img loading=\"lazy\" decoding=\"async\" class=\"aligncenter size-medium wp-image-25880\" title=\"DSCN9718 (1280x960) (Medium)\" src=\"http:\/\/www.tvcnoticias.com.ar\/wp-content\/uploads\/2014\/12\/DSCN9718-1280x960-Medium-450x320.jpg\" alt=\"\" width=\"450\" height=\"320\" \/><\/a>El intendente municipal, licenciado Gustavo Trankels, y el rector de la Universidad Nacional del Sudoeste (UPSO), doctor Hern\u00e1n Vigier, confirmaron en la ma\u00f1ana de hoy que en el pr\u00f3ximo ciclo lectivo se abrir\u00e1 en el distrito la Tecnicatura Universitaria en Emprendimientos Tur\u00edsticos, que tendr\u00e1 como t\u00edtulo intermedio el de Gu\u00eda de Turismo.<br \/>\nLa grata noticia se conoci\u00f3 durante una conferencia de prensa desarrollada en el despacho del jefe comunal, de la que tambi\u00e9n participaron la directora de Turismo, licenciada Yanina Torres, y el becario hondure\u00f1o Carlos Calix.<br \/>\nDe acuerdo con los detalles brindados por los funcionarios, la carrera tendr\u00e1 una extensi\u00f3n de tres a\u00f1os, mientras que el ciclo inicial demandar\u00e1 un a\u00f1o y medio.<br \/>\n\u201cEstamos dando un paso m\u00e1s en el objetivo de lograr una mayor oferta acad\u00e9mica. La posibilidad de que nuestra gente, a t\u00edtulo gratuito, tenga la posibilidad de capacitarse de la mano de una casa de altos estudios de gran prestigio nacional. Buscamos continuar avanzando con lo que los tornquistenses tenemos en materia de turismo. Capacitarnos en ese sentido y hacerlo de la mano de la UPSO es important\u00edsimo\u201d, destac\u00f3 el intendente Trankels.<br \/>\n\u201cEn funci\u00f3n de la cantidad de inscriptos que tengamos, existe la posibilidad de que el dictado de clases se realice simult\u00e1neamente en Tornqusit y Saldungaray\u201d, explic\u00f3.<br \/>\nLa preinscripci\u00f3n ya se encuentra abierta en las oficinas de turismo del distrito y en la Direcci\u00f3n de Turismo comunal.<br \/>\n\u201cHern\u00e1n Vigier mantuvo una reuni\u00f3n en La Plata con el equipo de Ignacio Crotto, nuestro secretario de Turismo provincial, porque esta es una carrera que estar\u00e1 convalidada tanto por la parte educativa como por la tur\u00edstica de la Provincia.<br \/>\nEn los pr\u00f3ximos d\u00edas estaremos firmando el convenio que nos permitir\u00e1 avanzar con la carrera\u201d, se\u00f1al\u00f3 Trankels.<br \/>\nVigier, en tanto, destac\u00f3 que la apuesta acad\u00e9mica es posible merced al esfuerzo en conjunto entre la UPSO, que es financiada por el gobierno de la Provincia de Buenos Aires, y el Municipio.<br \/>\n\u201cAunando esfuerzos y recursos vamos a iniciar el dictado de estas carreras. La Tecnicatura Universitaria en Emprendimientos Tur\u00edsticos apunta al gerenciamiento y administraci\u00f3n de esos emprendimientos y la chance de abrir una agencia de turismo, pero estamos trabajando en un ciclo inicial de Gu\u00eda de Turismo, que ser\u00e1 homologada y habilitada por la Secretar\u00eda de Turismo\u201d, explic\u00f3.<br \/>\n\u201cNuestras tecnicaturas tienen cuestiones que hacen al tema espec\u00edfico, en este caso el turismo, pero agregamos asignaturas que tienen que ver con la organizaci\u00f3n de empresas y otras relacionadas con el emprendedorismo\u201d, a\u00f1adi\u00f3.<br \/>\nLa oferta educativa forma parte de la pol\u00edtica que en materia tur\u00edstica viene desarrollando la administraci\u00f3n que conduce el intendente Trankels.<br \/>\n\u201cLa idea es potenciar la actividad. Venimos trabajando en el camino de la calidad y uno de los pilares es la capacitaci\u00f3n. Esta es una posibilidad muy importante que se abre. Siempre tratamos de mejorar la calidad de nuestros servicios y estar en regla con la Ley Provincial de gu\u00edas de turismo y alojamientos tur\u00edsticos\u201d, especific\u00f3 Yanina Torres.<br \/>\n&nbsp;<\/p>\n","protected":false},"excerpt":{"rendered":"<p>El intendente municipal, licenciado Gustavo Trankels, y el rector de la Universidad Nacional del Sudoeste (UPSO), doctor Hern\u00e1n Vigier, confirmaron en la ma\u00f1ana de hoy que en el pr\u00f3ximo ciclo lectivo se abrir\u00e1 en el distrito la Tecnicatura Universitaria en Emprendimientos Tur\u00edsticos, que tendr\u00e1 como t\u00edtulo intermedio el de Gu\u00eda de Turismo. La grata noticia [&hellip;]<\/p>\n","protected":false},"author":1,"featured_media":0,"comment_status":"closed","ping_status":"open","sticky":false,"template":"","format":"standard","meta":{"footnotes":""},"categories":[51,52,53],"tags":[],"class_list":["post-25879","post","type-post","status-publish","format-standard","hentry","category-comunidad","category-destacadas","category-politica"],"yoast_head":"<!-- This site is optimized with the Yoast SEO plugin v19.7.1 - https:\/\/yoast.com\/wordpress\/plugins\/seo\/ -->\n<title>ANUNCIARON NUEVA OFERTA EDUCATIVA UNIVERSITARIA PARA EL DISTRITO - CELTTV<\/title>\n<meta name=\"description\" content=\"Sitio web de noticias de la localidad de Tornquist, provincia de Buenos Aires, Rep\u00fablica Argentina. Contenido propio originado por periodistas de CELTTV, el canal de TV local de la Cooperativa El\u00e9ctrica de Tornquist. Turismo, Pol\u00edtica, Sociedad, Deporte, Cultura y todo el contenido de inter\u00e9s general que la gente del pueblo y la regi\u00f3n debe conocer.\" \/>\n<meta name=\"robots\" content=\"index, follow, max-snippet:-1, max-image-preview:large, max-video-preview:-1\" \/>\n<link rel=\"canonical\" href=\"https:\/\/www.celttv.com.ar\/index.php\/2014\/12\/19\/anunciaron-nueva-oferta-educativa-universitaria-para-el-distrito\/\" \/>\n<meta property=\"og:locale\" content=\"es_ES\" \/>\n<meta property=\"og:type\" content=\"article\" \/>\n<meta property=\"og:title\" content=\"ANUNCIARON NUEVA OFERTA EDUCATIVA UNIVERSITARIA PARA EL DISTRITO - CELTTV\" \/>\n<meta property=\"og:description\" content=\"Sitio web de noticias de la localidad de Tornquist, provincia de Buenos Aires, Rep\u00fablica Argentina. Contenido propio originado por periodistas de CELTTV, el canal de TV local de la Cooperativa El\u00e9ctrica de Tornquist. Turismo, Pol\u00edtica, Sociedad, Deporte, Cultura y todo el contenido de inter\u00e9s general que la gente del pueblo y la regi\u00f3n debe conocer.\" \/>\n<meta property=\"og:url\" content=\"https:\/\/www.celttv.com.ar\/index.php\/2014\/12\/19\/anunciaron-nueva-oferta-educativa-universitaria-para-el-distrito\/\" \/>\n<meta property=\"og:site_name\" content=\"CELTTV\" \/>\n<meta property=\"article:publisher\" content=\"https:\/\/www.facebook.com\/celtTV\/\" \/>\n<meta property=\"article:published_time\" content=\"2014-12-19T19:57:10+00:00\" \/>\n<meta property=\"og:image\" content=\"http:\/\/www.tvcnoticias.com.ar\/wp-content\/uploads\/2014\/12\/DSCN9718-1280x960-Medium-450x320.jpg\" \/>\n<meta name=\"author\" content=\"ulises\" \/>\n<meta name=\"twitter:card\" content=\"summary_large_image\" \/>\n<meta name=\"twitter:label1\" content=\"Escrito por\" \/>\n\t<meta name=\"twitter:data1\" content=\"ulises\" \/>\n\t<meta name=\"twitter:label2\" content=\"Tiempo de lectura\" \/>\n\t<meta name=\"twitter:data2\" content=\"3 minutos\" \/>\n<script type=\"application\/ld+json\" class=\"yoast-schema-graph\">{\"@context\":\"https:\/\/schema.org\",\"@graph\":[{\"@type\":\"NewsArticle\",\"@id\":\"https:\/\/www.celttv.com.ar\/index.php\/2014\/12\/19\/anunciaron-nueva-oferta-educativa-universitaria-para-el-distrito\/#article\",\"isPartOf\":{\"@id\":\"https:\/\/www.celttv.com.ar\/index.php\/2014\/12\/19\/anunciaron-nueva-oferta-educativa-universitaria-para-el-distrito\/\"},\"author\":{\"name\":\"ulises\",\"@id\":\"https:\/\/www.celttv.com.ar\/#\/schema\/person\/6d99c072dba59953809c81446e9d0ace\"},\"headline\":\"ANUNCIARON NUEVA OFERTA EDUCATIVA UNIVERSITARIA PARA EL DISTRITO\",\"datePublished\":\"2014-12-19T19:57:10+00:00\",\"dateModified\":\"2014-12-19T19:57:10+00:00\",\"mainEntityOfPage\":{\"@id\":\"https:\/\/www.celttv.com.ar\/index.php\/2014\/12\/19\/anunciaron-nueva-oferta-educativa-universitaria-para-el-distrito\/\"},\"wordCount\":538,\"publisher\":{\"@id\":\"https:\/\/www.celttv.com.ar\/#organization\"},\"articleSection\":[\"Comunidad\",\"Destacadas\",\"Pol\u00edtica\"],\"inLanguage\":\"es\"},{\"@type\":\"WebPage\",\"@id\":\"https:\/\/www.celttv.com.ar\/index.php\/2014\/12\/19\/anunciaron-nueva-oferta-educativa-universitaria-para-el-distrito\/\",\"url\":\"https:\/\/www.celttv.com.ar\/index.php\/2014\/12\/19\/anunciaron-nueva-oferta-educativa-universitaria-para-el-distrito\/\",\"name\":\"ANUNCIARON NUEVA OFERTA EDUCATIVA UNIVERSITARIA PARA EL DISTRITO - CELTTV\",\"isPartOf\":{\"@id\":\"https:\/\/www.celttv.com.ar\/#website\"},\"datePublished\":\"2014-12-19T19:57:10+00:00\",\"dateModified\":\"2014-12-19T19:57:10+00:00\",\"description\":\"Sitio web de noticias de la localidad de Tornquist, provincia de Buenos Aires, Rep\u00fablica Argentina. Contenido propio originado por periodistas de CELTTV, el canal de TV local de la Cooperativa El\u00e9ctrica de Tornquist. Turismo, Pol\u00edtica, Sociedad, Deporte, Cultura y todo el contenido de inter\u00e9s general que la gente del pueblo y la regi\u00f3n debe conocer.\",\"breadcrumb\":{\"@id\":\"https:\/\/www.celttv.com.ar\/index.php\/2014\/12\/19\/anunciaron-nueva-oferta-educativa-universitaria-para-el-distrito\/#breadcrumb\"},\"inLanguage\":\"es\",\"potentialAction\":[{\"@type\":\"ReadAction\",\"target\":[\"https:\/\/www.celttv.com.ar\/index.php\/2014\/12\/19\/anunciaron-nueva-oferta-educativa-universitaria-para-el-distrito\/\"]}]},{\"@type\":\"BreadcrumbList\",\"@id\":\"https:\/\/www.celttv.com.ar\/index.php\/2014\/12\/19\/anunciaron-nueva-oferta-educativa-universitaria-para-el-distrito\/#breadcrumb\",\"itemListElement\":[{\"@type\":\"ListItem\",\"position\":1,\"name\":\"Inicio\",\"item\":\"https:\/\/www.celttv.com.ar\/\"},{\"@type\":\"ListItem\",\"position\":2,\"name\":\"ANUNCIARON NUEVA OFERTA EDUCATIVA UNIVERSITARIA PARA EL DISTRITO\"}]},{\"@type\":\"WebSite\",\"@id\":\"https:\/\/www.celttv.com.ar\/#website\",\"url\":\"https:\/\/www.celttv.com.ar\/\",\"name\":\"CELTTV\",\"description\":\"Cooperativa El\u00e9ctrica de Tornquist\",\"publisher\":{\"@id\":\"https:\/\/www.celttv.com.ar\/#organization\"},\"potentialAction\":[{\"@type\":\"SearchAction\",\"target\":{\"@type\":\"EntryPoint\",\"urlTemplate\":\"https:\/\/www.celttv.com.ar\/?s={search_term_string}\"},\"query-input\":\"required name=search_term_string\"}],\"inLanguage\":\"es\"},{\"@type\":\"Organization\",\"@id\":\"https:\/\/www.celttv.com.ar\/#organization\",\"name\":\"CELTTV\",\"url\":\"https:\/\/www.celttv.com.ar\/\",\"sameAs\":[\"https:\/\/www.youtube.com\/channel\/UCz_oIt8Hig64Ub-EmcNPIhg\",\"https:\/\/www.facebook.com\/celtTV\/\"],\"logo\":{\"@type\":\"ImageObject\",\"inLanguage\":\"es\",\"@id\":\"https:\/\/www.celttv.com.ar\/#\/schema\/logo\/image\/\",\"url\":\"http:\/\/www.celttv.com.ar\/wp-content\/uploads\/2022\/08\/logo-1.png\",\"contentUrl\":\"http:\/\/www.celttv.com.ar\/wp-content\/uploads\/2022\/08\/logo-1.png\",\"width\":461,\"height\":159,\"caption\":\"CELTTV\"},\"image\":{\"@id\":\"https:\/\/www.celttv.com.ar\/#\/schema\/logo\/image\/\"}},{\"@type\":\"Person\",\"@id\":\"https:\/\/www.celttv.com.ar\/#\/schema\/person\/6d99c072dba59953809c81446e9d0ace\",\"name\":\"ulises\",\"image\":{\"@type\":\"ImageObject\",\"inLanguage\":\"es\",\"@id\":\"https:\/\/www.celttv.com.ar\/#\/schema\/person\/image\/\",\"url\":\"https:\/\/secure.gravatar.com\/avatar\/7f2c48bdc33b30088f941fb6082e555f2874c98e20cb159d7b92b50eadfce793?s=96&d=mm&r=g\",\"contentUrl\":\"https:\/\/secure.gravatar.com\/avatar\/7f2c48bdc33b30088f941fb6082e555f2874c98e20cb159d7b92b50eadfce793?s=96&d=mm&r=g\",\"caption\":\"ulises\"},\"sameAs\":[\"http:\/\/www.celttv.com.ar\"]}]}<\/script>\n<!-- \/ Yoast SEO plugin. -->","yoast_head_json":{"title":"ANUNCIARON NUEVA OFERTA EDUCATIVA UNIVERSITARIA PARA EL DISTRITO - CELTTV","description":"Sitio web de noticias de la localidad de Tornquist, provincia de Buenos Aires, Rep\u00fablica Argentina. Contenido propio originado por periodistas de CELTTV, el canal de TV local de la Cooperativa El\u00e9ctrica de Tornquist. Turismo, Pol\u00edtica, Sociedad, Deporte, Cultura y todo el contenido de inter\u00e9s general que la gente del pueblo y la regi\u00f3n debe conocer.","robots":{"index":"index","follow":"follow","max-snippet":"max-snippet:-1","max-image-preview":"max-image-preview:large","max-video-preview":"max-video-preview:-1"},"canonical":"https:\/\/www.celttv.com.ar\/index.php\/2014\/12\/19\/anunciaron-nueva-oferta-educativa-universitaria-para-el-distrito\/","og_locale":"es_ES","og_type":"article","og_title":"ANUNCIARON NUEVA OFERTA EDUCATIVA UNIVERSITARIA PARA EL DISTRITO - CELTTV","og_description":"Sitio web de noticias de la localidad de Tornquist, provincia de Buenos Aires, Rep\u00fablica Argentina. Contenido propio originado por periodistas de CELTTV, el canal de TV local de la Cooperativa El\u00e9ctrica de Tornquist. Turismo, Pol\u00edtica, Sociedad, Deporte, Cultura y todo el contenido de inter\u00e9s general que la gente del pueblo y la regi\u00f3n debe conocer.","og_url":"https:\/\/www.celttv.com.ar\/index.php\/2014\/12\/19\/anunciaron-nueva-oferta-educativa-universitaria-para-el-distrito\/","og_site_name":"CELTTV","article_publisher":"https:\/\/www.facebook.com\/celtTV\/","article_published_time":"2014-12-19T19:57:10+00:00","og_image":[{"url":"http:\/\/www.tvcnoticias.com.ar\/wp-content\/uploads\/2014\/12\/DSCN9718-1280x960-Medium-450x320.jpg"}],"author":"ulises","twitter_card":"summary_large_image","twitter_misc":{"Escrito por":"ulises","Tiempo de lectura":"3 minutos"},"schema":{"@context":"https:\/\/schema.org","@graph":[{"@type":"NewsArticle","@id":"https:\/\/www.celttv.com.ar\/index.php\/2014\/12\/19\/anunciaron-nueva-oferta-educativa-universitaria-para-el-distrito\/#article","isPartOf":{"@id":"https:\/\/www.celttv.com.ar\/index.php\/2014\/12\/19\/anunciaron-nueva-oferta-educativa-universitaria-para-el-distrito\/"},"author":{"name":"ulises","@id":"https:\/\/www.celttv.com.ar\/#\/schema\/person\/6d99c072dba59953809c81446e9d0ace"},"headline":"ANUNCIARON NUEVA OFERTA EDUCATIVA UNIVERSITARIA PARA EL DISTRITO","datePublished":"2014-12-19T19:57:10+00:00","dateModified":"2014-12-19T19:57:10+00:00","mainEntityOfPage":{"@id":"https:\/\/www.celttv.com.ar\/index.php\/2014\/12\/19\/anunciaron-nueva-oferta-educativa-universitaria-para-el-distrito\/"},"wordCount":538,"publisher":{"@id":"https:\/\/www.celttv.com.ar\/#organization"},"articleSection":["Comunidad","Destacadas","Pol\u00edtica"],"inLanguage":"es"},{"@type":"WebPage","@id":"https:\/\/www.celttv.com.ar\/index.php\/2014\/12\/19\/anunciaron-nueva-oferta-educativa-universitaria-para-el-distrito\/","url":"https:\/\/www.celttv.com.ar\/index.php\/2014\/12\/19\/anunciaron-nueva-oferta-educativa-universitaria-para-el-distrito\/","name":"ANUNCIARON NUEVA OFERTA EDUCATIVA UNIVERSITARIA PARA EL DISTRITO - CELTTV","isPartOf":{"@id":"https:\/\/www.celttv.com.ar\/#website"},"datePublished":"2014-12-19T19:57:10+00:00","dateModified":"2014-12-19T19:57:10+00:00","description":"Sitio web de noticias de la localidad de Tornquist, provincia de Buenos Aires, Rep\u00fablica Argentina. Contenido propio originado por periodistas de CELTTV, el canal de TV local de la Cooperativa El\u00e9ctrica de Tornquist. Turismo, Pol\u00edtica, Sociedad, Deporte, Cultura y todo el contenido de inter\u00e9s general que la gente del pueblo y la regi\u00f3n debe conocer.","breadcrumb":{"@id":"https:\/\/www.celttv.com.ar\/index.php\/2014\/12\/19\/anunciaron-nueva-oferta-educativa-universitaria-para-el-distrito\/#breadcrumb"},"inLanguage":"es","potentialAction":[{"@type":"ReadAction","target":["https:\/\/www.celttv.com.ar\/index.php\/2014\/12\/19\/anunciaron-nueva-oferta-educativa-universitaria-para-el-distrito\/"]}]},{"@type":"BreadcrumbList","@id":"https:\/\/www.celttv.com.ar\/index.php\/2014\/12\/19\/anunciaron-nueva-oferta-educativa-universitaria-para-el-distrito\/#breadcrumb","itemListElement":[{"@type":"ListItem","position":1,"name":"Inicio","item":"https:\/\/www.celttv.com.ar\/"},{"@type":"ListItem","position":2,"name":"ANUNCIARON NUEVA OFERTA EDUCATIVA UNIVERSITARIA PARA EL DISTRITO"}]},{"@type":"WebSite","@id":"https:\/\/www.celttv.com.ar\/#website","url":"https:\/\/www.celttv.com.ar\/","name":"CELTTV","description":"Cooperativa El\u00e9ctrica de Tornquist","publisher":{"@id":"https:\/\/www.celttv.com.ar\/#organization"},"potentialAction":[{"@type":"SearchAction","target":{"@type":"EntryPoint","urlTemplate":"https:\/\/www.celttv.com.ar\/?s={search_term_string}"},"query-input":"required name=search_term_string"}],"inLanguage":"es"},{"@type":"Organization","@id":"https:\/\/www.celttv.com.ar\/#organization","name":"CELTTV","url":"https:\/\/www.celttv.com.ar\/","sameAs":["https:\/\/www.youtube.com\/channel\/UCz_oIt8Hig64Ub-EmcNPIhg","https:\/\/www.facebook.com\/celtTV\/"],"logo":{"@type":"ImageObject","inLanguage":"es","@id":"https:\/\/www.celttv.com.ar\/#\/schema\/logo\/image\/","url":"http:\/\/www.celttv.com.ar\/wp-content\/uploads\/2022\/08\/logo-1.png","contentUrl":"http:\/\/www.celttv.com.ar\/wp-content\/uploads\/2022\/08\/logo-1.png","width":461,"height":159,"caption":"CELTTV"},"image":{"@id":"https:\/\/www.celttv.com.ar\/#\/schema\/logo\/image\/"}},{"@type":"Person","@id":"https:\/\/www.celttv.com.ar\/#\/schema\/person\/6d99c072dba59953809c81446e9d0ace","name":"ulises","image":{"@type":"ImageObject","inLanguage":"es","@id":"https:\/\/www.celttv.com.ar\/#\/schema\/person\/image\/","url":"https:\/\/secure.gravatar.com\/avatar\/7f2c48bdc33b30088f941fb6082e555f2874c98e20cb159d7b92b50eadfce793?s=96&d=mm&r=g","contentUrl":"https:\/\/secure.gravatar.com\/avatar\/7f2c48bdc33b30088f941fb6082e555f2874c98e20cb159d7b92b50eadfce793?s=96&d=mm&r=g","caption":"ulises"},"sameAs":["http:\/\/www.celttv.com.ar"]}]}},"_links":{"self":[{"href":"https:\/\/www.celttv.com.ar\/index.php\/wp-json\/wp\/v2\/posts\/25879","targetHints":{"allow":["GET"]}}],"collection":[{"href":"https:\/\/www.celttv.com.ar\/index.php\/wp-json\/wp\/v2\/posts"}],"about":[{"href":"https:\/\/www.celttv.com.ar\/index.php\/wp-json\/wp\/v2\/types\/post"}],"author":[{"embeddable":true,"href":"https:\/\/www.celttv.com.ar\/index.php\/wp-json\/wp\/v2\/users\/1"}],"replies":[{"embeddable":true,"href":"https:\/\/www.celttv.com.ar\/index.php\/wp-json\/wp\/v2\/comments?post=25879"}],"version-history":[{"count":0,"href":"https:\/\/www.celttv.com.ar\/index.php\/wp-json\/wp\/v2\/posts\/25879\/revisions"}],"wp:attachment":[{"href":"https:\/\/www.celttv.com.ar\/index.php\/wp-json\/wp\/v2\/media?parent=25879"}],"wp:term":[{"taxonomy":"category","embeddable":true,"href":"https:\/\/www.celttv.com.ar\/index.php\/wp-json\/wp\/v2\/categories?post=25879"},{"taxonomy":"post_tag","embeddable":true,"href":"https:\/\/www.celttv.com.ar\/index.php\/wp-json\/wp\/v2\/tags?post=25879"}],"curies":[{"name":"wp","href":"https:\/\/api.w.org\/{rel}","templated":true}]}}