{"id":25887,"date":"2014-12-19T20:28:27","date_gmt":"2014-12-19T20:28:27","guid":{"rendered":"http:\/\/www.tvcnoticias.com.ar\/?p=25887"},"modified":"2014-12-19T20:28:27","modified_gmt":"2014-12-19T20:28:27","slug":"que-se-dijo-en-la-ultima-sesion-ordinaria-del-hcd-videos","status":"publish","type":"post","link":"https:\/\/www.celttv.com.ar\/index.php\/2014\/12\/19\/que-se-dijo-en-la-ultima-sesion-ordinaria-del-hcd-videos\/","title":{"rendered":"QUE SE DIJO EN LA ULTIMA SESI\u00d3N ORDINARIA DEL HCD. (videos)"},"content":{"rendered":"<p><a href=\"https:\/\/www.youtube.com\/watch?v=HWXeLe4DdXQ\">httpv:\/\/www.youtube.com\/watch?v=HWXeLe4DdXQ<\/a><br \/>\n<a href=\"https:\/\/www.youtube.com\/watch?v=Tnw6RBD52Sw\">httpv:\/\/www.youtube.com\/watch?v=Tnw6RBD52Sw<\/a><br \/>\n<a href=\"https:\/\/www.youtube.com\/watch?v=67APJlGcILg\">httpv:\/\/www.youtube.com\/watch?v=67APJlGcILg<\/a><br \/>\n<a href=\"https:\/\/www.youtube.com\/watch?v=la5UuW6_e68\">httpv:\/\/www.youtube.com\/watch?v=la5UuW6_e68<\/a><br \/>\n<a href=\"https:\/\/www.youtube.com\/watch?v=E49SmNnHjck\">httpv:\/\/www.youtube.com\/watch?v=E49SmNnHjck<\/a><br \/>\n<a href=\"https:\/\/www.youtube.com\/watch?v=qEjmIxlzU2s\">httpv:\/\/www.youtube.com\/watch?v=qEjmIxlzU2s<\/a><br \/>\n<a href=\"https:\/\/www.youtube.com\/watch?v=wMEyegYoSsg\">httpv:\/\/www.youtube.com\/watch?v=wMEyegYoSsg<\/a><br \/>\n<a href=\"https:\/\/www.youtube.com\/watch?v=jmfdMdXRihA\">httpv:\/\/www.youtube.com\/watch?v=jmfdMdXRihA<\/a><br \/>\n<a href=\"https:\/\/www.youtube.com\/watch?v=m46Hda9IIrU\">httpv:\/\/www.youtube.com\/watch?v=m46Hda9IIrU<\/a><br \/>\n<a href=\"https:\/\/www.youtube.com\/watch?v=f0ag9Pi1CnQ\">httpv:\/\/www.youtube.com\/watch?v=f0ag9Pi1CnQ<\/a><br \/>\nEn la \u00faltima sesi\u00f3n ordinaria del a\u00f1o 2014, temas como Agroqu\u00edmicos, Viviendas, las 154 hect\u00e1reas en Sierra de la Ventana, etc. formaron parte de las intervenciones de concejales de distintas bancadas al momento de realizar un balance del periodo legislativo.<br \/>\n&nbsp;<br \/>\n&nbsp;<\/p>\n","protected":false},"excerpt":{"rendered":"<p>httpv:\/\/www.youtube.com\/watch?v=HWXeLe4DdXQ httpv:\/\/www.youtube.com\/watch?v=Tnw6RBD52Sw httpv:\/\/www.youtube.com\/watch?v=67APJlGcILg httpv:\/\/www.youtube.com\/watch?v=la5UuW6_e68 httpv:\/\/www.youtube.com\/watch?v=E49SmNnHjck httpv:\/\/www.youtube.com\/watch?v=qEjmIxlzU2s httpv:\/\/www.youtube.com\/watch?v=wMEyegYoSsg httpv:\/\/www.youtube.com\/watch?v=jmfdMdXRihA httpv:\/\/www.youtube.com\/watch?v=m46Hda9IIrU httpv:\/\/www.youtube.com\/watch?v=f0ag9Pi1CnQ En la \u00faltima sesi\u00f3n ordinaria del a\u00f1o 2014, temas como Agroqu\u00edmicos, Viviendas, las 154 hect\u00e1reas en Sierra de la Ventana, etc. formaron parte de las intervenciones de concejales de distintas bancadas al momento de realizar un balance del periodo legislativo. &nbsp; &nbsp;<\/p>\n","protected":false},"author":1,"featured_media":0,"comment_status":"closed","ping_status":"open","sticky":false,"template":"","format":"standard","meta":{"footnotes":""},"categories":[51,52,53,64],"tags":[],"class_list":["post-25887","post","type-post","status-publish","format-standard","hentry","category-comunidad","category-destacadas","category-politica","category-videos-destacados"],"yoast_head":"<!-- This site is optimized with the Yoast SEO plugin v19.7.1 - https:\/\/yoast.com\/wordpress\/plugins\/seo\/ -->\n<title>QUE SE DIJO EN LA ULTIMA SESI\u00d3N ORDINARIA DEL HCD. (videos) - CELTTV<\/title>\n<meta name=\"description\" content=\"Sitio web de noticias de la localidad de Tornquist, provincia de Buenos Aires, Rep\u00fablica Argentina. Contenido propio originado por periodistas de CELTTV, el canal de TV local de la Cooperativa El\u00e9ctrica de Tornquist. Turismo, Pol\u00edtica, Sociedad, Deporte, Cultura y todo el contenido de inter\u00e9s general que la gente del pueblo y la regi\u00f3n debe conocer.\" \/>\n<meta name=\"robots\" content=\"index, follow, max-snippet:-1, max-image-preview:large, max-video-preview:-1\" \/>\n<link rel=\"canonical\" href=\"https:\/\/www.celttv.com.ar\/index.php\/2014\/12\/19\/que-se-dijo-en-la-ultima-sesion-ordinaria-del-hcd-videos\/\" \/>\n<meta property=\"og:locale\" content=\"es_ES\" \/>\n<meta property=\"og:type\" content=\"article\" \/>\n<meta property=\"og:title\" content=\"QUE SE DIJO EN LA ULTIMA SESI\u00d3N ORDINARIA DEL HCD. (videos) - CELTTV\" \/>\n<meta property=\"og:description\" content=\"Sitio web de noticias de la localidad de Tornquist, provincia de Buenos Aires, Rep\u00fablica Argentina. Contenido propio originado por periodistas de CELTTV, el canal de TV local de la Cooperativa El\u00e9ctrica de Tornquist. Turismo, Pol\u00edtica, Sociedad, Deporte, Cultura y todo el contenido de inter\u00e9s general que la gente del pueblo y la regi\u00f3n debe conocer.\" \/>\n<meta property=\"og:url\" content=\"https:\/\/www.celttv.com.ar\/index.php\/2014\/12\/19\/que-se-dijo-en-la-ultima-sesion-ordinaria-del-hcd-videos\/\" \/>\n<meta property=\"og:site_name\" content=\"CELTTV\" \/>\n<meta property=\"article:publisher\" content=\"https:\/\/www.facebook.com\/celtTV\/\" \/>\n<meta property=\"article:published_time\" content=\"2014-12-19T20:28:27+00:00\" \/>\n<meta name=\"author\" content=\"ulises\" \/>\n<meta name=\"twitter:card\" content=\"summary_large_image\" \/>\n<meta name=\"twitter:label1\" content=\"Escrito por\" \/>\n\t<meta name=\"twitter:data1\" content=\"ulises\" \/>\n\t<meta name=\"twitter:label2\" content=\"Tiempo de lectura\" \/>\n\t<meta name=\"twitter:data2\" content=\"1 minuto\" \/>\n<script type=\"application\/ld+json\" class=\"yoast-schema-graph\">{\"@context\":\"https:\/\/schema.org\",\"@graph\":[{\"@type\":\"NewsArticle\",\"@id\":\"https:\/\/www.celttv.com.ar\/index.php\/2014\/12\/19\/que-se-dijo-en-la-ultima-sesion-ordinaria-del-hcd-videos\/#article\",\"isPartOf\":{\"@id\":\"https:\/\/www.celttv.com.ar\/index.php\/2014\/12\/19\/que-se-dijo-en-la-ultima-sesion-ordinaria-del-hcd-videos\/\"},\"author\":{\"name\":\"ulises\",\"@id\":\"https:\/\/www.celttv.com.ar\/#\/schema\/person\/6d99c072dba59953809c81446e9d0ace\"},\"headline\":\"QUE SE DIJO EN LA ULTIMA SESI\u00d3N ORDINARIA DEL HCD. (videos)\",\"datePublished\":\"2014-12-19T20:28:27+00:00\",\"dateModified\":\"2014-12-19T20:28:27+00:00\",\"mainEntityOfPage\":{\"@id\":\"https:\/\/www.celttv.com.ar\/index.php\/2014\/12\/19\/que-se-dijo-en-la-ultima-sesion-ordinaria-del-hcd-videos\/\"},\"wordCount\":138,\"publisher\":{\"@id\":\"https:\/\/www.celttv.com.ar\/#organization\"},\"articleSection\":[\"Comunidad\",\"Destacadas\",\"Pol\u00edtica\",\"Videos Destacados\"],\"inLanguage\":\"es\"},{\"@type\":\"WebPage\",\"@id\":\"https:\/\/www.celttv.com.ar\/index.php\/2014\/12\/19\/que-se-dijo-en-la-ultima-sesion-ordinaria-del-hcd-videos\/\",\"url\":\"https:\/\/www.celttv.com.ar\/index.php\/2014\/12\/19\/que-se-dijo-en-la-ultima-sesion-ordinaria-del-hcd-videos\/\",\"name\":\"QUE SE DIJO EN LA ULTIMA SESI\u00d3N ORDINARIA DEL HCD. (videos) - CELTTV\",\"isPartOf\":{\"@id\":\"https:\/\/www.celttv.com.ar\/#website\"},\"datePublished\":\"2014-12-19T20:28:27+00:00\",\"dateModified\":\"2014-12-19T20:28:27+00:00\",\"description\":\"Sitio web de noticias de la localidad de Tornquist, provincia de Buenos Aires, Rep\u00fablica Argentina. Contenido propio originado por periodistas de CELTTV, el canal de TV local de la Cooperativa El\u00e9ctrica de Tornquist. Turismo, Pol\u00edtica, Sociedad, Deporte, Cultura y todo el contenido de inter\u00e9s general que la gente del pueblo y la regi\u00f3n debe conocer.\",\"breadcrumb\":{\"@id\":\"https:\/\/www.celttv.com.ar\/index.php\/2014\/12\/19\/que-se-dijo-en-la-ultima-sesion-ordinaria-del-hcd-videos\/#breadcrumb\"},\"inLanguage\":\"es\",\"potentialAction\":[{\"@type\":\"ReadAction\",\"target\":[\"https:\/\/www.celttv.com.ar\/index.php\/2014\/12\/19\/que-se-dijo-en-la-ultima-sesion-ordinaria-del-hcd-videos\/\"]}]},{\"@type\":\"BreadcrumbList\",\"@id\":\"https:\/\/www.celttv.com.ar\/index.php\/2014\/12\/19\/que-se-dijo-en-la-ultima-sesion-ordinaria-del-hcd-videos\/#breadcrumb\",\"itemListElement\":[{\"@type\":\"ListItem\",\"position\":1,\"name\":\"Inicio\",\"item\":\"https:\/\/www.celttv.com.ar\/\"},{\"@type\":\"ListItem\",\"position\":2,\"name\":\"QUE SE DIJO EN LA ULTIMA SESI\u00d3N ORDINARIA DEL HCD. (videos)\"}]},{\"@type\":\"WebSite\",\"@id\":\"https:\/\/www.celttv.com.ar\/#website\",\"url\":\"https:\/\/www.celttv.com.ar\/\",\"name\":\"CELTTV\",\"description\":\"Cooperativa El\u00e9ctrica de Tornquist\",\"publisher\":{\"@id\":\"https:\/\/www.celttv.com.ar\/#organization\"},\"potentialAction\":[{\"@type\":\"SearchAction\",\"target\":{\"@type\":\"EntryPoint\",\"urlTemplate\":\"https:\/\/www.celttv.com.ar\/?s={search_term_string}\"},\"query-input\":\"required name=search_term_string\"}],\"inLanguage\":\"es\"},{\"@type\":\"Organization\",\"@id\":\"https:\/\/www.celttv.com.ar\/#organization\",\"name\":\"CELTTV\",\"url\":\"https:\/\/www.celttv.com.ar\/\",\"sameAs\":[\"https:\/\/www.youtube.com\/channel\/UCz_oIt8Hig64Ub-EmcNPIhg\",\"https:\/\/www.facebook.com\/celtTV\/\"],\"logo\":{\"@type\":\"ImageObject\",\"inLanguage\":\"es\",\"@id\":\"https:\/\/www.celttv.com.ar\/#\/schema\/logo\/image\/\",\"url\":\"http:\/\/www.celttv.com.ar\/wp-content\/uploads\/2022\/08\/logo-1.png\",\"contentUrl\":\"http:\/\/www.celttv.com.ar\/wp-content\/uploads\/2022\/08\/logo-1.png\",\"width\":461,\"height\":159,\"caption\":\"CELTTV\"},\"image\":{\"@id\":\"https:\/\/www.celttv.com.ar\/#\/schema\/logo\/image\/\"}},{\"@type\":\"Person\",\"@id\":\"https:\/\/www.celttv.com.ar\/#\/schema\/person\/6d99c072dba59953809c81446e9d0ace\",\"name\":\"ulises\",\"image\":{\"@type\":\"ImageObject\",\"inLanguage\":\"es\",\"@id\":\"https:\/\/www.celttv.com.ar\/#\/schema\/person\/image\/\",\"url\":\"https:\/\/secure.gravatar.com\/avatar\/7f2c48bdc33b30088f941fb6082e555f2874c98e20cb159d7b92b50eadfce793?s=96&d=mm&r=g\",\"contentUrl\":\"https:\/\/secure.gravatar.com\/avatar\/7f2c48bdc33b30088f941fb6082e555f2874c98e20cb159d7b92b50eadfce793?s=96&d=mm&r=g\",\"caption\":\"ulises\"},\"sameAs\":[\"http:\/\/www.celttv.com.ar\"]}]}<\/script>\n<!-- \/ Yoast SEO plugin. -->","yoast_head_json":{"title":"QUE SE DIJO EN LA ULTIMA SESI\u00d3N ORDINARIA DEL HCD. (videos) - CELTTV","description":"Sitio web de noticias de la localidad de Tornquist, provincia de Buenos Aires, Rep\u00fablica Argentina. Contenido propio originado por periodistas de CELTTV, el canal de TV local de la Cooperativa El\u00e9ctrica de Tornquist. Turismo, Pol\u00edtica, Sociedad, Deporte, Cultura y todo el contenido de inter\u00e9s general que la gente del pueblo y la regi\u00f3n debe conocer.","robots":{"index":"index","follow":"follow","max-snippet":"max-snippet:-1","max-image-preview":"max-image-preview:large","max-video-preview":"max-video-preview:-1"},"canonical":"https:\/\/www.celttv.com.ar\/index.php\/2014\/12\/19\/que-se-dijo-en-la-ultima-sesion-ordinaria-del-hcd-videos\/","og_locale":"es_ES","og_type":"article","og_title":"QUE SE DIJO EN LA ULTIMA SESI\u00d3N ORDINARIA DEL HCD. (videos) - CELTTV","og_description":"Sitio web de noticias de la localidad de Tornquist, provincia de Buenos Aires, Rep\u00fablica Argentina. Contenido propio originado por periodistas de CELTTV, el canal de TV local de la Cooperativa El\u00e9ctrica de Tornquist. Turismo, Pol\u00edtica, Sociedad, Deporte, Cultura y todo el contenido de inter\u00e9s general que la gente del pueblo y la regi\u00f3n debe conocer.","og_url":"https:\/\/www.celttv.com.ar\/index.php\/2014\/12\/19\/que-se-dijo-en-la-ultima-sesion-ordinaria-del-hcd-videos\/","og_site_name":"CELTTV","article_publisher":"https:\/\/www.facebook.com\/celtTV\/","article_published_time":"2014-12-19T20:28:27+00:00","author":"ulises","twitter_card":"summary_large_image","twitter_misc":{"Escrito por":"ulises","Tiempo de lectura":"1 minuto"},"schema":{"@context":"https:\/\/schema.org","@graph":[{"@type":"NewsArticle","@id":"https:\/\/www.celttv.com.ar\/index.php\/2014\/12\/19\/que-se-dijo-en-la-ultima-sesion-ordinaria-del-hcd-videos\/#article","isPartOf":{"@id":"https:\/\/www.celttv.com.ar\/index.php\/2014\/12\/19\/que-se-dijo-en-la-ultima-sesion-ordinaria-del-hcd-videos\/"},"author":{"name":"ulises","@id":"https:\/\/www.celttv.com.ar\/#\/schema\/person\/6d99c072dba59953809c81446e9d0ace"},"headline":"QUE SE DIJO EN LA ULTIMA SESI\u00d3N ORDINARIA DEL HCD. (videos)","datePublished":"2014-12-19T20:28:27+00:00","dateModified":"2014-12-19T20:28:27+00:00","mainEntityOfPage":{"@id":"https:\/\/www.celttv.com.ar\/index.php\/2014\/12\/19\/que-se-dijo-en-la-ultima-sesion-ordinaria-del-hcd-videos\/"},"wordCount":138,"publisher":{"@id":"https:\/\/www.celttv.com.ar\/#organization"},"articleSection":["Comunidad","Destacadas","Pol\u00edtica","Videos Destacados"],"inLanguage":"es"},{"@type":"WebPage","@id":"https:\/\/www.celttv.com.ar\/index.php\/2014\/12\/19\/que-se-dijo-en-la-ultima-sesion-ordinaria-del-hcd-videos\/","url":"https:\/\/www.celttv.com.ar\/index.php\/2014\/12\/19\/que-se-dijo-en-la-ultima-sesion-ordinaria-del-hcd-videos\/","name":"QUE SE DIJO EN LA ULTIMA SESI\u00d3N ORDINARIA DEL HCD. (videos) - CELTTV","isPartOf":{"@id":"https:\/\/www.celttv.com.ar\/#website"},"datePublished":"2014-12-19T20:28:27+00:00","dateModified":"2014-12-19T20:28:27+00:00","description":"Sitio web de noticias de la localidad de Tornquist, provincia de Buenos Aires, Rep\u00fablica Argentina. Contenido propio originado por periodistas de CELTTV, el canal de TV local de la Cooperativa El\u00e9ctrica de Tornquist. Turismo, Pol\u00edtica, Sociedad, Deporte, Cultura y todo el contenido de inter\u00e9s general que la gente del pueblo y la regi\u00f3n debe conocer.","breadcrumb":{"@id":"https:\/\/www.celttv.com.ar\/index.php\/2014\/12\/19\/que-se-dijo-en-la-ultima-sesion-ordinaria-del-hcd-videos\/#breadcrumb"},"inLanguage":"es","potentialAction":[{"@type":"ReadAction","target":["https:\/\/www.celttv.com.ar\/index.php\/2014\/12\/19\/que-se-dijo-en-la-ultima-sesion-ordinaria-del-hcd-videos\/"]}]},{"@type":"BreadcrumbList","@id":"https:\/\/www.celttv.com.ar\/index.php\/2014\/12\/19\/que-se-dijo-en-la-ultima-sesion-ordinaria-del-hcd-videos\/#breadcrumb","itemListElement":[{"@type":"ListItem","position":1,"name":"Inicio","item":"https:\/\/www.celttv.com.ar\/"},{"@type":"ListItem","position":2,"name":"QUE SE DIJO EN LA ULTIMA SESI\u00d3N ORDINARIA DEL HCD. (videos)"}]},{"@type":"WebSite","@id":"https:\/\/www.celttv.com.ar\/#website","url":"https:\/\/www.celttv.com.ar\/","name":"CELTTV","description":"Cooperativa El\u00e9ctrica de Tornquist","publisher":{"@id":"https:\/\/www.celttv.com.ar\/#organization"},"potentialAction":[{"@type":"SearchAction","target":{"@type":"EntryPoint","urlTemplate":"https:\/\/www.celttv.com.ar\/?s={search_term_string}"},"query-input":"required name=search_term_string"}],"inLanguage":"es"},{"@type":"Organization","@id":"https:\/\/www.celttv.com.ar\/#organization","name":"CELTTV","url":"https:\/\/www.celttv.com.ar\/","sameAs":["https:\/\/www.youtube.com\/channel\/UCz_oIt8Hig64Ub-EmcNPIhg","https:\/\/www.facebook.com\/celtTV\/"],"logo":{"@type":"ImageObject","inLanguage":"es","@id":"https:\/\/www.celttv.com.ar\/#\/schema\/logo\/image\/","url":"http:\/\/www.celttv.com.ar\/wp-content\/uploads\/2022\/08\/logo-1.png","contentUrl":"http:\/\/www.celttv.com.ar\/wp-content\/uploads\/2022\/08\/logo-1.png","width":461,"height":159,"caption":"CELTTV"},"image":{"@id":"https:\/\/www.celttv.com.ar\/#\/schema\/logo\/image\/"}},{"@type":"Person","@id":"https:\/\/www.celttv.com.ar\/#\/schema\/person\/6d99c072dba59953809c81446e9d0ace","name":"ulises","image":{"@type":"ImageObject","inLanguage":"es","@id":"https:\/\/www.celttv.com.ar\/#\/schema\/person\/image\/","url":"https:\/\/secure.gravatar.com\/avatar\/7f2c48bdc33b30088f941fb6082e555f2874c98e20cb159d7b92b50eadfce793?s=96&d=mm&r=g","contentUrl":"https:\/\/secure.gravatar.com\/avatar\/7f2c48bdc33b30088f941fb6082e555f2874c98e20cb159d7b92b50eadfce793?s=96&d=mm&r=g","caption":"ulises"},"sameAs":["http:\/\/www.celttv.com.ar"]}]}},"_links":{"self":[{"href":"https:\/\/www.celttv.com.ar\/index.php\/wp-json\/wp\/v2\/posts\/25887","targetHints":{"allow":["GET"]}}],"collection":[{"href":"https:\/\/www.celttv.com.ar\/index.php\/wp-json\/wp\/v2\/posts"}],"about":[{"href":"https:\/\/www.celttv.com.ar\/index.php\/wp-json\/wp\/v2\/types\/post"}],"author":[{"embeddable":true,"href":"https:\/\/www.celttv.com.ar\/index.php\/wp-json\/wp\/v2\/users\/1"}],"replies":[{"embeddable":true,"href":"https:\/\/www.celttv.com.ar\/index.php\/wp-json\/wp\/v2\/comments?post=25887"}],"version-history":[{"count":0,"href":"https:\/\/www.celttv.com.ar\/index.php\/wp-json\/wp\/v2\/posts\/25887\/revisions"}],"wp:attachment":[{"href":"https:\/\/www.celttv.com.ar\/index.php\/wp-json\/wp\/v2\/media?parent=25887"}],"wp:term":[{"taxonomy":"category","embeddable":true,"href":"https:\/\/www.celttv.com.ar\/index.php\/wp-json\/wp\/v2\/categories?post=25887"},{"taxonomy":"post_tag","embeddable":true,"href":"https:\/\/www.celttv.com.ar\/index.php\/wp-json\/wp\/v2\/tags?post=25887"}],"curies":[{"name":"wp","href":"https:\/\/api.w.org\/{rel}","templated":true}]}}