{"id":25897,"date":"2014-12-19T23:59:09","date_gmt":"2014-12-19T23:59:09","guid":{"rendered":"http:\/\/www.tvcnoticias.com.ar\/?p=25897"},"modified":"2014-12-19T23:59:09","modified_gmt":"2014-12-19T23:59:09","slug":"comenzo-la-ejecucion-de-las-perforaciones-del-acueducto-de-villa-ventana-videos-y-notas","status":"publish","type":"post","link":"https:\/\/www.celttv.com.ar\/index.php\/2014\/12\/19\/comenzo-la-ejecucion-de-las-perforaciones-del-acueducto-de-villa-ventana-videos-y-notas\/","title":{"rendered":"COMENZ\u00d3 LA EJECUCI\u00d3N DE LAS PERFORACIONES DEL ACUEDUCTO DE VILLA VENTANA (videos y notas)"},"content":{"rendered":"<p><a href=\"https:\/\/www.youtube.com\/watch?v=mi9Dy1KcIAc\">httpv:\/\/www.youtube.com\/watch?v=mi9Dy1KcIAc<\/a><br \/>\n<a href=\"https:\/\/www.youtube.com\/watch?v=9EhRAZ2FVkg\">httpv:\/\/www.youtube.com\/watch?v=9EhRAZ2FVkg<\/a><br \/>\n<a href=\"https:\/\/www.youtube.com\/watch?v=yNZNnJnsSyo\">httpv:\/\/www.youtube.com\/watch?v=yNZNnJnsSyo<\/a><br \/>\n&nbsp;<br \/>\nCon los trabajos de ejecuci\u00f3n de la primera de las seis perforaciones programadas y la construcci\u00f3n de una estaci\u00f3n de rebombeo, avanza la \u00faltima etapa del acueducto de nueve kil\u00f3metros que abastecer\u00e1 de agua a Villa Ventana y le dar\u00e1 definitiva soluci\u00f3n a un problema hist\u00f3rico de la localidad.<br \/>\nEn este sentido, el director de Hidrolog\u00eda y Saneamiento del Servicio Provincial de Agua Potable y Saneamiento Rural, Sergio Cicchitti, se reuni\u00f3 con el intendente municipal, licenciado Gustavo Trankels, y recorri\u00f3 los dos sectores en donde se encuentran trabajando actualmente, con el objetivo de efectuar un control.<br \/>\n\u201cEsta es una obra de ingenier\u00eda muy compleja, no solamente por el transporte del agua a lo largo de los 9 kil\u00f3metros del acueducto, sino por el desnivel de m\u00e1s de 120 metros existente\u201d, asegur\u00f3 el jefe comunal.<br \/>\n\u201cContamos con el trabajo de los t\u00e9cnicos del SPAR, lo que es una tranquilidad para nosotros, porque tenemos la decisi\u00f3n pol\u00edtica del gobernador Daniel Scioli de resolver el tema del agua de Villa Ventana y que la soluci\u00f3n llegue de la mano del SPAR, que cuenta con tecnolog\u00eda y gente de vasta experiencia\u201d, resalt\u00f3.<br \/>\nEl intendente Trankels destac\u00f3, adem\u00e1s, el apoyo incondicional, el compromiso y el trabajo del presidente del SPAR, Juan Mar\u00eda Vi\u00f1ales<br \/>\n\u201cLa Provincia est\u00e1 realizando un importante esfuerzo econ\u00f3mico para que la obra contin\u00fae. El SPAR se instal\u00f3 en 2008 en Villa Ventana y no par\u00f3 de ejecutar obras relacionadas con la provisi\u00f3n de agua. Con este tramo pr\u00e1cticamente duplicaremos la capacidad existente\u201d, explic\u00f3.<br \/>\nPor su parte, Cicchitti describi\u00f3 que actualmente se encuentra trabajando de manera paralela en dos lugares.<br \/>\n\u201cEstamos realizando las perforaciones, compuestas de 6 pozos de una profundidad m\u00e1xima de 75 metros, y en la zona de El Pinar, donde se est\u00e1 construyendo una estaci\u00f3n de rebombeo\u201d, detall\u00f3.<br \/>\n\u201cLa Villa cuenta hoy con un abastecimiento racional, acorde con las necesidades de consumo, pero esta obra que estamos finalizando est\u00e1 pensada para la futura expansi\u00f3n del servicio. Esperamos tener las perforaciones finalizadas para el mes de enero y del acueducto s\u00f3lo restan realizar las interconexiones\u201d, coment\u00f3.<br \/>\nDe esta manera avanza una obra considerada clave para el futuro desarrollo de la localidad de nuestro distrito.<br \/>\n&nbsp;<br \/>\n&nbsp;<\/p>\n","protected":false},"excerpt":{"rendered":"<p>httpv:\/\/www.youtube.com\/watch?v=mi9Dy1KcIAc httpv:\/\/www.youtube.com\/watch?v=9EhRAZ2FVkg httpv:\/\/www.youtube.com\/watch?v=yNZNnJnsSyo &nbsp; Con los trabajos de ejecuci\u00f3n de la primera de las seis perforaciones programadas y la construcci\u00f3n de una estaci\u00f3n de rebombeo, avanza la \u00faltima etapa del acueducto de nueve kil\u00f3metros que abastecer\u00e1 de agua a Villa Ventana y le dar\u00e1 definitiva soluci\u00f3n a un problema hist\u00f3rico de la localidad. En este [&hellip;]<\/p>\n","protected":false},"author":1,"featured_media":0,"comment_status":"closed","ping_status":"open","sticky":false,"template":"","format":"standard","meta":{"footnotes":""},"categories":[51,52,53,64],"tags":[],"class_list":["post-25897","post","type-post","status-publish","format-standard","hentry","category-comunidad","category-destacadas","category-politica","category-videos-destacados"],"yoast_head":"<!-- This site is optimized with the Yoast SEO plugin v19.7.1 - https:\/\/yoast.com\/wordpress\/plugins\/seo\/ -->\n<title>COMENZ\u00d3 LA EJECUCI\u00d3N DE LAS PERFORACIONES DEL ACUEDUCTO DE VILLA VENTANA (videos y notas) - CELTTV<\/title>\n<meta name=\"description\" content=\"Sitio web de noticias de la localidad de Tornquist, provincia de Buenos Aires, Rep\u00fablica Argentina. Contenido propio originado por periodistas de CELTTV, el canal de TV local de la Cooperativa El\u00e9ctrica de Tornquist. Turismo, Pol\u00edtica, Sociedad, Deporte, Cultura y todo el contenido de inter\u00e9s general que la gente del pueblo y la regi\u00f3n debe conocer.\" \/>\n<meta name=\"robots\" content=\"index, follow, max-snippet:-1, max-image-preview:large, max-video-preview:-1\" \/>\n<link rel=\"canonical\" href=\"https:\/\/www.celttv.com.ar\/index.php\/2014\/12\/19\/comenzo-la-ejecucion-de-las-perforaciones-del-acueducto-de-villa-ventana-videos-y-notas\/\" \/>\n<meta property=\"og:locale\" content=\"es_ES\" \/>\n<meta property=\"og:type\" content=\"article\" \/>\n<meta property=\"og:title\" content=\"COMENZ\u00d3 LA EJECUCI\u00d3N DE LAS PERFORACIONES DEL ACUEDUCTO DE VILLA VENTANA (videos y notas) - CELTTV\" \/>\n<meta property=\"og:description\" content=\"Sitio web de noticias de la localidad de Tornquist, provincia de Buenos Aires, Rep\u00fablica Argentina. Contenido propio originado por periodistas de CELTTV, el canal de TV local de la Cooperativa El\u00e9ctrica de Tornquist. Turismo, Pol\u00edtica, Sociedad, Deporte, Cultura y todo el contenido de inter\u00e9s general que la gente del pueblo y la regi\u00f3n debe conocer.\" \/>\n<meta property=\"og:url\" content=\"https:\/\/www.celttv.com.ar\/index.php\/2014\/12\/19\/comenzo-la-ejecucion-de-las-perforaciones-del-acueducto-de-villa-ventana-videos-y-notas\/\" \/>\n<meta property=\"og:site_name\" content=\"CELTTV\" \/>\n<meta property=\"article:publisher\" content=\"https:\/\/www.facebook.com\/celtTV\/\" \/>\n<meta property=\"article:published_time\" content=\"2014-12-19T23:59:09+00:00\" \/>\n<meta name=\"author\" content=\"ulises\" \/>\n<meta name=\"twitter:card\" content=\"summary_large_image\" \/>\n<meta name=\"twitter:label1\" content=\"Escrito por\" \/>\n\t<meta name=\"twitter:data1\" content=\"ulises\" \/>\n\t<meta name=\"twitter:label2\" content=\"Tiempo de lectura\" \/>\n\t<meta name=\"twitter:data2\" content=\"2 minutos\" \/>\n<script type=\"application\/ld+json\" class=\"yoast-schema-graph\">{\"@context\":\"https:\/\/schema.org\",\"@graph\":[{\"@type\":\"NewsArticle\",\"@id\":\"https:\/\/www.celttv.com.ar\/index.php\/2014\/12\/19\/comenzo-la-ejecucion-de-las-perforaciones-del-acueducto-de-villa-ventana-videos-y-notas\/#article\",\"isPartOf\":{\"@id\":\"https:\/\/www.celttv.com.ar\/index.php\/2014\/12\/19\/comenzo-la-ejecucion-de-las-perforaciones-del-acueducto-de-villa-ventana-videos-y-notas\/\"},\"author\":{\"name\":\"ulises\",\"@id\":\"https:\/\/www.celttv.com.ar\/#\/schema\/person\/6d99c072dba59953809c81446e9d0ace\"},\"headline\":\"COMENZ\u00d3 LA EJECUCI\u00d3N DE LAS PERFORACIONES DEL ACUEDUCTO DE VILLA VENTANA (videos y notas)\",\"datePublished\":\"2014-12-19T23:59:09+00:00\",\"dateModified\":\"2014-12-19T23:59:09+00:00\",\"mainEntityOfPage\":{\"@id\":\"https:\/\/www.celttv.com.ar\/index.php\/2014\/12\/19\/comenzo-la-ejecucion-de-las-perforaciones-del-acueducto-de-villa-ventana-videos-y-notas\/\"},\"wordCount\":426,\"publisher\":{\"@id\":\"https:\/\/www.celttv.com.ar\/#organization\"},\"articleSection\":[\"Comunidad\",\"Destacadas\",\"Pol\u00edtica\",\"Videos Destacados\"],\"inLanguage\":\"es\"},{\"@type\":\"WebPage\",\"@id\":\"https:\/\/www.celttv.com.ar\/index.php\/2014\/12\/19\/comenzo-la-ejecucion-de-las-perforaciones-del-acueducto-de-villa-ventana-videos-y-notas\/\",\"url\":\"https:\/\/www.celttv.com.ar\/index.php\/2014\/12\/19\/comenzo-la-ejecucion-de-las-perforaciones-del-acueducto-de-villa-ventana-videos-y-notas\/\",\"name\":\"COMENZ\u00d3 LA EJECUCI\u00d3N DE LAS PERFORACIONES DEL ACUEDUCTO DE VILLA VENTANA (videos y notas) - CELTTV\",\"isPartOf\":{\"@id\":\"https:\/\/www.celttv.com.ar\/#website\"},\"datePublished\":\"2014-12-19T23:59:09+00:00\",\"dateModified\":\"2014-12-19T23:59:09+00:00\",\"description\":\"Sitio web de noticias de la localidad de Tornquist, provincia de Buenos Aires, Rep\u00fablica Argentina. Contenido propio originado por periodistas de CELTTV, el canal de TV local de la Cooperativa El\u00e9ctrica de Tornquist. Turismo, Pol\u00edtica, Sociedad, Deporte, Cultura y todo el contenido de inter\u00e9s general que la gente del pueblo y la regi\u00f3n debe conocer.\",\"breadcrumb\":{\"@id\":\"https:\/\/www.celttv.com.ar\/index.php\/2014\/12\/19\/comenzo-la-ejecucion-de-las-perforaciones-del-acueducto-de-villa-ventana-videos-y-notas\/#breadcrumb\"},\"inLanguage\":\"es\",\"potentialAction\":[{\"@type\":\"ReadAction\",\"target\":[\"https:\/\/www.celttv.com.ar\/index.php\/2014\/12\/19\/comenzo-la-ejecucion-de-las-perforaciones-del-acueducto-de-villa-ventana-videos-y-notas\/\"]}]},{\"@type\":\"BreadcrumbList\",\"@id\":\"https:\/\/www.celttv.com.ar\/index.php\/2014\/12\/19\/comenzo-la-ejecucion-de-las-perforaciones-del-acueducto-de-villa-ventana-videos-y-notas\/#breadcrumb\",\"itemListElement\":[{\"@type\":\"ListItem\",\"position\":1,\"name\":\"Inicio\",\"item\":\"https:\/\/www.celttv.com.ar\/\"},{\"@type\":\"ListItem\",\"position\":2,\"name\":\"COMENZ\u00d3 LA EJECUCI\u00d3N DE LAS PERFORACIONES DEL ACUEDUCTO DE VILLA VENTANA (videos y notas)\"}]},{\"@type\":\"WebSite\",\"@id\":\"https:\/\/www.celttv.com.ar\/#website\",\"url\":\"https:\/\/www.celttv.com.ar\/\",\"name\":\"CELTTV\",\"description\":\"Cooperativa El\u00e9ctrica de Tornquist\",\"publisher\":{\"@id\":\"https:\/\/www.celttv.com.ar\/#organization\"},\"potentialAction\":[{\"@type\":\"SearchAction\",\"target\":{\"@type\":\"EntryPoint\",\"urlTemplate\":\"https:\/\/www.celttv.com.ar\/?s={search_term_string}\"},\"query-input\":\"required name=search_term_string\"}],\"inLanguage\":\"es\"},{\"@type\":\"Organization\",\"@id\":\"https:\/\/www.celttv.com.ar\/#organization\",\"name\":\"CELTTV\",\"url\":\"https:\/\/www.celttv.com.ar\/\",\"sameAs\":[\"https:\/\/www.youtube.com\/channel\/UCz_oIt8Hig64Ub-EmcNPIhg\",\"https:\/\/www.facebook.com\/celtTV\/\"],\"logo\":{\"@type\":\"ImageObject\",\"inLanguage\":\"es\",\"@id\":\"https:\/\/www.celttv.com.ar\/#\/schema\/logo\/image\/\",\"url\":\"http:\/\/www.celttv.com.ar\/wp-content\/uploads\/2022\/08\/logo-1.png\",\"contentUrl\":\"http:\/\/www.celttv.com.ar\/wp-content\/uploads\/2022\/08\/logo-1.png\",\"width\":461,\"height\":159,\"caption\":\"CELTTV\"},\"image\":{\"@id\":\"https:\/\/www.celttv.com.ar\/#\/schema\/logo\/image\/\"}},{\"@type\":\"Person\",\"@id\":\"https:\/\/www.celttv.com.ar\/#\/schema\/person\/6d99c072dba59953809c81446e9d0ace\",\"name\":\"ulises\",\"image\":{\"@type\":\"ImageObject\",\"inLanguage\":\"es\",\"@id\":\"https:\/\/www.celttv.com.ar\/#\/schema\/person\/image\/\",\"url\":\"https:\/\/secure.gravatar.com\/avatar\/7f2c48bdc33b30088f941fb6082e555f2874c98e20cb159d7b92b50eadfce793?s=96&d=mm&r=g\",\"contentUrl\":\"https:\/\/secure.gravatar.com\/avatar\/7f2c48bdc33b30088f941fb6082e555f2874c98e20cb159d7b92b50eadfce793?s=96&d=mm&r=g\",\"caption\":\"ulises\"},\"sameAs\":[\"http:\/\/www.celttv.com.ar\"]}]}<\/script>\n<!-- \/ Yoast SEO plugin. -->","yoast_head_json":{"title":"COMENZ\u00d3 LA EJECUCI\u00d3N DE LAS PERFORACIONES DEL ACUEDUCTO DE VILLA VENTANA (videos y notas) - CELTTV","description":"Sitio web de noticias de la localidad de Tornquist, provincia de Buenos Aires, Rep\u00fablica Argentina. Contenido propio originado por periodistas de CELTTV, el canal de TV local de la Cooperativa El\u00e9ctrica de Tornquist. Turismo, Pol\u00edtica, Sociedad, Deporte, Cultura y todo el contenido de inter\u00e9s general que la gente del pueblo y la regi\u00f3n debe conocer.","robots":{"index":"index","follow":"follow","max-snippet":"max-snippet:-1","max-image-preview":"max-image-preview:large","max-video-preview":"max-video-preview:-1"},"canonical":"https:\/\/www.celttv.com.ar\/index.php\/2014\/12\/19\/comenzo-la-ejecucion-de-las-perforaciones-del-acueducto-de-villa-ventana-videos-y-notas\/","og_locale":"es_ES","og_type":"article","og_title":"COMENZ\u00d3 LA EJECUCI\u00d3N DE LAS PERFORACIONES DEL ACUEDUCTO DE VILLA VENTANA (videos y notas) - CELTTV","og_description":"Sitio web de noticias de la localidad de Tornquist, provincia de Buenos Aires, Rep\u00fablica Argentina. Contenido propio originado por periodistas de CELTTV, el canal de TV local de la Cooperativa El\u00e9ctrica de Tornquist. Turismo, Pol\u00edtica, Sociedad, Deporte, Cultura y todo el contenido de inter\u00e9s general que la gente del pueblo y la regi\u00f3n debe conocer.","og_url":"https:\/\/www.celttv.com.ar\/index.php\/2014\/12\/19\/comenzo-la-ejecucion-de-las-perforaciones-del-acueducto-de-villa-ventana-videos-y-notas\/","og_site_name":"CELTTV","article_publisher":"https:\/\/www.facebook.com\/celtTV\/","article_published_time":"2014-12-19T23:59:09+00:00","author":"ulises","twitter_card":"summary_large_image","twitter_misc":{"Escrito por":"ulises","Tiempo de lectura":"2 minutos"},"schema":{"@context":"https:\/\/schema.org","@graph":[{"@type":"NewsArticle","@id":"https:\/\/www.celttv.com.ar\/index.php\/2014\/12\/19\/comenzo-la-ejecucion-de-las-perforaciones-del-acueducto-de-villa-ventana-videos-y-notas\/#article","isPartOf":{"@id":"https:\/\/www.celttv.com.ar\/index.php\/2014\/12\/19\/comenzo-la-ejecucion-de-las-perforaciones-del-acueducto-de-villa-ventana-videos-y-notas\/"},"author":{"name":"ulises","@id":"https:\/\/www.celttv.com.ar\/#\/schema\/person\/6d99c072dba59953809c81446e9d0ace"},"headline":"COMENZ\u00d3 LA EJECUCI\u00d3N DE LAS PERFORACIONES DEL ACUEDUCTO DE VILLA VENTANA (videos y notas)","datePublished":"2014-12-19T23:59:09+00:00","dateModified":"2014-12-19T23:59:09+00:00","mainEntityOfPage":{"@id":"https:\/\/www.celttv.com.ar\/index.php\/2014\/12\/19\/comenzo-la-ejecucion-de-las-perforaciones-del-acueducto-de-villa-ventana-videos-y-notas\/"},"wordCount":426,"publisher":{"@id":"https:\/\/www.celttv.com.ar\/#organization"},"articleSection":["Comunidad","Destacadas","Pol\u00edtica","Videos Destacados"],"inLanguage":"es"},{"@type":"WebPage","@id":"https:\/\/www.celttv.com.ar\/index.php\/2014\/12\/19\/comenzo-la-ejecucion-de-las-perforaciones-del-acueducto-de-villa-ventana-videos-y-notas\/","url":"https:\/\/www.celttv.com.ar\/index.php\/2014\/12\/19\/comenzo-la-ejecucion-de-las-perforaciones-del-acueducto-de-villa-ventana-videos-y-notas\/","name":"COMENZ\u00d3 LA EJECUCI\u00d3N DE LAS PERFORACIONES DEL ACUEDUCTO DE VILLA VENTANA (videos y notas) - CELTTV","isPartOf":{"@id":"https:\/\/www.celttv.com.ar\/#website"},"datePublished":"2014-12-19T23:59:09+00:00","dateModified":"2014-12-19T23:59:09+00:00","description":"Sitio web de noticias de la localidad de Tornquist, provincia de Buenos Aires, Rep\u00fablica Argentina. Contenido propio originado por periodistas de CELTTV, el canal de TV local de la Cooperativa El\u00e9ctrica de Tornquist. Turismo, Pol\u00edtica, Sociedad, Deporte, Cultura y todo el contenido de inter\u00e9s general que la gente del pueblo y la regi\u00f3n debe conocer.","breadcrumb":{"@id":"https:\/\/www.celttv.com.ar\/index.php\/2014\/12\/19\/comenzo-la-ejecucion-de-las-perforaciones-del-acueducto-de-villa-ventana-videos-y-notas\/#breadcrumb"},"inLanguage":"es","potentialAction":[{"@type":"ReadAction","target":["https:\/\/www.celttv.com.ar\/index.php\/2014\/12\/19\/comenzo-la-ejecucion-de-las-perforaciones-del-acueducto-de-villa-ventana-videos-y-notas\/"]}]},{"@type":"BreadcrumbList","@id":"https:\/\/www.celttv.com.ar\/index.php\/2014\/12\/19\/comenzo-la-ejecucion-de-las-perforaciones-del-acueducto-de-villa-ventana-videos-y-notas\/#breadcrumb","itemListElement":[{"@type":"ListItem","position":1,"name":"Inicio","item":"https:\/\/www.celttv.com.ar\/"},{"@type":"ListItem","position":2,"name":"COMENZ\u00d3 LA EJECUCI\u00d3N DE LAS PERFORACIONES DEL ACUEDUCTO DE VILLA VENTANA (videos y notas)"}]},{"@type":"WebSite","@id":"https:\/\/www.celttv.com.ar\/#website","url":"https:\/\/www.celttv.com.ar\/","name":"CELTTV","description":"Cooperativa El\u00e9ctrica de Tornquist","publisher":{"@id":"https:\/\/www.celttv.com.ar\/#organization"},"potentialAction":[{"@type":"SearchAction","target":{"@type":"EntryPoint","urlTemplate":"https:\/\/www.celttv.com.ar\/?s={search_term_string}"},"query-input":"required name=search_term_string"}],"inLanguage":"es"},{"@type":"Organization","@id":"https:\/\/www.celttv.com.ar\/#organization","name":"CELTTV","url":"https:\/\/www.celttv.com.ar\/","sameAs":["https:\/\/www.youtube.com\/channel\/UCz_oIt8Hig64Ub-EmcNPIhg","https:\/\/www.facebook.com\/celtTV\/"],"logo":{"@type":"ImageObject","inLanguage":"es","@id":"https:\/\/www.celttv.com.ar\/#\/schema\/logo\/image\/","url":"http:\/\/www.celttv.com.ar\/wp-content\/uploads\/2022\/08\/logo-1.png","contentUrl":"http:\/\/www.celttv.com.ar\/wp-content\/uploads\/2022\/08\/logo-1.png","width":461,"height":159,"caption":"CELTTV"},"image":{"@id":"https:\/\/www.celttv.com.ar\/#\/schema\/logo\/image\/"}},{"@type":"Person","@id":"https:\/\/www.celttv.com.ar\/#\/schema\/person\/6d99c072dba59953809c81446e9d0ace","name":"ulises","image":{"@type":"ImageObject","inLanguage":"es","@id":"https:\/\/www.celttv.com.ar\/#\/schema\/person\/image\/","url":"https:\/\/secure.gravatar.com\/avatar\/7f2c48bdc33b30088f941fb6082e555f2874c98e20cb159d7b92b50eadfce793?s=96&d=mm&r=g","contentUrl":"https:\/\/secure.gravatar.com\/avatar\/7f2c48bdc33b30088f941fb6082e555f2874c98e20cb159d7b92b50eadfce793?s=96&d=mm&r=g","caption":"ulises"},"sameAs":["http:\/\/www.celttv.com.ar"]}]}},"_links":{"self":[{"href":"https:\/\/www.celttv.com.ar\/index.php\/wp-json\/wp\/v2\/posts\/25897","targetHints":{"allow":["GET"]}}],"collection":[{"href":"https:\/\/www.celttv.com.ar\/index.php\/wp-json\/wp\/v2\/posts"}],"about":[{"href":"https:\/\/www.celttv.com.ar\/index.php\/wp-json\/wp\/v2\/types\/post"}],"author":[{"embeddable":true,"href":"https:\/\/www.celttv.com.ar\/index.php\/wp-json\/wp\/v2\/users\/1"}],"replies":[{"embeddable":true,"href":"https:\/\/www.celttv.com.ar\/index.php\/wp-json\/wp\/v2\/comments?post=25897"}],"version-history":[{"count":0,"href":"https:\/\/www.celttv.com.ar\/index.php\/wp-json\/wp\/v2\/posts\/25897\/revisions"}],"wp:attachment":[{"href":"https:\/\/www.celttv.com.ar\/index.php\/wp-json\/wp\/v2\/media?parent=25897"}],"wp:term":[{"taxonomy":"category","embeddable":true,"href":"https:\/\/www.celttv.com.ar\/index.php\/wp-json\/wp\/v2\/categories?post=25897"},{"taxonomy":"post_tag","embeddable":true,"href":"https:\/\/www.celttv.com.ar\/index.php\/wp-json\/wp\/v2\/tags?post=25897"}],"curies":[{"name":"wp","href":"https:\/\/api.w.org\/{rel}","templated":true}]}}