{"id":25935,"date":"2014-12-23T00:30:49","date_gmt":"2014-12-23T00:30:49","guid":{"rendered":"http:\/\/www.tvcnoticias.com.ar\/?p=25935"},"modified":"2014-12-23T00:30:49","modified_gmt":"2014-12-23T00:30:49","slug":"futbol-el-clausura-se-definira-en-pigue","status":"publish","type":"post","link":"https:\/\/www.celttv.com.ar\/index.php\/2014\/12\/23\/futbol-el-clausura-se-definira-en-pigue\/","title":{"rendered":"FUTBOL: EL CLAUSURA SE DEFINIR\u00c1 EN PIGU\u00c9"},"content":{"rendered":"<p>Pe\u00f1arol y Boca disputar\u00e1n la final en la cancha del club azulgrana. La resoluci\u00f3n en Reserva ir\u00e1 a manera de preliminar.<br \/>\n<a rel=\"attachment wp-att-25936\" href=\"http:\/\/www.tvcnoticias.com.ar\/?attachment_id=25936\"><img loading=\"lazy\" decoding=\"async\" class=\"aligncenter size-medium wp-image-25936\" title=\"1430 - ARCO Y PELOTA (Medium)\" src=\"http:\/\/www.tvcnoticias.com.ar\/wp-content\/uploads\/2014\/12\/1430-ARCO-Y-PELOTA-Medium4-450x261.jpg\" alt=\"\" width=\"450\" height=\"261\" \/><\/a>En el estadio &#8220;19 de Marzo&#8221; de Pe\u00f1arol de Pig\u00fc\u00e9 se jugar\u00e1 el pr\u00f3ximo domingo, a partir de las 17:30, la final del torneo Clausura de Primera divisi\u00f3n entre dicho club y Boca Juniors, de acuerdo a un sorteo realizado entre ambas canchas en la reuni\u00f3n que este lunes llev\u00f3 a cabo el consejo directivo de la Liga Regional de F\u00fatbol de Coronel Su\u00e1rez.<br \/>\nEl contralor de las acciones estar\u00e1 a cargo de un \u00e1rbitro de la Agrupaci\u00f3n de Olavarr\u00eda, mientras que en calidad de jueces asistentes ir\u00e1n integrantes de alguna de las asociaciones locales que no tengan residencia ni en Pig\u00fc\u00e9 ni en Coronel Su\u00e1rez dentro de las posibilidades.<br \/>\nDe preliminar, desde las 15:30, se disputar\u00e1 el partido definitorio del torneo Clausura de divisi\u00f3n Reserva entre San Mart\u00edn de Carhu\u00e9 (local por sorteo a los efectos de la distribuci\u00f3n de hinchadas) y San Mart\u00edn de Santa Trinidad, club este \u00faltimo que en caso de ganar se coronar\u00e1 autom\u00e1ticamente campe\u00f3n dado que tambi\u00e9n se adjudic\u00f3 el torneo Apertura.<br \/>\nImpartir\u00e1 justicia una terna compuesta por \u00e1rbitros con residencia en la ciudad de Pig\u00fc\u00e9, seg\u00fan se dispuso en el recinto de Las Heras 1.062.<br \/>\nVale se\u00f1alar que a la sede de la Liga llegaron sendas notas de los jefes policiales de las comisar\u00edas de Pig\u00fc\u00e9 y Coronel Su\u00e1rez, Marcelo Giordani y Rub\u00e9n Fern\u00e1ndez respectivamente, en la que informaron que las \u00fanicas canchas habilitadas para un encuentro de esta importancia eran las pertenecientes a las dos instituciones que disputar\u00e1n la final.<br \/>\n&nbsp;<\/p>\n","protected":false},"excerpt":{"rendered":"<p>Pe\u00f1arol y Boca disputar\u00e1n la final en la cancha del club azulgrana. La resoluci\u00f3n en Reserva ir\u00e1 a manera de preliminar. En el estadio &#8220;19 de Marzo&#8221; de Pe\u00f1arol de Pig\u00fc\u00e9 se jugar\u00e1 el pr\u00f3ximo domingo, a partir de las 17:30, la final del torneo Clausura de Primera divisi\u00f3n entre dicho club y Boca Juniors, [&hellip;]<\/p>\n","protected":false},"author":1,"featured_media":0,"comment_status":"closed","ping_status":"open","sticky":false,"template":"","format":"standard","meta":{"footnotes":""},"categories":[60,52],"tags":[],"class_list":["post-25935","post","type-post","status-publish","format-standard","hentry","category-deporte","category-destacadas"],"yoast_head":"<!-- This site is optimized with the Yoast SEO plugin v19.7.1 - https:\/\/yoast.com\/wordpress\/plugins\/seo\/ -->\n<title>FUTBOL: EL CLAUSURA SE DEFINIR\u00c1 EN PIGU\u00c9 - CELTTV<\/title>\n<meta name=\"description\" content=\"Sitio web de noticias de la localidad de Tornquist, provincia de Buenos Aires, Rep\u00fablica Argentina. Contenido propio originado por periodistas de CELTTV, el canal de TV local de la Cooperativa El\u00e9ctrica de Tornquist. Turismo, Pol\u00edtica, Sociedad, Deporte, Cultura y todo el contenido de inter\u00e9s general que la gente del pueblo y la regi\u00f3n debe conocer.\" \/>\n<meta name=\"robots\" content=\"index, follow, max-snippet:-1, max-image-preview:large, max-video-preview:-1\" \/>\n<link rel=\"canonical\" href=\"https:\/\/www.celttv.com.ar\/index.php\/2014\/12\/23\/futbol-el-clausura-se-definira-en-pigue\/\" \/>\n<meta property=\"og:locale\" content=\"es_ES\" \/>\n<meta property=\"og:type\" content=\"article\" \/>\n<meta property=\"og:title\" content=\"FUTBOL: EL CLAUSURA SE DEFINIR\u00c1 EN PIGU\u00c9 - CELTTV\" \/>\n<meta property=\"og:description\" content=\"Sitio web de noticias de la localidad de Tornquist, provincia de Buenos Aires, Rep\u00fablica Argentina. Contenido propio originado por periodistas de CELTTV, el canal de TV local de la Cooperativa El\u00e9ctrica de Tornquist. Turismo, Pol\u00edtica, Sociedad, Deporte, Cultura y todo el contenido de inter\u00e9s general que la gente del pueblo y la regi\u00f3n debe conocer.\" \/>\n<meta property=\"og:url\" content=\"https:\/\/www.celttv.com.ar\/index.php\/2014\/12\/23\/futbol-el-clausura-se-definira-en-pigue\/\" \/>\n<meta property=\"og:site_name\" content=\"CELTTV\" \/>\n<meta property=\"article:publisher\" content=\"https:\/\/www.facebook.com\/celtTV\/\" \/>\n<meta property=\"article:published_time\" content=\"2014-12-23T00:30:49+00:00\" \/>\n<meta property=\"og:image\" content=\"http:\/\/www.tvcnoticias.com.ar\/wp-content\/uploads\/2014\/12\/1430-ARCO-Y-PELOTA-Medium4-450x261.jpg\" \/>\n<meta name=\"author\" content=\"ulises\" \/>\n<meta name=\"twitter:card\" content=\"summary_large_image\" \/>\n<meta name=\"twitter:label1\" content=\"Escrito por\" \/>\n\t<meta name=\"twitter:data1\" content=\"ulises\" \/>\n\t<meta name=\"twitter:label2\" content=\"Tiempo de lectura\" \/>\n\t<meta name=\"twitter:data2\" content=\"1 minuto\" \/>\n<script type=\"application\/ld+json\" class=\"yoast-schema-graph\">{\"@context\":\"https:\/\/schema.org\",\"@graph\":[{\"@type\":\"NewsArticle\",\"@id\":\"https:\/\/www.celttv.com.ar\/index.php\/2014\/12\/23\/futbol-el-clausura-se-definira-en-pigue\/#article\",\"isPartOf\":{\"@id\":\"https:\/\/www.celttv.com.ar\/index.php\/2014\/12\/23\/futbol-el-clausura-se-definira-en-pigue\/\"},\"author\":{\"name\":\"ulises\",\"@id\":\"https:\/\/www.celttv.com.ar\/#\/schema\/person\/6d99c072dba59953809c81446e9d0ace\"},\"headline\":\"FUTBOL: EL CLAUSURA SE DEFINIR\u00c1 EN PIGU\u00c9\",\"datePublished\":\"2014-12-23T00:30:49+00:00\",\"dateModified\":\"2014-12-23T00:30:49+00:00\",\"mainEntityOfPage\":{\"@id\":\"https:\/\/www.celttv.com.ar\/index.php\/2014\/12\/23\/futbol-el-clausura-se-definira-en-pigue\/\"},\"wordCount\":300,\"publisher\":{\"@id\":\"https:\/\/www.celttv.com.ar\/#organization\"},\"articleSection\":[\"Deporte\",\"Destacadas\"],\"inLanguage\":\"es\"},{\"@type\":\"WebPage\",\"@id\":\"https:\/\/www.celttv.com.ar\/index.php\/2014\/12\/23\/futbol-el-clausura-se-definira-en-pigue\/\",\"url\":\"https:\/\/www.celttv.com.ar\/index.php\/2014\/12\/23\/futbol-el-clausura-se-definira-en-pigue\/\",\"name\":\"FUTBOL: EL CLAUSURA SE DEFINIR\u00c1 EN PIGU\u00c9 - CELTTV\",\"isPartOf\":{\"@id\":\"https:\/\/www.celttv.com.ar\/#website\"},\"datePublished\":\"2014-12-23T00:30:49+00:00\",\"dateModified\":\"2014-12-23T00:30:49+00:00\",\"description\":\"Sitio web de noticias de la localidad de Tornquist, provincia de Buenos Aires, Rep\u00fablica Argentina. Contenido propio originado por periodistas de CELTTV, el canal de TV local de la Cooperativa El\u00e9ctrica de Tornquist. Turismo, Pol\u00edtica, Sociedad, Deporte, Cultura y todo el contenido de inter\u00e9s general que la gente del pueblo y la regi\u00f3n debe conocer.\",\"breadcrumb\":{\"@id\":\"https:\/\/www.celttv.com.ar\/index.php\/2014\/12\/23\/futbol-el-clausura-se-definira-en-pigue\/#breadcrumb\"},\"inLanguage\":\"es\",\"potentialAction\":[{\"@type\":\"ReadAction\",\"target\":[\"https:\/\/www.celttv.com.ar\/index.php\/2014\/12\/23\/futbol-el-clausura-se-definira-en-pigue\/\"]}]},{\"@type\":\"BreadcrumbList\",\"@id\":\"https:\/\/www.celttv.com.ar\/index.php\/2014\/12\/23\/futbol-el-clausura-se-definira-en-pigue\/#breadcrumb\",\"itemListElement\":[{\"@type\":\"ListItem\",\"position\":1,\"name\":\"Inicio\",\"item\":\"https:\/\/www.celttv.com.ar\/\"},{\"@type\":\"ListItem\",\"position\":2,\"name\":\"FUTBOL: EL CLAUSURA SE DEFINIR\u00c1 EN PIGU\u00c9\"}]},{\"@type\":\"WebSite\",\"@id\":\"https:\/\/www.celttv.com.ar\/#website\",\"url\":\"https:\/\/www.celttv.com.ar\/\",\"name\":\"CELTTV\",\"description\":\"Cooperativa El\u00e9ctrica de Tornquist\",\"publisher\":{\"@id\":\"https:\/\/www.celttv.com.ar\/#organization\"},\"potentialAction\":[{\"@type\":\"SearchAction\",\"target\":{\"@type\":\"EntryPoint\",\"urlTemplate\":\"https:\/\/www.celttv.com.ar\/?s={search_term_string}\"},\"query-input\":\"required name=search_term_string\"}],\"inLanguage\":\"es\"},{\"@type\":\"Organization\",\"@id\":\"https:\/\/www.celttv.com.ar\/#organization\",\"name\":\"CELTTV\",\"url\":\"https:\/\/www.celttv.com.ar\/\",\"sameAs\":[\"https:\/\/www.youtube.com\/channel\/UCz_oIt8Hig64Ub-EmcNPIhg\",\"https:\/\/www.facebook.com\/celtTV\/\"],\"logo\":{\"@type\":\"ImageObject\",\"inLanguage\":\"es\",\"@id\":\"https:\/\/www.celttv.com.ar\/#\/schema\/logo\/image\/\",\"url\":\"http:\/\/www.celttv.com.ar\/wp-content\/uploads\/2022\/08\/logo-1.png\",\"contentUrl\":\"http:\/\/www.celttv.com.ar\/wp-content\/uploads\/2022\/08\/logo-1.png\",\"width\":461,\"height\":159,\"caption\":\"CELTTV\"},\"image\":{\"@id\":\"https:\/\/www.celttv.com.ar\/#\/schema\/logo\/image\/\"}},{\"@type\":\"Person\",\"@id\":\"https:\/\/www.celttv.com.ar\/#\/schema\/person\/6d99c072dba59953809c81446e9d0ace\",\"name\":\"ulises\",\"image\":{\"@type\":\"ImageObject\",\"inLanguage\":\"es\",\"@id\":\"https:\/\/www.celttv.com.ar\/#\/schema\/person\/image\/\",\"url\":\"https:\/\/secure.gravatar.com\/avatar\/7f2c48bdc33b30088f941fb6082e555f2874c98e20cb159d7b92b50eadfce793?s=96&d=mm&r=g\",\"contentUrl\":\"https:\/\/secure.gravatar.com\/avatar\/7f2c48bdc33b30088f941fb6082e555f2874c98e20cb159d7b92b50eadfce793?s=96&d=mm&r=g\",\"caption\":\"ulises\"},\"sameAs\":[\"http:\/\/www.celttv.com.ar\"]}]}<\/script>\n<!-- \/ Yoast SEO plugin. -->","yoast_head_json":{"title":"FUTBOL: EL CLAUSURA SE DEFINIR\u00c1 EN PIGU\u00c9 - CELTTV","description":"Sitio web de noticias de la localidad de Tornquist, provincia de Buenos Aires, Rep\u00fablica Argentina. Contenido propio originado por periodistas de CELTTV, el canal de TV local de la Cooperativa El\u00e9ctrica de Tornquist. Turismo, Pol\u00edtica, Sociedad, Deporte, Cultura y todo el contenido de inter\u00e9s general que la gente del pueblo y la regi\u00f3n debe conocer.","robots":{"index":"index","follow":"follow","max-snippet":"max-snippet:-1","max-image-preview":"max-image-preview:large","max-video-preview":"max-video-preview:-1"},"canonical":"https:\/\/www.celttv.com.ar\/index.php\/2014\/12\/23\/futbol-el-clausura-se-definira-en-pigue\/","og_locale":"es_ES","og_type":"article","og_title":"FUTBOL: EL CLAUSURA SE DEFINIR\u00c1 EN PIGU\u00c9 - CELTTV","og_description":"Sitio web de noticias de la localidad de Tornquist, provincia de Buenos Aires, Rep\u00fablica Argentina. Contenido propio originado por periodistas de CELTTV, el canal de TV local de la Cooperativa El\u00e9ctrica de Tornquist. Turismo, Pol\u00edtica, Sociedad, Deporte, Cultura y todo el contenido de inter\u00e9s general que la gente del pueblo y la regi\u00f3n debe conocer.","og_url":"https:\/\/www.celttv.com.ar\/index.php\/2014\/12\/23\/futbol-el-clausura-se-definira-en-pigue\/","og_site_name":"CELTTV","article_publisher":"https:\/\/www.facebook.com\/celtTV\/","article_published_time":"2014-12-23T00:30:49+00:00","og_image":[{"url":"http:\/\/www.tvcnoticias.com.ar\/wp-content\/uploads\/2014\/12\/1430-ARCO-Y-PELOTA-Medium4-450x261.jpg"}],"author":"ulises","twitter_card":"summary_large_image","twitter_misc":{"Escrito por":"ulises","Tiempo de lectura":"1 minuto"},"schema":{"@context":"https:\/\/schema.org","@graph":[{"@type":"NewsArticle","@id":"https:\/\/www.celttv.com.ar\/index.php\/2014\/12\/23\/futbol-el-clausura-se-definira-en-pigue\/#article","isPartOf":{"@id":"https:\/\/www.celttv.com.ar\/index.php\/2014\/12\/23\/futbol-el-clausura-se-definira-en-pigue\/"},"author":{"name":"ulises","@id":"https:\/\/www.celttv.com.ar\/#\/schema\/person\/6d99c072dba59953809c81446e9d0ace"},"headline":"FUTBOL: EL CLAUSURA SE DEFINIR\u00c1 EN PIGU\u00c9","datePublished":"2014-12-23T00:30:49+00:00","dateModified":"2014-12-23T00:30:49+00:00","mainEntityOfPage":{"@id":"https:\/\/www.celttv.com.ar\/index.php\/2014\/12\/23\/futbol-el-clausura-se-definira-en-pigue\/"},"wordCount":300,"publisher":{"@id":"https:\/\/www.celttv.com.ar\/#organization"},"articleSection":["Deporte","Destacadas"],"inLanguage":"es"},{"@type":"WebPage","@id":"https:\/\/www.celttv.com.ar\/index.php\/2014\/12\/23\/futbol-el-clausura-se-definira-en-pigue\/","url":"https:\/\/www.celttv.com.ar\/index.php\/2014\/12\/23\/futbol-el-clausura-se-definira-en-pigue\/","name":"FUTBOL: EL CLAUSURA SE DEFINIR\u00c1 EN PIGU\u00c9 - CELTTV","isPartOf":{"@id":"https:\/\/www.celttv.com.ar\/#website"},"datePublished":"2014-12-23T00:30:49+00:00","dateModified":"2014-12-23T00:30:49+00:00","description":"Sitio web de noticias de la localidad de Tornquist, provincia de Buenos Aires, Rep\u00fablica Argentina. Contenido propio originado por periodistas de CELTTV, el canal de TV local de la Cooperativa El\u00e9ctrica de Tornquist. Turismo, Pol\u00edtica, Sociedad, Deporte, Cultura y todo el contenido de inter\u00e9s general que la gente del pueblo y la regi\u00f3n debe conocer.","breadcrumb":{"@id":"https:\/\/www.celttv.com.ar\/index.php\/2014\/12\/23\/futbol-el-clausura-se-definira-en-pigue\/#breadcrumb"},"inLanguage":"es","potentialAction":[{"@type":"ReadAction","target":["https:\/\/www.celttv.com.ar\/index.php\/2014\/12\/23\/futbol-el-clausura-se-definira-en-pigue\/"]}]},{"@type":"BreadcrumbList","@id":"https:\/\/www.celttv.com.ar\/index.php\/2014\/12\/23\/futbol-el-clausura-se-definira-en-pigue\/#breadcrumb","itemListElement":[{"@type":"ListItem","position":1,"name":"Inicio","item":"https:\/\/www.celttv.com.ar\/"},{"@type":"ListItem","position":2,"name":"FUTBOL: EL CLAUSURA SE DEFINIR\u00c1 EN PIGU\u00c9"}]},{"@type":"WebSite","@id":"https:\/\/www.celttv.com.ar\/#website","url":"https:\/\/www.celttv.com.ar\/","name":"CELTTV","description":"Cooperativa El\u00e9ctrica de Tornquist","publisher":{"@id":"https:\/\/www.celttv.com.ar\/#organization"},"potentialAction":[{"@type":"SearchAction","target":{"@type":"EntryPoint","urlTemplate":"https:\/\/www.celttv.com.ar\/?s={search_term_string}"},"query-input":"required name=search_term_string"}],"inLanguage":"es"},{"@type":"Organization","@id":"https:\/\/www.celttv.com.ar\/#organization","name":"CELTTV","url":"https:\/\/www.celttv.com.ar\/","sameAs":["https:\/\/www.youtube.com\/channel\/UCz_oIt8Hig64Ub-EmcNPIhg","https:\/\/www.facebook.com\/celtTV\/"],"logo":{"@type":"ImageObject","inLanguage":"es","@id":"https:\/\/www.celttv.com.ar\/#\/schema\/logo\/image\/","url":"http:\/\/www.celttv.com.ar\/wp-content\/uploads\/2022\/08\/logo-1.png","contentUrl":"http:\/\/www.celttv.com.ar\/wp-content\/uploads\/2022\/08\/logo-1.png","width":461,"height":159,"caption":"CELTTV"},"image":{"@id":"https:\/\/www.celttv.com.ar\/#\/schema\/logo\/image\/"}},{"@type":"Person","@id":"https:\/\/www.celttv.com.ar\/#\/schema\/person\/6d99c072dba59953809c81446e9d0ace","name":"ulises","image":{"@type":"ImageObject","inLanguage":"es","@id":"https:\/\/www.celttv.com.ar\/#\/schema\/person\/image\/","url":"https:\/\/secure.gravatar.com\/avatar\/7f2c48bdc33b30088f941fb6082e555f2874c98e20cb159d7b92b50eadfce793?s=96&d=mm&r=g","contentUrl":"https:\/\/secure.gravatar.com\/avatar\/7f2c48bdc33b30088f941fb6082e555f2874c98e20cb159d7b92b50eadfce793?s=96&d=mm&r=g","caption":"ulises"},"sameAs":["http:\/\/www.celttv.com.ar"]}]}},"_links":{"self":[{"href":"https:\/\/www.celttv.com.ar\/index.php\/wp-json\/wp\/v2\/posts\/25935","targetHints":{"allow":["GET"]}}],"collection":[{"href":"https:\/\/www.celttv.com.ar\/index.php\/wp-json\/wp\/v2\/posts"}],"about":[{"href":"https:\/\/www.celttv.com.ar\/index.php\/wp-json\/wp\/v2\/types\/post"}],"author":[{"embeddable":true,"href":"https:\/\/www.celttv.com.ar\/index.php\/wp-json\/wp\/v2\/users\/1"}],"replies":[{"embeddable":true,"href":"https:\/\/www.celttv.com.ar\/index.php\/wp-json\/wp\/v2\/comments?post=25935"}],"version-history":[{"count":0,"href":"https:\/\/www.celttv.com.ar\/index.php\/wp-json\/wp\/v2\/posts\/25935\/revisions"}],"wp:attachment":[{"href":"https:\/\/www.celttv.com.ar\/index.php\/wp-json\/wp\/v2\/media?parent=25935"}],"wp:term":[{"taxonomy":"category","embeddable":true,"href":"https:\/\/www.celttv.com.ar\/index.php\/wp-json\/wp\/v2\/categories?post=25935"},{"taxonomy":"post_tag","embeddable":true,"href":"https:\/\/www.celttv.com.ar\/index.php\/wp-json\/wp\/v2\/tags?post=25935"}],"curies":[{"name":"wp","href":"https:\/\/api.w.org\/{rel}","templated":true}]}}