{"id":25948,"date":"2014-12-24T21:13:33","date_gmt":"2014-12-24T21:13:33","guid":{"rendered":"http:\/\/www.tvcnoticias.com.ar\/?p=25948"},"modified":"2014-12-24T21:13:33","modified_gmt":"2014-12-24T21:13:33","slug":"una-camioneta-volco-en-la-ruta-33-cerca-del-puesto-de-la-policia-caminera-imagenes","status":"publish","type":"post","link":"https:\/\/www.celttv.com.ar\/index.php\/2014\/12\/24\/una-camioneta-volco-en-la-ruta-33-cerca-del-puesto-de-la-policia-caminera-imagenes\/","title":{"rendered":"UNA CAMIONETA VOLC\u00d3 EN LA RUTA 33 CERCA DEL PUESTO DE LA POLICIA CAMINERA (IMAGENES)"},"content":{"rendered":"<p><a href=\"https:\/\/www.youtube.com\/watch?v=50GETVvftJY\">httpv:\/\/www.youtube.com\/watch?v=50GETVvftJY<\/a><br \/>\n<span style=\"font-family: Verdana, Arial, Helvetica, sans-serif; font-size: x-small;\">La Polic\u00eda Comunal de Tornquist inform\u00f3 que un hombre domiciliado en calle Roca de Bah\u00eda Blanca, se accident\u00f3 este martes 23, en el kil\u00f3metro 61,5 de la ruta 33 en proximidades del puesto de la polic\u00eda vial, cerca de la hora 20.<\/span><br \/>\n<span style=\"font-family: Verdana, Arial, Helvetica, sans-serif; font-size: x-small;\">El rodado una VW Saveiro (FZS 416) circulaba en sentido Bah\u00eda Blanca-Tornquist cuando el conductor\u00a0<strong>Leandro Agust\u00edn Tudanca(27)<\/strong>, perdi\u00f3 el control del rodado se sali\u00f3 de la cinta asf\u00e1ltica y volc\u00f3 sobre el sector de pastos altos de la banquina.<\/span><br \/>\n<span style=\"font-family: Verdana, Arial, Helvetica, sans-serif; font-size: x-small;\">Tudanca no sufri\u00f3 lesiones, interviniendo la Polic\u00eda Comunal, Bomberos y el Hospital Municipal de Tornquist.<\/span><br \/>\n&nbsp;<\/p>\n","protected":false},"excerpt":{"rendered":"<p>httpv:\/\/www.youtube.com\/watch?v=50GETVvftJY La Polic\u00eda Comunal de Tornquist inform\u00f3 que un hombre domiciliado en calle Roca de Bah\u00eda Blanca, se accident\u00f3 este martes 23, en el kil\u00f3metro 61,5 de la ruta 33 en proximidades del puesto de la polic\u00eda vial, cerca de la hora 20. El rodado una VW Saveiro (FZS 416) circulaba en sentido Bah\u00eda Blanca-Tornquist [&hellip;]<\/p>\n","protected":false},"author":1,"featured_media":0,"comment_status":"closed","ping_status":"open","sticky":false,"template":"","format":"standard","meta":{"footnotes":""},"categories":[51,52,61,64],"tags":[],"class_list":["post-25948","post","type-post","status-publish","format-standard","hentry","category-comunidad","category-destacadas","category-policiales","category-videos-destacados"],"yoast_head":"<!-- This site is optimized with the Yoast SEO plugin v19.7.1 - https:\/\/yoast.com\/wordpress\/plugins\/seo\/ -->\n<title>UNA CAMIONETA VOLC\u00d3 EN LA RUTA 33 CERCA DEL PUESTO DE LA POLICIA CAMINERA (IMAGENES) - CELTTV<\/title>\n<meta name=\"description\" content=\"Sitio web de noticias de la localidad de Tornquist, provincia de Buenos Aires, Rep\u00fablica Argentina. Contenido propio originado por periodistas de CELTTV, el canal de TV local de la Cooperativa El\u00e9ctrica de Tornquist. Turismo, Pol\u00edtica, Sociedad, Deporte, Cultura y todo el contenido de inter\u00e9s general que la gente del pueblo y la regi\u00f3n debe conocer.\" \/>\n<meta name=\"robots\" content=\"index, follow, max-snippet:-1, max-image-preview:large, max-video-preview:-1\" \/>\n<link rel=\"canonical\" href=\"https:\/\/www.celttv.com.ar\/index.php\/2014\/12\/24\/una-camioneta-volco-en-la-ruta-33-cerca-del-puesto-de-la-policia-caminera-imagenes\/\" \/>\n<meta property=\"og:locale\" content=\"es_ES\" \/>\n<meta property=\"og:type\" content=\"article\" \/>\n<meta property=\"og:title\" content=\"UNA CAMIONETA VOLC\u00d3 EN LA RUTA 33 CERCA DEL PUESTO DE LA POLICIA CAMINERA (IMAGENES) - CELTTV\" \/>\n<meta property=\"og:description\" content=\"Sitio web de noticias de la localidad de Tornquist, provincia de Buenos Aires, Rep\u00fablica Argentina. Contenido propio originado por periodistas de CELTTV, el canal de TV local de la Cooperativa El\u00e9ctrica de Tornquist. Turismo, Pol\u00edtica, Sociedad, Deporte, Cultura y todo el contenido de inter\u00e9s general que la gente del pueblo y la regi\u00f3n debe conocer.\" \/>\n<meta property=\"og:url\" content=\"https:\/\/www.celttv.com.ar\/index.php\/2014\/12\/24\/una-camioneta-volco-en-la-ruta-33-cerca-del-puesto-de-la-policia-caminera-imagenes\/\" \/>\n<meta property=\"og:site_name\" content=\"CELTTV\" \/>\n<meta property=\"article:publisher\" content=\"https:\/\/www.facebook.com\/celtTV\/\" \/>\n<meta property=\"article:published_time\" content=\"2014-12-24T21:13:33+00:00\" \/>\n<meta name=\"author\" content=\"ulises\" \/>\n<meta name=\"twitter:card\" content=\"summary_large_image\" \/>\n<meta name=\"twitter:label1\" content=\"Escrito por\" \/>\n\t<meta name=\"twitter:data1\" content=\"ulises\" \/>\n\t<meta name=\"twitter:label2\" content=\"Tiempo de lectura\" \/>\n\t<meta name=\"twitter:data2\" content=\"1 minuto\" \/>\n<script type=\"application\/ld+json\" class=\"yoast-schema-graph\">{\"@context\":\"https:\/\/schema.org\",\"@graph\":[{\"@type\":\"NewsArticle\",\"@id\":\"https:\/\/www.celttv.com.ar\/index.php\/2014\/12\/24\/una-camioneta-volco-en-la-ruta-33-cerca-del-puesto-de-la-policia-caminera-imagenes\/#article\",\"isPartOf\":{\"@id\":\"https:\/\/www.celttv.com.ar\/index.php\/2014\/12\/24\/una-camioneta-volco-en-la-ruta-33-cerca-del-puesto-de-la-policia-caminera-imagenes\/\"},\"author\":{\"name\":\"ulises\",\"@id\":\"https:\/\/www.celttv.com.ar\/#\/schema\/person\/6d99c072dba59953809c81446e9d0ace\"},\"headline\":\"UNA CAMIONETA VOLC\u00d3 EN LA RUTA 33 CERCA DEL PUESTO DE LA POLICIA CAMINERA (IMAGENES)\",\"datePublished\":\"2014-12-24T21:13:33+00:00\",\"dateModified\":\"2014-12-24T21:13:33+00:00\",\"mainEntityOfPage\":{\"@id\":\"https:\/\/www.celttv.com.ar\/index.php\/2014\/12\/24\/una-camioneta-volco-en-la-ruta-33-cerca-del-puesto-de-la-policia-caminera-imagenes\/\"},\"wordCount\":122,\"publisher\":{\"@id\":\"https:\/\/www.celttv.com.ar\/#organization\"},\"articleSection\":[\"Comunidad\",\"Destacadas\",\"Policiales\",\"Videos Destacados\"],\"inLanguage\":\"es\"},{\"@type\":\"WebPage\",\"@id\":\"https:\/\/www.celttv.com.ar\/index.php\/2014\/12\/24\/una-camioneta-volco-en-la-ruta-33-cerca-del-puesto-de-la-policia-caminera-imagenes\/\",\"url\":\"https:\/\/www.celttv.com.ar\/index.php\/2014\/12\/24\/una-camioneta-volco-en-la-ruta-33-cerca-del-puesto-de-la-policia-caminera-imagenes\/\",\"name\":\"UNA CAMIONETA VOLC\u00d3 EN LA RUTA 33 CERCA DEL PUESTO DE LA POLICIA CAMINERA (IMAGENES) - CELTTV\",\"isPartOf\":{\"@id\":\"https:\/\/www.celttv.com.ar\/#website\"},\"datePublished\":\"2014-12-24T21:13:33+00:00\",\"dateModified\":\"2014-12-24T21:13:33+00:00\",\"description\":\"Sitio web de noticias de la localidad de Tornquist, provincia de Buenos Aires, Rep\u00fablica Argentina. Contenido propio originado por periodistas de CELTTV, el canal de TV local de la Cooperativa El\u00e9ctrica de Tornquist. Turismo, Pol\u00edtica, Sociedad, Deporte, Cultura y todo el contenido de inter\u00e9s general que la gente del pueblo y la regi\u00f3n debe conocer.\",\"breadcrumb\":{\"@id\":\"https:\/\/www.celttv.com.ar\/index.php\/2014\/12\/24\/una-camioneta-volco-en-la-ruta-33-cerca-del-puesto-de-la-policia-caminera-imagenes\/#breadcrumb\"},\"inLanguage\":\"es\",\"potentialAction\":[{\"@type\":\"ReadAction\",\"target\":[\"https:\/\/www.celttv.com.ar\/index.php\/2014\/12\/24\/una-camioneta-volco-en-la-ruta-33-cerca-del-puesto-de-la-policia-caminera-imagenes\/\"]}]},{\"@type\":\"BreadcrumbList\",\"@id\":\"https:\/\/www.celttv.com.ar\/index.php\/2014\/12\/24\/una-camioneta-volco-en-la-ruta-33-cerca-del-puesto-de-la-policia-caminera-imagenes\/#breadcrumb\",\"itemListElement\":[{\"@type\":\"ListItem\",\"position\":1,\"name\":\"Inicio\",\"item\":\"https:\/\/www.celttv.com.ar\/\"},{\"@type\":\"ListItem\",\"position\":2,\"name\":\"UNA CAMIONETA VOLC\u00d3 EN LA RUTA 33 CERCA DEL PUESTO DE LA POLICIA CAMINERA (IMAGENES)\"}]},{\"@type\":\"WebSite\",\"@id\":\"https:\/\/www.celttv.com.ar\/#website\",\"url\":\"https:\/\/www.celttv.com.ar\/\",\"name\":\"CELTTV\",\"description\":\"Cooperativa El\u00e9ctrica de Tornquist\",\"publisher\":{\"@id\":\"https:\/\/www.celttv.com.ar\/#organization\"},\"potentialAction\":[{\"@type\":\"SearchAction\",\"target\":{\"@type\":\"EntryPoint\",\"urlTemplate\":\"https:\/\/www.celttv.com.ar\/?s={search_term_string}\"},\"query-input\":\"required name=search_term_string\"}],\"inLanguage\":\"es\"},{\"@type\":\"Organization\",\"@id\":\"https:\/\/www.celttv.com.ar\/#organization\",\"name\":\"CELTTV\",\"url\":\"https:\/\/www.celttv.com.ar\/\",\"sameAs\":[\"https:\/\/www.youtube.com\/channel\/UCz_oIt8Hig64Ub-EmcNPIhg\",\"https:\/\/www.facebook.com\/celtTV\/\"],\"logo\":{\"@type\":\"ImageObject\",\"inLanguage\":\"es\",\"@id\":\"https:\/\/www.celttv.com.ar\/#\/schema\/logo\/image\/\",\"url\":\"http:\/\/www.celttv.com.ar\/wp-content\/uploads\/2022\/08\/logo-1.png\",\"contentUrl\":\"http:\/\/www.celttv.com.ar\/wp-content\/uploads\/2022\/08\/logo-1.png\",\"width\":461,\"height\":159,\"caption\":\"CELTTV\"},\"image\":{\"@id\":\"https:\/\/www.celttv.com.ar\/#\/schema\/logo\/image\/\"}},{\"@type\":\"Person\",\"@id\":\"https:\/\/www.celttv.com.ar\/#\/schema\/person\/6d99c072dba59953809c81446e9d0ace\",\"name\":\"ulises\",\"image\":{\"@type\":\"ImageObject\",\"inLanguage\":\"es\",\"@id\":\"https:\/\/www.celttv.com.ar\/#\/schema\/person\/image\/\",\"url\":\"https:\/\/secure.gravatar.com\/avatar\/7f2c48bdc33b30088f941fb6082e555f2874c98e20cb159d7b92b50eadfce793?s=96&d=mm&r=g\",\"contentUrl\":\"https:\/\/secure.gravatar.com\/avatar\/7f2c48bdc33b30088f941fb6082e555f2874c98e20cb159d7b92b50eadfce793?s=96&d=mm&r=g\",\"caption\":\"ulises\"},\"sameAs\":[\"http:\/\/www.celttv.com.ar\"]}]}<\/script>\n<!-- \/ Yoast SEO plugin. -->","yoast_head_json":{"title":"UNA CAMIONETA VOLC\u00d3 EN LA RUTA 33 CERCA DEL PUESTO DE LA POLICIA CAMINERA (IMAGENES) - CELTTV","description":"Sitio web de noticias de la localidad de Tornquist, provincia de Buenos Aires, Rep\u00fablica Argentina. Contenido propio originado por periodistas de CELTTV, el canal de TV local de la Cooperativa El\u00e9ctrica de Tornquist. Turismo, Pol\u00edtica, Sociedad, Deporte, Cultura y todo el contenido de inter\u00e9s general que la gente del pueblo y la regi\u00f3n debe conocer.","robots":{"index":"index","follow":"follow","max-snippet":"max-snippet:-1","max-image-preview":"max-image-preview:large","max-video-preview":"max-video-preview:-1"},"canonical":"https:\/\/www.celttv.com.ar\/index.php\/2014\/12\/24\/una-camioneta-volco-en-la-ruta-33-cerca-del-puesto-de-la-policia-caminera-imagenes\/","og_locale":"es_ES","og_type":"article","og_title":"UNA CAMIONETA VOLC\u00d3 EN LA RUTA 33 CERCA DEL PUESTO DE LA POLICIA CAMINERA (IMAGENES) - CELTTV","og_description":"Sitio web de noticias de la localidad de Tornquist, provincia de Buenos Aires, Rep\u00fablica Argentina. Contenido propio originado por periodistas de CELTTV, el canal de TV local de la Cooperativa El\u00e9ctrica de Tornquist. Turismo, Pol\u00edtica, Sociedad, Deporte, Cultura y todo el contenido de inter\u00e9s general que la gente del pueblo y la regi\u00f3n debe conocer.","og_url":"https:\/\/www.celttv.com.ar\/index.php\/2014\/12\/24\/una-camioneta-volco-en-la-ruta-33-cerca-del-puesto-de-la-policia-caminera-imagenes\/","og_site_name":"CELTTV","article_publisher":"https:\/\/www.facebook.com\/celtTV\/","article_published_time":"2014-12-24T21:13:33+00:00","author":"ulises","twitter_card":"summary_large_image","twitter_misc":{"Escrito por":"ulises","Tiempo de lectura":"1 minuto"},"schema":{"@context":"https:\/\/schema.org","@graph":[{"@type":"NewsArticle","@id":"https:\/\/www.celttv.com.ar\/index.php\/2014\/12\/24\/una-camioneta-volco-en-la-ruta-33-cerca-del-puesto-de-la-policia-caminera-imagenes\/#article","isPartOf":{"@id":"https:\/\/www.celttv.com.ar\/index.php\/2014\/12\/24\/una-camioneta-volco-en-la-ruta-33-cerca-del-puesto-de-la-policia-caminera-imagenes\/"},"author":{"name":"ulises","@id":"https:\/\/www.celttv.com.ar\/#\/schema\/person\/6d99c072dba59953809c81446e9d0ace"},"headline":"UNA CAMIONETA VOLC\u00d3 EN LA RUTA 33 CERCA DEL PUESTO DE LA POLICIA CAMINERA (IMAGENES)","datePublished":"2014-12-24T21:13:33+00:00","dateModified":"2014-12-24T21:13:33+00:00","mainEntityOfPage":{"@id":"https:\/\/www.celttv.com.ar\/index.php\/2014\/12\/24\/una-camioneta-volco-en-la-ruta-33-cerca-del-puesto-de-la-policia-caminera-imagenes\/"},"wordCount":122,"publisher":{"@id":"https:\/\/www.celttv.com.ar\/#organization"},"articleSection":["Comunidad","Destacadas","Policiales","Videos Destacados"],"inLanguage":"es"},{"@type":"WebPage","@id":"https:\/\/www.celttv.com.ar\/index.php\/2014\/12\/24\/una-camioneta-volco-en-la-ruta-33-cerca-del-puesto-de-la-policia-caminera-imagenes\/","url":"https:\/\/www.celttv.com.ar\/index.php\/2014\/12\/24\/una-camioneta-volco-en-la-ruta-33-cerca-del-puesto-de-la-policia-caminera-imagenes\/","name":"UNA CAMIONETA VOLC\u00d3 EN LA RUTA 33 CERCA DEL PUESTO DE LA POLICIA CAMINERA (IMAGENES) - CELTTV","isPartOf":{"@id":"https:\/\/www.celttv.com.ar\/#website"},"datePublished":"2014-12-24T21:13:33+00:00","dateModified":"2014-12-24T21:13:33+00:00","description":"Sitio web de noticias de la localidad de Tornquist, provincia de Buenos Aires, Rep\u00fablica Argentina. Contenido propio originado por periodistas de CELTTV, el canal de TV local de la Cooperativa El\u00e9ctrica de Tornquist. Turismo, Pol\u00edtica, Sociedad, Deporte, Cultura y todo el contenido de inter\u00e9s general que la gente del pueblo y la regi\u00f3n debe conocer.","breadcrumb":{"@id":"https:\/\/www.celttv.com.ar\/index.php\/2014\/12\/24\/una-camioneta-volco-en-la-ruta-33-cerca-del-puesto-de-la-policia-caminera-imagenes\/#breadcrumb"},"inLanguage":"es","potentialAction":[{"@type":"ReadAction","target":["https:\/\/www.celttv.com.ar\/index.php\/2014\/12\/24\/una-camioneta-volco-en-la-ruta-33-cerca-del-puesto-de-la-policia-caminera-imagenes\/"]}]},{"@type":"BreadcrumbList","@id":"https:\/\/www.celttv.com.ar\/index.php\/2014\/12\/24\/una-camioneta-volco-en-la-ruta-33-cerca-del-puesto-de-la-policia-caminera-imagenes\/#breadcrumb","itemListElement":[{"@type":"ListItem","position":1,"name":"Inicio","item":"https:\/\/www.celttv.com.ar\/"},{"@type":"ListItem","position":2,"name":"UNA CAMIONETA VOLC\u00d3 EN LA RUTA 33 CERCA DEL PUESTO DE LA POLICIA CAMINERA (IMAGENES)"}]},{"@type":"WebSite","@id":"https:\/\/www.celttv.com.ar\/#website","url":"https:\/\/www.celttv.com.ar\/","name":"CELTTV","description":"Cooperativa El\u00e9ctrica de Tornquist","publisher":{"@id":"https:\/\/www.celttv.com.ar\/#organization"},"potentialAction":[{"@type":"SearchAction","target":{"@type":"EntryPoint","urlTemplate":"https:\/\/www.celttv.com.ar\/?s={search_term_string}"},"query-input":"required name=search_term_string"}],"inLanguage":"es"},{"@type":"Organization","@id":"https:\/\/www.celttv.com.ar\/#organization","name":"CELTTV","url":"https:\/\/www.celttv.com.ar\/","sameAs":["https:\/\/www.youtube.com\/channel\/UCz_oIt8Hig64Ub-EmcNPIhg","https:\/\/www.facebook.com\/celtTV\/"],"logo":{"@type":"ImageObject","inLanguage":"es","@id":"https:\/\/www.celttv.com.ar\/#\/schema\/logo\/image\/","url":"http:\/\/www.celttv.com.ar\/wp-content\/uploads\/2022\/08\/logo-1.png","contentUrl":"http:\/\/www.celttv.com.ar\/wp-content\/uploads\/2022\/08\/logo-1.png","width":461,"height":159,"caption":"CELTTV"},"image":{"@id":"https:\/\/www.celttv.com.ar\/#\/schema\/logo\/image\/"}},{"@type":"Person","@id":"https:\/\/www.celttv.com.ar\/#\/schema\/person\/6d99c072dba59953809c81446e9d0ace","name":"ulises","image":{"@type":"ImageObject","inLanguage":"es","@id":"https:\/\/www.celttv.com.ar\/#\/schema\/person\/image\/","url":"https:\/\/secure.gravatar.com\/avatar\/7f2c48bdc33b30088f941fb6082e555f2874c98e20cb159d7b92b50eadfce793?s=96&d=mm&r=g","contentUrl":"https:\/\/secure.gravatar.com\/avatar\/7f2c48bdc33b30088f941fb6082e555f2874c98e20cb159d7b92b50eadfce793?s=96&d=mm&r=g","caption":"ulises"},"sameAs":["http:\/\/www.celttv.com.ar"]}]}},"_links":{"self":[{"href":"https:\/\/www.celttv.com.ar\/index.php\/wp-json\/wp\/v2\/posts\/25948","targetHints":{"allow":["GET"]}}],"collection":[{"href":"https:\/\/www.celttv.com.ar\/index.php\/wp-json\/wp\/v2\/posts"}],"about":[{"href":"https:\/\/www.celttv.com.ar\/index.php\/wp-json\/wp\/v2\/types\/post"}],"author":[{"embeddable":true,"href":"https:\/\/www.celttv.com.ar\/index.php\/wp-json\/wp\/v2\/users\/1"}],"replies":[{"embeddable":true,"href":"https:\/\/www.celttv.com.ar\/index.php\/wp-json\/wp\/v2\/comments?post=25948"}],"version-history":[{"count":0,"href":"https:\/\/www.celttv.com.ar\/index.php\/wp-json\/wp\/v2\/posts\/25948\/revisions"}],"wp:attachment":[{"href":"https:\/\/www.celttv.com.ar\/index.php\/wp-json\/wp\/v2\/media?parent=25948"}],"wp:term":[{"taxonomy":"category","embeddable":true,"href":"https:\/\/www.celttv.com.ar\/index.php\/wp-json\/wp\/v2\/categories?post=25948"},{"taxonomy":"post_tag","embeddable":true,"href":"https:\/\/www.celttv.com.ar\/index.php\/wp-json\/wp\/v2\/tags?post=25948"}],"curies":[{"name":"wp","href":"https:\/\/api.w.org\/{rel}","templated":true}]}}