{"id":25960,"date":"2014-12-24T21:37:05","date_gmt":"2014-12-24T21:37:05","guid":{"rendered":"http:\/\/www.tvcnoticias.com.ar\/?p=25960"},"modified":"2014-12-24T21:37:05","modified_gmt":"2014-12-24T21:37:05","slug":"se-firmo-el-boleto-de-compra-venta-por-tierras-para-beneficiarios-del-pro-cre-ar","status":"publish","type":"post","link":"https:\/\/www.celttv.com.ar\/index.php\/2014\/12\/24\/se-firmo-el-boleto-de-compra-venta-por-tierras-para-beneficiarios-del-pro-cre-ar\/","title":{"rendered":"SE FIRM\u00d3 EL BOLETO DE COMPRA VENTA POR TIERRAS PARA BENEFICIARIOS DEL PRO.CRE.AR"},"content":{"rendered":"<p><a rel=\"attachment wp-att-25962\" href=\"http:\/\/www.tvcnoticias.com.ar\/?attachment_id=25962\"><img loading=\"lazy\" decoding=\"async\" class=\"aligncenter size-medium wp-image-25962\" title=\"DSCN9785 (1280x960) (Small)\" src=\"http:\/\/www.tvcnoticias.com.ar\/wp-content\/uploads\/2014\/12\/DSCN9785-1280x960-Small-450x337.jpg\" alt=\"\" width=\"450\" height=\"337\" \/><\/a>El intendente municipal, licenciado Gustavo Trankels, firm\u00f3 el boleto de compra venta para la adquisici\u00f3n de tierras ubicadas en el ejido urbano de la ciudad cabecera, que ser\u00e1n destinadas a beneficiarios del plan PRO.CRE.AR.<br \/>\nLa r\u00fabrica de la documentaci\u00f3n correspondiente se llev\u00f3 a cabo en el despacho ubicado en el Palacio Municipal, con la participaci\u00f3n del secretario de Gobierno y Hacienda, Guillermo L\u00f6ffler; la escribana Gianella Domini; y Julio Colombini, en representaci\u00f3n de la firma Papelera del Sur, vendedora de las tierras.<br \/>\n\u201cLe agradezco a Diego Bosio (director del Comit\u00e9 Ejecutivo de ANSES) por ayudarnos en este nuevo objetivo que nos hemos planteado de generar tierras con servicios para que m\u00e1s vecinos del distrito puedan acceder a su vivienda propia\u201d, se\u00f1al\u00f3 el jefe comunal una vez consumado el acto administrativo.<br \/>\n\u201cTambi\u00e9n quiero agradecerle al directorio de Interpack SA por el compromiso y la responsabilidad social empresarial que siempre demuestra para con nuestra querida comunidad\u201d, a\u00f1adi\u00f3.<br \/>\nA partir de este paso, se est\u00e1 trabajando en la escrituraci\u00f3n de las tierras que son financiadas por el ANSES.<br \/>\n&nbsp;<\/p>\n","protected":false},"excerpt":{"rendered":"<p>El intendente municipal, licenciado Gustavo Trankels, firm\u00f3 el boleto de compra venta para la adquisici\u00f3n de tierras ubicadas en el ejido urbano de la ciudad cabecera, que ser\u00e1n destinadas a beneficiarios del plan PRO.CRE.AR. La r\u00fabrica de la documentaci\u00f3n correspondiente se llev\u00f3 a cabo en el despacho ubicado en el Palacio Municipal, con la participaci\u00f3n [&hellip;]<\/p>\n","protected":false},"author":1,"featured_media":0,"comment_status":"closed","ping_status":"open","sticky":false,"template":"","format":"standard","meta":{"footnotes":""},"categories":[51,52,53],"tags":[],"class_list":["post-25960","post","type-post","status-publish","format-standard","hentry","category-comunidad","category-destacadas","category-politica"],"yoast_head":"<!-- This site is optimized with the Yoast SEO plugin v19.7.1 - https:\/\/yoast.com\/wordpress\/plugins\/seo\/ -->\n<title>SE FIRM\u00d3 EL BOLETO DE COMPRA VENTA POR TIERRAS PARA BENEFICIARIOS DEL PRO.CRE.AR - CELTTV<\/title>\n<meta name=\"description\" content=\"Sitio web de noticias de la localidad de Tornquist, provincia de Buenos Aires, Rep\u00fablica Argentina. Contenido propio originado por periodistas de CELTTV, el canal de TV local de la Cooperativa El\u00e9ctrica de Tornquist. Turismo, Pol\u00edtica, Sociedad, Deporte, Cultura y todo el contenido de inter\u00e9s general que la gente del pueblo y la regi\u00f3n debe conocer.\" \/>\n<meta name=\"robots\" content=\"index, follow, max-snippet:-1, max-image-preview:large, max-video-preview:-1\" \/>\n<link rel=\"canonical\" href=\"https:\/\/www.celttv.com.ar\/index.php\/2014\/12\/24\/se-firmo-el-boleto-de-compra-venta-por-tierras-para-beneficiarios-del-pro-cre-ar\/\" \/>\n<meta property=\"og:locale\" content=\"es_ES\" \/>\n<meta property=\"og:type\" content=\"article\" \/>\n<meta property=\"og:title\" content=\"SE FIRM\u00d3 EL BOLETO DE COMPRA VENTA POR TIERRAS PARA BENEFICIARIOS DEL PRO.CRE.AR - CELTTV\" \/>\n<meta property=\"og:description\" content=\"Sitio web de noticias de la localidad de Tornquist, provincia de Buenos Aires, Rep\u00fablica Argentina. Contenido propio originado por periodistas de CELTTV, el canal de TV local de la Cooperativa El\u00e9ctrica de Tornquist. Turismo, Pol\u00edtica, Sociedad, Deporte, Cultura y todo el contenido de inter\u00e9s general que la gente del pueblo y la regi\u00f3n debe conocer.\" \/>\n<meta property=\"og:url\" content=\"https:\/\/www.celttv.com.ar\/index.php\/2014\/12\/24\/se-firmo-el-boleto-de-compra-venta-por-tierras-para-beneficiarios-del-pro-cre-ar\/\" \/>\n<meta property=\"og:site_name\" content=\"CELTTV\" \/>\n<meta property=\"article:publisher\" content=\"https:\/\/www.facebook.com\/celtTV\/\" \/>\n<meta property=\"article:published_time\" content=\"2014-12-24T21:37:05+00:00\" \/>\n<meta property=\"og:image\" content=\"http:\/\/www.tvcnoticias.com.ar\/wp-content\/uploads\/2014\/12\/DSCN9785-1280x960-Small-450x337.jpg\" \/>\n<meta name=\"author\" content=\"ulises\" \/>\n<meta name=\"twitter:card\" content=\"summary_large_image\" \/>\n<meta name=\"twitter:label1\" content=\"Escrito por\" \/>\n\t<meta name=\"twitter:data1\" content=\"ulises\" \/>\n\t<meta name=\"twitter:label2\" content=\"Tiempo de lectura\" \/>\n\t<meta name=\"twitter:data2\" content=\"1 minuto\" \/>\n<script type=\"application\/ld+json\" class=\"yoast-schema-graph\">{\"@context\":\"https:\/\/schema.org\",\"@graph\":[{\"@type\":\"NewsArticle\",\"@id\":\"https:\/\/www.celttv.com.ar\/index.php\/2014\/12\/24\/se-firmo-el-boleto-de-compra-venta-por-tierras-para-beneficiarios-del-pro-cre-ar\/#article\",\"isPartOf\":{\"@id\":\"https:\/\/www.celttv.com.ar\/index.php\/2014\/12\/24\/se-firmo-el-boleto-de-compra-venta-por-tierras-para-beneficiarios-del-pro-cre-ar\/\"},\"author\":{\"name\":\"ulises\",\"@id\":\"https:\/\/www.celttv.com.ar\/#\/schema\/person\/6d99c072dba59953809c81446e9d0ace\"},\"headline\":\"SE FIRM\u00d3 EL BOLETO DE COMPRA VENTA POR TIERRAS PARA BENEFICIARIOS DEL PRO.CRE.AR\",\"datePublished\":\"2014-12-24T21:37:05+00:00\",\"dateModified\":\"2014-12-24T21:37:05+00:00\",\"mainEntityOfPage\":{\"@id\":\"https:\/\/www.celttv.com.ar\/index.php\/2014\/12\/24\/se-firmo-el-boleto-de-compra-venta-por-tierras-para-beneficiarios-del-pro-cre-ar\/\"},\"wordCount\":205,\"publisher\":{\"@id\":\"https:\/\/www.celttv.com.ar\/#organization\"},\"articleSection\":[\"Comunidad\",\"Destacadas\",\"Pol\u00edtica\"],\"inLanguage\":\"es\"},{\"@type\":\"WebPage\",\"@id\":\"https:\/\/www.celttv.com.ar\/index.php\/2014\/12\/24\/se-firmo-el-boleto-de-compra-venta-por-tierras-para-beneficiarios-del-pro-cre-ar\/\",\"url\":\"https:\/\/www.celttv.com.ar\/index.php\/2014\/12\/24\/se-firmo-el-boleto-de-compra-venta-por-tierras-para-beneficiarios-del-pro-cre-ar\/\",\"name\":\"SE FIRM\u00d3 EL BOLETO DE COMPRA VENTA POR TIERRAS PARA BENEFICIARIOS DEL PRO.CRE.AR - CELTTV\",\"isPartOf\":{\"@id\":\"https:\/\/www.celttv.com.ar\/#website\"},\"datePublished\":\"2014-12-24T21:37:05+00:00\",\"dateModified\":\"2014-12-24T21:37:05+00:00\",\"description\":\"Sitio web de noticias de la localidad de Tornquist, provincia de Buenos Aires, Rep\u00fablica Argentina. Contenido propio originado por periodistas de CELTTV, el canal de TV local de la Cooperativa El\u00e9ctrica de Tornquist. Turismo, Pol\u00edtica, Sociedad, Deporte, Cultura y todo el contenido de inter\u00e9s general que la gente del pueblo y la regi\u00f3n debe conocer.\",\"breadcrumb\":{\"@id\":\"https:\/\/www.celttv.com.ar\/index.php\/2014\/12\/24\/se-firmo-el-boleto-de-compra-venta-por-tierras-para-beneficiarios-del-pro-cre-ar\/#breadcrumb\"},\"inLanguage\":\"es\",\"potentialAction\":[{\"@type\":\"ReadAction\",\"target\":[\"https:\/\/www.celttv.com.ar\/index.php\/2014\/12\/24\/se-firmo-el-boleto-de-compra-venta-por-tierras-para-beneficiarios-del-pro-cre-ar\/\"]}]},{\"@type\":\"BreadcrumbList\",\"@id\":\"https:\/\/www.celttv.com.ar\/index.php\/2014\/12\/24\/se-firmo-el-boleto-de-compra-venta-por-tierras-para-beneficiarios-del-pro-cre-ar\/#breadcrumb\",\"itemListElement\":[{\"@type\":\"ListItem\",\"position\":1,\"name\":\"Inicio\",\"item\":\"https:\/\/www.celttv.com.ar\/\"},{\"@type\":\"ListItem\",\"position\":2,\"name\":\"SE FIRM\u00d3 EL BOLETO DE COMPRA VENTA POR TIERRAS PARA BENEFICIARIOS DEL PRO.CRE.AR\"}]},{\"@type\":\"WebSite\",\"@id\":\"https:\/\/www.celttv.com.ar\/#website\",\"url\":\"https:\/\/www.celttv.com.ar\/\",\"name\":\"CELTTV\",\"description\":\"Cooperativa El\u00e9ctrica de Tornquist\",\"publisher\":{\"@id\":\"https:\/\/www.celttv.com.ar\/#organization\"},\"potentialAction\":[{\"@type\":\"SearchAction\",\"target\":{\"@type\":\"EntryPoint\",\"urlTemplate\":\"https:\/\/www.celttv.com.ar\/?s={search_term_string}\"},\"query-input\":\"required name=search_term_string\"}],\"inLanguage\":\"es\"},{\"@type\":\"Organization\",\"@id\":\"https:\/\/www.celttv.com.ar\/#organization\",\"name\":\"CELTTV\",\"url\":\"https:\/\/www.celttv.com.ar\/\",\"sameAs\":[\"https:\/\/www.youtube.com\/channel\/UCz_oIt8Hig64Ub-EmcNPIhg\",\"https:\/\/www.facebook.com\/celtTV\/\"],\"logo\":{\"@type\":\"ImageObject\",\"inLanguage\":\"es\",\"@id\":\"https:\/\/www.celttv.com.ar\/#\/schema\/logo\/image\/\",\"url\":\"http:\/\/www.celttv.com.ar\/wp-content\/uploads\/2022\/08\/logo-1.png\",\"contentUrl\":\"http:\/\/www.celttv.com.ar\/wp-content\/uploads\/2022\/08\/logo-1.png\",\"width\":461,\"height\":159,\"caption\":\"CELTTV\"},\"image\":{\"@id\":\"https:\/\/www.celttv.com.ar\/#\/schema\/logo\/image\/\"}},{\"@type\":\"Person\",\"@id\":\"https:\/\/www.celttv.com.ar\/#\/schema\/person\/6d99c072dba59953809c81446e9d0ace\",\"name\":\"ulises\",\"image\":{\"@type\":\"ImageObject\",\"inLanguage\":\"es\",\"@id\":\"https:\/\/www.celttv.com.ar\/#\/schema\/person\/image\/\",\"url\":\"https:\/\/secure.gravatar.com\/avatar\/7f2c48bdc33b30088f941fb6082e555f2874c98e20cb159d7b92b50eadfce793?s=96&d=mm&r=g\",\"contentUrl\":\"https:\/\/secure.gravatar.com\/avatar\/7f2c48bdc33b30088f941fb6082e555f2874c98e20cb159d7b92b50eadfce793?s=96&d=mm&r=g\",\"caption\":\"ulises\"},\"sameAs\":[\"http:\/\/www.celttv.com.ar\"]}]}<\/script>\n<!-- \/ Yoast SEO plugin. -->","yoast_head_json":{"title":"SE FIRM\u00d3 EL BOLETO DE COMPRA VENTA POR TIERRAS PARA BENEFICIARIOS DEL PRO.CRE.AR - CELTTV","description":"Sitio web de noticias de la localidad de Tornquist, provincia de Buenos Aires, Rep\u00fablica Argentina. Contenido propio originado por periodistas de CELTTV, el canal de TV local de la Cooperativa El\u00e9ctrica de Tornquist. Turismo, Pol\u00edtica, Sociedad, Deporte, Cultura y todo el contenido de inter\u00e9s general que la gente del pueblo y la regi\u00f3n debe conocer.","robots":{"index":"index","follow":"follow","max-snippet":"max-snippet:-1","max-image-preview":"max-image-preview:large","max-video-preview":"max-video-preview:-1"},"canonical":"https:\/\/www.celttv.com.ar\/index.php\/2014\/12\/24\/se-firmo-el-boleto-de-compra-venta-por-tierras-para-beneficiarios-del-pro-cre-ar\/","og_locale":"es_ES","og_type":"article","og_title":"SE FIRM\u00d3 EL BOLETO DE COMPRA VENTA POR TIERRAS PARA BENEFICIARIOS DEL PRO.CRE.AR - CELTTV","og_description":"Sitio web de noticias de la localidad de Tornquist, provincia de Buenos Aires, Rep\u00fablica Argentina. Contenido propio originado por periodistas de CELTTV, el canal de TV local de la Cooperativa El\u00e9ctrica de Tornquist. Turismo, Pol\u00edtica, Sociedad, Deporte, Cultura y todo el contenido de inter\u00e9s general que la gente del pueblo y la regi\u00f3n debe conocer.","og_url":"https:\/\/www.celttv.com.ar\/index.php\/2014\/12\/24\/se-firmo-el-boleto-de-compra-venta-por-tierras-para-beneficiarios-del-pro-cre-ar\/","og_site_name":"CELTTV","article_publisher":"https:\/\/www.facebook.com\/celtTV\/","article_published_time":"2014-12-24T21:37:05+00:00","og_image":[{"url":"http:\/\/www.tvcnoticias.com.ar\/wp-content\/uploads\/2014\/12\/DSCN9785-1280x960-Small-450x337.jpg"}],"author":"ulises","twitter_card":"summary_large_image","twitter_misc":{"Escrito por":"ulises","Tiempo de lectura":"1 minuto"},"schema":{"@context":"https:\/\/schema.org","@graph":[{"@type":"NewsArticle","@id":"https:\/\/www.celttv.com.ar\/index.php\/2014\/12\/24\/se-firmo-el-boleto-de-compra-venta-por-tierras-para-beneficiarios-del-pro-cre-ar\/#article","isPartOf":{"@id":"https:\/\/www.celttv.com.ar\/index.php\/2014\/12\/24\/se-firmo-el-boleto-de-compra-venta-por-tierras-para-beneficiarios-del-pro-cre-ar\/"},"author":{"name":"ulises","@id":"https:\/\/www.celttv.com.ar\/#\/schema\/person\/6d99c072dba59953809c81446e9d0ace"},"headline":"SE FIRM\u00d3 EL BOLETO DE COMPRA VENTA POR TIERRAS PARA BENEFICIARIOS DEL PRO.CRE.AR","datePublished":"2014-12-24T21:37:05+00:00","dateModified":"2014-12-24T21:37:05+00:00","mainEntityOfPage":{"@id":"https:\/\/www.celttv.com.ar\/index.php\/2014\/12\/24\/se-firmo-el-boleto-de-compra-venta-por-tierras-para-beneficiarios-del-pro-cre-ar\/"},"wordCount":205,"publisher":{"@id":"https:\/\/www.celttv.com.ar\/#organization"},"articleSection":["Comunidad","Destacadas","Pol\u00edtica"],"inLanguage":"es"},{"@type":"WebPage","@id":"https:\/\/www.celttv.com.ar\/index.php\/2014\/12\/24\/se-firmo-el-boleto-de-compra-venta-por-tierras-para-beneficiarios-del-pro-cre-ar\/","url":"https:\/\/www.celttv.com.ar\/index.php\/2014\/12\/24\/se-firmo-el-boleto-de-compra-venta-por-tierras-para-beneficiarios-del-pro-cre-ar\/","name":"SE FIRM\u00d3 EL BOLETO DE COMPRA VENTA POR TIERRAS PARA BENEFICIARIOS DEL PRO.CRE.AR - CELTTV","isPartOf":{"@id":"https:\/\/www.celttv.com.ar\/#website"},"datePublished":"2014-12-24T21:37:05+00:00","dateModified":"2014-12-24T21:37:05+00:00","description":"Sitio web de noticias de la localidad de Tornquist, provincia de Buenos Aires, Rep\u00fablica Argentina. Contenido propio originado por periodistas de CELTTV, el canal de TV local de la Cooperativa El\u00e9ctrica de Tornquist. Turismo, Pol\u00edtica, Sociedad, Deporte, Cultura y todo el contenido de inter\u00e9s general que la gente del pueblo y la regi\u00f3n debe conocer.","breadcrumb":{"@id":"https:\/\/www.celttv.com.ar\/index.php\/2014\/12\/24\/se-firmo-el-boleto-de-compra-venta-por-tierras-para-beneficiarios-del-pro-cre-ar\/#breadcrumb"},"inLanguage":"es","potentialAction":[{"@type":"ReadAction","target":["https:\/\/www.celttv.com.ar\/index.php\/2014\/12\/24\/se-firmo-el-boleto-de-compra-venta-por-tierras-para-beneficiarios-del-pro-cre-ar\/"]}]},{"@type":"BreadcrumbList","@id":"https:\/\/www.celttv.com.ar\/index.php\/2014\/12\/24\/se-firmo-el-boleto-de-compra-venta-por-tierras-para-beneficiarios-del-pro-cre-ar\/#breadcrumb","itemListElement":[{"@type":"ListItem","position":1,"name":"Inicio","item":"https:\/\/www.celttv.com.ar\/"},{"@type":"ListItem","position":2,"name":"SE FIRM\u00d3 EL BOLETO DE COMPRA VENTA POR TIERRAS PARA BENEFICIARIOS DEL PRO.CRE.AR"}]},{"@type":"WebSite","@id":"https:\/\/www.celttv.com.ar\/#website","url":"https:\/\/www.celttv.com.ar\/","name":"CELTTV","description":"Cooperativa El\u00e9ctrica de Tornquist","publisher":{"@id":"https:\/\/www.celttv.com.ar\/#organization"},"potentialAction":[{"@type":"SearchAction","target":{"@type":"EntryPoint","urlTemplate":"https:\/\/www.celttv.com.ar\/?s={search_term_string}"},"query-input":"required name=search_term_string"}],"inLanguage":"es"},{"@type":"Organization","@id":"https:\/\/www.celttv.com.ar\/#organization","name":"CELTTV","url":"https:\/\/www.celttv.com.ar\/","sameAs":["https:\/\/www.youtube.com\/channel\/UCz_oIt8Hig64Ub-EmcNPIhg","https:\/\/www.facebook.com\/celtTV\/"],"logo":{"@type":"ImageObject","inLanguage":"es","@id":"https:\/\/www.celttv.com.ar\/#\/schema\/logo\/image\/","url":"http:\/\/www.celttv.com.ar\/wp-content\/uploads\/2022\/08\/logo-1.png","contentUrl":"http:\/\/www.celttv.com.ar\/wp-content\/uploads\/2022\/08\/logo-1.png","width":461,"height":159,"caption":"CELTTV"},"image":{"@id":"https:\/\/www.celttv.com.ar\/#\/schema\/logo\/image\/"}},{"@type":"Person","@id":"https:\/\/www.celttv.com.ar\/#\/schema\/person\/6d99c072dba59953809c81446e9d0ace","name":"ulises","image":{"@type":"ImageObject","inLanguage":"es","@id":"https:\/\/www.celttv.com.ar\/#\/schema\/person\/image\/","url":"https:\/\/secure.gravatar.com\/avatar\/7f2c48bdc33b30088f941fb6082e555f2874c98e20cb159d7b92b50eadfce793?s=96&d=mm&r=g","contentUrl":"https:\/\/secure.gravatar.com\/avatar\/7f2c48bdc33b30088f941fb6082e555f2874c98e20cb159d7b92b50eadfce793?s=96&d=mm&r=g","caption":"ulises"},"sameAs":["http:\/\/www.celttv.com.ar"]}]}},"_links":{"self":[{"href":"https:\/\/www.celttv.com.ar\/index.php\/wp-json\/wp\/v2\/posts\/25960","targetHints":{"allow":["GET"]}}],"collection":[{"href":"https:\/\/www.celttv.com.ar\/index.php\/wp-json\/wp\/v2\/posts"}],"about":[{"href":"https:\/\/www.celttv.com.ar\/index.php\/wp-json\/wp\/v2\/types\/post"}],"author":[{"embeddable":true,"href":"https:\/\/www.celttv.com.ar\/index.php\/wp-json\/wp\/v2\/users\/1"}],"replies":[{"embeddable":true,"href":"https:\/\/www.celttv.com.ar\/index.php\/wp-json\/wp\/v2\/comments?post=25960"}],"version-history":[{"count":0,"href":"https:\/\/www.celttv.com.ar\/index.php\/wp-json\/wp\/v2\/posts\/25960\/revisions"}],"wp:attachment":[{"href":"https:\/\/www.celttv.com.ar\/index.php\/wp-json\/wp\/v2\/media?parent=25960"}],"wp:term":[{"taxonomy":"category","embeddable":true,"href":"https:\/\/www.celttv.com.ar\/index.php\/wp-json\/wp\/v2\/categories?post=25960"},{"taxonomy":"post_tag","embeddable":true,"href":"https:\/\/www.celttv.com.ar\/index.php\/wp-json\/wp\/v2\/tags?post=25960"}],"curies":[{"name":"wp","href":"https:\/\/api.w.org\/{rel}","templated":true}]}}