{"id":25982,"date":"2014-12-25T23:59:06","date_gmt":"2014-12-25T23:59:06","guid":{"rendered":"http:\/\/www.tvcnoticias.com.ar\/?p=25982"},"modified":"2014-12-25T23:59:06","modified_gmt":"2014-12-25T23:59:06","slug":"emocion-y-recuerdos-en-la-inauguracion-del-paseo-peatonal-gerardo-p-rattero-videos-y-notas-de-la-historica-jornada","status":"publish","type":"post","link":"https:\/\/www.celttv.com.ar\/index.php\/2014\/12\/25\/emocion-y-recuerdos-en-la-inauguracion-del-paseo-peatonal-gerardo-p-rattero-videos-y-notas-de-la-historica-jornada\/","title":{"rendered":"EMOCION Y RECUERDOS EN LA INAUGURACION DEL PASEO PEATONAL &#8220;GERARDO P. RATTERO&#8221; (videos y notas de la hist\u00f3rica jornada)"},"content":{"rendered":"<p><a href=\"https:\/\/www.youtube.com\/watch?v=AHCpYVowp1s\">httpv:\/\/www.youtube.com\/watch?v=AHCpYVowp1s<\/a><br \/>\n<a href=\"https:\/\/www.youtube.com\/watch?v=Va4z446vV1U\">httpv:\/\/www.youtube.com\/watch?v=Va4z446vV1U<\/a><br \/>\n<a href=\"https:\/\/www.youtube.com\/watch?v=H9bcFs_4GZ4\">httpv:\/\/www.youtube.com\/watch?v=H9bcFs_4GZ4<\/a><br \/>\n<a href=\"https:\/\/www.youtube.com\/watch?v=ZOkSbsfauys\">httpv:\/\/www.youtube.com\/watch?v=ZOkSbsfauys<\/a><br \/>\n<a href=\"https:\/\/www.youtube.com\/watch?v=a49yiB_oQaM\">httpv:\/\/www.youtube.com\/watch?v=a49yiB_oQaM<\/a><br \/>\n<a href=\"https:\/\/www.youtube.com\/watch?v=DXaVUkna-OY\">httpv:\/\/www.youtube.com\/watch?v=DXaVUkna-OY<\/a><br \/>\n<a href=\"https:\/\/www.youtube.com\/watch?v=buZZTao8NV8\">httpv:\/\/www.youtube.com\/watch?v=buZZTao8NV8<\/a><br \/>\n<a href=\"https:\/\/www.youtube.com\/watch?v=MD2Qi0a7zYw\">httpv:\/\/www.youtube.com\/watch?v=MD2Qi0a7zYw<\/a><br \/>\n<a href=\"https:\/\/www.youtube.com\/watch?v=SXFB_-jJwaQ\">httpv:\/\/www.youtube.com\/watch?v=SXFB_-jJwaQ<\/a><br \/>\nEl sue\u00f1o qued\u00f3 cristalizado en una noche especial y para el recuerdo. Con un emotivo y c\u00e1lido acto, qued\u00f3 inaugurado el Paseo Peatonal \u201cGerardo P. Rattero\u201d y el alumbrado vial en el acceso norte a Tornquist, dos obras que embellecieron y modificaron considerablemente uno de los ingresos a la ciudad cabecera del distrito.<br \/>\nNo faltaron las l\u00e1grimas, las sonrisas y las an\u00e9cdotas, durante una jornada que seguramente quedar\u00e1 marcada como trascendente en la historia de nuestra comunidad.<br \/>\n\u201cEste sue\u00f1o surgi\u00f3 de una conversaci\u00f3n que mantuvimos hace algunos a\u00f1os con el ex presidente N\u00e9stor Kirchner, a quien le transmit\u00ed personalmente la inquietud de mejorar el acceso a nuestro querido pueblo. A partir de all\u00ed comenz\u00f3 un gran trabajo en equipo de ingenier\u00eda y dise\u00f1o arquitect\u00f3nico y paisaj\u00edstico, adem\u00e1s de la tramitaci\u00f3n de las autorizaciones en los organismos correspondientes y la tarea de ir consiguiendo los recursos econ\u00f3micos y financieros de las diferentes dependencias que nos acompa\u00f1aron para lograr este objetivo\u201d, resalt\u00f3 el intendente municipal, licenciado Gustavo Trankels, quien vivi\u00f3 con mucha emoci\u00f3n la inauguraci\u00f3n.<br \/>\n\u201cGracias a esta obra no s\u00f3lo resolvemos una v\u00eda de acceso segura a las instituciones educativas de nuestra ciudad, como son el Centro de Formaci\u00f3n Profesional y la Escuela de Educaci\u00f3n Secundaria T\u00e9cnica, sino que tambi\u00e9n logramos un nuevo espacio p\u00fablico, de esparcimiento, tur\u00edstico y deportivo, mejorando la est\u00e9tica de uno de los ingresos a Tornquist\u201d, a\u00f1adi\u00f3.<br \/>\nEl jefe comunal resalt\u00f3, adem\u00e1s, que el Paseo Peatonal lleve el nombre de Gerardo Rattero, quien fuera intendente electo del distrito en cuatro oportunidades.<br \/>\n\u201cEs una alegr\u00eda que todo este esfuerzo y dedicaci\u00f3n que pusimos para mejorar la calidad de vida de nuestros vecinos, lleve el nombre del querido amigo y compa\u00f1ero Gerardo Rattero\u201d, se\u00f1al\u00f3.<br \/>\n\u201cQuiero valorar la dedicaci\u00f3n y el compromiso del ex presidente N\u00e9stor Kirchner, y agradecer a la presidenta Cristina Fern\u00e1ndez, al gobernador Daniel Scioli, al ministro de Infraestructura, arquitecto Julio De Vido; al administrador general de Vialidad Nacional, ingeniero Nelson Periotti; a la Direcci\u00f3n Provincial de Vialidad; a la arquitecta Anabella Madue\u00f1a y todo el equipo de trabajo de Obras P\u00fablicas y Servicios Urbanos municipal; a la Cooperativa El\u00e9ctrica de Tornquist y la Cooperativa de Obras, Servicios P\u00fablicos y Servicios Sociales Limitada de Tres Arroyos; y a Gerardo Luis Rattero y todos los que trabajaron en el dise\u00f1o y la construcci\u00f3n de la obra\u201d, manifest\u00f3.<br \/>\nDurante el acto, se vivieron momentos de mucha alegr\u00eda y emoci\u00f3n. Uno de los instantes m\u00e1s esperados result\u00f3 la puesta en funcionamiento del sistema lum\u00ednico, cuyo encendido simb\u00f3lico fue realizado por el intendente Trankels, Anabella Madue\u00f1a (secretaria de Obras y Servicios P\u00fablicos), Guillermo L\u00f6ffler (secretario de Gobierno y Hacienda), Alberto Ullmann (director de Servicios Urbanos) y Luis Gerardo Rattero, hijo de Gerardo y quien particip\u00f3 de la construcci\u00f3n del paseo.<br \/>\nTambi\u00e9n resalt\u00f3 el descubrimiento del monolito que recuerda a Rattero, ubicado en el extremo norte de la senda propiamente dicha. En este caso, el jefe comunal estuvo acompa\u00f1ado por la familia del ex intendente y ex diputado provincial.<br \/>\nSin embargo, la celebraci\u00f3n cont\u00f3 con otros condimentos, como la bendici\u00f3n del padre Norberto L\u00f3pez, la proyecci\u00f3n de un video, la actuaci\u00f3n de la Orquesta Escuela de Tornquist y la cantante local Vanina Lamberto, la plantaci\u00f3n de un roble y las palabras de uno de los nietos de Gerardo, Branco Lencina, y de Horacio Fern\u00e1ndez, ex concejal del distrito.<br \/>\nAdem\u00e1s, hubo palabras le\u00eddas de Norberto Marzialetti y D\u00e9cimas a su memoria de Marcelo Alga\u00f1araz.<br \/>\nEn definitiva, result\u00f3 una noche para el recuerdo. Los abrazos, las sonrisas y la emoci\u00f3n del final son una clara muestra.<br \/>\n&nbsp;<\/p>\n","protected":false},"excerpt":{"rendered":"<p>httpv:\/\/www.youtube.com\/watch?v=AHCpYVowp1s httpv:\/\/www.youtube.com\/watch?v=Va4z446vV1U httpv:\/\/www.youtube.com\/watch?v=H9bcFs_4GZ4 httpv:\/\/www.youtube.com\/watch?v=ZOkSbsfauys httpv:\/\/www.youtube.com\/watch?v=a49yiB_oQaM httpv:\/\/www.youtube.com\/watch?v=DXaVUkna-OY httpv:\/\/www.youtube.com\/watch?v=buZZTao8NV8 httpv:\/\/www.youtube.com\/watch?v=MD2Qi0a7zYw httpv:\/\/www.youtube.com\/watch?v=SXFB_-jJwaQ El sue\u00f1o qued\u00f3 cristalizado en una noche especial y para el recuerdo. Con un emotivo y c\u00e1lido acto, qued\u00f3 inaugurado el Paseo Peatonal \u201cGerardo P. Rattero\u201d y el alumbrado vial en el acceso norte a Tornquist, dos obras que embellecieron y modificaron considerablemente uno de los [&hellip;]<\/p>\n","protected":false},"author":1,"featured_media":0,"comment_status":"closed","ping_status":"open","sticky":false,"template":"","format":"standard","meta":{"footnotes":""},"categories":[51,52,53,64],"tags":[],"class_list":["post-25982","post","type-post","status-publish","format-standard","hentry","category-comunidad","category-destacadas","category-politica","category-videos-destacados"],"yoast_head":"<!-- This site is optimized with the Yoast SEO plugin v19.7.1 - https:\/\/yoast.com\/wordpress\/plugins\/seo\/ -->\n<title>EMOCION Y RECUERDOS EN LA INAUGURACION DEL PASEO PEATONAL &quot;GERARDO P. RATTERO&quot; (videos y notas de la hist\u00f3rica jornada) - CELTTV<\/title>\n<meta name=\"description\" content=\"Sitio web de noticias de la localidad de Tornquist, provincia de Buenos Aires, Rep\u00fablica Argentina. Contenido propio originado por periodistas de CELTTV, el canal de TV local de la Cooperativa El\u00e9ctrica de Tornquist. Turismo, Pol\u00edtica, Sociedad, Deporte, Cultura y todo el contenido de inter\u00e9s general que la gente del pueblo y la regi\u00f3n debe conocer.\" \/>\n<meta name=\"robots\" content=\"index, follow, max-snippet:-1, max-image-preview:large, max-video-preview:-1\" \/>\n<link rel=\"canonical\" href=\"https:\/\/www.celttv.com.ar\/index.php\/2014\/12\/25\/emocion-y-recuerdos-en-la-inauguracion-del-paseo-peatonal-gerardo-p-rattero-videos-y-notas-de-la-historica-jornada\/\" \/>\n<meta property=\"og:locale\" content=\"es_ES\" \/>\n<meta property=\"og:type\" content=\"article\" \/>\n<meta property=\"og:title\" content=\"EMOCION Y RECUERDOS EN LA INAUGURACION DEL PASEO PEATONAL &quot;GERARDO P. RATTERO&quot; (videos y notas de la hist\u00f3rica jornada) - CELTTV\" \/>\n<meta property=\"og:description\" content=\"Sitio web de noticias de la localidad de Tornquist, provincia de Buenos Aires, Rep\u00fablica Argentina. Contenido propio originado por periodistas de CELTTV, el canal de TV local de la Cooperativa El\u00e9ctrica de Tornquist. Turismo, Pol\u00edtica, Sociedad, Deporte, Cultura y todo el contenido de inter\u00e9s general que la gente del pueblo y la regi\u00f3n debe conocer.\" \/>\n<meta property=\"og:url\" content=\"https:\/\/www.celttv.com.ar\/index.php\/2014\/12\/25\/emocion-y-recuerdos-en-la-inauguracion-del-paseo-peatonal-gerardo-p-rattero-videos-y-notas-de-la-historica-jornada\/\" \/>\n<meta property=\"og:site_name\" content=\"CELTTV\" \/>\n<meta property=\"article:publisher\" content=\"https:\/\/www.facebook.com\/celtTV\/\" \/>\n<meta property=\"article:published_time\" content=\"2014-12-25T23:59:06+00:00\" \/>\n<meta name=\"author\" content=\"ulises\" \/>\n<meta name=\"twitter:card\" content=\"summary_large_image\" \/>\n<meta name=\"twitter:label1\" content=\"Escrito por\" \/>\n\t<meta name=\"twitter:data1\" content=\"ulises\" \/>\n\t<meta name=\"twitter:label2\" content=\"Tiempo de lectura\" \/>\n\t<meta name=\"twitter:data2\" content=\"4 minutos\" \/>\n<script type=\"application\/ld+json\" class=\"yoast-schema-graph\">{\"@context\":\"https:\/\/schema.org\",\"@graph\":[{\"@type\":\"NewsArticle\",\"@id\":\"https:\/\/www.celttv.com.ar\/index.php\/2014\/12\/25\/emocion-y-recuerdos-en-la-inauguracion-del-paseo-peatonal-gerardo-p-rattero-videos-y-notas-de-la-historica-jornada\/#article\",\"isPartOf\":{\"@id\":\"https:\/\/www.celttv.com.ar\/index.php\/2014\/12\/25\/emocion-y-recuerdos-en-la-inauguracion-del-paseo-peatonal-gerardo-p-rattero-videos-y-notas-de-la-historica-jornada\/\"},\"author\":{\"name\":\"ulises\",\"@id\":\"https:\/\/www.celttv.com.ar\/#\/schema\/person\/6d99c072dba59953809c81446e9d0ace\"},\"headline\":\"EMOCION Y RECUERDOS EN LA INAUGURACION DEL PASEO PEATONAL &#8220;GERARDO P. RATTERO&#8221; (videos y notas de la hist\u00f3rica jornada)\",\"datePublished\":\"2014-12-25T23:59:06+00:00\",\"dateModified\":\"2014-12-25T23:59:06+00:00\",\"mainEntityOfPage\":{\"@id\":\"https:\/\/www.celttv.com.ar\/index.php\/2014\/12\/25\/emocion-y-recuerdos-en-la-inauguracion-del-paseo-peatonal-gerardo-p-rattero-videos-y-notas-de-la-historica-jornada\/\"},\"wordCount\":755,\"publisher\":{\"@id\":\"https:\/\/www.celttv.com.ar\/#organization\"},\"articleSection\":[\"Comunidad\",\"Destacadas\",\"Pol\u00edtica\",\"Videos Destacados\"],\"inLanguage\":\"es\"},{\"@type\":\"WebPage\",\"@id\":\"https:\/\/www.celttv.com.ar\/index.php\/2014\/12\/25\/emocion-y-recuerdos-en-la-inauguracion-del-paseo-peatonal-gerardo-p-rattero-videos-y-notas-de-la-historica-jornada\/\",\"url\":\"https:\/\/www.celttv.com.ar\/index.php\/2014\/12\/25\/emocion-y-recuerdos-en-la-inauguracion-del-paseo-peatonal-gerardo-p-rattero-videos-y-notas-de-la-historica-jornada\/\",\"name\":\"EMOCION Y RECUERDOS EN LA INAUGURACION DEL PASEO PEATONAL \\\"GERARDO P. RATTERO\\\" (videos y notas de la hist\u00f3rica jornada) - CELTTV\",\"isPartOf\":{\"@id\":\"https:\/\/www.celttv.com.ar\/#website\"},\"datePublished\":\"2014-12-25T23:59:06+00:00\",\"dateModified\":\"2014-12-25T23:59:06+00:00\",\"description\":\"Sitio web de noticias de la localidad de Tornquist, provincia de Buenos Aires, Rep\u00fablica Argentina. Contenido propio originado por periodistas de CELTTV, el canal de TV local de la Cooperativa El\u00e9ctrica de Tornquist. Turismo, Pol\u00edtica, Sociedad, Deporte, Cultura y todo el contenido de inter\u00e9s general que la gente del pueblo y la regi\u00f3n debe conocer.\",\"breadcrumb\":{\"@id\":\"https:\/\/www.celttv.com.ar\/index.php\/2014\/12\/25\/emocion-y-recuerdos-en-la-inauguracion-del-paseo-peatonal-gerardo-p-rattero-videos-y-notas-de-la-historica-jornada\/#breadcrumb\"},\"inLanguage\":\"es\",\"potentialAction\":[{\"@type\":\"ReadAction\",\"target\":[\"https:\/\/www.celttv.com.ar\/index.php\/2014\/12\/25\/emocion-y-recuerdos-en-la-inauguracion-del-paseo-peatonal-gerardo-p-rattero-videos-y-notas-de-la-historica-jornada\/\"]}]},{\"@type\":\"BreadcrumbList\",\"@id\":\"https:\/\/www.celttv.com.ar\/index.php\/2014\/12\/25\/emocion-y-recuerdos-en-la-inauguracion-del-paseo-peatonal-gerardo-p-rattero-videos-y-notas-de-la-historica-jornada\/#breadcrumb\",\"itemListElement\":[{\"@type\":\"ListItem\",\"position\":1,\"name\":\"Inicio\",\"item\":\"https:\/\/www.celttv.com.ar\/\"},{\"@type\":\"ListItem\",\"position\":2,\"name\":\"EMOCION Y RECUERDOS EN LA INAUGURACION DEL PASEO PEATONAL &#8220;GERARDO P. RATTERO&#8221; (videos y notas de la hist\u00f3rica jornada)\"}]},{\"@type\":\"WebSite\",\"@id\":\"https:\/\/www.celttv.com.ar\/#website\",\"url\":\"https:\/\/www.celttv.com.ar\/\",\"name\":\"CELTTV\",\"description\":\"Cooperativa El\u00e9ctrica de Tornquist\",\"publisher\":{\"@id\":\"https:\/\/www.celttv.com.ar\/#organization\"},\"potentialAction\":[{\"@type\":\"SearchAction\",\"target\":{\"@type\":\"EntryPoint\",\"urlTemplate\":\"https:\/\/www.celttv.com.ar\/?s={search_term_string}\"},\"query-input\":\"required name=search_term_string\"}],\"inLanguage\":\"es\"},{\"@type\":\"Organization\",\"@id\":\"https:\/\/www.celttv.com.ar\/#organization\",\"name\":\"CELTTV\",\"url\":\"https:\/\/www.celttv.com.ar\/\",\"sameAs\":[\"https:\/\/www.youtube.com\/channel\/UCz_oIt8Hig64Ub-EmcNPIhg\",\"https:\/\/www.facebook.com\/celtTV\/\"],\"logo\":{\"@type\":\"ImageObject\",\"inLanguage\":\"es\",\"@id\":\"https:\/\/www.celttv.com.ar\/#\/schema\/logo\/image\/\",\"url\":\"http:\/\/www.celttv.com.ar\/wp-content\/uploads\/2022\/08\/logo-1.png\",\"contentUrl\":\"http:\/\/www.celttv.com.ar\/wp-content\/uploads\/2022\/08\/logo-1.png\",\"width\":461,\"height\":159,\"caption\":\"CELTTV\"},\"image\":{\"@id\":\"https:\/\/www.celttv.com.ar\/#\/schema\/logo\/image\/\"}},{\"@type\":\"Person\",\"@id\":\"https:\/\/www.celttv.com.ar\/#\/schema\/person\/6d99c072dba59953809c81446e9d0ace\",\"name\":\"ulises\",\"image\":{\"@type\":\"ImageObject\",\"inLanguage\":\"es\",\"@id\":\"https:\/\/www.celttv.com.ar\/#\/schema\/person\/image\/\",\"url\":\"https:\/\/secure.gravatar.com\/avatar\/7f2c48bdc33b30088f941fb6082e555f2874c98e20cb159d7b92b50eadfce793?s=96&d=mm&r=g\",\"contentUrl\":\"https:\/\/secure.gravatar.com\/avatar\/7f2c48bdc33b30088f941fb6082e555f2874c98e20cb159d7b92b50eadfce793?s=96&d=mm&r=g\",\"caption\":\"ulises\"},\"sameAs\":[\"http:\/\/www.celttv.com.ar\"]}]}<\/script>\n<!-- \/ Yoast SEO plugin. -->","yoast_head_json":{"title":"EMOCION Y RECUERDOS EN LA INAUGURACION DEL PASEO PEATONAL \"GERARDO P. RATTERO\" (videos y notas de la hist\u00f3rica jornada) - CELTTV","description":"Sitio web de noticias de la localidad de Tornquist, provincia de Buenos Aires, Rep\u00fablica Argentina. Contenido propio originado por periodistas de CELTTV, el canal de TV local de la Cooperativa El\u00e9ctrica de Tornquist. Turismo, Pol\u00edtica, Sociedad, Deporte, Cultura y todo el contenido de inter\u00e9s general que la gente del pueblo y la regi\u00f3n debe conocer.","robots":{"index":"index","follow":"follow","max-snippet":"max-snippet:-1","max-image-preview":"max-image-preview:large","max-video-preview":"max-video-preview:-1"},"canonical":"https:\/\/www.celttv.com.ar\/index.php\/2014\/12\/25\/emocion-y-recuerdos-en-la-inauguracion-del-paseo-peatonal-gerardo-p-rattero-videos-y-notas-de-la-historica-jornada\/","og_locale":"es_ES","og_type":"article","og_title":"EMOCION Y RECUERDOS EN LA INAUGURACION DEL PASEO PEATONAL \"GERARDO P. RATTERO\" (videos y notas de la hist\u00f3rica jornada) - CELTTV","og_description":"Sitio web de noticias de la localidad de Tornquist, provincia de Buenos Aires, Rep\u00fablica Argentina. Contenido propio originado por periodistas de CELTTV, el canal de TV local de la Cooperativa El\u00e9ctrica de Tornquist. Turismo, Pol\u00edtica, Sociedad, Deporte, Cultura y todo el contenido de inter\u00e9s general que la gente del pueblo y la regi\u00f3n debe conocer.","og_url":"https:\/\/www.celttv.com.ar\/index.php\/2014\/12\/25\/emocion-y-recuerdos-en-la-inauguracion-del-paseo-peatonal-gerardo-p-rattero-videos-y-notas-de-la-historica-jornada\/","og_site_name":"CELTTV","article_publisher":"https:\/\/www.facebook.com\/celtTV\/","article_published_time":"2014-12-25T23:59:06+00:00","author":"ulises","twitter_card":"summary_large_image","twitter_misc":{"Escrito por":"ulises","Tiempo de lectura":"4 minutos"},"schema":{"@context":"https:\/\/schema.org","@graph":[{"@type":"NewsArticle","@id":"https:\/\/www.celttv.com.ar\/index.php\/2014\/12\/25\/emocion-y-recuerdos-en-la-inauguracion-del-paseo-peatonal-gerardo-p-rattero-videos-y-notas-de-la-historica-jornada\/#article","isPartOf":{"@id":"https:\/\/www.celttv.com.ar\/index.php\/2014\/12\/25\/emocion-y-recuerdos-en-la-inauguracion-del-paseo-peatonal-gerardo-p-rattero-videos-y-notas-de-la-historica-jornada\/"},"author":{"name":"ulises","@id":"https:\/\/www.celttv.com.ar\/#\/schema\/person\/6d99c072dba59953809c81446e9d0ace"},"headline":"EMOCION Y RECUERDOS EN LA INAUGURACION DEL PASEO PEATONAL &#8220;GERARDO P. RATTERO&#8221; (videos y notas de la hist\u00f3rica jornada)","datePublished":"2014-12-25T23:59:06+00:00","dateModified":"2014-12-25T23:59:06+00:00","mainEntityOfPage":{"@id":"https:\/\/www.celttv.com.ar\/index.php\/2014\/12\/25\/emocion-y-recuerdos-en-la-inauguracion-del-paseo-peatonal-gerardo-p-rattero-videos-y-notas-de-la-historica-jornada\/"},"wordCount":755,"publisher":{"@id":"https:\/\/www.celttv.com.ar\/#organization"},"articleSection":["Comunidad","Destacadas","Pol\u00edtica","Videos Destacados"],"inLanguage":"es"},{"@type":"WebPage","@id":"https:\/\/www.celttv.com.ar\/index.php\/2014\/12\/25\/emocion-y-recuerdos-en-la-inauguracion-del-paseo-peatonal-gerardo-p-rattero-videos-y-notas-de-la-historica-jornada\/","url":"https:\/\/www.celttv.com.ar\/index.php\/2014\/12\/25\/emocion-y-recuerdos-en-la-inauguracion-del-paseo-peatonal-gerardo-p-rattero-videos-y-notas-de-la-historica-jornada\/","name":"EMOCION Y RECUERDOS EN LA INAUGURACION DEL PASEO PEATONAL \"GERARDO P. RATTERO\" (videos y notas de la hist\u00f3rica jornada) - CELTTV","isPartOf":{"@id":"https:\/\/www.celttv.com.ar\/#website"},"datePublished":"2014-12-25T23:59:06+00:00","dateModified":"2014-12-25T23:59:06+00:00","description":"Sitio web de noticias de la localidad de Tornquist, provincia de Buenos Aires, Rep\u00fablica Argentina. Contenido propio originado por periodistas de CELTTV, el canal de TV local de la Cooperativa El\u00e9ctrica de Tornquist. Turismo, Pol\u00edtica, Sociedad, Deporte, Cultura y todo el contenido de inter\u00e9s general que la gente del pueblo y la regi\u00f3n debe conocer.","breadcrumb":{"@id":"https:\/\/www.celttv.com.ar\/index.php\/2014\/12\/25\/emocion-y-recuerdos-en-la-inauguracion-del-paseo-peatonal-gerardo-p-rattero-videos-y-notas-de-la-historica-jornada\/#breadcrumb"},"inLanguage":"es","potentialAction":[{"@type":"ReadAction","target":["https:\/\/www.celttv.com.ar\/index.php\/2014\/12\/25\/emocion-y-recuerdos-en-la-inauguracion-del-paseo-peatonal-gerardo-p-rattero-videos-y-notas-de-la-historica-jornada\/"]}]},{"@type":"BreadcrumbList","@id":"https:\/\/www.celttv.com.ar\/index.php\/2014\/12\/25\/emocion-y-recuerdos-en-la-inauguracion-del-paseo-peatonal-gerardo-p-rattero-videos-y-notas-de-la-historica-jornada\/#breadcrumb","itemListElement":[{"@type":"ListItem","position":1,"name":"Inicio","item":"https:\/\/www.celttv.com.ar\/"},{"@type":"ListItem","position":2,"name":"EMOCION Y RECUERDOS EN LA INAUGURACION DEL PASEO PEATONAL &#8220;GERARDO P. RATTERO&#8221; (videos y notas de la hist\u00f3rica jornada)"}]},{"@type":"WebSite","@id":"https:\/\/www.celttv.com.ar\/#website","url":"https:\/\/www.celttv.com.ar\/","name":"CELTTV","description":"Cooperativa El\u00e9ctrica de Tornquist","publisher":{"@id":"https:\/\/www.celttv.com.ar\/#organization"},"potentialAction":[{"@type":"SearchAction","target":{"@type":"EntryPoint","urlTemplate":"https:\/\/www.celttv.com.ar\/?s={search_term_string}"},"query-input":"required name=search_term_string"}],"inLanguage":"es"},{"@type":"Organization","@id":"https:\/\/www.celttv.com.ar\/#organization","name":"CELTTV","url":"https:\/\/www.celttv.com.ar\/","sameAs":["https:\/\/www.youtube.com\/channel\/UCz_oIt8Hig64Ub-EmcNPIhg","https:\/\/www.facebook.com\/celtTV\/"],"logo":{"@type":"ImageObject","inLanguage":"es","@id":"https:\/\/www.celttv.com.ar\/#\/schema\/logo\/image\/","url":"http:\/\/www.celttv.com.ar\/wp-content\/uploads\/2022\/08\/logo-1.png","contentUrl":"http:\/\/www.celttv.com.ar\/wp-content\/uploads\/2022\/08\/logo-1.png","width":461,"height":159,"caption":"CELTTV"},"image":{"@id":"https:\/\/www.celttv.com.ar\/#\/schema\/logo\/image\/"}},{"@type":"Person","@id":"https:\/\/www.celttv.com.ar\/#\/schema\/person\/6d99c072dba59953809c81446e9d0ace","name":"ulises","image":{"@type":"ImageObject","inLanguage":"es","@id":"https:\/\/www.celttv.com.ar\/#\/schema\/person\/image\/","url":"https:\/\/secure.gravatar.com\/avatar\/7f2c48bdc33b30088f941fb6082e555f2874c98e20cb159d7b92b50eadfce793?s=96&d=mm&r=g","contentUrl":"https:\/\/secure.gravatar.com\/avatar\/7f2c48bdc33b30088f941fb6082e555f2874c98e20cb159d7b92b50eadfce793?s=96&d=mm&r=g","caption":"ulises"},"sameAs":["http:\/\/www.celttv.com.ar"]}]}},"_links":{"self":[{"href":"https:\/\/www.celttv.com.ar\/index.php\/wp-json\/wp\/v2\/posts\/25982","targetHints":{"allow":["GET"]}}],"collection":[{"href":"https:\/\/www.celttv.com.ar\/index.php\/wp-json\/wp\/v2\/posts"}],"about":[{"href":"https:\/\/www.celttv.com.ar\/index.php\/wp-json\/wp\/v2\/types\/post"}],"author":[{"embeddable":true,"href":"https:\/\/www.celttv.com.ar\/index.php\/wp-json\/wp\/v2\/users\/1"}],"replies":[{"embeddable":true,"href":"https:\/\/www.celttv.com.ar\/index.php\/wp-json\/wp\/v2\/comments?post=25982"}],"version-history":[{"count":0,"href":"https:\/\/www.celttv.com.ar\/index.php\/wp-json\/wp\/v2\/posts\/25982\/revisions"}],"wp:attachment":[{"href":"https:\/\/www.celttv.com.ar\/index.php\/wp-json\/wp\/v2\/media?parent=25982"}],"wp:term":[{"taxonomy":"category","embeddable":true,"href":"https:\/\/www.celttv.com.ar\/index.php\/wp-json\/wp\/v2\/categories?post=25982"},{"taxonomy":"post_tag","embeddable":true,"href":"https:\/\/www.celttv.com.ar\/index.php\/wp-json\/wp\/v2\/tags?post=25982"}],"curies":[{"name":"wp","href":"https:\/\/api.w.org\/{rel}","templated":true}]}}