{"id":26029,"date":"2014-12-27T21:17:18","date_gmt":"2014-12-27T21:17:18","guid":{"rendered":"http:\/\/www.tvcnoticias.com.ar\/?p=26029"},"modified":"2014-12-27T21:17:18","modified_gmt":"2014-12-27T21:17:18","slug":"historica-jornada-se-inauguro-la-temporada-en-parque-norte","status":"publish","type":"post","link":"https:\/\/www.celttv.com.ar\/index.php\/2014\/12\/27\/historica-jornada-se-inauguro-la-temporada-en-parque-norte\/","title":{"rendered":"HISTORICA JORNADA: SE INAUGURO LA TEMPORADA EN PARQUE NORTE"},"content":{"rendered":"<p><a rel=\"attachment wp-att-26058\" href=\"http:\/\/www.tvcnoticias.com.ar\/?attachment_id=26058\"><img loading=\"lazy\" decoding=\"async\" class=\"aligncenter size-medium wp-image-26058\" title=\"IMG_1457 (Small)\" src=\"http:\/\/www.tvcnoticias.com.ar\/wp-content\/uploads\/2014\/12\/IMG_1457-Small-450x300.jpg\" alt=\"\" width=\"450\" height=\"300\" \/><\/a><br \/>\nUna temperatura que anduvo orillando los 40\u00ba, sol pleno y apenas un brisa que serbia de b\u00e1lsamo, fueron los ingredientes ideales para una jornada hist\u00f3rica como la que se vivi\u00f3 en las primeras horas de la tarde de este s\u00e1bado que no pasar\u00e1 para nada desapercibida en la historia tur\u00edstica, deportiva e institucional de la comunidad del distrito de Tornquist\u00a0 y en la comarca\u00a0 toda.<br \/>\nUni\u00f3n y Automoto, Automoto y Uni\u00f3n, brindaron un ejemplo de c\u00f3mo, m\u00e1s all\u00e1 de las rivalidades deportivas, se puede encontrar comunes denominadores a la hora de aportar, con trabajo y buena predisposici\u00f3n, \u00a0soluciones para la comunidad.<br \/>\nSorprendida una joven pareja de bahienses que estacionaron decididos a pagar la entrada, cuyo costo, con buen criterio, se anuncia varios metros antes de ingresar al predio tur\u00edstico.<br \/>\nGentilmente los encargados de la recepci\u00f3n invitaron a la pareja a estacionar a un costado y pronto aparecieron el Intendente Municipal Lic. Gustavo Trankels, el Secretario de Cultura, Turismo y Deporte Leandro Pascale y los presidentes de Uni\u00f3n , Jorge Marcolini y Automoto, Rodrigo Fhur. Todos portando alg\u00fan regalo consistentes, en su mayor\u00eda, en productos de nuestra regi\u00f3n y folleter\u00eda de la comarca.<br \/>\nLos sorprendidos turistas agradecieron la gentileza y destacaron, en di\u00e1logo con la prensa, las virtudes de Parque Norte al que suelen asistir todos los a\u00f1os.<br \/>\nEn di\u00e1logo con los medios el Intendente Trankels no ocult\u00f3 su satisfacci\u00f3n por lo realizado en tan corto tiempo por ambas instituciones, destacando la tarea de las comisiones, del personal municipal que colabor\u00f3 para la limpieza y acondicionamiento y del grupo de gente que tiene a cargo la atenci\u00f3n del turista.<br \/>\nEn pocas palabras, Trankels augur\u00f3 un futuro venturoso para este, uno de los centros tur\u00edsticos m\u00e1s reconocidos de nuestra comarca.<br \/>\nLos presidentes de Uni\u00f3n y Automoto coincidieron una vez m\u00e1s en destacar el trabajo desarrollado, la sinton\u00eda lograda entre ambas instituciones y el aporte de mucha gente que aport\u00f3 lo suyo para todo saliera de la mejor manera.<br \/>\nFhur y Marcolini no ocultaron que aun restan detalles por corregir, pero se mostraron optimistas para que en el corto plazo esos detalles se logren resolver.<br \/>\nLos presidentes azulgrana y verde, junto a un nutrido plantel de colaboradores, traccionan en el d\u00eda a d\u00eda, buscando resolver todo lo que se cruce, pero no dejan de mirar de cara al futuro y ya se imaginan como desarrollar y hacer crecer este importante centro tur\u00edstico.<br \/>\n&nbsp;<br \/>\nEL ESCENARIO Y FABIO GONZALEZ<br \/>\nFabio Gonzalez \u201ctranspir\u00f3 la camiseta\u201d y durante varios minutos mantuvo a puro ritmo la pista \u201cde tierra\u201d donde varias parejas mostraron sus conocimientos \u201cpachangueros\u201d.<br \/>\nAlgunos bailaban, otros acercaron sus reposeras, escuchaban y aplaud\u00edan y los que estaban en el agua tambi\u00e9n se sumaban, desde su c\u00f3moda posici\u00f3n, para reconocer las virtudes del reconocido cantante.<br \/>\nUna linda fiesta que quedar\u00e1 grabada en la retina de propios y extra\u00f1os y que seguramente no ser\u00e1 la \u00fanica que se programe a lo largo de la temporada que, de manera exitosa, ya dio comienzo.<br \/>\n&nbsp;<br \/>\n&nbsp;<\/p>\n","protected":false},"excerpt":{"rendered":"<p>Una temperatura que anduvo orillando los 40\u00ba, sol pleno y apenas un brisa que serbia de b\u00e1lsamo, fueron los ingredientes ideales para una jornada hist\u00f3rica como la que se vivi\u00f3 en las primeras horas de la tarde de este s\u00e1bado que no pasar\u00e1 para nada desapercibida en la historia tur\u00edstica, deportiva e institucional de la [&hellip;]<\/p>\n","protected":false},"author":1,"featured_media":0,"comment_status":"closed","ping_status":"open","sticky":false,"template":"","format":"standard","meta":{"footnotes":""},"categories":[51,52,56],"tags":[],"class_list":["post-26029","post","type-post","status-publish","format-standard","hentry","category-comunidad","category-destacadas","category-espectaculos"],"yoast_head":"<!-- This site is optimized with the Yoast SEO plugin v19.7.1 - https:\/\/yoast.com\/wordpress\/plugins\/seo\/ -->\n<title>HISTORICA JORNADA: SE INAUGURO LA TEMPORADA EN PARQUE NORTE - CELTTV<\/title>\n<meta name=\"description\" content=\"Sitio web de noticias de la localidad de Tornquist, provincia de Buenos Aires, Rep\u00fablica Argentina. Contenido propio originado por periodistas de CELTTV, el canal de TV local de la Cooperativa El\u00e9ctrica de Tornquist. Turismo, Pol\u00edtica, Sociedad, Deporte, Cultura y todo el contenido de inter\u00e9s general que la gente del pueblo y la regi\u00f3n debe conocer.\" \/>\n<meta name=\"robots\" content=\"index, follow, max-snippet:-1, max-image-preview:large, max-video-preview:-1\" \/>\n<link rel=\"canonical\" href=\"https:\/\/www.celttv.com.ar\/index.php\/2014\/12\/27\/historica-jornada-se-inauguro-la-temporada-en-parque-norte\/\" \/>\n<meta property=\"og:locale\" content=\"es_ES\" \/>\n<meta property=\"og:type\" content=\"article\" \/>\n<meta property=\"og:title\" content=\"HISTORICA JORNADA: SE INAUGURO LA TEMPORADA EN PARQUE NORTE - CELTTV\" \/>\n<meta property=\"og:description\" content=\"Sitio web de noticias de la localidad de Tornquist, provincia de Buenos Aires, Rep\u00fablica Argentina. Contenido propio originado por periodistas de CELTTV, el canal de TV local de la Cooperativa El\u00e9ctrica de Tornquist. Turismo, Pol\u00edtica, Sociedad, Deporte, Cultura y todo el contenido de inter\u00e9s general que la gente del pueblo y la regi\u00f3n debe conocer.\" \/>\n<meta property=\"og:url\" content=\"https:\/\/www.celttv.com.ar\/index.php\/2014\/12\/27\/historica-jornada-se-inauguro-la-temporada-en-parque-norte\/\" \/>\n<meta property=\"og:site_name\" content=\"CELTTV\" \/>\n<meta property=\"article:publisher\" content=\"https:\/\/www.facebook.com\/celtTV\/\" \/>\n<meta property=\"article:published_time\" content=\"2014-12-27T21:17:18+00:00\" \/>\n<meta property=\"og:image\" content=\"http:\/\/www.tvcnoticias.com.ar\/wp-content\/uploads\/2014\/12\/IMG_1457-Small-450x300.jpg\" \/>\n<meta name=\"author\" content=\"ulises\" \/>\n<meta name=\"twitter:card\" content=\"summary_large_image\" \/>\n<meta name=\"twitter:label1\" content=\"Escrito por\" \/>\n\t<meta name=\"twitter:data1\" content=\"ulises\" \/>\n\t<meta name=\"twitter:label2\" content=\"Tiempo de lectura\" \/>\n\t<meta name=\"twitter:data2\" content=\"3 minutos\" \/>\n<script type=\"application\/ld+json\" class=\"yoast-schema-graph\">{\"@context\":\"https:\/\/schema.org\",\"@graph\":[{\"@type\":\"NewsArticle\",\"@id\":\"https:\/\/www.celttv.com.ar\/index.php\/2014\/12\/27\/historica-jornada-se-inauguro-la-temporada-en-parque-norte\/#article\",\"isPartOf\":{\"@id\":\"https:\/\/www.celttv.com.ar\/index.php\/2014\/12\/27\/historica-jornada-se-inauguro-la-temporada-en-parque-norte\/\"},\"author\":{\"name\":\"ulises\",\"@id\":\"https:\/\/www.celttv.com.ar\/#\/schema\/person\/6d99c072dba59953809c81446e9d0ace\"},\"headline\":\"HISTORICA JORNADA: SE INAUGURO LA TEMPORADA EN PARQUE NORTE\",\"datePublished\":\"2014-12-27T21:17:18+00:00\",\"dateModified\":\"2014-12-27T21:17:18+00:00\",\"mainEntityOfPage\":{\"@id\":\"https:\/\/www.celttv.com.ar\/index.php\/2014\/12\/27\/historica-jornada-se-inauguro-la-temporada-en-parque-norte\/\"},\"wordCount\":542,\"publisher\":{\"@id\":\"https:\/\/www.celttv.com.ar\/#organization\"},\"articleSection\":[\"Comunidad\",\"Destacadas\",\"Espect\u00e1culos\"],\"inLanguage\":\"es\"},{\"@type\":\"WebPage\",\"@id\":\"https:\/\/www.celttv.com.ar\/index.php\/2014\/12\/27\/historica-jornada-se-inauguro-la-temporada-en-parque-norte\/\",\"url\":\"https:\/\/www.celttv.com.ar\/index.php\/2014\/12\/27\/historica-jornada-se-inauguro-la-temporada-en-parque-norte\/\",\"name\":\"HISTORICA JORNADA: SE INAUGURO LA TEMPORADA EN PARQUE NORTE - CELTTV\",\"isPartOf\":{\"@id\":\"https:\/\/www.celttv.com.ar\/#website\"},\"datePublished\":\"2014-12-27T21:17:18+00:00\",\"dateModified\":\"2014-12-27T21:17:18+00:00\",\"description\":\"Sitio web de noticias de la localidad de Tornquist, provincia de Buenos Aires, Rep\u00fablica Argentina. Contenido propio originado por periodistas de CELTTV, el canal de TV local de la Cooperativa El\u00e9ctrica de Tornquist. Turismo, Pol\u00edtica, Sociedad, Deporte, Cultura y todo el contenido de inter\u00e9s general que la gente del pueblo y la regi\u00f3n debe conocer.\",\"breadcrumb\":{\"@id\":\"https:\/\/www.celttv.com.ar\/index.php\/2014\/12\/27\/historica-jornada-se-inauguro-la-temporada-en-parque-norte\/#breadcrumb\"},\"inLanguage\":\"es\",\"potentialAction\":[{\"@type\":\"ReadAction\",\"target\":[\"https:\/\/www.celttv.com.ar\/index.php\/2014\/12\/27\/historica-jornada-se-inauguro-la-temporada-en-parque-norte\/\"]}]},{\"@type\":\"BreadcrumbList\",\"@id\":\"https:\/\/www.celttv.com.ar\/index.php\/2014\/12\/27\/historica-jornada-se-inauguro-la-temporada-en-parque-norte\/#breadcrumb\",\"itemListElement\":[{\"@type\":\"ListItem\",\"position\":1,\"name\":\"Inicio\",\"item\":\"https:\/\/www.celttv.com.ar\/\"},{\"@type\":\"ListItem\",\"position\":2,\"name\":\"HISTORICA JORNADA: SE INAUGURO LA TEMPORADA EN PARQUE NORTE\"}]},{\"@type\":\"WebSite\",\"@id\":\"https:\/\/www.celttv.com.ar\/#website\",\"url\":\"https:\/\/www.celttv.com.ar\/\",\"name\":\"CELTTV\",\"description\":\"Cooperativa El\u00e9ctrica de Tornquist\",\"publisher\":{\"@id\":\"https:\/\/www.celttv.com.ar\/#organization\"},\"potentialAction\":[{\"@type\":\"SearchAction\",\"target\":{\"@type\":\"EntryPoint\",\"urlTemplate\":\"https:\/\/www.celttv.com.ar\/?s={search_term_string}\"},\"query-input\":\"required name=search_term_string\"}],\"inLanguage\":\"es\"},{\"@type\":\"Organization\",\"@id\":\"https:\/\/www.celttv.com.ar\/#organization\",\"name\":\"CELTTV\",\"url\":\"https:\/\/www.celttv.com.ar\/\",\"sameAs\":[\"https:\/\/www.youtube.com\/channel\/UCz_oIt8Hig64Ub-EmcNPIhg\",\"https:\/\/www.facebook.com\/celtTV\/\"],\"logo\":{\"@type\":\"ImageObject\",\"inLanguage\":\"es\",\"@id\":\"https:\/\/www.celttv.com.ar\/#\/schema\/logo\/image\/\",\"url\":\"http:\/\/www.celttv.com.ar\/wp-content\/uploads\/2022\/08\/logo-1.png\",\"contentUrl\":\"http:\/\/www.celttv.com.ar\/wp-content\/uploads\/2022\/08\/logo-1.png\",\"width\":461,\"height\":159,\"caption\":\"CELTTV\"},\"image\":{\"@id\":\"https:\/\/www.celttv.com.ar\/#\/schema\/logo\/image\/\"}},{\"@type\":\"Person\",\"@id\":\"https:\/\/www.celttv.com.ar\/#\/schema\/person\/6d99c072dba59953809c81446e9d0ace\",\"name\":\"ulises\",\"image\":{\"@type\":\"ImageObject\",\"inLanguage\":\"es\",\"@id\":\"https:\/\/www.celttv.com.ar\/#\/schema\/person\/image\/\",\"url\":\"https:\/\/secure.gravatar.com\/avatar\/7f2c48bdc33b30088f941fb6082e555f2874c98e20cb159d7b92b50eadfce793?s=96&d=mm&r=g\",\"contentUrl\":\"https:\/\/secure.gravatar.com\/avatar\/7f2c48bdc33b30088f941fb6082e555f2874c98e20cb159d7b92b50eadfce793?s=96&d=mm&r=g\",\"caption\":\"ulises\"},\"sameAs\":[\"http:\/\/www.celttv.com.ar\"]}]}<\/script>\n<!-- \/ Yoast SEO plugin. -->","yoast_head_json":{"title":"HISTORICA JORNADA: SE INAUGURO LA TEMPORADA EN PARQUE NORTE - CELTTV","description":"Sitio web de noticias de la localidad de Tornquist, provincia de Buenos Aires, Rep\u00fablica Argentina. Contenido propio originado por periodistas de CELTTV, el canal de TV local de la Cooperativa El\u00e9ctrica de Tornquist. Turismo, Pol\u00edtica, Sociedad, Deporte, Cultura y todo el contenido de inter\u00e9s general que la gente del pueblo y la regi\u00f3n debe conocer.","robots":{"index":"index","follow":"follow","max-snippet":"max-snippet:-1","max-image-preview":"max-image-preview:large","max-video-preview":"max-video-preview:-1"},"canonical":"https:\/\/www.celttv.com.ar\/index.php\/2014\/12\/27\/historica-jornada-se-inauguro-la-temporada-en-parque-norte\/","og_locale":"es_ES","og_type":"article","og_title":"HISTORICA JORNADA: SE INAUGURO LA TEMPORADA EN PARQUE NORTE - CELTTV","og_description":"Sitio web de noticias de la localidad de Tornquist, provincia de Buenos Aires, Rep\u00fablica Argentina. Contenido propio originado por periodistas de CELTTV, el canal de TV local de la Cooperativa El\u00e9ctrica de Tornquist. Turismo, Pol\u00edtica, Sociedad, Deporte, Cultura y todo el contenido de inter\u00e9s general que la gente del pueblo y la regi\u00f3n debe conocer.","og_url":"https:\/\/www.celttv.com.ar\/index.php\/2014\/12\/27\/historica-jornada-se-inauguro-la-temporada-en-parque-norte\/","og_site_name":"CELTTV","article_publisher":"https:\/\/www.facebook.com\/celtTV\/","article_published_time":"2014-12-27T21:17:18+00:00","og_image":[{"url":"http:\/\/www.tvcnoticias.com.ar\/wp-content\/uploads\/2014\/12\/IMG_1457-Small-450x300.jpg"}],"author":"ulises","twitter_card":"summary_large_image","twitter_misc":{"Escrito por":"ulises","Tiempo de lectura":"3 minutos"},"schema":{"@context":"https:\/\/schema.org","@graph":[{"@type":"NewsArticle","@id":"https:\/\/www.celttv.com.ar\/index.php\/2014\/12\/27\/historica-jornada-se-inauguro-la-temporada-en-parque-norte\/#article","isPartOf":{"@id":"https:\/\/www.celttv.com.ar\/index.php\/2014\/12\/27\/historica-jornada-se-inauguro-la-temporada-en-parque-norte\/"},"author":{"name":"ulises","@id":"https:\/\/www.celttv.com.ar\/#\/schema\/person\/6d99c072dba59953809c81446e9d0ace"},"headline":"HISTORICA JORNADA: SE INAUGURO LA TEMPORADA EN PARQUE NORTE","datePublished":"2014-12-27T21:17:18+00:00","dateModified":"2014-12-27T21:17:18+00:00","mainEntityOfPage":{"@id":"https:\/\/www.celttv.com.ar\/index.php\/2014\/12\/27\/historica-jornada-se-inauguro-la-temporada-en-parque-norte\/"},"wordCount":542,"publisher":{"@id":"https:\/\/www.celttv.com.ar\/#organization"},"articleSection":["Comunidad","Destacadas","Espect\u00e1culos"],"inLanguage":"es"},{"@type":"WebPage","@id":"https:\/\/www.celttv.com.ar\/index.php\/2014\/12\/27\/historica-jornada-se-inauguro-la-temporada-en-parque-norte\/","url":"https:\/\/www.celttv.com.ar\/index.php\/2014\/12\/27\/historica-jornada-se-inauguro-la-temporada-en-parque-norte\/","name":"HISTORICA JORNADA: SE INAUGURO LA TEMPORADA EN PARQUE NORTE - CELTTV","isPartOf":{"@id":"https:\/\/www.celttv.com.ar\/#website"},"datePublished":"2014-12-27T21:17:18+00:00","dateModified":"2014-12-27T21:17:18+00:00","description":"Sitio web de noticias de la localidad de Tornquist, provincia de Buenos Aires, Rep\u00fablica Argentina. Contenido propio originado por periodistas de CELTTV, el canal de TV local de la Cooperativa El\u00e9ctrica de Tornquist. Turismo, Pol\u00edtica, Sociedad, Deporte, Cultura y todo el contenido de inter\u00e9s general que la gente del pueblo y la regi\u00f3n debe conocer.","breadcrumb":{"@id":"https:\/\/www.celttv.com.ar\/index.php\/2014\/12\/27\/historica-jornada-se-inauguro-la-temporada-en-parque-norte\/#breadcrumb"},"inLanguage":"es","potentialAction":[{"@type":"ReadAction","target":["https:\/\/www.celttv.com.ar\/index.php\/2014\/12\/27\/historica-jornada-se-inauguro-la-temporada-en-parque-norte\/"]}]},{"@type":"BreadcrumbList","@id":"https:\/\/www.celttv.com.ar\/index.php\/2014\/12\/27\/historica-jornada-se-inauguro-la-temporada-en-parque-norte\/#breadcrumb","itemListElement":[{"@type":"ListItem","position":1,"name":"Inicio","item":"https:\/\/www.celttv.com.ar\/"},{"@type":"ListItem","position":2,"name":"HISTORICA JORNADA: SE INAUGURO LA TEMPORADA EN PARQUE NORTE"}]},{"@type":"WebSite","@id":"https:\/\/www.celttv.com.ar\/#website","url":"https:\/\/www.celttv.com.ar\/","name":"CELTTV","description":"Cooperativa El\u00e9ctrica de Tornquist","publisher":{"@id":"https:\/\/www.celttv.com.ar\/#organization"},"potentialAction":[{"@type":"SearchAction","target":{"@type":"EntryPoint","urlTemplate":"https:\/\/www.celttv.com.ar\/?s={search_term_string}"},"query-input":"required name=search_term_string"}],"inLanguage":"es"},{"@type":"Organization","@id":"https:\/\/www.celttv.com.ar\/#organization","name":"CELTTV","url":"https:\/\/www.celttv.com.ar\/","sameAs":["https:\/\/www.youtube.com\/channel\/UCz_oIt8Hig64Ub-EmcNPIhg","https:\/\/www.facebook.com\/celtTV\/"],"logo":{"@type":"ImageObject","inLanguage":"es","@id":"https:\/\/www.celttv.com.ar\/#\/schema\/logo\/image\/","url":"http:\/\/www.celttv.com.ar\/wp-content\/uploads\/2022\/08\/logo-1.png","contentUrl":"http:\/\/www.celttv.com.ar\/wp-content\/uploads\/2022\/08\/logo-1.png","width":461,"height":159,"caption":"CELTTV"},"image":{"@id":"https:\/\/www.celttv.com.ar\/#\/schema\/logo\/image\/"}},{"@type":"Person","@id":"https:\/\/www.celttv.com.ar\/#\/schema\/person\/6d99c072dba59953809c81446e9d0ace","name":"ulises","image":{"@type":"ImageObject","inLanguage":"es","@id":"https:\/\/www.celttv.com.ar\/#\/schema\/person\/image\/","url":"https:\/\/secure.gravatar.com\/avatar\/7f2c48bdc33b30088f941fb6082e555f2874c98e20cb159d7b92b50eadfce793?s=96&d=mm&r=g","contentUrl":"https:\/\/secure.gravatar.com\/avatar\/7f2c48bdc33b30088f941fb6082e555f2874c98e20cb159d7b92b50eadfce793?s=96&d=mm&r=g","caption":"ulises"},"sameAs":["http:\/\/www.celttv.com.ar"]}]}},"_links":{"self":[{"href":"https:\/\/www.celttv.com.ar\/index.php\/wp-json\/wp\/v2\/posts\/26029","targetHints":{"allow":["GET"]}}],"collection":[{"href":"https:\/\/www.celttv.com.ar\/index.php\/wp-json\/wp\/v2\/posts"}],"about":[{"href":"https:\/\/www.celttv.com.ar\/index.php\/wp-json\/wp\/v2\/types\/post"}],"author":[{"embeddable":true,"href":"https:\/\/www.celttv.com.ar\/index.php\/wp-json\/wp\/v2\/users\/1"}],"replies":[{"embeddable":true,"href":"https:\/\/www.celttv.com.ar\/index.php\/wp-json\/wp\/v2\/comments?post=26029"}],"version-history":[{"count":0,"href":"https:\/\/www.celttv.com.ar\/index.php\/wp-json\/wp\/v2\/posts\/26029\/revisions"}],"wp:attachment":[{"href":"https:\/\/www.celttv.com.ar\/index.php\/wp-json\/wp\/v2\/media?parent=26029"}],"wp:term":[{"taxonomy":"category","embeddable":true,"href":"https:\/\/www.celttv.com.ar\/index.php\/wp-json\/wp\/v2\/categories?post=26029"},{"taxonomy":"post_tag","embeddable":true,"href":"https:\/\/www.celttv.com.ar\/index.php\/wp-json\/wp\/v2\/tags?post=26029"}],"curies":[{"name":"wp","href":"https:\/\/api.w.org\/{rel}","templated":true}]}}