{"id":261,"date":"2011-07-25T21:28:17","date_gmt":"2011-07-25T21:28:17","guid":{"rendered":"http:\/\/www.tvcnoticias.com.ar\/?p=261"},"modified":"2011-07-25T21:28:17","modified_gmt":"2011-07-25T21:28:17","slug":"la-escuelita-de-tres-picos-en-su-centenario","status":"publish","type":"post","link":"https:\/\/www.celttv.com.ar\/index.php\/2011\/07\/25\/la-escuelita-de-tres-picos-en-su-centenario\/","title":{"rendered":"La Escuelita de Tres Picos \u00abEn su Centenario\u00bb"},"content":{"rendered":"<div id=\"_mcePaste\" class=\"mcePaste\" style=\"left: -10000px; overflow: hidden; width: 1px; position: absolute; top: 0px; height: 1px;\">\ufeff<\/div>\n<p style=\"text-align: center;\"><a rel=\"attachment wp-att-262\" href=\"http:\/\/www.tvcnoticias.com.ar\/?attachment_id=262\"><img loading=\"lazy\" decoding=\"async\" class=\"aligncenter size-full wp-image-262\" title=\"ESCUELA 3 DE TRES PICOS (Small)\" src=\"http:\/\/www.tvcnoticias.com.ar\/wp-content\/uploads\/2011\/07\/ESCUELA-3-DE-TRES-PICOS-Small.jpg\" alt=\"\" width=\"512\" height=\"384\" \/><\/a>La Escuelita de Tres Picos \u00abEn su Centenario\u00bb<\/p>\n<p>Era una vieja escuelita,<br \/>\na una legua de Tres Picos.<br \/>\ngalp\u00f3n de chapa a la vista,<br \/>\nforrada madera de pino.<br \/>\nPara todos los alumnos,<br \/>\ncontaban con la maestra,<br \/>\ntrataba de ser igual,<br \/>\nno teniendo preferencia.<br \/>\nExplicaba con paciencia,<br \/>\npara todos era suave,<br \/>\na veces se equivocaba<br \/>\nhumanamente pasable.<br \/>\nTambi\u00e9n un s\u00f3tano hab\u00eda,<br \/>\nal que muchos le tem\u00edan,<br \/>\noscuro cual boca de lobo,<br \/>\nsin escaleras a la vista.<br \/>\nEl patio era interminable,<br \/>\ndonde el m\u00e1stil se floreaba,<br \/>\nflameando nuestra bandera<br \/>\nla bandera de la patria.<br \/>\nPensar que en ese colegio,<br \/>\ntambi\u00e9n estudi\u00f3\u00a0 mi padre,<br \/>\njunto con otros muchachos,<br \/>\ndel estudio responsables.<br \/>\nDespu\u00e9s de mucho luchar,<br \/>\nla escuela fue trasladada,<br \/>\nformando parte del pueblo<br \/>\ny muy linda su fachada.<br \/>\nAll\u00ed fueron mis dos hijas,<br \/>\ntoda una revelaci\u00f3n,<br \/>\npara orgullo de nosotros,<br \/>\nla nueva generaci\u00f3n.<br \/>\nNo me importa si hace mucho,<br \/>\npor que ya el tiempo pas\u00f3,<br \/>\nsi es que sabemos tratarlo<br \/>\nel tiempo es una oraci\u00f3n.<br \/>\nPasa r\u00e1pido los a\u00f1os,<br \/>\nen ni\u00f1os nos damos cuenta,<br \/>\nque el reloj marc\u00f3 la hora,<br \/>\naunque no le demos cuerda.<br \/>\nCien a\u00f1os se est\u00e1n cumpliendo,<br \/>\nde nuestra querida escuela,<br \/>\nque siga por el sendero,<br \/>\nque brille como una estrella.<br \/>\nLa ense\u00f1anza es un gran arma<br \/>\nen defensa de cualquiera,<br \/>\nsabiendo leer y escribir,<br \/>\nla vida es una defensa.<br \/>\nLa escuela segundo hogar,<br \/>\npara albergar sin protestas,<br \/>\ncon ansias de progresar,<br \/>\nllevando el orgullo a cuestas,<br \/>\nPor qu\u00e9 aprendiendo lo bueno,<br \/>\nque es lo que el colegio ense\u00f1a,<br \/>\ntenemos por defendernos,<br \/>\naunque nos choque la guerra.<br \/>\nMabel Noemi Mu\u00f1oz Brunet<br \/>\n(Ex alumna de 1er. grado)<\/p>\n","protected":false},"excerpt":{"rendered":"<p>\ufeff La Escuelita de Tres Picos \u00abEn su Centenario\u00bb Era una vieja escuelita, a una legua de Tres Picos. galp\u00f3n de chapa a la vista, forrada madera de pino. Para todos los alumnos, contaban con la maestra, trataba de ser igual, no teniendo preferencia. Explicaba con paciencia, para todos era suave, a veces se equivocaba [&hellip;]<\/p>\n","protected":false},"author":1,"featured_media":0,"comment_status":"closed","ping_status":"open","sticky":false,"template":"","format":"standard","meta":{"footnotes":""},"categories":[51],"tags":[372],"class_list":["post-261","post","type-post","status-publish","format-standard","hentry","category-comunidad","tag-escuela-tres-picos"],"yoast_head":"<!-- This site is optimized with the Yoast SEO plugin v19.7.1 - https:\/\/yoast.com\/wordpress\/plugins\/seo\/ -->\n<title>La Escuelita de Tres Picos \u00abEn su Centenario\u00bb - CELTTV<\/title>\n<meta name=\"description\" content=\"Sitio web de noticias de la localidad de Tornquist, provincia de Buenos Aires, Rep\u00fablica Argentina. Contenido propio originado por periodistas de CELTTV, el canal de TV local de la Cooperativa El\u00e9ctrica de Tornquist. Turismo, Pol\u00edtica, Sociedad, Deporte, Cultura y todo el contenido de inter\u00e9s general que la gente del pueblo y la regi\u00f3n debe conocer.\" \/>\n<meta name=\"robots\" content=\"index, follow, max-snippet:-1, max-image-preview:large, max-video-preview:-1\" \/>\n<link rel=\"canonical\" href=\"https:\/\/www.celttv.com.ar\/index.php\/2011\/07\/25\/la-escuelita-de-tres-picos-en-su-centenario\/\" \/>\n<meta property=\"og:locale\" content=\"es_ES\" \/>\n<meta property=\"og:type\" content=\"article\" \/>\n<meta property=\"og:title\" content=\"La Escuelita de Tres Picos \u00abEn su Centenario\u00bb - CELTTV\" \/>\n<meta property=\"og:description\" content=\"Sitio web de noticias de la localidad de Tornquist, provincia de Buenos Aires, Rep\u00fablica Argentina. Contenido propio originado por periodistas de CELTTV, el canal de TV local de la Cooperativa El\u00e9ctrica de Tornquist. Turismo, Pol\u00edtica, Sociedad, Deporte, Cultura y todo el contenido de inter\u00e9s general que la gente del pueblo y la regi\u00f3n debe conocer.\" \/>\n<meta property=\"og:url\" content=\"https:\/\/www.celttv.com.ar\/index.php\/2011\/07\/25\/la-escuelita-de-tres-picos-en-su-centenario\/\" \/>\n<meta property=\"og:site_name\" content=\"CELTTV\" \/>\n<meta property=\"article:publisher\" content=\"https:\/\/www.facebook.com\/celtTV\/\" \/>\n<meta property=\"article:published_time\" content=\"2011-07-25T21:28:17+00:00\" \/>\n<meta property=\"og:image\" content=\"http:\/\/www.tvcnoticias.com.ar\/wp-content\/uploads\/2011\/07\/ESCUELA-3-DE-TRES-PICOS-Small.jpg\" \/>\n<meta name=\"author\" content=\"ulises\" \/>\n<meta name=\"twitter:card\" content=\"summary_large_image\" \/>\n<meta name=\"twitter:label1\" content=\"Escrito por\" \/>\n\t<meta name=\"twitter:data1\" content=\"ulises\" \/>\n\t<meta name=\"twitter:label2\" content=\"Tiempo de lectura\" \/>\n\t<meta name=\"twitter:data2\" content=\"1 minuto\" \/>\n<script type=\"application\/ld+json\" class=\"yoast-schema-graph\">{\"@context\":\"https:\/\/schema.org\",\"@graph\":[{\"@type\":\"NewsArticle\",\"@id\":\"https:\/\/www.celttv.com.ar\/index.php\/2011\/07\/25\/la-escuelita-de-tres-picos-en-su-centenario\/#article\",\"isPartOf\":{\"@id\":\"https:\/\/www.celttv.com.ar\/index.php\/2011\/07\/25\/la-escuelita-de-tres-picos-en-su-centenario\/\"},\"author\":{\"name\":\"ulises\",\"@id\":\"https:\/\/www.celttv.com.ar\/#\/schema\/person\/6d99c072dba59953809c81446e9d0ace\"},\"headline\":\"La Escuelita de Tres Picos \u00abEn su Centenario\u00bb\",\"datePublished\":\"2011-07-25T21:28:17+00:00\",\"dateModified\":\"2011-07-25T21:28:17+00:00\",\"mainEntityOfPage\":{\"@id\":\"https:\/\/www.celttv.com.ar\/index.php\/2011\/07\/25\/la-escuelita-de-tres-picos-en-su-centenario\/\"},\"wordCount\":293,\"publisher\":{\"@id\":\"https:\/\/www.celttv.com.ar\/#organization\"},\"keywords\":[\"escuela tres picos\"],\"articleSection\":[\"Comunidad\"],\"inLanguage\":\"es\"},{\"@type\":\"WebPage\",\"@id\":\"https:\/\/www.celttv.com.ar\/index.php\/2011\/07\/25\/la-escuelita-de-tres-picos-en-su-centenario\/\",\"url\":\"https:\/\/www.celttv.com.ar\/index.php\/2011\/07\/25\/la-escuelita-de-tres-picos-en-su-centenario\/\",\"name\":\"La Escuelita de Tres Picos \u00abEn su Centenario\u00bb - CELTTV\",\"isPartOf\":{\"@id\":\"https:\/\/www.celttv.com.ar\/#website\"},\"datePublished\":\"2011-07-25T21:28:17+00:00\",\"dateModified\":\"2011-07-25T21:28:17+00:00\",\"description\":\"Sitio web de noticias de la localidad de Tornquist, provincia de Buenos Aires, Rep\u00fablica Argentina. Contenido propio originado por periodistas de CELTTV, el canal de TV local de la Cooperativa El\u00e9ctrica de Tornquist. Turismo, Pol\u00edtica, Sociedad, Deporte, Cultura y todo el contenido de inter\u00e9s general que la gente del pueblo y la regi\u00f3n debe conocer.\",\"breadcrumb\":{\"@id\":\"https:\/\/www.celttv.com.ar\/index.php\/2011\/07\/25\/la-escuelita-de-tres-picos-en-su-centenario\/#breadcrumb\"},\"inLanguage\":\"es\",\"potentialAction\":[{\"@type\":\"ReadAction\",\"target\":[\"https:\/\/www.celttv.com.ar\/index.php\/2011\/07\/25\/la-escuelita-de-tres-picos-en-su-centenario\/\"]}]},{\"@type\":\"BreadcrumbList\",\"@id\":\"https:\/\/www.celttv.com.ar\/index.php\/2011\/07\/25\/la-escuelita-de-tres-picos-en-su-centenario\/#breadcrumb\",\"itemListElement\":[{\"@type\":\"ListItem\",\"position\":1,\"name\":\"Inicio\",\"item\":\"https:\/\/www.celttv.com.ar\/\"},{\"@type\":\"ListItem\",\"position\":2,\"name\":\"La Escuelita de Tres Picos \u00abEn su Centenario\u00bb\"}]},{\"@type\":\"WebSite\",\"@id\":\"https:\/\/www.celttv.com.ar\/#website\",\"url\":\"https:\/\/www.celttv.com.ar\/\",\"name\":\"CELTTV\",\"description\":\"Cooperativa El\u00e9ctrica de Tornquist\",\"publisher\":{\"@id\":\"https:\/\/www.celttv.com.ar\/#organization\"},\"potentialAction\":[{\"@type\":\"SearchAction\",\"target\":{\"@type\":\"EntryPoint\",\"urlTemplate\":\"https:\/\/www.celttv.com.ar\/?s={search_term_string}\"},\"query-input\":\"required name=search_term_string\"}],\"inLanguage\":\"es\"},{\"@type\":\"Organization\",\"@id\":\"https:\/\/www.celttv.com.ar\/#organization\",\"name\":\"CELTTV\",\"url\":\"https:\/\/www.celttv.com.ar\/\",\"sameAs\":[\"https:\/\/www.youtube.com\/channel\/UCz_oIt8Hig64Ub-EmcNPIhg\",\"https:\/\/www.facebook.com\/celtTV\/\"],\"logo\":{\"@type\":\"ImageObject\",\"inLanguage\":\"es\",\"@id\":\"https:\/\/www.celttv.com.ar\/#\/schema\/logo\/image\/\",\"url\":\"http:\/\/www.celttv.com.ar\/wp-content\/uploads\/2022\/08\/logo-1.png\",\"contentUrl\":\"http:\/\/www.celttv.com.ar\/wp-content\/uploads\/2022\/08\/logo-1.png\",\"width\":461,\"height\":159,\"caption\":\"CELTTV\"},\"image\":{\"@id\":\"https:\/\/www.celttv.com.ar\/#\/schema\/logo\/image\/\"}},{\"@type\":\"Person\",\"@id\":\"https:\/\/www.celttv.com.ar\/#\/schema\/person\/6d99c072dba59953809c81446e9d0ace\",\"name\":\"ulises\",\"image\":{\"@type\":\"ImageObject\",\"inLanguage\":\"es\",\"@id\":\"https:\/\/www.celttv.com.ar\/#\/schema\/person\/image\/\",\"url\":\"https:\/\/secure.gravatar.com\/avatar\/7f2c48bdc33b30088f941fb6082e555f2874c98e20cb159d7b92b50eadfce793?s=96&d=mm&r=g\",\"contentUrl\":\"https:\/\/secure.gravatar.com\/avatar\/7f2c48bdc33b30088f941fb6082e555f2874c98e20cb159d7b92b50eadfce793?s=96&d=mm&r=g\",\"caption\":\"ulises\"},\"sameAs\":[\"http:\/\/www.celttv.com.ar\"]}]}<\/script>\n<!-- \/ Yoast SEO plugin. -->","yoast_head_json":{"title":"La Escuelita de Tres Picos \u00abEn su Centenario\u00bb - CELTTV","description":"Sitio web de noticias de la localidad de Tornquist, provincia de Buenos Aires, Rep\u00fablica Argentina. Contenido propio originado por periodistas de CELTTV, el canal de TV local de la Cooperativa El\u00e9ctrica de Tornquist. Turismo, Pol\u00edtica, Sociedad, Deporte, Cultura y todo el contenido de inter\u00e9s general que la gente del pueblo y la regi\u00f3n debe conocer.","robots":{"index":"index","follow":"follow","max-snippet":"max-snippet:-1","max-image-preview":"max-image-preview:large","max-video-preview":"max-video-preview:-1"},"canonical":"https:\/\/www.celttv.com.ar\/index.php\/2011\/07\/25\/la-escuelita-de-tres-picos-en-su-centenario\/","og_locale":"es_ES","og_type":"article","og_title":"La Escuelita de Tres Picos \u00abEn su Centenario\u00bb - CELTTV","og_description":"Sitio web de noticias de la localidad de Tornquist, provincia de Buenos Aires, Rep\u00fablica Argentina. Contenido propio originado por periodistas de CELTTV, el canal de TV local de la Cooperativa El\u00e9ctrica de Tornquist. Turismo, Pol\u00edtica, Sociedad, Deporte, Cultura y todo el contenido de inter\u00e9s general que la gente del pueblo y la regi\u00f3n debe conocer.","og_url":"https:\/\/www.celttv.com.ar\/index.php\/2011\/07\/25\/la-escuelita-de-tres-picos-en-su-centenario\/","og_site_name":"CELTTV","article_publisher":"https:\/\/www.facebook.com\/celtTV\/","article_published_time":"2011-07-25T21:28:17+00:00","og_image":[{"url":"http:\/\/www.tvcnoticias.com.ar\/wp-content\/uploads\/2011\/07\/ESCUELA-3-DE-TRES-PICOS-Small.jpg"}],"author":"ulises","twitter_card":"summary_large_image","twitter_misc":{"Escrito por":"ulises","Tiempo de lectura":"1 minuto"},"schema":{"@context":"https:\/\/schema.org","@graph":[{"@type":"NewsArticle","@id":"https:\/\/www.celttv.com.ar\/index.php\/2011\/07\/25\/la-escuelita-de-tres-picos-en-su-centenario\/#article","isPartOf":{"@id":"https:\/\/www.celttv.com.ar\/index.php\/2011\/07\/25\/la-escuelita-de-tres-picos-en-su-centenario\/"},"author":{"name":"ulises","@id":"https:\/\/www.celttv.com.ar\/#\/schema\/person\/6d99c072dba59953809c81446e9d0ace"},"headline":"La Escuelita de Tres Picos \u00abEn su Centenario\u00bb","datePublished":"2011-07-25T21:28:17+00:00","dateModified":"2011-07-25T21:28:17+00:00","mainEntityOfPage":{"@id":"https:\/\/www.celttv.com.ar\/index.php\/2011\/07\/25\/la-escuelita-de-tres-picos-en-su-centenario\/"},"wordCount":293,"publisher":{"@id":"https:\/\/www.celttv.com.ar\/#organization"},"keywords":["escuela tres picos"],"articleSection":["Comunidad"],"inLanguage":"es"},{"@type":"WebPage","@id":"https:\/\/www.celttv.com.ar\/index.php\/2011\/07\/25\/la-escuelita-de-tres-picos-en-su-centenario\/","url":"https:\/\/www.celttv.com.ar\/index.php\/2011\/07\/25\/la-escuelita-de-tres-picos-en-su-centenario\/","name":"La Escuelita de Tres Picos \u00abEn su Centenario\u00bb - CELTTV","isPartOf":{"@id":"https:\/\/www.celttv.com.ar\/#website"},"datePublished":"2011-07-25T21:28:17+00:00","dateModified":"2011-07-25T21:28:17+00:00","description":"Sitio web de noticias de la localidad de Tornquist, provincia de Buenos Aires, Rep\u00fablica Argentina. Contenido propio originado por periodistas de CELTTV, el canal de TV local de la Cooperativa El\u00e9ctrica de Tornquist. Turismo, Pol\u00edtica, Sociedad, Deporte, Cultura y todo el contenido de inter\u00e9s general que la gente del pueblo y la regi\u00f3n debe conocer.","breadcrumb":{"@id":"https:\/\/www.celttv.com.ar\/index.php\/2011\/07\/25\/la-escuelita-de-tres-picos-en-su-centenario\/#breadcrumb"},"inLanguage":"es","potentialAction":[{"@type":"ReadAction","target":["https:\/\/www.celttv.com.ar\/index.php\/2011\/07\/25\/la-escuelita-de-tres-picos-en-su-centenario\/"]}]},{"@type":"BreadcrumbList","@id":"https:\/\/www.celttv.com.ar\/index.php\/2011\/07\/25\/la-escuelita-de-tres-picos-en-su-centenario\/#breadcrumb","itemListElement":[{"@type":"ListItem","position":1,"name":"Inicio","item":"https:\/\/www.celttv.com.ar\/"},{"@type":"ListItem","position":2,"name":"La Escuelita de Tres Picos \u00abEn su Centenario\u00bb"}]},{"@type":"WebSite","@id":"https:\/\/www.celttv.com.ar\/#website","url":"https:\/\/www.celttv.com.ar\/","name":"CELTTV","description":"Cooperativa El\u00e9ctrica de Tornquist","publisher":{"@id":"https:\/\/www.celttv.com.ar\/#organization"},"potentialAction":[{"@type":"SearchAction","target":{"@type":"EntryPoint","urlTemplate":"https:\/\/www.celttv.com.ar\/?s={search_term_string}"},"query-input":"required name=search_term_string"}],"inLanguage":"es"},{"@type":"Organization","@id":"https:\/\/www.celttv.com.ar\/#organization","name":"CELTTV","url":"https:\/\/www.celttv.com.ar\/","sameAs":["https:\/\/www.youtube.com\/channel\/UCz_oIt8Hig64Ub-EmcNPIhg","https:\/\/www.facebook.com\/celtTV\/"],"logo":{"@type":"ImageObject","inLanguage":"es","@id":"https:\/\/www.celttv.com.ar\/#\/schema\/logo\/image\/","url":"http:\/\/www.celttv.com.ar\/wp-content\/uploads\/2022\/08\/logo-1.png","contentUrl":"http:\/\/www.celttv.com.ar\/wp-content\/uploads\/2022\/08\/logo-1.png","width":461,"height":159,"caption":"CELTTV"},"image":{"@id":"https:\/\/www.celttv.com.ar\/#\/schema\/logo\/image\/"}},{"@type":"Person","@id":"https:\/\/www.celttv.com.ar\/#\/schema\/person\/6d99c072dba59953809c81446e9d0ace","name":"ulises","image":{"@type":"ImageObject","inLanguage":"es","@id":"https:\/\/www.celttv.com.ar\/#\/schema\/person\/image\/","url":"https:\/\/secure.gravatar.com\/avatar\/7f2c48bdc33b30088f941fb6082e555f2874c98e20cb159d7b92b50eadfce793?s=96&d=mm&r=g","contentUrl":"https:\/\/secure.gravatar.com\/avatar\/7f2c48bdc33b30088f941fb6082e555f2874c98e20cb159d7b92b50eadfce793?s=96&d=mm&r=g","caption":"ulises"},"sameAs":["http:\/\/www.celttv.com.ar"]}]}},"_links":{"self":[{"href":"https:\/\/www.celttv.com.ar\/index.php\/wp-json\/wp\/v2\/posts\/261","targetHints":{"allow":["GET"]}}],"collection":[{"href":"https:\/\/www.celttv.com.ar\/index.php\/wp-json\/wp\/v2\/posts"}],"about":[{"href":"https:\/\/www.celttv.com.ar\/index.php\/wp-json\/wp\/v2\/types\/post"}],"author":[{"embeddable":true,"href":"https:\/\/www.celttv.com.ar\/index.php\/wp-json\/wp\/v2\/users\/1"}],"replies":[{"embeddable":true,"href":"https:\/\/www.celttv.com.ar\/index.php\/wp-json\/wp\/v2\/comments?post=261"}],"version-history":[{"count":0,"href":"https:\/\/www.celttv.com.ar\/index.php\/wp-json\/wp\/v2\/posts\/261\/revisions"}],"wp:attachment":[{"href":"https:\/\/www.celttv.com.ar\/index.php\/wp-json\/wp\/v2\/media?parent=261"}],"wp:term":[{"taxonomy":"category","embeddable":true,"href":"https:\/\/www.celttv.com.ar\/index.php\/wp-json\/wp\/v2\/categories?post=261"},{"taxonomy":"post_tag","embeddable":true,"href":"https:\/\/www.celttv.com.ar\/index.php\/wp-json\/wp\/v2\/tags?post=261"}],"curies":[{"name":"wp","href":"https:\/\/api.w.org\/{rel}","templated":true}]}}