{"id":26124,"date":"2014-12-30T22:43:44","date_gmt":"2014-12-30T22:43:44","guid":{"rendered":"http:\/\/www.tvcnoticias.com.ar\/?p=26124"},"modified":"2014-12-30T22:43:44","modified_gmt":"2014-12-30T22:43:44","slug":"evaluan-danos-tras-el-intenso-temporal-de-lluvia-y-viento","status":"publish","type":"post","link":"https:\/\/www.celttv.com.ar\/index.php\/2014\/12\/30\/evaluan-danos-tras-el-intenso-temporal-de-lluvia-y-viento\/","title":{"rendered":"EVALUAN DA\u00d1OS TRAS EL INTENSO TEMPORAL DE LLUVIA Y VIENTO"},"content":{"rendered":"<p><a rel=\"attachment wp-att-26135\" href=\"http:\/\/www.tvcnoticias.com.ar\/?attachment_id=26135\"><img loading=\"lazy\" decoding=\"async\" class=\"aligncenter size-medium wp-image-26135\" title=\"DSCN9901 (1280x960) (Small)\" src=\"http:\/\/www.tvcnoticias.com.ar\/wp-content\/uploads\/2014\/12\/DSCN9901-1280x960-Small-450x337.jpg\" alt=\"\" width=\"450\" height=\"337\" \/><\/a><br \/>\nAnte las condiciones clim\u00e1ticas adversas registradas en las \u00faltimas horas, desde la Municipalidad de Tornquist se recomienda tener precauci\u00f3n al circular por la v\u00eda p\u00fablica de las distintas localidades del distrito, teniendo en cuenta que podr\u00edan haber cables sueltos o \u00e1rboles en riesgo.<br \/>\nEl intenso temporal de viento y lluvia arroj\u00f3 voladura de techos en viviendas e instituciones, y ca\u00edda de \u00e1rboles y postes de luz y tel\u00e9fono en diferentes sectores de la ciudad cabecera, adem\u00e1s de destrozos en otros lugares del distrito, como Villa Serrana La Gruta, Saldungaray y Tres Picos.<br \/>\nEl intendente municipal, licenciado Gustavo Trankels, recorri\u00f3 algunos sitios afectados por la tormenta, que se desat\u00f3 pasado el mediod\u00eda y contuvo r\u00e1fagas de m\u00e1s de 100 kil\u00f3metros, y dialog\u00f3 con integrantes de los Bomberos Voluntarios de Tornquist, entre ellos, el Jefe del Cuerpo Activo, Mart\u00edn Haag.<br \/>\nAdem\u00e1s, el jefe comunal se comunic\u00f3 telef\u00f3nicamente con el ministro de Desarrollo Social de la Provincia de Buenos Aires, Eduardo Aparicio, quien comprometi\u00f3 el apoyo de su cartera.<br \/>\nPosteriormente, el jefe comunal se reuni\u00f3 con integrantes de su gabinete y miembros de Defensa Civil, con el objetivo de evaluar los da\u00f1os y coordinar las acciones, al tiempo que mantuvo comunicaciones con las distintas delegaciones del distrito.<br \/>\n\u201cQuiero agradecer la solidaridad de los vecinos y el trabajo de los Bomberos Voluntarios, empleados municipales, personal policial, Cooperativa El\u00e9ctrica e integrantes de la comunidad, adem\u00e1s de la r\u00e1pida respuesta del ministro Aparicio. Tambi\u00e9n a todos los que se acercaron a colaborar en esta contingencia. Afortunadamente, dada la intensidad del temporal, no tuvimos que lamentar v\u00edctimas fatales\u201d, se\u00f1al\u00f3 el intendente Trankels.<br \/>\nDistintos equipos de las secretar\u00edas de Obras y Servicios P\u00fablicos, Producci\u00f3n y Medio Ambiente, Desarrollo Social, Salud y Turismo, Cultura y Deportes, se encuentra trabajando en el operativo de asistencia a los vecinos y turistas afectados por este fen\u00f3meno clim\u00e1tico.<br \/>\n&nbsp;<\/p>\n","protected":false},"excerpt":{"rendered":"<p>Ante las condiciones clim\u00e1ticas adversas registradas en las \u00faltimas horas, desde la Municipalidad de Tornquist se recomienda tener precauci\u00f3n al circular por la v\u00eda p\u00fablica de las distintas localidades del distrito, teniendo en cuenta que podr\u00edan haber cables sueltos o \u00e1rboles en riesgo. El intenso temporal de viento y lluvia arroj\u00f3 voladura de techos en [&hellip;]<\/p>\n","protected":false},"author":1,"featured_media":0,"comment_status":"closed","ping_status":"open","sticky":false,"template":"","format":"standard","meta":{"footnotes":""},"categories":[51,52,53],"tags":[],"class_list":["post-26124","post","type-post","status-publish","format-standard","hentry","category-comunidad","category-destacadas","category-politica"],"yoast_head":"<!-- This site is optimized with the Yoast SEO plugin v19.7.1 - https:\/\/yoast.com\/wordpress\/plugins\/seo\/ -->\n<title>EVALUAN DA\u00d1OS TRAS EL INTENSO TEMPORAL DE LLUVIA Y VIENTO - CELTTV<\/title>\n<meta name=\"description\" content=\"Sitio web de noticias de la localidad de Tornquist, provincia de Buenos Aires, Rep\u00fablica Argentina. Contenido propio originado por periodistas de CELTTV, el canal de TV local de la Cooperativa El\u00e9ctrica de Tornquist. Turismo, Pol\u00edtica, Sociedad, Deporte, Cultura y todo el contenido de inter\u00e9s general que la gente del pueblo y la regi\u00f3n debe conocer.\" \/>\n<meta name=\"robots\" content=\"index, follow, max-snippet:-1, max-image-preview:large, max-video-preview:-1\" \/>\n<link rel=\"canonical\" href=\"https:\/\/www.celttv.com.ar\/index.php\/2014\/12\/30\/evaluan-danos-tras-el-intenso-temporal-de-lluvia-y-viento\/\" \/>\n<meta property=\"og:locale\" content=\"es_ES\" \/>\n<meta property=\"og:type\" content=\"article\" \/>\n<meta property=\"og:title\" content=\"EVALUAN DA\u00d1OS TRAS EL INTENSO TEMPORAL DE LLUVIA Y VIENTO - CELTTV\" \/>\n<meta property=\"og:description\" content=\"Sitio web de noticias de la localidad de Tornquist, provincia de Buenos Aires, Rep\u00fablica Argentina. Contenido propio originado por periodistas de CELTTV, el canal de TV local de la Cooperativa El\u00e9ctrica de Tornquist. Turismo, Pol\u00edtica, Sociedad, Deporte, Cultura y todo el contenido de inter\u00e9s general que la gente del pueblo y la regi\u00f3n debe conocer.\" \/>\n<meta property=\"og:url\" content=\"https:\/\/www.celttv.com.ar\/index.php\/2014\/12\/30\/evaluan-danos-tras-el-intenso-temporal-de-lluvia-y-viento\/\" \/>\n<meta property=\"og:site_name\" content=\"CELTTV\" \/>\n<meta property=\"article:publisher\" content=\"https:\/\/www.facebook.com\/celtTV\/\" \/>\n<meta property=\"article:published_time\" content=\"2014-12-30T22:43:44+00:00\" \/>\n<meta property=\"og:image\" content=\"http:\/\/www.tvcnoticias.com.ar\/wp-content\/uploads\/2014\/12\/DSCN9901-1280x960-Small-450x337.jpg\" \/>\n<meta name=\"author\" content=\"ulises\" \/>\n<meta name=\"twitter:card\" content=\"summary_large_image\" \/>\n<meta name=\"twitter:label1\" content=\"Escrito por\" \/>\n\t<meta name=\"twitter:data1\" content=\"ulises\" \/>\n\t<meta name=\"twitter:label2\" content=\"Tiempo de lectura\" \/>\n\t<meta name=\"twitter:data2\" content=\"2 minutos\" \/>\n<script type=\"application\/ld+json\" class=\"yoast-schema-graph\">{\"@context\":\"https:\/\/schema.org\",\"@graph\":[{\"@type\":\"NewsArticle\",\"@id\":\"https:\/\/www.celttv.com.ar\/index.php\/2014\/12\/30\/evaluan-danos-tras-el-intenso-temporal-de-lluvia-y-viento\/#article\",\"isPartOf\":{\"@id\":\"https:\/\/www.celttv.com.ar\/index.php\/2014\/12\/30\/evaluan-danos-tras-el-intenso-temporal-de-lluvia-y-viento\/\"},\"author\":{\"name\":\"ulises\",\"@id\":\"https:\/\/www.celttv.com.ar\/#\/schema\/person\/6d99c072dba59953809c81446e9d0ace\"},\"headline\":\"EVALUAN DA\u00d1OS TRAS EL INTENSO TEMPORAL DE LLUVIA Y VIENTO\",\"datePublished\":\"2014-12-30T22:43:44+00:00\",\"dateModified\":\"2014-12-30T22:43:44+00:00\",\"mainEntityOfPage\":{\"@id\":\"https:\/\/www.celttv.com.ar\/index.php\/2014\/12\/30\/evaluan-danos-tras-el-intenso-temporal-de-lluvia-y-viento\/\"},\"wordCount\":347,\"publisher\":{\"@id\":\"https:\/\/www.celttv.com.ar\/#organization\"},\"articleSection\":[\"Comunidad\",\"Destacadas\",\"Pol\u00edtica\"],\"inLanguage\":\"es\"},{\"@type\":\"WebPage\",\"@id\":\"https:\/\/www.celttv.com.ar\/index.php\/2014\/12\/30\/evaluan-danos-tras-el-intenso-temporal-de-lluvia-y-viento\/\",\"url\":\"https:\/\/www.celttv.com.ar\/index.php\/2014\/12\/30\/evaluan-danos-tras-el-intenso-temporal-de-lluvia-y-viento\/\",\"name\":\"EVALUAN DA\u00d1OS TRAS EL INTENSO TEMPORAL DE LLUVIA Y VIENTO - CELTTV\",\"isPartOf\":{\"@id\":\"https:\/\/www.celttv.com.ar\/#website\"},\"datePublished\":\"2014-12-30T22:43:44+00:00\",\"dateModified\":\"2014-12-30T22:43:44+00:00\",\"description\":\"Sitio web de noticias de la localidad de Tornquist, provincia de Buenos Aires, Rep\u00fablica Argentina. Contenido propio originado por periodistas de CELTTV, el canal de TV local de la Cooperativa El\u00e9ctrica de Tornquist. Turismo, Pol\u00edtica, Sociedad, Deporte, Cultura y todo el contenido de inter\u00e9s general que la gente del pueblo y la regi\u00f3n debe conocer.\",\"breadcrumb\":{\"@id\":\"https:\/\/www.celttv.com.ar\/index.php\/2014\/12\/30\/evaluan-danos-tras-el-intenso-temporal-de-lluvia-y-viento\/#breadcrumb\"},\"inLanguage\":\"es\",\"potentialAction\":[{\"@type\":\"ReadAction\",\"target\":[\"https:\/\/www.celttv.com.ar\/index.php\/2014\/12\/30\/evaluan-danos-tras-el-intenso-temporal-de-lluvia-y-viento\/\"]}]},{\"@type\":\"BreadcrumbList\",\"@id\":\"https:\/\/www.celttv.com.ar\/index.php\/2014\/12\/30\/evaluan-danos-tras-el-intenso-temporal-de-lluvia-y-viento\/#breadcrumb\",\"itemListElement\":[{\"@type\":\"ListItem\",\"position\":1,\"name\":\"Inicio\",\"item\":\"https:\/\/www.celttv.com.ar\/\"},{\"@type\":\"ListItem\",\"position\":2,\"name\":\"EVALUAN DA\u00d1OS TRAS EL INTENSO TEMPORAL DE LLUVIA Y VIENTO\"}]},{\"@type\":\"WebSite\",\"@id\":\"https:\/\/www.celttv.com.ar\/#website\",\"url\":\"https:\/\/www.celttv.com.ar\/\",\"name\":\"CELTTV\",\"description\":\"Cooperativa El\u00e9ctrica de Tornquist\",\"publisher\":{\"@id\":\"https:\/\/www.celttv.com.ar\/#organization\"},\"potentialAction\":[{\"@type\":\"SearchAction\",\"target\":{\"@type\":\"EntryPoint\",\"urlTemplate\":\"https:\/\/www.celttv.com.ar\/?s={search_term_string}\"},\"query-input\":\"required name=search_term_string\"}],\"inLanguage\":\"es\"},{\"@type\":\"Organization\",\"@id\":\"https:\/\/www.celttv.com.ar\/#organization\",\"name\":\"CELTTV\",\"url\":\"https:\/\/www.celttv.com.ar\/\",\"sameAs\":[\"https:\/\/www.youtube.com\/channel\/UCz_oIt8Hig64Ub-EmcNPIhg\",\"https:\/\/www.facebook.com\/celtTV\/\"],\"logo\":{\"@type\":\"ImageObject\",\"inLanguage\":\"es\",\"@id\":\"https:\/\/www.celttv.com.ar\/#\/schema\/logo\/image\/\",\"url\":\"http:\/\/www.celttv.com.ar\/wp-content\/uploads\/2022\/08\/logo-1.png\",\"contentUrl\":\"http:\/\/www.celttv.com.ar\/wp-content\/uploads\/2022\/08\/logo-1.png\",\"width\":461,\"height\":159,\"caption\":\"CELTTV\"},\"image\":{\"@id\":\"https:\/\/www.celttv.com.ar\/#\/schema\/logo\/image\/\"}},{\"@type\":\"Person\",\"@id\":\"https:\/\/www.celttv.com.ar\/#\/schema\/person\/6d99c072dba59953809c81446e9d0ace\",\"name\":\"ulises\",\"image\":{\"@type\":\"ImageObject\",\"inLanguage\":\"es\",\"@id\":\"https:\/\/www.celttv.com.ar\/#\/schema\/person\/image\/\",\"url\":\"https:\/\/secure.gravatar.com\/avatar\/7f2c48bdc33b30088f941fb6082e555f2874c98e20cb159d7b92b50eadfce793?s=96&d=mm&r=g\",\"contentUrl\":\"https:\/\/secure.gravatar.com\/avatar\/7f2c48bdc33b30088f941fb6082e555f2874c98e20cb159d7b92b50eadfce793?s=96&d=mm&r=g\",\"caption\":\"ulises\"},\"sameAs\":[\"http:\/\/www.celttv.com.ar\"]}]}<\/script>\n<!-- \/ Yoast SEO plugin. -->","yoast_head_json":{"title":"EVALUAN DA\u00d1OS TRAS EL INTENSO TEMPORAL DE LLUVIA Y VIENTO - CELTTV","description":"Sitio web de noticias de la localidad de Tornquist, provincia de Buenos Aires, Rep\u00fablica Argentina. Contenido propio originado por periodistas de CELTTV, el canal de TV local de la Cooperativa El\u00e9ctrica de Tornquist. Turismo, Pol\u00edtica, Sociedad, Deporte, Cultura y todo el contenido de inter\u00e9s general que la gente del pueblo y la regi\u00f3n debe conocer.","robots":{"index":"index","follow":"follow","max-snippet":"max-snippet:-1","max-image-preview":"max-image-preview:large","max-video-preview":"max-video-preview:-1"},"canonical":"https:\/\/www.celttv.com.ar\/index.php\/2014\/12\/30\/evaluan-danos-tras-el-intenso-temporal-de-lluvia-y-viento\/","og_locale":"es_ES","og_type":"article","og_title":"EVALUAN DA\u00d1OS TRAS EL INTENSO TEMPORAL DE LLUVIA Y VIENTO - CELTTV","og_description":"Sitio web de noticias de la localidad de Tornquist, provincia de Buenos Aires, Rep\u00fablica Argentina. Contenido propio originado por periodistas de CELTTV, el canal de TV local de la Cooperativa El\u00e9ctrica de Tornquist. Turismo, Pol\u00edtica, Sociedad, Deporte, Cultura y todo el contenido de inter\u00e9s general que la gente del pueblo y la regi\u00f3n debe conocer.","og_url":"https:\/\/www.celttv.com.ar\/index.php\/2014\/12\/30\/evaluan-danos-tras-el-intenso-temporal-de-lluvia-y-viento\/","og_site_name":"CELTTV","article_publisher":"https:\/\/www.facebook.com\/celtTV\/","article_published_time":"2014-12-30T22:43:44+00:00","og_image":[{"url":"http:\/\/www.tvcnoticias.com.ar\/wp-content\/uploads\/2014\/12\/DSCN9901-1280x960-Small-450x337.jpg"}],"author":"ulises","twitter_card":"summary_large_image","twitter_misc":{"Escrito por":"ulises","Tiempo de lectura":"2 minutos"},"schema":{"@context":"https:\/\/schema.org","@graph":[{"@type":"NewsArticle","@id":"https:\/\/www.celttv.com.ar\/index.php\/2014\/12\/30\/evaluan-danos-tras-el-intenso-temporal-de-lluvia-y-viento\/#article","isPartOf":{"@id":"https:\/\/www.celttv.com.ar\/index.php\/2014\/12\/30\/evaluan-danos-tras-el-intenso-temporal-de-lluvia-y-viento\/"},"author":{"name":"ulises","@id":"https:\/\/www.celttv.com.ar\/#\/schema\/person\/6d99c072dba59953809c81446e9d0ace"},"headline":"EVALUAN DA\u00d1OS TRAS EL INTENSO TEMPORAL DE LLUVIA Y VIENTO","datePublished":"2014-12-30T22:43:44+00:00","dateModified":"2014-12-30T22:43:44+00:00","mainEntityOfPage":{"@id":"https:\/\/www.celttv.com.ar\/index.php\/2014\/12\/30\/evaluan-danos-tras-el-intenso-temporal-de-lluvia-y-viento\/"},"wordCount":347,"publisher":{"@id":"https:\/\/www.celttv.com.ar\/#organization"},"articleSection":["Comunidad","Destacadas","Pol\u00edtica"],"inLanguage":"es"},{"@type":"WebPage","@id":"https:\/\/www.celttv.com.ar\/index.php\/2014\/12\/30\/evaluan-danos-tras-el-intenso-temporal-de-lluvia-y-viento\/","url":"https:\/\/www.celttv.com.ar\/index.php\/2014\/12\/30\/evaluan-danos-tras-el-intenso-temporal-de-lluvia-y-viento\/","name":"EVALUAN DA\u00d1OS TRAS EL INTENSO TEMPORAL DE LLUVIA Y VIENTO - CELTTV","isPartOf":{"@id":"https:\/\/www.celttv.com.ar\/#website"},"datePublished":"2014-12-30T22:43:44+00:00","dateModified":"2014-12-30T22:43:44+00:00","description":"Sitio web de noticias de la localidad de Tornquist, provincia de Buenos Aires, Rep\u00fablica Argentina. Contenido propio originado por periodistas de CELTTV, el canal de TV local de la Cooperativa El\u00e9ctrica de Tornquist. Turismo, Pol\u00edtica, Sociedad, Deporte, Cultura y todo el contenido de inter\u00e9s general que la gente del pueblo y la regi\u00f3n debe conocer.","breadcrumb":{"@id":"https:\/\/www.celttv.com.ar\/index.php\/2014\/12\/30\/evaluan-danos-tras-el-intenso-temporal-de-lluvia-y-viento\/#breadcrumb"},"inLanguage":"es","potentialAction":[{"@type":"ReadAction","target":["https:\/\/www.celttv.com.ar\/index.php\/2014\/12\/30\/evaluan-danos-tras-el-intenso-temporal-de-lluvia-y-viento\/"]}]},{"@type":"BreadcrumbList","@id":"https:\/\/www.celttv.com.ar\/index.php\/2014\/12\/30\/evaluan-danos-tras-el-intenso-temporal-de-lluvia-y-viento\/#breadcrumb","itemListElement":[{"@type":"ListItem","position":1,"name":"Inicio","item":"https:\/\/www.celttv.com.ar\/"},{"@type":"ListItem","position":2,"name":"EVALUAN DA\u00d1OS TRAS EL INTENSO TEMPORAL DE LLUVIA Y VIENTO"}]},{"@type":"WebSite","@id":"https:\/\/www.celttv.com.ar\/#website","url":"https:\/\/www.celttv.com.ar\/","name":"CELTTV","description":"Cooperativa El\u00e9ctrica de Tornquist","publisher":{"@id":"https:\/\/www.celttv.com.ar\/#organization"},"potentialAction":[{"@type":"SearchAction","target":{"@type":"EntryPoint","urlTemplate":"https:\/\/www.celttv.com.ar\/?s={search_term_string}"},"query-input":"required name=search_term_string"}],"inLanguage":"es"},{"@type":"Organization","@id":"https:\/\/www.celttv.com.ar\/#organization","name":"CELTTV","url":"https:\/\/www.celttv.com.ar\/","sameAs":["https:\/\/www.youtube.com\/channel\/UCz_oIt8Hig64Ub-EmcNPIhg","https:\/\/www.facebook.com\/celtTV\/"],"logo":{"@type":"ImageObject","inLanguage":"es","@id":"https:\/\/www.celttv.com.ar\/#\/schema\/logo\/image\/","url":"http:\/\/www.celttv.com.ar\/wp-content\/uploads\/2022\/08\/logo-1.png","contentUrl":"http:\/\/www.celttv.com.ar\/wp-content\/uploads\/2022\/08\/logo-1.png","width":461,"height":159,"caption":"CELTTV"},"image":{"@id":"https:\/\/www.celttv.com.ar\/#\/schema\/logo\/image\/"}},{"@type":"Person","@id":"https:\/\/www.celttv.com.ar\/#\/schema\/person\/6d99c072dba59953809c81446e9d0ace","name":"ulises","image":{"@type":"ImageObject","inLanguage":"es","@id":"https:\/\/www.celttv.com.ar\/#\/schema\/person\/image\/","url":"https:\/\/secure.gravatar.com\/avatar\/7f2c48bdc33b30088f941fb6082e555f2874c98e20cb159d7b92b50eadfce793?s=96&d=mm&r=g","contentUrl":"https:\/\/secure.gravatar.com\/avatar\/7f2c48bdc33b30088f941fb6082e555f2874c98e20cb159d7b92b50eadfce793?s=96&d=mm&r=g","caption":"ulises"},"sameAs":["http:\/\/www.celttv.com.ar"]}]}},"_links":{"self":[{"href":"https:\/\/www.celttv.com.ar\/index.php\/wp-json\/wp\/v2\/posts\/26124","targetHints":{"allow":["GET"]}}],"collection":[{"href":"https:\/\/www.celttv.com.ar\/index.php\/wp-json\/wp\/v2\/posts"}],"about":[{"href":"https:\/\/www.celttv.com.ar\/index.php\/wp-json\/wp\/v2\/types\/post"}],"author":[{"embeddable":true,"href":"https:\/\/www.celttv.com.ar\/index.php\/wp-json\/wp\/v2\/users\/1"}],"replies":[{"embeddable":true,"href":"https:\/\/www.celttv.com.ar\/index.php\/wp-json\/wp\/v2\/comments?post=26124"}],"version-history":[{"count":0,"href":"https:\/\/www.celttv.com.ar\/index.php\/wp-json\/wp\/v2\/posts\/26124\/revisions"}],"wp:attachment":[{"href":"https:\/\/www.celttv.com.ar\/index.php\/wp-json\/wp\/v2\/media?parent=26124"}],"wp:term":[{"taxonomy":"category","embeddable":true,"href":"https:\/\/www.celttv.com.ar\/index.php\/wp-json\/wp\/v2\/categories?post=26124"},{"taxonomy":"post_tag","embeddable":true,"href":"https:\/\/www.celttv.com.ar\/index.php\/wp-json\/wp\/v2\/tags?post=26124"}],"curies":[{"name":"wp","href":"https:\/\/api.w.org\/{rel}","templated":true}]}}