{"id":26148,"date":"2014-12-30T22:59:10","date_gmt":"2014-12-30T22:59:10","guid":{"rendered":"http:\/\/www.tvcnoticias.com.ar\/?p=26148"},"modified":"2014-12-30T22:59:10","modified_gmt":"2014-12-30T22:59:10","slug":"el-jefe-de-redes-y-el-presidente-de-la-celt-hablan-de-las-importantes-secuelas-que-dejo-el-temporal","status":"publish","type":"post","link":"https:\/\/www.celttv.com.ar\/index.php\/2014\/12\/30\/el-jefe-de-redes-y-el-presidente-de-la-celt-hablan-de-las-importantes-secuelas-que-dejo-el-temporal\/","title":{"rendered":"EL JEFE DE REDES Y EL PRESIDENTE DE LA CELT. HABLAN DE LAS IMPORTANTES SECUELAS QUE DEJ\u00d3 EL TEMPORAL"},"content":{"rendered":"<p><a href=\"https:\/\/www.youtube.com\/watch?v=2ks2g_xASJc\">httpv:\/\/www.youtube.com\/watch?v=2ks2g_xASJc<\/a><br \/>\n<a href=\"https:\/\/www.youtube.com\/watch?v=HxEmdLEdCSE\">httpv:\/\/www.youtube.com\/watch?v=HxEmdLEdCSE<\/a><br \/>\nAlberto Rubio, presidente, y Ariel Abalos, jefe de redes de la Cooperativa El\u00e9ctrica de Tornquist brindan un panorama sobre las importantes secuelas que dej\u00f3 este fen\u00f3meno clim\u00e1tico y que demandar\u00e1 varios d\u00edas hasta poder reponer el servicio en su totalidad.<br \/>\nAbalos consider\u00f3 al fen\u00f3meno &#8220;sin precedentes en los \u00faltimos 25 a\u00f1os&#8221;, aclarando que se est\u00e1n tratando de priorizar los trabajos en funci\u00f3n de las distintas situaciones.<br \/>\nEl jefe de redes de la CELT. se\u00f1al\u00f3 que se est\u00e1 priorizando la vida humana y procurando trabajar sobre la lineas troncales, dejando en claro que el fen\u00f3meno afect\u00f3 varios tendidos, arrasando con postaciones enteras y en algunos casos sin posibilidad en lo inmediato de poder ingresar a distintos sectores.<br \/>\nPor su parte el presidente de la CELT. destac\u00f3 la tarea del personal, incluso de aquellos que debieron interrumpir sus vacaciones para sumarse a los trabajos para reponer el servicio en los distintos sectores.<br \/>\n&#8220;En este momento estamos abocados a reponer el servicios porque sabemos de la necesidad de contar con energ\u00eda el\u00e9ctrica y lo que significa no tenerla, pero este fen\u00f3meno clim\u00e1tico ha dejados secuelas importantes y va a demandar varios d\u00edas, hasta volver a la normalidad&#8221;<br \/>\n&nbsp;<br \/>\n&nbsp;<\/p>\n","protected":false},"excerpt":{"rendered":"<p>httpv:\/\/www.youtube.com\/watch?v=2ks2g_xASJc httpv:\/\/www.youtube.com\/watch?v=HxEmdLEdCSE Alberto Rubio, presidente, y Ariel Abalos, jefe de redes de la Cooperativa El\u00e9ctrica de Tornquist brindan un panorama sobre las importantes secuelas que dej\u00f3 este fen\u00f3meno clim\u00e1tico y que demandar\u00e1 varios d\u00edas hasta poder reponer el servicio en su totalidad. Abalos consider\u00f3 al fen\u00f3meno &#8220;sin precedentes en los \u00faltimos 25 a\u00f1os&#8221;, aclarando que [&hellip;]<\/p>\n","protected":false},"author":1,"featured_media":0,"comment_status":"closed","ping_status":"open","sticky":false,"template":"","format":"standard","meta":{"footnotes":""},"categories":[51,52,64],"tags":[],"class_list":["post-26148","post","type-post","status-publish","format-standard","hentry","category-comunidad","category-destacadas","category-videos-destacados"],"yoast_head":"<!-- This site is optimized with the Yoast SEO plugin v19.7.1 - https:\/\/yoast.com\/wordpress\/plugins\/seo\/ -->\n<title>EL JEFE DE REDES Y EL PRESIDENTE DE LA CELT. HABLAN DE LAS IMPORTANTES SECUELAS QUE DEJ\u00d3 EL TEMPORAL - CELTTV<\/title>\n<meta name=\"description\" content=\"Sitio web de noticias de la localidad de Tornquist, provincia de Buenos Aires, Rep\u00fablica Argentina. Contenido propio originado por periodistas de CELTTV, el canal de TV local de la Cooperativa El\u00e9ctrica de Tornquist. Turismo, Pol\u00edtica, Sociedad, Deporte, Cultura y todo el contenido de inter\u00e9s general que la gente del pueblo y la regi\u00f3n debe conocer.\" \/>\n<meta name=\"robots\" content=\"index, follow, max-snippet:-1, max-image-preview:large, max-video-preview:-1\" \/>\n<link rel=\"canonical\" href=\"https:\/\/www.celttv.com.ar\/index.php\/2014\/12\/30\/el-jefe-de-redes-y-el-presidente-de-la-celt-hablan-de-las-importantes-secuelas-que-dejo-el-temporal\/\" \/>\n<meta property=\"og:locale\" content=\"es_ES\" \/>\n<meta property=\"og:type\" content=\"article\" \/>\n<meta property=\"og:title\" content=\"EL JEFE DE REDES Y EL PRESIDENTE DE LA CELT. HABLAN DE LAS IMPORTANTES SECUELAS QUE DEJ\u00d3 EL TEMPORAL - CELTTV\" \/>\n<meta property=\"og:description\" content=\"Sitio web de noticias de la localidad de Tornquist, provincia de Buenos Aires, Rep\u00fablica Argentina. Contenido propio originado por periodistas de CELTTV, el canal de TV local de la Cooperativa El\u00e9ctrica de Tornquist. Turismo, Pol\u00edtica, Sociedad, Deporte, Cultura y todo el contenido de inter\u00e9s general que la gente del pueblo y la regi\u00f3n debe conocer.\" \/>\n<meta property=\"og:url\" content=\"https:\/\/www.celttv.com.ar\/index.php\/2014\/12\/30\/el-jefe-de-redes-y-el-presidente-de-la-celt-hablan-de-las-importantes-secuelas-que-dejo-el-temporal\/\" \/>\n<meta property=\"og:site_name\" content=\"CELTTV\" \/>\n<meta property=\"article:publisher\" content=\"https:\/\/www.facebook.com\/celtTV\/\" \/>\n<meta property=\"article:published_time\" content=\"2014-12-30T22:59:10+00:00\" \/>\n<meta name=\"author\" content=\"ulises\" \/>\n<meta name=\"twitter:card\" content=\"summary_large_image\" \/>\n<meta name=\"twitter:label1\" content=\"Escrito por\" \/>\n\t<meta name=\"twitter:data1\" content=\"ulises\" \/>\n\t<meta name=\"twitter:label2\" content=\"Tiempo de lectura\" \/>\n\t<meta name=\"twitter:data2\" content=\"1 minuto\" \/>\n<script type=\"application\/ld+json\" class=\"yoast-schema-graph\">{\"@context\":\"https:\/\/schema.org\",\"@graph\":[{\"@type\":\"NewsArticle\",\"@id\":\"https:\/\/www.celttv.com.ar\/index.php\/2014\/12\/30\/el-jefe-de-redes-y-el-presidente-de-la-celt-hablan-de-las-importantes-secuelas-que-dejo-el-temporal\/#article\",\"isPartOf\":{\"@id\":\"https:\/\/www.celttv.com.ar\/index.php\/2014\/12\/30\/el-jefe-de-redes-y-el-presidente-de-la-celt-hablan-de-las-importantes-secuelas-que-dejo-el-temporal\/\"},\"author\":{\"name\":\"ulises\",\"@id\":\"https:\/\/www.celttv.com.ar\/#\/schema\/person\/6d99c072dba59953809c81446e9d0ace\"},\"headline\":\"EL JEFE DE REDES Y EL PRESIDENTE DE LA CELT. HABLAN DE LAS IMPORTANTES SECUELAS QUE DEJ\u00d3 EL TEMPORAL\",\"datePublished\":\"2014-12-30T22:59:10+00:00\",\"dateModified\":\"2014-12-30T22:59:10+00:00\",\"mainEntityOfPage\":{\"@id\":\"https:\/\/www.celttv.com.ar\/index.php\/2014\/12\/30\/el-jefe-de-redes-y-el-presidente-de-la-celt-hablan-de-las-importantes-secuelas-que-dejo-el-temporal\/\"},\"wordCount\":245,\"publisher\":{\"@id\":\"https:\/\/www.celttv.com.ar\/#organization\"},\"articleSection\":[\"Comunidad\",\"Destacadas\",\"Videos Destacados\"],\"inLanguage\":\"es\"},{\"@type\":\"WebPage\",\"@id\":\"https:\/\/www.celttv.com.ar\/index.php\/2014\/12\/30\/el-jefe-de-redes-y-el-presidente-de-la-celt-hablan-de-las-importantes-secuelas-que-dejo-el-temporal\/\",\"url\":\"https:\/\/www.celttv.com.ar\/index.php\/2014\/12\/30\/el-jefe-de-redes-y-el-presidente-de-la-celt-hablan-de-las-importantes-secuelas-que-dejo-el-temporal\/\",\"name\":\"EL JEFE DE REDES Y EL PRESIDENTE DE LA CELT. HABLAN DE LAS IMPORTANTES SECUELAS QUE DEJ\u00d3 EL TEMPORAL - CELTTV\",\"isPartOf\":{\"@id\":\"https:\/\/www.celttv.com.ar\/#website\"},\"datePublished\":\"2014-12-30T22:59:10+00:00\",\"dateModified\":\"2014-12-30T22:59:10+00:00\",\"description\":\"Sitio web de noticias de la localidad de Tornquist, provincia de Buenos Aires, Rep\u00fablica Argentina. Contenido propio originado por periodistas de CELTTV, el canal de TV local de la Cooperativa El\u00e9ctrica de Tornquist. Turismo, Pol\u00edtica, Sociedad, Deporte, Cultura y todo el contenido de inter\u00e9s general que la gente del pueblo y la regi\u00f3n debe conocer.\",\"breadcrumb\":{\"@id\":\"https:\/\/www.celttv.com.ar\/index.php\/2014\/12\/30\/el-jefe-de-redes-y-el-presidente-de-la-celt-hablan-de-las-importantes-secuelas-que-dejo-el-temporal\/#breadcrumb\"},\"inLanguage\":\"es\",\"potentialAction\":[{\"@type\":\"ReadAction\",\"target\":[\"https:\/\/www.celttv.com.ar\/index.php\/2014\/12\/30\/el-jefe-de-redes-y-el-presidente-de-la-celt-hablan-de-las-importantes-secuelas-que-dejo-el-temporal\/\"]}]},{\"@type\":\"BreadcrumbList\",\"@id\":\"https:\/\/www.celttv.com.ar\/index.php\/2014\/12\/30\/el-jefe-de-redes-y-el-presidente-de-la-celt-hablan-de-las-importantes-secuelas-que-dejo-el-temporal\/#breadcrumb\",\"itemListElement\":[{\"@type\":\"ListItem\",\"position\":1,\"name\":\"Inicio\",\"item\":\"https:\/\/www.celttv.com.ar\/\"},{\"@type\":\"ListItem\",\"position\":2,\"name\":\"EL JEFE DE REDES Y EL PRESIDENTE DE LA CELT. HABLAN DE LAS IMPORTANTES SECUELAS QUE DEJ\u00d3 EL TEMPORAL\"}]},{\"@type\":\"WebSite\",\"@id\":\"https:\/\/www.celttv.com.ar\/#website\",\"url\":\"https:\/\/www.celttv.com.ar\/\",\"name\":\"CELTTV\",\"description\":\"Cooperativa El\u00e9ctrica de Tornquist\",\"publisher\":{\"@id\":\"https:\/\/www.celttv.com.ar\/#organization\"},\"potentialAction\":[{\"@type\":\"SearchAction\",\"target\":{\"@type\":\"EntryPoint\",\"urlTemplate\":\"https:\/\/www.celttv.com.ar\/?s={search_term_string}\"},\"query-input\":\"required name=search_term_string\"}],\"inLanguage\":\"es\"},{\"@type\":\"Organization\",\"@id\":\"https:\/\/www.celttv.com.ar\/#organization\",\"name\":\"CELTTV\",\"url\":\"https:\/\/www.celttv.com.ar\/\",\"sameAs\":[\"https:\/\/www.youtube.com\/channel\/UCz_oIt8Hig64Ub-EmcNPIhg\",\"https:\/\/www.facebook.com\/celtTV\/\"],\"logo\":{\"@type\":\"ImageObject\",\"inLanguage\":\"es\",\"@id\":\"https:\/\/www.celttv.com.ar\/#\/schema\/logo\/image\/\",\"url\":\"http:\/\/www.celttv.com.ar\/wp-content\/uploads\/2022\/08\/logo-1.png\",\"contentUrl\":\"http:\/\/www.celttv.com.ar\/wp-content\/uploads\/2022\/08\/logo-1.png\",\"width\":461,\"height\":159,\"caption\":\"CELTTV\"},\"image\":{\"@id\":\"https:\/\/www.celttv.com.ar\/#\/schema\/logo\/image\/\"}},{\"@type\":\"Person\",\"@id\":\"https:\/\/www.celttv.com.ar\/#\/schema\/person\/6d99c072dba59953809c81446e9d0ace\",\"name\":\"ulises\",\"image\":{\"@type\":\"ImageObject\",\"inLanguage\":\"es\",\"@id\":\"https:\/\/www.celttv.com.ar\/#\/schema\/person\/image\/\",\"url\":\"https:\/\/secure.gravatar.com\/avatar\/7f2c48bdc33b30088f941fb6082e555f2874c98e20cb159d7b92b50eadfce793?s=96&d=mm&r=g\",\"contentUrl\":\"https:\/\/secure.gravatar.com\/avatar\/7f2c48bdc33b30088f941fb6082e555f2874c98e20cb159d7b92b50eadfce793?s=96&d=mm&r=g\",\"caption\":\"ulises\"},\"sameAs\":[\"http:\/\/www.celttv.com.ar\"]}]}<\/script>\n<!-- \/ Yoast SEO plugin. -->","yoast_head_json":{"title":"EL JEFE DE REDES Y EL PRESIDENTE DE LA CELT. HABLAN DE LAS IMPORTANTES SECUELAS QUE DEJ\u00d3 EL TEMPORAL - CELTTV","description":"Sitio web de noticias de la localidad de Tornquist, provincia de Buenos Aires, Rep\u00fablica Argentina. Contenido propio originado por periodistas de CELTTV, el canal de TV local de la Cooperativa El\u00e9ctrica de Tornquist. Turismo, Pol\u00edtica, Sociedad, Deporte, Cultura y todo el contenido de inter\u00e9s general que la gente del pueblo y la regi\u00f3n debe conocer.","robots":{"index":"index","follow":"follow","max-snippet":"max-snippet:-1","max-image-preview":"max-image-preview:large","max-video-preview":"max-video-preview:-1"},"canonical":"https:\/\/www.celttv.com.ar\/index.php\/2014\/12\/30\/el-jefe-de-redes-y-el-presidente-de-la-celt-hablan-de-las-importantes-secuelas-que-dejo-el-temporal\/","og_locale":"es_ES","og_type":"article","og_title":"EL JEFE DE REDES Y EL PRESIDENTE DE LA CELT. HABLAN DE LAS IMPORTANTES SECUELAS QUE DEJ\u00d3 EL TEMPORAL - CELTTV","og_description":"Sitio web de noticias de la localidad de Tornquist, provincia de Buenos Aires, Rep\u00fablica Argentina. Contenido propio originado por periodistas de CELTTV, el canal de TV local de la Cooperativa El\u00e9ctrica de Tornquist. Turismo, Pol\u00edtica, Sociedad, Deporte, Cultura y todo el contenido de inter\u00e9s general que la gente del pueblo y la regi\u00f3n debe conocer.","og_url":"https:\/\/www.celttv.com.ar\/index.php\/2014\/12\/30\/el-jefe-de-redes-y-el-presidente-de-la-celt-hablan-de-las-importantes-secuelas-que-dejo-el-temporal\/","og_site_name":"CELTTV","article_publisher":"https:\/\/www.facebook.com\/celtTV\/","article_published_time":"2014-12-30T22:59:10+00:00","author":"ulises","twitter_card":"summary_large_image","twitter_misc":{"Escrito por":"ulises","Tiempo de lectura":"1 minuto"},"schema":{"@context":"https:\/\/schema.org","@graph":[{"@type":"NewsArticle","@id":"https:\/\/www.celttv.com.ar\/index.php\/2014\/12\/30\/el-jefe-de-redes-y-el-presidente-de-la-celt-hablan-de-las-importantes-secuelas-que-dejo-el-temporal\/#article","isPartOf":{"@id":"https:\/\/www.celttv.com.ar\/index.php\/2014\/12\/30\/el-jefe-de-redes-y-el-presidente-de-la-celt-hablan-de-las-importantes-secuelas-que-dejo-el-temporal\/"},"author":{"name":"ulises","@id":"https:\/\/www.celttv.com.ar\/#\/schema\/person\/6d99c072dba59953809c81446e9d0ace"},"headline":"EL JEFE DE REDES Y EL PRESIDENTE DE LA CELT. HABLAN DE LAS IMPORTANTES SECUELAS QUE DEJ\u00d3 EL TEMPORAL","datePublished":"2014-12-30T22:59:10+00:00","dateModified":"2014-12-30T22:59:10+00:00","mainEntityOfPage":{"@id":"https:\/\/www.celttv.com.ar\/index.php\/2014\/12\/30\/el-jefe-de-redes-y-el-presidente-de-la-celt-hablan-de-las-importantes-secuelas-que-dejo-el-temporal\/"},"wordCount":245,"publisher":{"@id":"https:\/\/www.celttv.com.ar\/#organization"},"articleSection":["Comunidad","Destacadas","Videos Destacados"],"inLanguage":"es"},{"@type":"WebPage","@id":"https:\/\/www.celttv.com.ar\/index.php\/2014\/12\/30\/el-jefe-de-redes-y-el-presidente-de-la-celt-hablan-de-las-importantes-secuelas-que-dejo-el-temporal\/","url":"https:\/\/www.celttv.com.ar\/index.php\/2014\/12\/30\/el-jefe-de-redes-y-el-presidente-de-la-celt-hablan-de-las-importantes-secuelas-que-dejo-el-temporal\/","name":"EL JEFE DE REDES Y EL PRESIDENTE DE LA CELT. HABLAN DE LAS IMPORTANTES SECUELAS QUE DEJ\u00d3 EL TEMPORAL - CELTTV","isPartOf":{"@id":"https:\/\/www.celttv.com.ar\/#website"},"datePublished":"2014-12-30T22:59:10+00:00","dateModified":"2014-12-30T22:59:10+00:00","description":"Sitio web de noticias de la localidad de Tornquist, provincia de Buenos Aires, Rep\u00fablica Argentina. Contenido propio originado por periodistas de CELTTV, el canal de TV local de la Cooperativa El\u00e9ctrica de Tornquist. Turismo, Pol\u00edtica, Sociedad, Deporte, Cultura y todo el contenido de inter\u00e9s general que la gente del pueblo y la regi\u00f3n debe conocer.","breadcrumb":{"@id":"https:\/\/www.celttv.com.ar\/index.php\/2014\/12\/30\/el-jefe-de-redes-y-el-presidente-de-la-celt-hablan-de-las-importantes-secuelas-que-dejo-el-temporal\/#breadcrumb"},"inLanguage":"es","potentialAction":[{"@type":"ReadAction","target":["https:\/\/www.celttv.com.ar\/index.php\/2014\/12\/30\/el-jefe-de-redes-y-el-presidente-de-la-celt-hablan-de-las-importantes-secuelas-que-dejo-el-temporal\/"]}]},{"@type":"BreadcrumbList","@id":"https:\/\/www.celttv.com.ar\/index.php\/2014\/12\/30\/el-jefe-de-redes-y-el-presidente-de-la-celt-hablan-de-las-importantes-secuelas-que-dejo-el-temporal\/#breadcrumb","itemListElement":[{"@type":"ListItem","position":1,"name":"Inicio","item":"https:\/\/www.celttv.com.ar\/"},{"@type":"ListItem","position":2,"name":"EL JEFE DE REDES Y EL PRESIDENTE DE LA CELT. HABLAN DE LAS IMPORTANTES SECUELAS QUE DEJ\u00d3 EL TEMPORAL"}]},{"@type":"WebSite","@id":"https:\/\/www.celttv.com.ar\/#website","url":"https:\/\/www.celttv.com.ar\/","name":"CELTTV","description":"Cooperativa El\u00e9ctrica de Tornquist","publisher":{"@id":"https:\/\/www.celttv.com.ar\/#organization"},"potentialAction":[{"@type":"SearchAction","target":{"@type":"EntryPoint","urlTemplate":"https:\/\/www.celttv.com.ar\/?s={search_term_string}"},"query-input":"required name=search_term_string"}],"inLanguage":"es"},{"@type":"Organization","@id":"https:\/\/www.celttv.com.ar\/#organization","name":"CELTTV","url":"https:\/\/www.celttv.com.ar\/","sameAs":["https:\/\/www.youtube.com\/channel\/UCz_oIt8Hig64Ub-EmcNPIhg","https:\/\/www.facebook.com\/celtTV\/"],"logo":{"@type":"ImageObject","inLanguage":"es","@id":"https:\/\/www.celttv.com.ar\/#\/schema\/logo\/image\/","url":"http:\/\/www.celttv.com.ar\/wp-content\/uploads\/2022\/08\/logo-1.png","contentUrl":"http:\/\/www.celttv.com.ar\/wp-content\/uploads\/2022\/08\/logo-1.png","width":461,"height":159,"caption":"CELTTV"},"image":{"@id":"https:\/\/www.celttv.com.ar\/#\/schema\/logo\/image\/"}},{"@type":"Person","@id":"https:\/\/www.celttv.com.ar\/#\/schema\/person\/6d99c072dba59953809c81446e9d0ace","name":"ulises","image":{"@type":"ImageObject","inLanguage":"es","@id":"https:\/\/www.celttv.com.ar\/#\/schema\/person\/image\/","url":"https:\/\/secure.gravatar.com\/avatar\/7f2c48bdc33b30088f941fb6082e555f2874c98e20cb159d7b92b50eadfce793?s=96&d=mm&r=g","contentUrl":"https:\/\/secure.gravatar.com\/avatar\/7f2c48bdc33b30088f941fb6082e555f2874c98e20cb159d7b92b50eadfce793?s=96&d=mm&r=g","caption":"ulises"},"sameAs":["http:\/\/www.celttv.com.ar"]}]}},"_links":{"self":[{"href":"https:\/\/www.celttv.com.ar\/index.php\/wp-json\/wp\/v2\/posts\/26148","targetHints":{"allow":["GET"]}}],"collection":[{"href":"https:\/\/www.celttv.com.ar\/index.php\/wp-json\/wp\/v2\/posts"}],"about":[{"href":"https:\/\/www.celttv.com.ar\/index.php\/wp-json\/wp\/v2\/types\/post"}],"author":[{"embeddable":true,"href":"https:\/\/www.celttv.com.ar\/index.php\/wp-json\/wp\/v2\/users\/1"}],"replies":[{"embeddable":true,"href":"https:\/\/www.celttv.com.ar\/index.php\/wp-json\/wp\/v2\/comments?post=26148"}],"version-history":[{"count":0,"href":"https:\/\/www.celttv.com.ar\/index.php\/wp-json\/wp\/v2\/posts\/26148\/revisions"}],"wp:attachment":[{"href":"https:\/\/www.celttv.com.ar\/index.php\/wp-json\/wp\/v2\/media?parent=26148"}],"wp:term":[{"taxonomy":"category","embeddable":true,"href":"https:\/\/www.celttv.com.ar\/index.php\/wp-json\/wp\/v2\/categories?post=26148"},{"taxonomy":"post_tag","embeddable":true,"href":"https:\/\/www.celttv.com.ar\/index.php\/wp-json\/wp\/v2\/tags?post=26148"}],"curies":[{"name":"wp","href":"https:\/\/api.w.org\/{rel}","templated":true}]}}