{"id":26151,"date":"2014-12-31T01:21:44","date_gmt":"2014-12-31T01:21:44","guid":{"rendered":"http:\/\/www.tvcnoticias.com.ar\/?p=26151"},"modified":"2014-12-31T01:21:44","modified_gmt":"2014-12-31T01:21:44","slug":"observador-serrano-fue-reconocido-por-el-hcd-por-sus-30-anos-de-trayectoria","status":"publish","type":"post","link":"https:\/\/www.celttv.com.ar\/index.php\/2014\/12\/31\/observador-serrano-fue-reconocido-por-el-hcd-por-sus-30-anos-de-trayectoria\/","title":{"rendered":"OBSERVADOR SERRANO FUE RECONOCIDO POR EL HCD. POR SUS 30 A\u00d1OS DE TRAYECTORIA (todos los videos)"},"content":{"rendered":"<p><a href=\"https:\/\/www.youtube.com\/watch?v=4iGGrnOQPrQ\">httpv:\/\/www.youtube.com\/watch?v=4iGGrnOQPrQ<\/a><br \/>\n<a href=\"https:\/\/www.youtube.com\/watch?v=lJFBEpI9yrI\">httpv:\/\/www.youtube.com\/watch?v=lJFBEpI9yrI<\/a><br \/>\n<a href=\"https:\/\/www.youtube.com\/watch?v=7G1DEcbl2v4\">httpv:\/\/www.youtube.com\/watch?v=7G1DEcbl2v4<\/a><br \/>\n<a href=\"https:\/\/www.youtube.com\/watch?v=8Hbyn3sEKh0\">httpv:\/\/www.youtube.com\/watch?v=8Hbyn3sEKh0<\/a><br \/>\n<a href=\"https:\/\/www.youtube.com\/watch?v=d0pjs-zUP5c\">httpv:\/\/www.youtube.com\/watch?v=d0pjs-zUP5c<\/a><br \/>\n<a href=\"https:\/\/www.youtube.com\/watch?v=UtcfPnJ9KlU\">httpv:\/\/www.youtube.com\/watch?v=UtcfPnJ9KlU<\/a><br \/>\n<a href=\"https:\/\/www.youtube.com\/watch?v=bGwPG54kdJ8\">httpv:\/\/www.youtube.com\/watch?v=bGwPG54kdJ8<\/a><br \/>\n[audio:http:\/\/www.tvcnoticias.com.ar\/wp-content\/uploads\/2014\/12\/Sesion-especial-pasar-radio.mp3|titles=Sesion especial pasar radio]<br \/>\n[audio:http:\/\/www.tvcnoticias.com.ar\/wp-content\/uploads\/2014\/12\/Nota-con-Graciela-Heiland.mp3|titles=Nota con Graciela Heiland]<br \/>\n[audio:http:\/\/www.tvcnoticias.com.ar\/wp-content\/uploads\/2014\/12\/Nota-con-Jessica-Herrada.mp3|titles=Nota con Jessica Herrada]<br \/>\n[audio:http:\/\/www.tvcnoticias.com.ar\/wp-content\/uploads\/2014\/12\/Nota-con-Miguel-Herrada.mp3|titles=Nota con Miguel Herrada]<br \/>\n<span style=\"font-size: x-small;\"><span style=\"font-family: Verdana, Arial, Helvetica, sans-serif;\">Por iniciativa del Frente para la Victoria, este lunes por la tarde en el Honorable Concejo Deliberante, los concejales en su totalidad, destacaron la labor al cumplirse 30 a\u00f1os del Semanario Observador Serrano dirigido por Miguel Herrada, que recibi\u00f3 distintos reconocimientos en un emotivo acto y ante la presencia de su familia.<\/span><\/span><br \/>\n<span style=\"font-size: x-small;\"><span style=\"font-family: Verdana, Arial, Helvetica, sans-serif;\">Miguel destac\u00f3 en sus palabras los comienzos en abril de 1984 cuando ve\u00eda la luz la primera edici\u00f3n junto a sus colaboradores Miguel Sarmiento y Rodolfo Tisera. Adem\u00e1s le hizo entrega al Presidente Sergio Bordoni del primer ejemplar original y las diez primeras ediciones digitalizadas.<\/span><\/span><br \/>\n<span style=\"font-size: x-small;\"><span style=\"font-family: Verdana, Arial, Helvetica, sans-serif;\">Concejales de varios bloques hicieron entrega de presentes al que tambi\u00e9n\u00a0nos sumamos\u00a0y varios ediles hicieron uso de la palabra para destacar la labor period\u00edstica durante 30 a\u00f1os de Trayectoria.<\/span><\/span><br \/>\n<span style=\"font-size: x-small;\"><span style=\"font-family: Verdana, Arial, Helvetica, sans-serif;\">Los Comienzos<\/span><\/span><br \/>\n<span style=\"font-size: x-small;\"><span style=\"font-family: Verdana, Arial, Helvetica, sans-serif;\">Observador Serrano naci\u00f3 el 17 de Abril de 1984 cuando Tornquist cumpl\u00eda 101 a\u00f1os y tomaba la posta del antiguo diario Tornquist que apareci\u00f3 desde 1921 hasta 1980 bajo las l\u00edneas editoriales de Aquiles Evangelista y Luis Mar\u00eda Serralunga.<\/span><\/span><br \/>\n<span style=\"font-size: x-small;\"><span style=\"font-family: Verdana, Arial, Helvetica, sans-serif;\">Pas\u00f3 por varios tama\u00f1os que reflejaban adem\u00e1s las crisis que sufri\u00f3\u00a0el pa\u00eds pero se logr\u00f3 mantener durante el tiempo y en este 2014 cumpli\u00f3 sus 30 a\u00f1os como medio gr\u00e1fico hoy casi avasallado por el formato digital, pero resistiendo en papel, porque no hay nada mas placentero que leer un diario y m\u00e1s a\u00fan cuando refleja la historia local.<\/span><\/span><br \/>\n<span style=\"font-size: x-small;\"><span style=\"font-family: Verdana, Arial, Helvetica, sans-serif;\">Brindamos junto a Observador Serrano en el a\u00f1o que se inicia.<\/span><\/span><br \/>\n<span style=\"font-size: x-small;\"><span style=\"font-family: Verdana, Arial, Helvetica, sans-serif;\">\u201cLo que con mucho trabajo se adquiere, m\u00e1s se ama\u201d (Arist\u00f3teles).<\/span><\/span><br \/>\n<span style=\"font-size: x-small;\"><span style=\"font-family: Verdana, Arial, Helvetica, sans-serif;\">Informe: Marcelo Alga\u00f1araz<\/span><\/span><br \/>\n&nbsp;<\/p>\n","protected":false},"excerpt":{"rendered":"<p>httpv:\/\/www.youtube.com\/watch?v=4iGGrnOQPrQ httpv:\/\/www.youtube.com\/watch?v=lJFBEpI9yrI httpv:\/\/www.youtube.com\/watch?v=7G1DEcbl2v4 httpv:\/\/www.youtube.com\/watch?v=8Hbyn3sEKh0 httpv:\/\/www.youtube.com\/watch?v=d0pjs-zUP5c httpv:\/\/www.youtube.com\/watch?v=UtcfPnJ9KlU httpv:\/\/www.youtube.com\/watch?v=bGwPG54kdJ8 [audio:http:\/\/www.tvcnoticias.com.ar\/wp-content\/uploads\/2014\/12\/Sesion-especial-pasar-radio.mp3|titles=Sesion especial pasar radio] [audio:http:\/\/www.tvcnoticias.com.ar\/wp-content\/uploads\/2014\/12\/Nota-con-Graciela-Heiland.mp3|titles=Nota con Graciela Heiland] [audio:http:\/\/www.tvcnoticias.com.ar\/wp-content\/uploads\/2014\/12\/Nota-con-Jessica-Herrada.mp3|titles=Nota con Jessica Herrada] [audio:http:\/\/www.tvcnoticias.com.ar\/wp-content\/uploads\/2014\/12\/Nota-con-Miguel-Herrada.mp3|titles=Nota con Miguel Herrada] Por iniciativa del Frente para la Victoria, este lunes por la tarde en el Honorable Concejo Deliberante, los concejales en su totalidad, destacaron la labor al cumplirse 30 a\u00f1os del Semanario Observador [&hellip;]<\/p>\n","protected":false},"author":1,"featured_media":0,"comment_status":"closed","ping_status":"open","sticky":false,"template":"","format":"standard","meta":{"footnotes":""},"categories":[51,52,53,64],"tags":[],"class_list":["post-26151","post","type-post","status-publish","format-standard","hentry","category-comunidad","category-destacadas","category-politica","category-videos-destacados"],"yoast_head":"<!-- This site is optimized with the Yoast SEO plugin v19.7.1 - https:\/\/yoast.com\/wordpress\/plugins\/seo\/ -->\n<title>OBSERVADOR SERRANO FUE RECONOCIDO POR EL HCD. POR SUS 30 A\u00d1OS DE TRAYECTORIA (todos los videos) - CELTTV<\/title>\n<meta name=\"description\" content=\"Sitio web de noticias de la localidad de Tornquist, provincia de Buenos Aires, Rep\u00fablica Argentina. Contenido propio originado por periodistas de CELTTV, el canal de TV local de la Cooperativa El\u00e9ctrica de Tornquist. Turismo, Pol\u00edtica, Sociedad, Deporte, Cultura y todo el contenido de inter\u00e9s general que la gente del pueblo y la regi\u00f3n debe conocer.\" \/>\n<meta name=\"robots\" content=\"index, follow, max-snippet:-1, max-image-preview:large, max-video-preview:-1\" \/>\n<link rel=\"canonical\" href=\"https:\/\/www.celttv.com.ar\/index.php\/2014\/12\/31\/observador-serrano-fue-reconocido-por-el-hcd-por-sus-30-anos-de-trayectoria\/\" \/>\n<meta property=\"og:locale\" content=\"es_ES\" \/>\n<meta property=\"og:type\" content=\"article\" \/>\n<meta property=\"og:title\" content=\"OBSERVADOR SERRANO FUE RECONOCIDO POR EL HCD. POR SUS 30 A\u00d1OS DE TRAYECTORIA (todos los videos) - CELTTV\" \/>\n<meta property=\"og:description\" content=\"Sitio web de noticias de la localidad de Tornquist, provincia de Buenos Aires, Rep\u00fablica Argentina. Contenido propio originado por periodistas de CELTTV, el canal de TV local de la Cooperativa El\u00e9ctrica de Tornquist. Turismo, Pol\u00edtica, Sociedad, Deporte, Cultura y todo el contenido de inter\u00e9s general que la gente del pueblo y la regi\u00f3n debe conocer.\" \/>\n<meta property=\"og:url\" content=\"https:\/\/www.celttv.com.ar\/index.php\/2014\/12\/31\/observador-serrano-fue-reconocido-por-el-hcd-por-sus-30-anos-de-trayectoria\/\" \/>\n<meta property=\"og:site_name\" content=\"CELTTV\" \/>\n<meta property=\"article:publisher\" content=\"https:\/\/www.facebook.com\/celtTV\/\" \/>\n<meta property=\"article:published_time\" content=\"2014-12-31T01:21:44+00:00\" \/>\n<meta name=\"author\" content=\"ulises\" \/>\n<meta name=\"twitter:card\" content=\"summary_large_image\" \/>\n<meta name=\"twitter:label1\" content=\"Escrito por\" \/>\n\t<meta name=\"twitter:data1\" content=\"ulises\" \/>\n\t<meta name=\"twitter:label2\" content=\"Tiempo de lectura\" \/>\n\t<meta name=\"twitter:data2\" content=\"2 minutos\" \/>\n<script type=\"application\/ld+json\" class=\"yoast-schema-graph\">{\"@context\":\"https:\/\/schema.org\",\"@graph\":[{\"@type\":\"NewsArticle\",\"@id\":\"https:\/\/www.celttv.com.ar\/index.php\/2014\/12\/31\/observador-serrano-fue-reconocido-por-el-hcd-por-sus-30-anos-de-trayectoria\/#article\",\"isPartOf\":{\"@id\":\"https:\/\/www.celttv.com.ar\/index.php\/2014\/12\/31\/observador-serrano-fue-reconocido-por-el-hcd-por-sus-30-anos-de-trayectoria\/\"},\"author\":{\"name\":\"ulises\",\"@id\":\"https:\/\/www.celttv.com.ar\/#\/schema\/person\/6d99c072dba59953809c81446e9d0ace\"},\"headline\":\"OBSERVADOR SERRANO FUE RECONOCIDO POR EL HCD. POR SUS 30 A\u00d1OS DE TRAYECTORIA (todos los videos)\",\"datePublished\":\"2014-12-31T01:21:44+00:00\",\"dateModified\":\"2014-12-31T01:21:44+00:00\",\"mainEntityOfPage\":{\"@id\":\"https:\/\/www.celttv.com.ar\/index.php\/2014\/12\/31\/observador-serrano-fue-reconocido-por-el-hcd-por-sus-30-anos-de-trayectoria\/\"},\"wordCount\":400,\"publisher\":{\"@id\":\"https:\/\/www.celttv.com.ar\/#organization\"},\"articleSection\":[\"Comunidad\",\"Destacadas\",\"Pol\u00edtica\",\"Videos Destacados\"],\"inLanguage\":\"es\"},{\"@type\":\"WebPage\",\"@id\":\"https:\/\/www.celttv.com.ar\/index.php\/2014\/12\/31\/observador-serrano-fue-reconocido-por-el-hcd-por-sus-30-anos-de-trayectoria\/\",\"url\":\"https:\/\/www.celttv.com.ar\/index.php\/2014\/12\/31\/observador-serrano-fue-reconocido-por-el-hcd-por-sus-30-anos-de-trayectoria\/\",\"name\":\"OBSERVADOR SERRANO FUE RECONOCIDO POR EL HCD. POR SUS 30 A\u00d1OS DE TRAYECTORIA (todos los videos) - CELTTV\",\"isPartOf\":{\"@id\":\"https:\/\/www.celttv.com.ar\/#website\"},\"datePublished\":\"2014-12-31T01:21:44+00:00\",\"dateModified\":\"2014-12-31T01:21:44+00:00\",\"description\":\"Sitio web de noticias de la localidad de Tornquist, provincia de Buenos Aires, Rep\u00fablica Argentina. Contenido propio originado por periodistas de CELTTV, el canal de TV local de la Cooperativa El\u00e9ctrica de Tornquist. Turismo, Pol\u00edtica, Sociedad, Deporte, Cultura y todo el contenido de inter\u00e9s general que la gente del pueblo y la regi\u00f3n debe conocer.\",\"breadcrumb\":{\"@id\":\"https:\/\/www.celttv.com.ar\/index.php\/2014\/12\/31\/observador-serrano-fue-reconocido-por-el-hcd-por-sus-30-anos-de-trayectoria\/#breadcrumb\"},\"inLanguage\":\"es\",\"potentialAction\":[{\"@type\":\"ReadAction\",\"target\":[\"https:\/\/www.celttv.com.ar\/index.php\/2014\/12\/31\/observador-serrano-fue-reconocido-por-el-hcd-por-sus-30-anos-de-trayectoria\/\"]}]},{\"@type\":\"BreadcrumbList\",\"@id\":\"https:\/\/www.celttv.com.ar\/index.php\/2014\/12\/31\/observador-serrano-fue-reconocido-por-el-hcd-por-sus-30-anos-de-trayectoria\/#breadcrumb\",\"itemListElement\":[{\"@type\":\"ListItem\",\"position\":1,\"name\":\"Inicio\",\"item\":\"https:\/\/www.celttv.com.ar\/\"},{\"@type\":\"ListItem\",\"position\":2,\"name\":\"OBSERVADOR SERRANO FUE RECONOCIDO POR EL HCD. POR SUS 30 A\u00d1OS DE TRAYECTORIA (todos los videos)\"}]},{\"@type\":\"WebSite\",\"@id\":\"https:\/\/www.celttv.com.ar\/#website\",\"url\":\"https:\/\/www.celttv.com.ar\/\",\"name\":\"CELTTV\",\"description\":\"Cooperativa El\u00e9ctrica de Tornquist\",\"publisher\":{\"@id\":\"https:\/\/www.celttv.com.ar\/#organization\"},\"potentialAction\":[{\"@type\":\"SearchAction\",\"target\":{\"@type\":\"EntryPoint\",\"urlTemplate\":\"https:\/\/www.celttv.com.ar\/?s={search_term_string}\"},\"query-input\":\"required name=search_term_string\"}],\"inLanguage\":\"es\"},{\"@type\":\"Organization\",\"@id\":\"https:\/\/www.celttv.com.ar\/#organization\",\"name\":\"CELTTV\",\"url\":\"https:\/\/www.celttv.com.ar\/\",\"sameAs\":[\"https:\/\/www.youtube.com\/channel\/UCz_oIt8Hig64Ub-EmcNPIhg\",\"https:\/\/www.facebook.com\/celtTV\/\"],\"logo\":{\"@type\":\"ImageObject\",\"inLanguage\":\"es\",\"@id\":\"https:\/\/www.celttv.com.ar\/#\/schema\/logo\/image\/\",\"url\":\"http:\/\/www.celttv.com.ar\/wp-content\/uploads\/2022\/08\/logo-1.png\",\"contentUrl\":\"http:\/\/www.celttv.com.ar\/wp-content\/uploads\/2022\/08\/logo-1.png\",\"width\":461,\"height\":159,\"caption\":\"CELTTV\"},\"image\":{\"@id\":\"https:\/\/www.celttv.com.ar\/#\/schema\/logo\/image\/\"}},{\"@type\":\"Person\",\"@id\":\"https:\/\/www.celttv.com.ar\/#\/schema\/person\/6d99c072dba59953809c81446e9d0ace\",\"name\":\"ulises\",\"image\":{\"@type\":\"ImageObject\",\"inLanguage\":\"es\",\"@id\":\"https:\/\/www.celttv.com.ar\/#\/schema\/person\/image\/\",\"url\":\"https:\/\/secure.gravatar.com\/avatar\/7f2c48bdc33b30088f941fb6082e555f2874c98e20cb159d7b92b50eadfce793?s=96&d=mm&r=g\",\"contentUrl\":\"https:\/\/secure.gravatar.com\/avatar\/7f2c48bdc33b30088f941fb6082e555f2874c98e20cb159d7b92b50eadfce793?s=96&d=mm&r=g\",\"caption\":\"ulises\"},\"sameAs\":[\"http:\/\/www.celttv.com.ar\"]}]}<\/script>\n<!-- \/ Yoast SEO plugin. -->","yoast_head_json":{"title":"OBSERVADOR SERRANO FUE RECONOCIDO POR EL HCD. POR SUS 30 A\u00d1OS DE TRAYECTORIA (todos los videos) - CELTTV","description":"Sitio web de noticias de la localidad de Tornquist, provincia de Buenos Aires, Rep\u00fablica Argentina. Contenido propio originado por periodistas de CELTTV, el canal de TV local de la Cooperativa El\u00e9ctrica de Tornquist. Turismo, Pol\u00edtica, Sociedad, Deporte, Cultura y todo el contenido de inter\u00e9s general que la gente del pueblo y la regi\u00f3n debe conocer.","robots":{"index":"index","follow":"follow","max-snippet":"max-snippet:-1","max-image-preview":"max-image-preview:large","max-video-preview":"max-video-preview:-1"},"canonical":"https:\/\/www.celttv.com.ar\/index.php\/2014\/12\/31\/observador-serrano-fue-reconocido-por-el-hcd-por-sus-30-anos-de-trayectoria\/","og_locale":"es_ES","og_type":"article","og_title":"OBSERVADOR SERRANO FUE RECONOCIDO POR EL HCD. POR SUS 30 A\u00d1OS DE TRAYECTORIA (todos los videos) - CELTTV","og_description":"Sitio web de noticias de la localidad de Tornquist, provincia de Buenos Aires, Rep\u00fablica Argentina. Contenido propio originado por periodistas de CELTTV, el canal de TV local de la Cooperativa El\u00e9ctrica de Tornquist. Turismo, Pol\u00edtica, Sociedad, Deporte, Cultura y todo el contenido de inter\u00e9s general que la gente del pueblo y la regi\u00f3n debe conocer.","og_url":"https:\/\/www.celttv.com.ar\/index.php\/2014\/12\/31\/observador-serrano-fue-reconocido-por-el-hcd-por-sus-30-anos-de-trayectoria\/","og_site_name":"CELTTV","article_publisher":"https:\/\/www.facebook.com\/celtTV\/","article_published_time":"2014-12-31T01:21:44+00:00","author":"ulises","twitter_card":"summary_large_image","twitter_misc":{"Escrito por":"ulises","Tiempo de lectura":"2 minutos"},"schema":{"@context":"https:\/\/schema.org","@graph":[{"@type":"NewsArticle","@id":"https:\/\/www.celttv.com.ar\/index.php\/2014\/12\/31\/observador-serrano-fue-reconocido-por-el-hcd-por-sus-30-anos-de-trayectoria\/#article","isPartOf":{"@id":"https:\/\/www.celttv.com.ar\/index.php\/2014\/12\/31\/observador-serrano-fue-reconocido-por-el-hcd-por-sus-30-anos-de-trayectoria\/"},"author":{"name":"ulises","@id":"https:\/\/www.celttv.com.ar\/#\/schema\/person\/6d99c072dba59953809c81446e9d0ace"},"headline":"OBSERVADOR SERRANO FUE RECONOCIDO POR EL HCD. POR SUS 30 A\u00d1OS DE TRAYECTORIA (todos los videos)","datePublished":"2014-12-31T01:21:44+00:00","dateModified":"2014-12-31T01:21:44+00:00","mainEntityOfPage":{"@id":"https:\/\/www.celttv.com.ar\/index.php\/2014\/12\/31\/observador-serrano-fue-reconocido-por-el-hcd-por-sus-30-anos-de-trayectoria\/"},"wordCount":400,"publisher":{"@id":"https:\/\/www.celttv.com.ar\/#organization"},"articleSection":["Comunidad","Destacadas","Pol\u00edtica","Videos Destacados"],"inLanguage":"es"},{"@type":"WebPage","@id":"https:\/\/www.celttv.com.ar\/index.php\/2014\/12\/31\/observador-serrano-fue-reconocido-por-el-hcd-por-sus-30-anos-de-trayectoria\/","url":"https:\/\/www.celttv.com.ar\/index.php\/2014\/12\/31\/observador-serrano-fue-reconocido-por-el-hcd-por-sus-30-anos-de-trayectoria\/","name":"OBSERVADOR SERRANO FUE RECONOCIDO POR EL HCD. POR SUS 30 A\u00d1OS DE TRAYECTORIA (todos los videos) - CELTTV","isPartOf":{"@id":"https:\/\/www.celttv.com.ar\/#website"},"datePublished":"2014-12-31T01:21:44+00:00","dateModified":"2014-12-31T01:21:44+00:00","description":"Sitio web de noticias de la localidad de Tornquist, provincia de Buenos Aires, Rep\u00fablica Argentina. Contenido propio originado por periodistas de CELTTV, el canal de TV local de la Cooperativa El\u00e9ctrica de Tornquist. Turismo, Pol\u00edtica, Sociedad, Deporte, Cultura y todo el contenido de inter\u00e9s general que la gente del pueblo y la regi\u00f3n debe conocer.","breadcrumb":{"@id":"https:\/\/www.celttv.com.ar\/index.php\/2014\/12\/31\/observador-serrano-fue-reconocido-por-el-hcd-por-sus-30-anos-de-trayectoria\/#breadcrumb"},"inLanguage":"es","potentialAction":[{"@type":"ReadAction","target":["https:\/\/www.celttv.com.ar\/index.php\/2014\/12\/31\/observador-serrano-fue-reconocido-por-el-hcd-por-sus-30-anos-de-trayectoria\/"]}]},{"@type":"BreadcrumbList","@id":"https:\/\/www.celttv.com.ar\/index.php\/2014\/12\/31\/observador-serrano-fue-reconocido-por-el-hcd-por-sus-30-anos-de-trayectoria\/#breadcrumb","itemListElement":[{"@type":"ListItem","position":1,"name":"Inicio","item":"https:\/\/www.celttv.com.ar\/"},{"@type":"ListItem","position":2,"name":"OBSERVADOR SERRANO FUE RECONOCIDO POR EL HCD. POR SUS 30 A\u00d1OS DE TRAYECTORIA (todos los videos)"}]},{"@type":"WebSite","@id":"https:\/\/www.celttv.com.ar\/#website","url":"https:\/\/www.celttv.com.ar\/","name":"CELTTV","description":"Cooperativa El\u00e9ctrica de Tornquist","publisher":{"@id":"https:\/\/www.celttv.com.ar\/#organization"},"potentialAction":[{"@type":"SearchAction","target":{"@type":"EntryPoint","urlTemplate":"https:\/\/www.celttv.com.ar\/?s={search_term_string}"},"query-input":"required name=search_term_string"}],"inLanguage":"es"},{"@type":"Organization","@id":"https:\/\/www.celttv.com.ar\/#organization","name":"CELTTV","url":"https:\/\/www.celttv.com.ar\/","sameAs":["https:\/\/www.youtube.com\/channel\/UCz_oIt8Hig64Ub-EmcNPIhg","https:\/\/www.facebook.com\/celtTV\/"],"logo":{"@type":"ImageObject","inLanguage":"es","@id":"https:\/\/www.celttv.com.ar\/#\/schema\/logo\/image\/","url":"http:\/\/www.celttv.com.ar\/wp-content\/uploads\/2022\/08\/logo-1.png","contentUrl":"http:\/\/www.celttv.com.ar\/wp-content\/uploads\/2022\/08\/logo-1.png","width":461,"height":159,"caption":"CELTTV"},"image":{"@id":"https:\/\/www.celttv.com.ar\/#\/schema\/logo\/image\/"}},{"@type":"Person","@id":"https:\/\/www.celttv.com.ar\/#\/schema\/person\/6d99c072dba59953809c81446e9d0ace","name":"ulises","image":{"@type":"ImageObject","inLanguage":"es","@id":"https:\/\/www.celttv.com.ar\/#\/schema\/person\/image\/","url":"https:\/\/secure.gravatar.com\/avatar\/7f2c48bdc33b30088f941fb6082e555f2874c98e20cb159d7b92b50eadfce793?s=96&d=mm&r=g","contentUrl":"https:\/\/secure.gravatar.com\/avatar\/7f2c48bdc33b30088f941fb6082e555f2874c98e20cb159d7b92b50eadfce793?s=96&d=mm&r=g","caption":"ulises"},"sameAs":["http:\/\/www.celttv.com.ar"]}]}},"_links":{"self":[{"href":"https:\/\/www.celttv.com.ar\/index.php\/wp-json\/wp\/v2\/posts\/26151","targetHints":{"allow":["GET"]}}],"collection":[{"href":"https:\/\/www.celttv.com.ar\/index.php\/wp-json\/wp\/v2\/posts"}],"about":[{"href":"https:\/\/www.celttv.com.ar\/index.php\/wp-json\/wp\/v2\/types\/post"}],"author":[{"embeddable":true,"href":"https:\/\/www.celttv.com.ar\/index.php\/wp-json\/wp\/v2\/users\/1"}],"replies":[{"embeddable":true,"href":"https:\/\/www.celttv.com.ar\/index.php\/wp-json\/wp\/v2\/comments?post=26151"}],"version-history":[{"count":0,"href":"https:\/\/www.celttv.com.ar\/index.php\/wp-json\/wp\/v2\/posts\/26151\/revisions"}],"wp:attachment":[{"href":"https:\/\/www.celttv.com.ar\/index.php\/wp-json\/wp\/v2\/media?parent=26151"}],"wp:term":[{"taxonomy":"category","embeddable":true,"href":"https:\/\/www.celttv.com.ar\/index.php\/wp-json\/wp\/v2\/categories?post=26151"},{"taxonomy":"post_tag","embeddable":true,"href":"https:\/\/www.celttv.com.ar\/index.php\/wp-json\/wp\/v2\/tags?post=26151"}],"curies":[{"name":"wp","href":"https:\/\/api.w.org\/{rel}","templated":true}]}}