{"id":26289,"date":"2015-01-12T20:46:36","date_gmt":"2015-01-12T20:46:36","guid":{"rendered":"http:\/\/www.tvcnoticias.com.ar\/?p=26289"},"modified":"2015-01-12T20:46:36","modified_gmt":"2015-01-12T20:46:36","slug":"ambiente-comarca-concurso-de-fotografia-sobre-el-sauce-grande","status":"publish","type":"post","link":"https:\/\/www.celttv.com.ar\/index.php\/2015\/01\/12\/ambiente-comarca-concurso-de-fotografia-sobre-el-sauce-grande\/","title":{"rendered":"AMBIENTE COMARCA: CONCURSO DE FOTOGRAFIA SOBRE EL SAUCE GRANDE"},"content":{"rendered":"<div>\n<div><strong>BASES DEL CONCURSO DE FOTOGRAF\u00cdA SAFER<\/strong><\/div>\n<div>\n<div><strong> <\/strong><strong>Antecedentes<\/strong><\/div>\n<\/div>\n<div>El proyecto SAFER (Sensing the Americas\u00b4Freshwater Ecosystem Risk from Climate Change), financiado por el IAI (Inter \u2013 American Institute from Global Change Research), es una red cient\u00edfica formada por investigadores de Argentina, Canad\u00e1, Chile, Colombia, Estados Unidos y Uruguay. Su principal objetivo es el empleo de ecosistemas de agua dulce como sensores de la variabilidad clim\u00e1tica y estudiar los procesos que ocurren en las cuencas hidrogr\u00e1ficas y como estas influencian a las comunidades que las rodean o dependen de ellas. Por otra parte, un prop\u00f3sito central de este proyecto es determinar la evoluci\u00f3n socio ambiental de la cuenca del r\u00edo Sauce Grande y definir estrategias de manejo comunitario del recurso h\u00eddrico que sean sustentables en el tiempo y contribuyan a mejorar la calidad de vida de sus habitantes.<\/div>\n<div>En este marco, el proyecto SAFER convoca al Concurso Fotogr\u00e1fico\u00a0<em>\u201cCuenca Sauce Grande, usos, conservaci\u00f3n y belleza\u201d<\/em>.<strong> El tema que comprende este concurso es el de \u201cAgua, usos, utilidades y conservaci\u00f3n o cuidados\u201d.<\/strong><\/div>\n<div>Esta convocatoria est\u00e1 abierta a todos los\u00a0<strong>aficionados y profesionales, sin l\u00edmite de edad, residentes en la zona de influencia de la Cuenca R\u00edo Sauce Grande<\/strong> con el fin de estimular la creatividad, propiciar las producciones art\u00edsticas independientes, divulgar aspectos y costumbres sociales y promover la difusi\u00f3n y conservaci\u00f3n del patrimonio h\u00eddrico.<\/div>\n<div><strong>1. Objetivo<\/strong><\/div>\n<div><strong>Sensibilizar a la poblaci\u00f3n sobre la importancia de cuidar el medio ambiente, a partir de dar a conocer los sistemas socio-ecol\u00f3gicos de los casos de estudio SAFER, sus problem\u00e1ticas y\/o las buenas pr\u00e1cticas que se realizan en esta regi\u00f3n y que potencian la sostenibilidad de la Cuenca.<\/strong><\/div>\n<div><strong>2. Participantes <\/strong><\/div>\n<div>Podr\u00e1n participar en el concurso todas las personas que vivan dentro de los l\u00edmites de la Cuenca H\u00eddrica del R\u00edo Sauce Grande\u00a0<strong><a href=\"http:\/\/webmail.celt.com.ar\/horde\/services\/go.php?url=http%3A%2F%2Fwww.safer.conicet.gob.ar%2Fwp-content%2Fuploads%2F2014%2F12%2Fmapa-de-CuencaSauce-Grande_-Veronica-Gil.pdf\" target=\"_blank\" rel=\"noopener\">(ANEXO 1)<\/a><\/strong> donde quedan comprometidos los partidos de Coronel Rosales, Bah\u00eda Blanca, Torquinst, Coronel Dorrego, Monte Hermoso, Coronel Pringles, y Coronel Su\u00e1rez.<\/div>\n<div><strong>3. Tema del concurso: <\/strong>\u201c<strong>Cuenca Sauce Grande, usos, conservaci\u00f3n y belleza\u201d.<\/strong><\/div>\n<div>Los participantes presentar\u00e1n una fotograf\u00eda\u00a0que\u00a0refleje una problem\u00e1tica asociada al uso y conservaci\u00f3n del agua dentro de la Cuenca del r\u00edo Sauce Grande. El tema puede incluir aspectos que cubran tanto situaciones que vayan desde un extremo de pobre o mal uso del r\u00edo o lagos incluidos en la cuenca hasta aquellas que muestren las condiciones paisaj\u00edsticas ideales que todos esperan de un recurso tan importante para la regi\u00f3n.<\/div>\n<div><strong>4. Fechas y desarrollo<\/strong><\/div>\n<div>El concurso se desarrollar\u00e1 entre los meses de Enero y Marzo de 2015, correspondiendo con la temporada estival.<\/div>\n<div>La inscripci\u00f3n es gratuita, pudiendo remitir los trabajos, junto con el formulario de inscripci\u00f3n adjunto, hasta el\u00a0<strong>22 de marzo de 2015,<\/strong> coincidiendo con el\u00a0<strong><em>D\u00eda Mundial del Agua. <\/em><\/strong><\/div>\n<div><strong>PRESENTACI\u00d3N:<\/strong> Cada fotograf\u00eda ir\u00e1 acompa\u00f1ada de la siguiente informaci\u00f3n:<\/div>\n<div>1-T\u00edtulo de la fotograf\u00eda.<\/div>\n<div>2-Breve descripci\u00f3n de la misma.<\/div>\n<div>3-Lugar de toma de la imagen.<\/div>\n<div>4-Nombre completo de la persona autora<\/div>\n<div>Las fotograf\u00edas se deber\u00e1n presentar por correo electr\u00f3nico:<\/div>\n<div>Se aceptar\u00e1n\u00a0<strong>im\u00e1genes en formato digital con extensi\u00f3n .jpg<\/strong> con un tama\u00f1o m\u00e1ximo de 2.560 x 1.920 p\u00edxeles y un peso de archivo entre 4-6 Megabytes (Mb). La resoluci\u00f3n debe ser de al menos 72 dpi (20 x 30 cm).<\/div>\n<div>Deber\u00e1n enviarse con el asunto \u201cCONCURSO FOTOGR\u00c1FICO\u201d, al siguiente e-mail\u00a0<a href=\"http:\/\/webmail.celt.com.ar\/horde\/services\/go.php?url=http%3A%2F%2Feducationsafer%40gmail.com%2520%2F\" target=\"_blank\" rel=\"noopener\">educationsafer@gmail.com <\/a>junto con la\u00a0<strong><a href=\"http:\/\/webmail.celt.com.ar\/horde\/services\/go.php?url=http%3A%2F%2Fwww.safer.conicet.gob.ar%2Fwp-content%2Fuploads%2F2014%2F12%2FPlanilla-Inscripci%25C3%25B3n_Concurso_fotograf%25C3%25ADa_Cuenca_Sauce_Grande.doc\" target=\"_blank\" rel=\"noopener\">Planilla Inscripci\u00f3n<\/a><\/strong>. Podr\u00e1n enviarse comprimidas y adjuntas en un archivo zip.<\/div>\n<div><strong><em>Ser\u00e1 motivo de descali\ufb01caci\u00f3n:<\/em><\/strong><\/div>\n<ul>\n<li>Fotograf\u00edas premiadas en otros concursos y que no sean in\u00e9ditas.<\/li>\n<li>Im\u00e1genes obtenidas mediante fotomontaje o en menoscabo del medio natural ocasionando cualquier da\u00f1o a la \ufb02ora, fauna o parajes del entorno.<\/li>\n<li>Im\u00e1genes que no cumplan los requisitos m\u00ednimos de resoluci\u00f3n.<\/li>\n<\/ul>\n<div><strong>5. Premiaci\u00f3n<\/strong><\/div>\n<div>Las fotograf\u00edas presentadas al concurso se expondr\u00e1n en una muestra itinerante que incluir\u00e1 distintas localidades de la regi\u00f3n, con fecha a confirmar.<\/div>\n<div>Se elegir\u00e1 una fotograf\u00eda ganadora. La misma ser\u00e1 expuesta la ciudad de Chuncheon en Corea en el marco de la Reuni\u00f3n Anual de la Global Lake Ecological Observatory Network (GLEON)<a href=\"http:\/\/webmail.celt.com.ar\/horde\/services\/go.php?url=http%3A%2F%2Fgleon.org%2Fsites%2Fdefault%2Ffiles%2Fpdf%2Fmeetings%2FG16%2FG17%2520venue.pdf\" target=\"_blank\" rel=\"noopener\">http:\/\/gleon.org\/sites\/default\/files\/pdf\/meetings\/G16\/G17%20venue.pdf<\/a><\/div>\n<div>Asimismo, se compartir\u00e1 en la p\u00e1gina web\u00a0<strong><a href=\"http:\/\/webmail.celt.com.ar\/horde\/services\/go.php?url=http%3A%2F%2Fwww.safer.conicet.gob.ar%2F\" target=\"_blank\" rel=\"noopener\">www.safer.conicet.gob.ar<\/a><\/strong>, en Facebook (<a href=\"http:\/\/webmail.celt.com.ar\/horde\/services\/go.php?url=http%3A%2F%2Fwww.facebook.com%2Fsafer.saferproject\" target=\"_blank\" rel=\"noopener\">www.facebook.com\/safer.saferproject<\/a> \u2013\u00a0<a href=\"http:\/\/webmail.celt.com.ar\/horde\/services\/go.php?url=http%3A%2F%2Fwww.facebook.com%2Fpages%2FSAFER\" target=\"_blank\" rel=\"noopener\">www.facebook.com\/pages\/SAFER<\/a>) y en el blog del proyecto (<a href=\"http:\/\/webmail.celt.com.ar\/horde\/services\/go.php?url=http%3A%2F%2Fblogsafer.blogspot.com.ar%2F\" target=\"_blank\" rel=\"noopener\">http:\/\/blogsafer.blogspot.com.ar<\/a>\/).<\/div>\n<div>Adem\u00e1s, recibir\u00e1 una c\u00e1mara de fotos\u00a0<strong>Fujifilm XF1 12 MP Digital Camera with 3-Inch LCD Screen.<\/strong><\/div>\n<div><strong>6. Jurado<\/strong><\/div>\n<div>El jurado constar\u00e1 de miembros y\/o representantes de: proyecto SAFER, Foto Club Bah\u00eda Blanca, Ambiente Comarca ONG y Rotary Club Pehuen Co.\u00a0 La elecci\u00f3n de la fotograf\u00eda ganadora se realizar\u00e1 atendiendo a los siguientes criterios: originalidad, est\u00e9tica, sensibilidad social, capacidad cr\u00edtica y comunicativa y adecuaci\u00f3n al tema propuesto.<\/div>\n<ul>\n<li>Jorge Tirabasso (Foto Club Bah\u00eda Blanca)<\/li>\n<li>Antonio Alga\u00f1araz (Rotary Club Pehuen Co)<\/li>\n<li>Omar Mor\u00e1n (ONG Ambiente Comarca)<\/li>\n<li>Vanesa Perillo (SAFER project)<\/li>\n<\/ul>\n<div>El participante ganador ser\u00e1 informado oportunamente antes de la entrega del premio. La decisi\u00f3n del jurado ser\u00e1 inapelable.<\/div>\n<div><strong>7. Disposiciones finales y propiedad intelectual<\/strong><\/div>\n<div>Los concursantes garantizan que las fotograf\u00edas que env\u00edan para la participaci\u00f3n en el concurso son de su autor\u00eda o bien que ostentan sobre ellas los derechos necesarios para participar en este concurso cumpliendo las condiciones establecidas en estas bases.<\/div>\n<div>El participante se hace plenamente responsable del contenido de las fotograf\u00edas con total indemnidad de los organizadores del concurso y de los miembros del proyecto SAFER.<\/div>\n<div>Los autores ceder\u00e1n el copyright de las fotograf\u00edas al proyecto SAFER y a la comunidad para fines no comerciales. La publicaci\u00f3n de estas fotograf\u00edas har\u00e1 referencia siempre a su autor.<\/div>\n<div>La participaci\u00f3n en el concurso conlleva la aceptaci\u00f3n de sus bases.<\/div>\n<div>\n<div>Visite nuestra p\u00e1gina web para conocer m\u00e1s del proyecto SAFER:<\/p>\n<\/div>\n<div>\n<div><a href=\"http:\/\/webmail.celt.com.ar\/horde\/services\/go.php?url=http%3A%2F%2Fwww.safer.conicet.gob.ar%2F\" target=\"_blank\" rel=\"noopener\">http:\/\/www.safer.conicet.gob.ar<\/a><\/div>\n<div><strong><a href=\"http:\/\/webmail.celt.com.ar\/horde\/services\/go.php?url=http%3A%2F%2Fwww.safer.conicet.gob.ar%2Fwp-content%2Fuploads%2F2014%2F12%2FBASES-DEL-CONC-DE-FOTOGRAF%25C3%258DA-SAFER_UNA-FOTO.pdf\" target=\"_blank\" rel=\"noopener\">(Descarga Bases en Pdf)<\/a><\/strong><\/div>\n<\/div>\n<\/div>\n<div>\n<div>\n<div>Por consultas tambi\u00e9n puede comunicarse al\u00a00291-154135281.<\/div>\n<\/div>\n<\/div>\n<\/div>\n<p>&nbsp;<\/p>\n","protected":false},"excerpt":{"rendered":"<p>BASES DEL CONCURSO DE FOTOGRAF\u00cdA SAFER Antecedentes El proyecto SAFER (Sensing the Americas\u00b4Freshwater Ecosystem Risk from Climate Change), financiado por el IAI (Inter \u2013 American Institute from Global Change Research), es una red cient\u00edfica formada por investigadores de Argentina, Canad\u00e1, Chile, Colombia, Estados Unidos y Uruguay. Su principal objetivo es el empleo de ecosistemas de [&hellip;]<\/p>\n","protected":false},"author":1,"featured_media":0,"comment_status":"closed","ping_status":"open","sticky":false,"template":"","format":"standard","meta":{"footnotes":""},"categories":[51,52],"tags":[],"class_list":["post-26289","post","type-post","status-publish","format-standard","hentry","category-comunidad","category-destacadas"],"yoast_head":"<!-- This site is optimized with the Yoast SEO plugin v19.7.1 - https:\/\/yoast.com\/wordpress\/plugins\/seo\/ -->\n<title>AMBIENTE COMARCA: CONCURSO DE FOTOGRAFIA SOBRE EL SAUCE GRANDE - CELTTV<\/title>\n<meta name=\"description\" content=\"Sitio web de noticias de la localidad de Tornquist, provincia de Buenos Aires, Rep\u00fablica Argentina. Contenido propio originado por periodistas de CELTTV, el canal de TV local de la Cooperativa El\u00e9ctrica de Tornquist. Turismo, Pol\u00edtica, Sociedad, Deporte, Cultura y todo el contenido de inter\u00e9s general que la gente del pueblo y la regi\u00f3n debe conocer.\" \/>\n<meta name=\"robots\" content=\"index, follow, max-snippet:-1, max-image-preview:large, max-video-preview:-1\" \/>\n<link rel=\"canonical\" href=\"https:\/\/www.celttv.com.ar\/index.php\/2015\/01\/12\/ambiente-comarca-concurso-de-fotografia-sobre-el-sauce-grande\/\" \/>\n<meta property=\"og:locale\" content=\"es_ES\" \/>\n<meta property=\"og:type\" content=\"article\" \/>\n<meta property=\"og:title\" content=\"AMBIENTE COMARCA: CONCURSO DE FOTOGRAFIA SOBRE EL SAUCE GRANDE - CELTTV\" \/>\n<meta property=\"og:description\" content=\"Sitio web de noticias de la localidad de Tornquist, provincia de Buenos Aires, Rep\u00fablica Argentina. Contenido propio originado por periodistas de CELTTV, el canal de TV local de la Cooperativa El\u00e9ctrica de Tornquist. Turismo, Pol\u00edtica, Sociedad, Deporte, Cultura y todo el contenido de inter\u00e9s general que la gente del pueblo y la regi\u00f3n debe conocer.\" \/>\n<meta property=\"og:url\" content=\"https:\/\/www.celttv.com.ar\/index.php\/2015\/01\/12\/ambiente-comarca-concurso-de-fotografia-sobre-el-sauce-grande\/\" \/>\n<meta property=\"og:site_name\" content=\"CELTTV\" \/>\n<meta property=\"article:publisher\" content=\"https:\/\/www.facebook.com\/celtTV\/\" \/>\n<meta property=\"article:published_time\" content=\"2015-01-12T20:46:36+00:00\" \/>\n<meta name=\"author\" content=\"ulises\" \/>\n<meta name=\"twitter:card\" content=\"summary_large_image\" \/>\n<meta name=\"twitter:label1\" content=\"Escrito por\" \/>\n\t<meta name=\"twitter:data1\" content=\"ulises\" \/>\n\t<meta name=\"twitter:label2\" content=\"Tiempo de lectura\" \/>\n\t<meta name=\"twitter:data2\" content=\"5 minutos\" \/>\n<script type=\"application\/ld+json\" class=\"yoast-schema-graph\">{\"@context\":\"https:\/\/schema.org\",\"@graph\":[{\"@type\":\"NewsArticle\",\"@id\":\"https:\/\/www.celttv.com.ar\/index.php\/2015\/01\/12\/ambiente-comarca-concurso-de-fotografia-sobre-el-sauce-grande\/#article\",\"isPartOf\":{\"@id\":\"https:\/\/www.celttv.com.ar\/index.php\/2015\/01\/12\/ambiente-comarca-concurso-de-fotografia-sobre-el-sauce-grande\/\"},\"author\":{\"name\":\"ulises\",\"@id\":\"https:\/\/www.celttv.com.ar\/#\/schema\/person\/6d99c072dba59953809c81446e9d0ace\"},\"headline\":\"AMBIENTE COMARCA: CONCURSO DE FOTOGRAFIA SOBRE EL SAUCE GRANDE\",\"datePublished\":\"2015-01-12T20:46:36+00:00\",\"dateModified\":\"2015-01-12T20:46:36+00:00\",\"mainEntityOfPage\":{\"@id\":\"https:\/\/www.celttv.com.ar\/index.php\/2015\/01\/12\/ambiente-comarca-concurso-de-fotografia-sobre-el-sauce-grande\/\"},\"wordCount\":1039,\"publisher\":{\"@id\":\"https:\/\/www.celttv.com.ar\/#organization\"},\"articleSection\":[\"Comunidad\",\"Destacadas\"],\"inLanguage\":\"es\"},{\"@type\":\"WebPage\",\"@id\":\"https:\/\/www.celttv.com.ar\/index.php\/2015\/01\/12\/ambiente-comarca-concurso-de-fotografia-sobre-el-sauce-grande\/\",\"url\":\"https:\/\/www.celttv.com.ar\/index.php\/2015\/01\/12\/ambiente-comarca-concurso-de-fotografia-sobre-el-sauce-grande\/\",\"name\":\"AMBIENTE COMARCA: CONCURSO DE FOTOGRAFIA SOBRE EL SAUCE GRANDE - CELTTV\",\"isPartOf\":{\"@id\":\"https:\/\/www.celttv.com.ar\/#website\"},\"datePublished\":\"2015-01-12T20:46:36+00:00\",\"dateModified\":\"2015-01-12T20:46:36+00:00\",\"description\":\"Sitio web de noticias de la localidad de Tornquist, provincia de Buenos Aires, Rep\u00fablica Argentina. Contenido propio originado por periodistas de CELTTV, el canal de TV local de la Cooperativa El\u00e9ctrica de Tornquist. Turismo, Pol\u00edtica, Sociedad, Deporte, Cultura y todo el contenido de inter\u00e9s general que la gente del pueblo y la regi\u00f3n debe conocer.\",\"breadcrumb\":{\"@id\":\"https:\/\/www.celttv.com.ar\/index.php\/2015\/01\/12\/ambiente-comarca-concurso-de-fotografia-sobre-el-sauce-grande\/#breadcrumb\"},\"inLanguage\":\"es\",\"potentialAction\":[{\"@type\":\"ReadAction\",\"target\":[\"https:\/\/www.celttv.com.ar\/index.php\/2015\/01\/12\/ambiente-comarca-concurso-de-fotografia-sobre-el-sauce-grande\/\"]}]},{\"@type\":\"BreadcrumbList\",\"@id\":\"https:\/\/www.celttv.com.ar\/index.php\/2015\/01\/12\/ambiente-comarca-concurso-de-fotografia-sobre-el-sauce-grande\/#breadcrumb\",\"itemListElement\":[{\"@type\":\"ListItem\",\"position\":1,\"name\":\"Inicio\",\"item\":\"https:\/\/www.celttv.com.ar\/\"},{\"@type\":\"ListItem\",\"position\":2,\"name\":\"AMBIENTE COMARCA: CONCURSO DE FOTOGRAFIA SOBRE EL SAUCE GRANDE\"}]},{\"@type\":\"WebSite\",\"@id\":\"https:\/\/www.celttv.com.ar\/#website\",\"url\":\"https:\/\/www.celttv.com.ar\/\",\"name\":\"CELTTV\",\"description\":\"Cooperativa El\u00e9ctrica de Tornquist\",\"publisher\":{\"@id\":\"https:\/\/www.celttv.com.ar\/#organization\"},\"potentialAction\":[{\"@type\":\"SearchAction\",\"target\":{\"@type\":\"EntryPoint\",\"urlTemplate\":\"https:\/\/www.celttv.com.ar\/?s={search_term_string}\"},\"query-input\":\"required name=search_term_string\"}],\"inLanguage\":\"es\"},{\"@type\":\"Organization\",\"@id\":\"https:\/\/www.celttv.com.ar\/#organization\",\"name\":\"CELTTV\",\"url\":\"https:\/\/www.celttv.com.ar\/\",\"sameAs\":[\"https:\/\/www.youtube.com\/channel\/UCz_oIt8Hig64Ub-EmcNPIhg\",\"https:\/\/www.facebook.com\/celtTV\/\"],\"logo\":{\"@type\":\"ImageObject\",\"inLanguage\":\"es\",\"@id\":\"https:\/\/www.celttv.com.ar\/#\/schema\/logo\/image\/\",\"url\":\"http:\/\/www.celttv.com.ar\/wp-content\/uploads\/2022\/08\/logo-1.png\",\"contentUrl\":\"http:\/\/www.celttv.com.ar\/wp-content\/uploads\/2022\/08\/logo-1.png\",\"width\":461,\"height\":159,\"caption\":\"CELTTV\"},\"image\":{\"@id\":\"https:\/\/www.celttv.com.ar\/#\/schema\/logo\/image\/\"}},{\"@type\":\"Person\",\"@id\":\"https:\/\/www.celttv.com.ar\/#\/schema\/person\/6d99c072dba59953809c81446e9d0ace\",\"name\":\"ulises\",\"image\":{\"@type\":\"ImageObject\",\"inLanguage\":\"es\",\"@id\":\"https:\/\/www.celttv.com.ar\/#\/schema\/person\/image\/\",\"url\":\"https:\/\/secure.gravatar.com\/avatar\/7f2c48bdc33b30088f941fb6082e555f2874c98e20cb159d7b92b50eadfce793?s=96&d=mm&r=g\",\"contentUrl\":\"https:\/\/secure.gravatar.com\/avatar\/7f2c48bdc33b30088f941fb6082e555f2874c98e20cb159d7b92b50eadfce793?s=96&d=mm&r=g\",\"caption\":\"ulises\"},\"sameAs\":[\"http:\/\/www.celttv.com.ar\"]}]}<\/script>\n<!-- \/ Yoast SEO plugin. -->","yoast_head_json":{"title":"AMBIENTE COMARCA: CONCURSO DE FOTOGRAFIA SOBRE EL SAUCE GRANDE - CELTTV","description":"Sitio web de noticias de la localidad de Tornquist, provincia de Buenos Aires, Rep\u00fablica Argentina. Contenido propio originado por periodistas de CELTTV, el canal de TV local de la Cooperativa El\u00e9ctrica de Tornquist. Turismo, Pol\u00edtica, Sociedad, Deporte, Cultura y todo el contenido de inter\u00e9s general que la gente del pueblo y la regi\u00f3n debe conocer.","robots":{"index":"index","follow":"follow","max-snippet":"max-snippet:-1","max-image-preview":"max-image-preview:large","max-video-preview":"max-video-preview:-1"},"canonical":"https:\/\/www.celttv.com.ar\/index.php\/2015\/01\/12\/ambiente-comarca-concurso-de-fotografia-sobre-el-sauce-grande\/","og_locale":"es_ES","og_type":"article","og_title":"AMBIENTE COMARCA: CONCURSO DE FOTOGRAFIA SOBRE EL SAUCE GRANDE - CELTTV","og_description":"Sitio web de noticias de la localidad de Tornquist, provincia de Buenos Aires, Rep\u00fablica Argentina. Contenido propio originado por periodistas de CELTTV, el canal de TV local de la Cooperativa El\u00e9ctrica de Tornquist. Turismo, Pol\u00edtica, Sociedad, Deporte, Cultura y todo el contenido de inter\u00e9s general que la gente del pueblo y la regi\u00f3n debe conocer.","og_url":"https:\/\/www.celttv.com.ar\/index.php\/2015\/01\/12\/ambiente-comarca-concurso-de-fotografia-sobre-el-sauce-grande\/","og_site_name":"CELTTV","article_publisher":"https:\/\/www.facebook.com\/celtTV\/","article_published_time":"2015-01-12T20:46:36+00:00","author":"ulises","twitter_card":"summary_large_image","twitter_misc":{"Escrito por":"ulises","Tiempo de lectura":"5 minutos"},"schema":{"@context":"https:\/\/schema.org","@graph":[{"@type":"NewsArticle","@id":"https:\/\/www.celttv.com.ar\/index.php\/2015\/01\/12\/ambiente-comarca-concurso-de-fotografia-sobre-el-sauce-grande\/#article","isPartOf":{"@id":"https:\/\/www.celttv.com.ar\/index.php\/2015\/01\/12\/ambiente-comarca-concurso-de-fotografia-sobre-el-sauce-grande\/"},"author":{"name":"ulises","@id":"https:\/\/www.celttv.com.ar\/#\/schema\/person\/6d99c072dba59953809c81446e9d0ace"},"headline":"AMBIENTE COMARCA: CONCURSO DE FOTOGRAFIA SOBRE EL SAUCE GRANDE","datePublished":"2015-01-12T20:46:36+00:00","dateModified":"2015-01-12T20:46:36+00:00","mainEntityOfPage":{"@id":"https:\/\/www.celttv.com.ar\/index.php\/2015\/01\/12\/ambiente-comarca-concurso-de-fotografia-sobre-el-sauce-grande\/"},"wordCount":1039,"publisher":{"@id":"https:\/\/www.celttv.com.ar\/#organization"},"articleSection":["Comunidad","Destacadas"],"inLanguage":"es"},{"@type":"WebPage","@id":"https:\/\/www.celttv.com.ar\/index.php\/2015\/01\/12\/ambiente-comarca-concurso-de-fotografia-sobre-el-sauce-grande\/","url":"https:\/\/www.celttv.com.ar\/index.php\/2015\/01\/12\/ambiente-comarca-concurso-de-fotografia-sobre-el-sauce-grande\/","name":"AMBIENTE COMARCA: CONCURSO DE FOTOGRAFIA SOBRE EL SAUCE GRANDE - CELTTV","isPartOf":{"@id":"https:\/\/www.celttv.com.ar\/#website"},"datePublished":"2015-01-12T20:46:36+00:00","dateModified":"2015-01-12T20:46:36+00:00","description":"Sitio web de noticias de la localidad de Tornquist, provincia de Buenos Aires, Rep\u00fablica Argentina. Contenido propio originado por periodistas de CELTTV, el canal de TV local de la Cooperativa El\u00e9ctrica de Tornquist. Turismo, Pol\u00edtica, Sociedad, Deporte, Cultura y todo el contenido de inter\u00e9s general que la gente del pueblo y la regi\u00f3n debe conocer.","breadcrumb":{"@id":"https:\/\/www.celttv.com.ar\/index.php\/2015\/01\/12\/ambiente-comarca-concurso-de-fotografia-sobre-el-sauce-grande\/#breadcrumb"},"inLanguage":"es","potentialAction":[{"@type":"ReadAction","target":["https:\/\/www.celttv.com.ar\/index.php\/2015\/01\/12\/ambiente-comarca-concurso-de-fotografia-sobre-el-sauce-grande\/"]}]},{"@type":"BreadcrumbList","@id":"https:\/\/www.celttv.com.ar\/index.php\/2015\/01\/12\/ambiente-comarca-concurso-de-fotografia-sobre-el-sauce-grande\/#breadcrumb","itemListElement":[{"@type":"ListItem","position":1,"name":"Inicio","item":"https:\/\/www.celttv.com.ar\/"},{"@type":"ListItem","position":2,"name":"AMBIENTE COMARCA: CONCURSO DE FOTOGRAFIA SOBRE EL SAUCE GRANDE"}]},{"@type":"WebSite","@id":"https:\/\/www.celttv.com.ar\/#website","url":"https:\/\/www.celttv.com.ar\/","name":"CELTTV","description":"Cooperativa El\u00e9ctrica de Tornquist","publisher":{"@id":"https:\/\/www.celttv.com.ar\/#organization"},"potentialAction":[{"@type":"SearchAction","target":{"@type":"EntryPoint","urlTemplate":"https:\/\/www.celttv.com.ar\/?s={search_term_string}"},"query-input":"required name=search_term_string"}],"inLanguage":"es"},{"@type":"Organization","@id":"https:\/\/www.celttv.com.ar\/#organization","name":"CELTTV","url":"https:\/\/www.celttv.com.ar\/","sameAs":["https:\/\/www.youtube.com\/channel\/UCz_oIt8Hig64Ub-EmcNPIhg","https:\/\/www.facebook.com\/celtTV\/"],"logo":{"@type":"ImageObject","inLanguage":"es","@id":"https:\/\/www.celttv.com.ar\/#\/schema\/logo\/image\/","url":"http:\/\/www.celttv.com.ar\/wp-content\/uploads\/2022\/08\/logo-1.png","contentUrl":"http:\/\/www.celttv.com.ar\/wp-content\/uploads\/2022\/08\/logo-1.png","width":461,"height":159,"caption":"CELTTV"},"image":{"@id":"https:\/\/www.celttv.com.ar\/#\/schema\/logo\/image\/"}},{"@type":"Person","@id":"https:\/\/www.celttv.com.ar\/#\/schema\/person\/6d99c072dba59953809c81446e9d0ace","name":"ulises","image":{"@type":"ImageObject","inLanguage":"es","@id":"https:\/\/www.celttv.com.ar\/#\/schema\/person\/image\/","url":"https:\/\/secure.gravatar.com\/avatar\/7f2c48bdc33b30088f941fb6082e555f2874c98e20cb159d7b92b50eadfce793?s=96&d=mm&r=g","contentUrl":"https:\/\/secure.gravatar.com\/avatar\/7f2c48bdc33b30088f941fb6082e555f2874c98e20cb159d7b92b50eadfce793?s=96&d=mm&r=g","caption":"ulises"},"sameAs":["http:\/\/www.celttv.com.ar"]}]}},"_links":{"self":[{"href":"https:\/\/www.celttv.com.ar\/index.php\/wp-json\/wp\/v2\/posts\/26289","targetHints":{"allow":["GET"]}}],"collection":[{"href":"https:\/\/www.celttv.com.ar\/index.php\/wp-json\/wp\/v2\/posts"}],"about":[{"href":"https:\/\/www.celttv.com.ar\/index.php\/wp-json\/wp\/v2\/types\/post"}],"author":[{"embeddable":true,"href":"https:\/\/www.celttv.com.ar\/index.php\/wp-json\/wp\/v2\/users\/1"}],"replies":[{"embeddable":true,"href":"https:\/\/www.celttv.com.ar\/index.php\/wp-json\/wp\/v2\/comments?post=26289"}],"version-history":[{"count":0,"href":"https:\/\/www.celttv.com.ar\/index.php\/wp-json\/wp\/v2\/posts\/26289\/revisions"}],"wp:attachment":[{"href":"https:\/\/www.celttv.com.ar\/index.php\/wp-json\/wp\/v2\/media?parent=26289"}],"wp:term":[{"taxonomy":"category","embeddable":true,"href":"https:\/\/www.celttv.com.ar\/index.php\/wp-json\/wp\/v2\/categories?post=26289"},{"taxonomy":"post_tag","embeddable":true,"href":"https:\/\/www.celttv.com.ar\/index.php\/wp-json\/wp\/v2\/tags?post=26289"}],"curies":[{"name":"wp","href":"https:\/\/api.w.org\/{rel}","templated":true}]}}