{"id":26394,"date":"2015-01-23T21:17:36","date_gmt":"2015-01-23T21:17:36","guid":{"rendered":"http:\/\/www.tvcnoticias.com.ar\/?p=26394"},"modified":"2015-01-23T21:17:36","modified_gmt":"2015-01-23T21:17:36","slug":"los-concejales-oficialistas-molestos-por-la-decision-de-suspender-la-sesion-en-el-hcd","status":"publish","type":"post","link":"https:\/\/www.celttv.com.ar\/index.php\/2015\/01\/23\/los-concejales-oficialistas-molestos-por-la-decision-de-suspender-la-sesion-en-el-hcd\/","title":{"rendered":"LOS CONCEJALES OFICIALISTAS MOLESTOS POR LA DECISI\u00d3N DE SUSPENDER LA SESION EN EL HCD. (videos y notas)"},"content":{"rendered":"<p><a href=\"https:\/\/www.youtube.com\/watch?v=IA7xjkhjnaM&amp;feature=youtu.be\">httpv:\/\/www.youtube.com\/watch?v=IA7xjkhjnaM&amp;feature=youtu.be<\/a><\/p>\n<p><a href=\"https:\/\/www.youtube.com\/watch?v=pQU3pj54NUw\">httpv:\/\/www.youtube.com\/watch?v=pQU3pj54NUw<\/a><\/p>\n<p><a href=\"https:\/\/www.youtube.com\/watch?v=0nIyk7I3GmE\">httpv:\/\/www.youtube.com\/watch?v=0nIyk7I3GmE<\/a><\/p>\n<p><a href=\"https:\/\/www.youtube.com\/watch?v=KMUDnk5COjM\">httpv:\/\/www.youtube.com\/watch?v=KMUDnk5COjM<\/a><\/p>\n<p><span style=\"font-family: Verdana, Arial, Helvetica, sans-serif; font-size: x-small;\">Mediante el Decreto N\u00ba 04\/15 (ver primera imagen), haciendo uso de sus facultades, Bordoni decidi\u00f3\u00a0derogar el Decreto N\u00ba 03\/15 (segunda imagen) en el que se convocaba a una sesi\u00f3n extraordinaria para aprobar o desaprobar la licencia del Jefe Comunal del 26 de este mes al 6 de febrero.<\/span><\/p>\n<p><span style=\"font-family: Verdana, Arial, Helvetica, sans-serif; font-size: x-small;\">Ante ello, concejales del bloque Frente para la Victoria realizaron una conferencia de prensa en la que expresaron su \u201cmalestar\u201d por lo ocurrido y coincidieron en definir como \u201cirresponsable\u201d la decisi\u00f3n de Bordoni.<\/span><\/p>\n<p>&nbsp;<\/p>\n","protected":false},"excerpt":{"rendered":"<p>httpv:\/\/www.youtube.com\/watch?v=IA7xjkhjnaM&amp;feature=youtu.be httpv:\/\/www.youtube.com\/watch?v=pQU3pj54NUw httpv:\/\/www.youtube.com\/watch?v=0nIyk7I3GmE httpv:\/\/www.youtube.com\/watch?v=KMUDnk5COjM Mediante el Decreto N\u00ba 04\/15 (ver primera imagen), haciendo uso de sus facultades, Bordoni decidi\u00f3\u00a0derogar el Decreto N\u00ba 03\/15 (segunda imagen) en el que se convocaba a una sesi\u00f3n extraordinaria para aprobar o desaprobar la licencia del Jefe Comunal del 26 de este mes al 6 de febrero. Ante ello, concejales [&hellip;]<\/p>\n","protected":false},"author":1,"featured_media":0,"comment_status":"closed","ping_status":"open","sticky":false,"template":"","format":"standard","meta":{"footnotes":""},"categories":[51,52,53,64],"tags":[],"class_list":["post-26394","post","type-post","status-publish","format-standard","hentry","category-comunidad","category-destacadas","category-politica","category-videos-destacados"],"yoast_head":"<!-- This site is optimized with the Yoast SEO plugin v19.7.1 - https:\/\/yoast.com\/wordpress\/plugins\/seo\/ -->\n<title>LOS CONCEJALES OFICIALISTAS MOLESTOS POR LA DECISI\u00d3N DE SUSPENDER LA SESION EN EL HCD. (videos y notas) - CELTTV<\/title>\n<meta name=\"description\" content=\"Sitio web de noticias de la localidad de Tornquist, provincia de Buenos Aires, Rep\u00fablica Argentina. Contenido propio originado por periodistas de CELTTV, el canal de TV local de la Cooperativa El\u00e9ctrica de Tornquist. Turismo, Pol\u00edtica, Sociedad, Deporte, Cultura y todo el contenido de inter\u00e9s general que la gente del pueblo y la regi\u00f3n debe conocer.\" \/>\n<meta name=\"robots\" content=\"index, follow, max-snippet:-1, max-image-preview:large, max-video-preview:-1\" \/>\n<link rel=\"canonical\" href=\"https:\/\/www.celttv.com.ar\/index.php\/2015\/01\/23\/los-concejales-oficialistas-molestos-por-la-decision-de-suspender-la-sesion-en-el-hcd\/\" \/>\n<meta property=\"og:locale\" content=\"es_ES\" \/>\n<meta property=\"og:type\" content=\"article\" \/>\n<meta property=\"og:title\" content=\"LOS CONCEJALES OFICIALISTAS MOLESTOS POR LA DECISI\u00d3N DE SUSPENDER LA SESION EN EL HCD. (videos y notas) - CELTTV\" \/>\n<meta property=\"og:description\" content=\"Sitio web de noticias de la localidad de Tornquist, provincia de Buenos Aires, Rep\u00fablica Argentina. Contenido propio originado por periodistas de CELTTV, el canal de TV local de la Cooperativa El\u00e9ctrica de Tornquist. Turismo, Pol\u00edtica, Sociedad, Deporte, Cultura y todo el contenido de inter\u00e9s general que la gente del pueblo y la regi\u00f3n debe conocer.\" \/>\n<meta property=\"og:url\" content=\"https:\/\/www.celttv.com.ar\/index.php\/2015\/01\/23\/los-concejales-oficialistas-molestos-por-la-decision-de-suspender-la-sesion-en-el-hcd\/\" \/>\n<meta property=\"og:site_name\" content=\"CELTTV\" \/>\n<meta property=\"article:publisher\" content=\"https:\/\/www.facebook.com\/celtTV\/\" \/>\n<meta property=\"article:published_time\" content=\"2015-01-23T21:17:36+00:00\" \/>\n<meta name=\"author\" content=\"ulises\" \/>\n<meta name=\"twitter:card\" content=\"summary_large_image\" \/>\n<meta name=\"twitter:label1\" content=\"Escrito por\" \/>\n\t<meta name=\"twitter:data1\" content=\"ulises\" \/>\n\t<meta name=\"twitter:label2\" content=\"Tiempo de lectura\" \/>\n\t<meta name=\"twitter:data2\" content=\"1 minuto\" \/>\n<script type=\"application\/ld+json\" class=\"yoast-schema-graph\">{\"@context\":\"https:\/\/schema.org\",\"@graph\":[{\"@type\":\"NewsArticle\",\"@id\":\"https:\/\/www.celttv.com.ar\/index.php\/2015\/01\/23\/los-concejales-oficialistas-molestos-por-la-decision-de-suspender-la-sesion-en-el-hcd\/#article\",\"isPartOf\":{\"@id\":\"https:\/\/www.celttv.com.ar\/index.php\/2015\/01\/23\/los-concejales-oficialistas-molestos-por-la-decision-de-suspender-la-sesion-en-el-hcd\/\"},\"author\":{\"name\":\"ulises\",\"@id\":\"https:\/\/www.celttv.com.ar\/#\/schema\/person\/6d99c072dba59953809c81446e9d0ace\"},\"headline\":\"LOS CONCEJALES OFICIALISTAS MOLESTOS POR LA DECISI\u00d3N DE SUSPENDER LA SESION EN EL HCD. (videos y notas)\",\"datePublished\":\"2015-01-23T21:17:36+00:00\",\"dateModified\":\"2015-01-23T21:17:36+00:00\",\"mainEntityOfPage\":{\"@id\":\"https:\/\/www.celttv.com.ar\/index.php\/2015\/01\/23\/los-concejales-oficialistas-molestos-por-la-decision-de-suspender-la-sesion-en-el-hcd\/\"},\"wordCount\":137,\"publisher\":{\"@id\":\"https:\/\/www.celttv.com.ar\/#organization\"},\"articleSection\":[\"Comunidad\",\"Destacadas\",\"Pol\u00edtica\",\"Videos Destacados\"],\"inLanguage\":\"es\"},{\"@type\":\"WebPage\",\"@id\":\"https:\/\/www.celttv.com.ar\/index.php\/2015\/01\/23\/los-concejales-oficialistas-molestos-por-la-decision-de-suspender-la-sesion-en-el-hcd\/\",\"url\":\"https:\/\/www.celttv.com.ar\/index.php\/2015\/01\/23\/los-concejales-oficialistas-molestos-por-la-decision-de-suspender-la-sesion-en-el-hcd\/\",\"name\":\"LOS CONCEJALES OFICIALISTAS MOLESTOS POR LA DECISI\u00d3N DE SUSPENDER LA SESION EN EL HCD. (videos y notas) - CELTTV\",\"isPartOf\":{\"@id\":\"https:\/\/www.celttv.com.ar\/#website\"},\"datePublished\":\"2015-01-23T21:17:36+00:00\",\"dateModified\":\"2015-01-23T21:17:36+00:00\",\"description\":\"Sitio web de noticias de la localidad de Tornquist, provincia de Buenos Aires, Rep\u00fablica Argentina. Contenido propio originado por periodistas de CELTTV, el canal de TV local de la Cooperativa El\u00e9ctrica de Tornquist. Turismo, Pol\u00edtica, Sociedad, Deporte, Cultura y todo el contenido de inter\u00e9s general que la gente del pueblo y la regi\u00f3n debe conocer.\",\"breadcrumb\":{\"@id\":\"https:\/\/www.celttv.com.ar\/index.php\/2015\/01\/23\/los-concejales-oficialistas-molestos-por-la-decision-de-suspender-la-sesion-en-el-hcd\/#breadcrumb\"},\"inLanguage\":\"es\",\"potentialAction\":[{\"@type\":\"ReadAction\",\"target\":[\"https:\/\/www.celttv.com.ar\/index.php\/2015\/01\/23\/los-concejales-oficialistas-molestos-por-la-decision-de-suspender-la-sesion-en-el-hcd\/\"]}]},{\"@type\":\"BreadcrumbList\",\"@id\":\"https:\/\/www.celttv.com.ar\/index.php\/2015\/01\/23\/los-concejales-oficialistas-molestos-por-la-decision-de-suspender-la-sesion-en-el-hcd\/#breadcrumb\",\"itemListElement\":[{\"@type\":\"ListItem\",\"position\":1,\"name\":\"Inicio\",\"item\":\"https:\/\/www.celttv.com.ar\/\"},{\"@type\":\"ListItem\",\"position\":2,\"name\":\"LOS CONCEJALES OFICIALISTAS MOLESTOS POR LA DECISI\u00d3N DE SUSPENDER LA SESION EN EL HCD. (videos y notas)\"}]},{\"@type\":\"WebSite\",\"@id\":\"https:\/\/www.celttv.com.ar\/#website\",\"url\":\"https:\/\/www.celttv.com.ar\/\",\"name\":\"CELTTV\",\"description\":\"Cooperativa El\u00e9ctrica de Tornquist\",\"publisher\":{\"@id\":\"https:\/\/www.celttv.com.ar\/#organization\"},\"potentialAction\":[{\"@type\":\"SearchAction\",\"target\":{\"@type\":\"EntryPoint\",\"urlTemplate\":\"https:\/\/www.celttv.com.ar\/?s={search_term_string}\"},\"query-input\":\"required name=search_term_string\"}],\"inLanguage\":\"es\"},{\"@type\":\"Organization\",\"@id\":\"https:\/\/www.celttv.com.ar\/#organization\",\"name\":\"CELTTV\",\"url\":\"https:\/\/www.celttv.com.ar\/\",\"sameAs\":[\"https:\/\/www.youtube.com\/channel\/UCz_oIt8Hig64Ub-EmcNPIhg\",\"https:\/\/www.facebook.com\/celtTV\/\"],\"logo\":{\"@type\":\"ImageObject\",\"inLanguage\":\"es\",\"@id\":\"https:\/\/www.celttv.com.ar\/#\/schema\/logo\/image\/\",\"url\":\"http:\/\/www.celttv.com.ar\/wp-content\/uploads\/2022\/08\/logo-1.png\",\"contentUrl\":\"http:\/\/www.celttv.com.ar\/wp-content\/uploads\/2022\/08\/logo-1.png\",\"width\":461,\"height\":159,\"caption\":\"CELTTV\"},\"image\":{\"@id\":\"https:\/\/www.celttv.com.ar\/#\/schema\/logo\/image\/\"}},{\"@type\":\"Person\",\"@id\":\"https:\/\/www.celttv.com.ar\/#\/schema\/person\/6d99c072dba59953809c81446e9d0ace\",\"name\":\"ulises\",\"image\":{\"@type\":\"ImageObject\",\"inLanguage\":\"es\",\"@id\":\"https:\/\/www.celttv.com.ar\/#\/schema\/person\/image\/\",\"url\":\"https:\/\/secure.gravatar.com\/avatar\/7f2c48bdc33b30088f941fb6082e555f2874c98e20cb159d7b92b50eadfce793?s=96&d=mm&r=g\",\"contentUrl\":\"https:\/\/secure.gravatar.com\/avatar\/7f2c48bdc33b30088f941fb6082e555f2874c98e20cb159d7b92b50eadfce793?s=96&d=mm&r=g\",\"caption\":\"ulises\"},\"sameAs\":[\"http:\/\/www.celttv.com.ar\"]}]}<\/script>\n<!-- \/ Yoast SEO plugin. -->","yoast_head_json":{"title":"LOS CONCEJALES OFICIALISTAS MOLESTOS POR LA DECISI\u00d3N DE SUSPENDER LA SESION EN EL HCD. (videos y notas) - CELTTV","description":"Sitio web de noticias de la localidad de Tornquist, provincia de Buenos Aires, Rep\u00fablica Argentina. Contenido propio originado por periodistas de CELTTV, el canal de TV local de la Cooperativa El\u00e9ctrica de Tornquist. Turismo, Pol\u00edtica, Sociedad, Deporte, Cultura y todo el contenido de inter\u00e9s general que la gente del pueblo y la regi\u00f3n debe conocer.","robots":{"index":"index","follow":"follow","max-snippet":"max-snippet:-1","max-image-preview":"max-image-preview:large","max-video-preview":"max-video-preview:-1"},"canonical":"https:\/\/www.celttv.com.ar\/index.php\/2015\/01\/23\/los-concejales-oficialistas-molestos-por-la-decision-de-suspender-la-sesion-en-el-hcd\/","og_locale":"es_ES","og_type":"article","og_title":"LOS CONCEJALES OFICIALISTAS MOLESTOS POR LA DECISI\u00d3N DE SUSPENDER LA SESION EN EL HCD. (videos y notas) - CELTTV","og_description":"Sitio web de noticias de la localidad de Tornquist, provincia de Buenos Aires, Rep\u00fablica Argentina. Contenido propio originado por periodistas de CELTTV, el canal de TV local de la Cooperativa El\u00e9ctrica de Tornquist. Turismo, Pol\u00edtica, Sociedad, Deporte, Cultura y todo el contenido de inter\u00e9s general que la gente del pueblo y la regi\u00f3n debe conocer.","og_url":"https:\/\/www.celttv.com.ar\/index.php\/2015\/01\/23\/los-concejales-oficialistas-molestos-por-la-decision-de-suspender-la-sesion-en-el-hcd\/","og_site_name":"CELTTV","article_publisher":"https:\/\/www.facebook.com\/celtTV\/","article_published_time":"2015-01-23T21:17:36+00:00","author":"ulises","twitter_card":"summary_large_image","twitter_misc":{"Escrito por":"ulises","Tiempo de lectura":"1 minuto"},"schema":{"@context":"https:\/\/schema.org","@graph":[{"@type":"NewsArticle","@id":"https:\/\/www.celttv.com.ar\/index.php\/2015\/01\/23\/los-concejales-oficialistas-molestos-por-la-decision-de-suspender-la-sesion-en-el-hcd\/#article","isPartOf":{"@id":"https:\/\/www.celttv.com.ar\/index.php\/2015\/01\/23\/los-concejales-oficialistas-molestos-por-la-decision-de-suspender-la-sesion-en-el-hcd\/"},"author":{"name":"ulises","@id":"https:\/\/www.celttv.com.ar\/#\/schema\/person\/6d99c072dba59953809c81446e9d0ace"},"headline":"LOS CONCEJALES OFICIALISTAS MOLESTOS POR LA DECISI\u00d3N DE SUSPENDER LA SESION EN EL HCD. (videos y notas)","datePublished":"2015-01-23T21:17:36+00:00","dateModified":"2015-01-23T21:17:36+00:00","mainEntityOfPage":{"@id":"https:\/\/www.celttv.com.ar\/index.php\/2015\/01\/23\/los-concejales-oficialistas-molestos-por-la-decision-de-suspender-la-sesion-en-el-hcd\/"},"wordCount":137,"publisher":{"@id":"https:\/\/www.celttv.com.ar\/#organization"},"articleSection":["Comunidad","Destacadas","Pol\u00edtica","Videos Destacados"],"inLanguage":"es"},{"@type":"WebPage","@id":"https:\/\/www.celttv.com.ar\/index.php\/2015\/01\/23\/los-concejales-oficialistas-molestos-por-la-decision-de-suspender-la-sesion-en-el-hcd\/","url":"https:\/\/www.celttv.com.ar\/index.php\/2015\/01\/23\/los-concejales-oficialistas-molestos-por-la-decision-de-suspender-la-sesion-en-el-hcd\/","name":"LOS CONCEJALES OFICIALISTAS MOLESTOS POR LA DECISI\u00d3N DE SUSPENDER LA SESION EN EL HCD. (videos y notas) - CELTTV","isPartOf":{"@id":"https:\/\/www.celttv.com.ar\/#website"},"datePublished":"2015-01-23T21:17:36+00:00","dateModified":"2015-01-23T21:17:36+00:00","description":"Sitio web de noticias de la localidad de Tornquist, provincia de Buenos Aires, Rep\u00fablica Argentina. Contenido propio originado por periodistas de CELTTV, el canal de TV local de la Cooperativa El\u00e9ctrica de Tornquist. Turismo, Pol\u00edtica, Sociedad, Deporte, Cultura y todo el contenido de inter\u00e9s general que la gente del pueblo y la regi\u00f3n debe conocer.","breadcrumb":{"@id":"https:\/\/www.celttv.com.ar\/index.php\/2015\/01\/23\/los-concejales-oficialistas-molestos-por-la-decision-de-suspender-la-sesion-en-el-hcd\/#breadcrumb"},"inLanguage":"es","potentialAction":[{"@type":"ReadAction","target":["https:\/\/www.celttv.com.ar\/index.php\/2015\/01\/23\/los-concejales-oficialistas-molestos-por-la-decision-de-suspender-la-sesion-en-el-hcd\/"]}]},{"@type":"BreadcrumbList","@id":"https:\/\/www.celttv.com.ar\/index.php\/2015\/01\/23\/los-concejales-oficialistas-molestos-por-la-decision-de-suspender-la-sesion-en-el-hcd\/#breadcrumb","itemListElement":[{"@type":"ListItem","position":1,"name":"Inicio","item":"https:\/\/www.celttv.com.ar\/"},{"@type":"ListItem","position":2,"name":"LOS CONCEJALES OFICIALISTAS MOLESTOS POR LA DECISI\u00d3N DE SUSPENDER LA SESION EN EL HCD. (videos y notas)"}]},{"@type":"WebSite","@id":"https:\/\/www.celttv.com.ar\/#website","url":"https:\/\/www.celttv.com.ar\/","name":"CELTTV","description":"Cooperativa El\u00e9ctrica de Tornquist","publisher":{"@id":"https:\/\/www.celttv.com.ar\/#organization"},"potentialAction":[{"@type":"SearchAction","target":{"@type":"EntryPoint","urlTemplate":"https:\/\/www.celttv.com.ar\/?s={search_term_string}"},"query-input":"required name=search_term_string"}],"inLanguage":"es"},{"@type":"Organization","@id":"https:\/\/www.celttv.com.ar\/#organization","name":"CELTTV","url":"https:\/\/www.celttv.com.ar\/","sameAs":["https:\/\/www.youtube.com\/channel\/UCz_oIt8Hig64Ub-EmcNPIhg","https:\/\/www.facebook.com\/celtTV\/"],"logo":{"@type":"ImageObject","inLanguage":"es","@id":"https:\/\/www.celttv.com.ar\/#\/schema\/logo\/image\/","url":"http:\/\/www.celttv.com.ar\/wp-content\/uploads\/2022\/08\/logo-1.png","contentUrl":"http:\/\/www.celttv.com.ar\/wp-content\/uploads\/2022\/08\/logo-1.png","width":461,"height":159,"caption":"CELTTV"},"image":{"@id":"https:\/\/www.celttv.com.ar\/#\/schema\/logo\/image\/"}},{"@type":"Person","@id":"https:\/\/www.celttv.com.ar\/#\/schema\/person\/6d99c072dba59953809c81446e9d0ace","name":"ulises","image":{"@type":"ImageObject","inLanguage":"es","@id":"https:\/\/www.celttv.com.ar\/#\/schema\/person\/image\/","url":"https:\/\/secure.gravatar.com\/avatar\/7f2c48bdc33b30088f941fb6082e555f2874c98e20cb159d7b92b50eadfce793?s=96&d=mm&r=g","contentUrl":"https:\/\/secure.gravatar.com\/avatar\/7f2c48bdc33b30088f941fb6082e555f2874c98e20cb159d7b92b50eadfce793?s=96&d=mm&r=g","caption":"ulises"},"sameAs":["http:\/\/www.celttv.com.ar"]}]}},"_links":{"self":[{"href":"https:\/\/www.celttv.com.ar\/index.php\/wp-json\/wp\/v2\/posts\/26394","targetHints":{"allow":["GET"]}}],"collection":[{"href":"https:\/\/www.celttv.com.ar\/index.php\/wp-json\/wp\/v2\/posts"}],"about":[{"href":"https:\/\/www.celttv.com.ar\/index.php\/wp-json\/wp\/v2\/types\/post"}],"author":[{"embeddable":true,"href":"https:\/\/www.celttv.com.ar\/index.php\/wp-json\/wp\/v2\/users\/1"}],"replies":[{"embeddable":true,"href":"https:\/\/www.celttv.com.ar\/index.php\/wp-json\/wp\/v2\/comments?post=26394"}],"version-history":[{"count":0,"href":"https:\/\/www.celttv.com.ar\/index.php\/wp-json\/wp\/v2\/posts\/26394\/revisions"}],"wp:attachment":[{"href":"https:\/\/www.celttv.com.ar\/index.php\/wp-json\/wp\/v2\/media?parent=26394"}],"wp:term":[{"taxonomy":"category","embeddable":true,"href":"https:\/\/www.celttv.com.ar\/index.php\/wp-json\/wp\/v2\/categories?post=26394"},{"taxonomy":"post_tag","embeddable":true,"href":"https:\/\/www.celttv.com.ar\/index.php\/wp-json\/wp\/v2\/tags?post=26394"}],"curies":[{"name":"wp","href":"https:\/\/api.w.org\/{rel}","templated":true}]}}