{"id":26401,"date":"2015-01-24T02:23:59","date_gmt":"2015-01-24T02:23:59","guid":{"rendered":"http:\/\/www.tvcnoticias.com.ar\/?p=26401"},"modified":"2015-01-24T02:23:59","modified_gmt":"2015-01-24T02:23:59","slug":"surgieron-los-preadjudicatarios-del-barrio-de-viviendas","status":"publish","type":"post","link":"https:\/\/www.celttv.com.ar\/index.php\/2015\/01\/24\/surgieron-los-preadjudicatarios-del-barrio-de-viviendas\/","title":{"rendered":"SURGIERON LOS PREADJUDICATARIOS DEL BARRIO DE VIVIENDAS"},"content":{"rendered":"<p><a rel=\"attachment wp-att-26402\" href=\"http:\/\/www.tvcnoticias.com.ar\/?attachment_id=26402\"><img loading=\"lazy\" decoding=\"async\" class=\"aligncenter size-medium wp-image-26402\" title=\"DSCN1048 (1280x960) (Small)\" src=\"http:\/\/www.tvcnoticias.com.ar\/wp-content\/uploads\/2015\/01\/DSCN1048-1280x960-Small-450x220.jpg\" alt=\"\" width=\"450\" height=\"220\" \/><\/a><\/p>\n<p>Con un acto que se realiz\u00f3 en el Gimnasio Municipal \u201cEva Per\u00f3n\u201d, que cont\u00f3 con la presencia de los inscriptos y vecinos de la comunidad, se realiz\u00f3 el sorteo para la preadjudicaci\u00f3n de 20 viviendas del Plan Plurianual Reconvertido, cuyo barrio se encuentra emplazado en la ciudad cabecera.<\/p>\n<p>De la iniciativa participaron el intendente municipal, licenciado Gustavo Trankels; la escribana Gianella Domini, quien realiz\u00f3 la fiscalizaci\u00f3n; Guillermo Cappa, del Instituto de la Vivienda de la provincia de Buenios Aires; miembros del Departamento Ejecutivo y concejales.<\/p>\n<p>Para que el acto resultara trasparente, se dispusieron tres bolilleros (unidad, decena y centena) y se invit\u00f3 a los presentes a que realizaran el lanzamiento de las bolillas, que determinaron los preadjudicatarios de las casas.<\/p>\n<p>Los beneficiarios del sorteo fueron: Luc\u00eda Maier (con el N\u00b0 057), Mar\u00eda Ester Lefinir (N\u00b0 223), Marcelo Storm (022), Luciana Lascalea (160), Fernando Pollio (020), Marina Anah\u00ed Etcheverry\u00a0 (138), Maximiliano Braun (132), Germ\u00e1n Scharff (157), Emma Claro (064), Mar\u00eda Ojeda V\u00e1zquez (128), Claudia Cavallotti (084), Sonia Meneses (200), Viviana Valenzuela (189), Horacio Garc\u00eda (094), Marcedes Esquivel (004), Alejandro Dom\u00ednguez Tujay (192), Susana Steimbach (117), Alberto Tolosa (116), Cristian Ferreyra (077) y Yesica Nori (124).<\/p>\n<p>Como suplentes quedaron: 1) M\u00f3nica G\u00f3mez; 2) Hugo Machado; 3) Alejandro Lanaro; 4) Pamela Auce; 5) Andrea Espina; 6) Natalia Braun; 7) Valentina Molina; 8) Anah\u00ed Ag\u00fcero; 9) Luc\u00eda Esp\u00edndola; y 10) Iv\u00e1n Braun.<\/p>\n<p>\u201cEstamos muy contentos. Las viviendas cayeron en buenas manos y nos hace sentir que vali\u00f3 la pena todo el esfuerzo y el trabajo de estos a\u00f1os, en adquirir la tierra, en conseguir los fondos para construir, y resolver temas econ\u00f3micos, legales, administrativos y t\u00e9cnicos, porque llevar los servicios result\u00f3 un desaf\u00edo importante. Ver la cara de estas familias, a sus hijos saltando de alegr\u00eda y la felicidad entremezclada con llanto, hace sentir que todo vale la pena\u201d, se\u00f1al\u00f3 el intendente Trankels.<\/p>\n<p>El pr\u00f3ximo paso es enviar los documentos al Instituto de la Vivienda, ANSES y el Registro de la Propiedad, para constatar que re\u00fanen los requisitos solicitados en el programa, y se estima que se entregar\u00e1n en el mes de marzo.<\/p>\n<p>\u201cLa intenci\u00f3n es no detenernos en la construcci\u00f3n de viviendas, por eso casi de manera simult\u00e1nea con la entrega de estas, en marzo, estaremos comenzando con otro barrio de 20 casas. Adem\u00e1s, se\u00f1amos y firmamos el boleto de compra venta de una manzana que vamos a lotear para el PRO.CRE.AR., del cual saldr\u00e1n entre 24 y 26 lotes. De a poco vamos achicando el d\u00e9ficit habitacional\u201d, enfatiz\u00f3.<\/p>\n<p>El listado con los beneficiarios ser\u00e1 publicado para generar un registro de oposici\u00f3n.<\/p>\n<p>\u201cQuiero agradecerle al administrador del Instituto de la Vivienda, Pablo Sarlo; Guillermo Cappa, todo el equipo que se desempe\u00f1a en ese organismo y a Diego Bossio y la gente que trabaja en ANSES, por brindarnos la posibilidad de acercar soluciones a nuestros vecinos\u201d, enfatiz\u00f3 Trankels, quien tambi\u00e9n le agradeci\u00f3 a la Sociedad Italiana por ceder las sillas que permitieron realizar el evento en el Gimnasio Municipal.<\/p>\n<p>Cabe aclarar que el barrio es de 30 viviendas y que 10 fueron adjudicadas de manera directa: 3 se destinaron a bomberos voluntarios (mediante ordenanza y seleccionados por el propio cuartel local) y 7 a discapacitados o de inter\u00e9s social.<\/p>\n<p>&nbsp;<\/p>\n","protected":false},"excerpt":{"rendered":"<p>Con un acto que se realiz\u00f3 en el Gimnasio Municipal \u201cEva Per\u00f3n\u201d, que cont\u00f3 con la presencia de los inscriptos y vecinos de la comunidad, se realiz\u00f3 el sorteo para la preadjudicaci\u00f3n de 20 viviendas del Plan Plurianual Reconvertido, cuyo barrio se encuentra emplazado en la ciudad cabecera. De la iniciativa participaron el intendente municipal, [&hellip;]<\/p>\n","protected":false},"author":1,"featured_media":0,"comment_status":"closed","ping_status":"open","sticky":false,"template":"","format":"standard","meta":{"footnotes":""},"categories":[51,52,53],"tags":[],"class_list":["post-26401","post","type-post","status-publish","format-standard","hentry","category-comunidad","category-destacadas","category-politica"],"yoast_head":"<!-- This site is optimized with the Yoast SEO plugin v19.7.1 - https:\/\/yoast.com\/wordpress\/plugins\/seo\/ -->\n<title>SURGIERON LOS PREADJUDICATARIOS DEL BARRIO DE VIVIENDAS - CELTTV<\/title>\n<meta name=\"description\" content=\"Sitio web de noticias de la localidad de Tornquist, provincia de Buenos Aires, Rep\u00fablica Argentina. Contenido propio originado por periodistas de CELTTV, el canal de TV local de la Cooperativa El\u00e9ctrica de Tornquist. Turismo, Pol\u00edtica, Sociedad, Deporte, Cultura y todo el contenido de inter\u00e9s general que la gente del pueblo y la regi\u00f3n debe conocer.\" \/>\n<meta name=\"robots\" content=\"index, follow, max-snippet:-1, max-image-preview:large, max-video-preview:-1\" \/>\n<link rel=\"canonical\" href=\"https:\/\/www.celttv.com.ar\/index.php\/2015\/01\/24\/surgieron-los-preadjudicatarios-del-barrio-de-viviendas\/\" \/>\n<meta property=\"og:locale\" content=\"es_ES\" \/>\n<meta property=\"og:type\" content=\"article\" \/>\n<meta property=\"og:title\" content=\"SURGIERON LOS PREADJUDICATARIOS DEL BARRIO DE VIVIENDAS - CELTTV\" \/>\n<meta property=\"og:description\" content=\"Sitio web de noticias de la localidad de Tornquist, provincia de Buenos Aires, Rep\u00fablica Argentina. Contenido propio originado por periodistas de CELTTV, el canal de TV local de la Cooperativa El\u00e9ctrica de Tornquist. Turismo, Pol\u00edtica, Sociedad, Deporte, Cultura y todo el contenido de inter\u00e9s general que la gente del pueblo y la regi\u00f3n debe conocer.\" \/>\n<meta property=\"og:url\" content=\"https:\/\/www.celttv.com.ar\/index.php\/2015\/01\/24\/surgieron-los-preadjudicatarios-del-barrio-de-viviendas\/\" \/>\n<meta property=\"og:site_name\" content=\"CELTTV\" \/>\n<meta property=\"article:publisher\" content=\"https:\/\/www.facebook.com\/celtTV\/\" \/>\n<meta property=\"article:published_time\" content=\"2015-01-24T02:23:59+00:00\" \/>\n<meta property=\"og:image\" content=\"http:\/\/www.tvcnoticias.com.ar\/wp-content\/uploads\/2015\/01\/DSCN1048-1280x960-Small-450x220.jpg\" \/>\n<meta name=\"author\" content=\"ulises\" \/>\n<meta name=\"twitter:card\" content=\"summary_large_image\" \/>\n<meta name=\"twitter:label1\" content=\"Escrito por\" \/>\n\t<meta name=\"twitter:data1\" content=\"ulises\" \/>\n\t<meta name=\"twitter:label2\" content=\"Tiempo de lectura\" \/>\n\t<meta name=\"twitter:data2\" content=\"3 minutos\" \/>\n<script type=\"application\/ld+json\" class=\"yoast-schema-graph\">{\"@context\":\"https:\/\/schema.org\",\"@graph\":[{\"@type\":\"NewsArticle\",\"@id\":\"https:\/\/www.celttv.com.ar\/index.php\/2015\/01\/24\/surgieron-los-preadjudicatarios-del-barrio-de-viviendas\/#article\",\"isPartOf\":{\"@id\":\"https:\/\/www.celttv.com.ar\/index.php\/2015\/01\/24\/surgieron-los-preadjudicatarios-del-barrio-de-viviendas\/\"},\"author\":{\"name\":\"ulises\",\"@id\":\"https:\/\/www.celttv.com.ar\/#\/schema\/person\/6d99c072dba59953809c81446e9d0ace\"},\"headline\":\"SURGIERON LOS PREADJUDICATARIOS DEL BARRIO DE VIVIENDAS\",\"datePublished\":\"2015-01-24T02:23:59+00:00\",\"dateModified\":\"2015-01-24T02:23:59+00:00\",\"mainEntityOfPage\":{\"@id\":\"https:\/\/www.celttv.com.ar\/index.php\/2015\/01\/24\/surgieron-los-preadjudicatarios-del-barrio-de-viviendas\/\"},\"wordCount\":547,\"publisher\":{\"@id\":\"https:\/\/www.celttv.com.ar\/#organization\"},\"articleSection\":[\"Comunidad\",\"Destacadas\",\"Pol\u00edtica\"],\"inLanguage\":\"es\"},{\"@type\":\"WebPage\",\"@id\":\"https:\/\/www.celttv.com.ar\/index.php\/2015\/01\/24\/surgieron-los-preadjudicatarios-del-barrio-de-viviendas\/\",\"url\":\"https:\/\/www.celttv.com.ar\/index.php\/2015\/01\/24\/surgieron-los-preadjudicatarios-del-barrio-de-viviendas\/\",\"name\":\"SURGIERON LOS PREADJUDICATARIOS DEL BARRIO DE VIVIENDAS - CELTTV\",\"isPartOf\":{\"@id\":\"https:\/\/www.celttv.com.ar\/#website\"},\"datePublished\":\"2015-01-24T02:23:59+00:00\",\"dateModified\":\"2015-01-24T02:23:59+00:00\",\"description\":\"Sitio web de noticias de la localidad de Tornquist, provincia de Buenos Aires, Rep\u00fablica Argentina. Contenido propio originado por periodistas de CELTTV, el canal de TV local de la Cooperativa El\u00e9ctrica de Tornquist. Turismo, Pol\u00edtica, Sociedad, Deporte, Cultura y todo el contenido de inter\u00e9s general que la gente del pueblo y la regi\u00f3n debe conocer.\",\"breadcrumb\":{\"@id\":\"https:\/\/www.celttv.com.ar\/index.php\/2015\/01\/24\/surgieron-los-preadjudicatarios-del-barrio-de-viviendas\/#breadcrumb\"},\"inLanguage\":\"es\",\"potentialAction\":[{\"@type\":\"ReadAction\",\"target\":[\"https:\/\/www.celttv.com.ar\/index.php\/2015\/01\/24\/surgieron-los-preadjudicatarios-del-barrio-de-viviendas\/\"]}]},{\"@type\":\"BreadcrumbList\",\"@id\":\"https:\/\/www.celttv.com.ar\/index.php\/2015\/01\/24\/surgieron-los-preadjudicatarios-del-barrio-de-viviendas\/#breadcrumb\",\"itemListElement\":[{\"@type\":\"ListItem\",\"position\":1,\"name\":\"Inicio\",\"item\":\"https:\/\/www.celttv.com.ar\/\"},{\"@type\":\"ListItem\",\"position\":2,\"name\":\"SURGIERON LOS PREADJUDICATARIOS DEL BARRIO DE VIVIENDAS\"}]},{\"@type\":\"WebSite\",\"@id\":\"https:\/\/www.celttv.com.ar\/#website\",\"url\":\"https:\/\/www.celttv.com.ar\/\",\"name\":\"CELTTV\",\"description\":\"Cooperativa El\u00e9ctrica de Tornquist\",\"publisher\":{\"@id\":\"https:\/\/www.celttv.com.ar\/#organization\"},\"potentialAction\":[{\"@type\":\"SearchAction\",\"target\":{\"@type\":\"EntryPoint\",\"urlTemplate\":\"https:\/\/www.celttv.com.ar\/?s={search_term_string}\"},\"query-input\":\"required name=search_term_string\"}],\"inLanguage\":\"es\"},{\"@type\":\"Organization\",\"@id\":\"https:\/\/www.celttv.com.ar\/#organization\",\"name\":\"CELTTV\",\"url\":\"https:\/\/www.celttv.com.ar\/\",\"sameAs\":[\"https:\/\/www.youtube.com\/channel\/UCz_oIt8Hig64Ub-EmcNPIhg\",\"https:\/\/www.facebook.com\/celtTV\/\"],\"logo\":{\"@type\":\"ImageObject\",\"inLanguage\":\"es\",\"@id\":\"https:\/\/www.celttv.com.ar\/#\/schema\/logo\/image\/\",\"url\":\"http:\/\/www.celttv.com.ar\/wp-content\/uploads\/2022\/08\/logo-1.png\",\"contentUrl\":\"http:\/\/www.celttv.com.ar\/wp-content\/uploads\/2022\/08\/logo-1.png\",\"width\":461,\"height\":159,\"caption\":\"CELTTV\"},\"image\":{\"@id\":\"https:\/\/www.celttv.com.ar\/#\/schema\/logo\/image\/\"}},{\"@type\":\"Person\",\"@id\":\"https:\/\/www.celttv.com.ar\/#\/schema\/person\/6d99c072dba59953809c81446e9d0ace\",\"name\":\"ulises\",\"image\":{\"@type\":\"ImageObject\",\"inLanguage\":\"es\",\"@id\":\"https:\/\/www.celttv.com.ar\/#\/schema\/person\/image\/\",\"url\":\"https:\/\/secure.gravatar.com\/avatar\/7f2c48bdc33b30088f941fb6082e555f2874c98e20cb159d7b92b50eadfce793?s=96&d=mm&r=g\",\"contentUrl\":\"https:\/\/secure.gravatar.com\/avatar\/7f2c48bdc33b30088f941fb6082e555f2874c98e20cb159d7b92b50eadfce793?s=96&d=mm&r=g\",\"caption\":\"ulises\"},\"sameAs\":[\"http:\/\/www.celttv.com.ar\"]}]}<\/script>\n<!-- \/ Yoast SEO plugin. -->","yoast_head_json":{"title":"SURGIERON LOS PREADJUDICATARIOS DEL BARRIO DE VIVIENDAS - CELTTV","description":"Sitio web de noticias de la localidad de Tornquist, provincia de Buenos Aires, Rep\u00fablica Argentina. Contenido propio originado por periodistas de CELTTV, el canal de TV local de la Cooperativa El\u00e9ctrica de Tornquist. Turismo, Pol\u00edtica, Sociedad, Deporte, Cultura y todo el contenido de inter\u00e9s general que la gente del pueblo y la regi\u00f3n debe conocer.","robots":{"index":"index","follow":"follow","max-snippet":"max-snippet:-1","max-image-preview":"max-image-preview:large","max-video-preview":"max-video-preview:-1"},"canonical":"https:\/\/www.celttv.com.ar\/index.php\/2015\/01\/24\/surgieron-los-preadjudicatarios-del-barrio-de-viviendas\/","og_locale":"es_ES","og_type":"article","og_title":"SURGIERON LOS PREADJUDICATARIOS DEL BARRIO DE VIVIENDAS - CELTTV","og_description":"Sitio web de noticias de la localidad de Tornquist, provincia de Buenos Aires, Rep\u00fablica Argentina. Contenido propio originado por periodistas de CELTTV, el canal de TV local de la Cooperativa El\u00e9ctrica de Tornquist. Turismo, Pol\u00edtica, Sociedad, Deporte, Cultura y todo el contenido de inter\u00e9s general que la gente del pueblo y la regi\u00f3n debe conocer.","og_url":"https:\/\/www.celttv.com.ar\/index.php\/2015\/01\/24\/surgieron-los-preadjudicatarios-del-barrio-de-viviendas\/","og_site_name":"CELTTV","article_publisher":"https:\/\/www.facebook.com\/celtTV\/","article_published_time":"2015-01-24T02:23:59+00:00","og_image":[{"url":"http:\/\/www.tvcnoticias.com.ar\/wp-content\/uploads\/2015\/01\/DSCN1048-1280x960-Small-450x220.jpg"}],"author":"ulises","twitter_card":"summary_large_image","twitter_misc":{"Escrito por":"ulises","Tiempo de lectura":"3 minutos"},"schema":{"@context":"https:\/\/schema.org","@graph":[{"@type":"NewsArticle","@id":"https:\/\/www.celttv.com.ar\/index.php\/2015\/01\/24\/surgieron-los-preadjudicatarios-del-barrio-de-viviendas\/#article","isPartOf":{"@id":"https:\/\/www.celttv.com.ar\/index.php\/2015\/01\/24\/surgieron-los-preadjudicatarios-del-barrio-de-viviendas\/"},"author":{"name":"ulises","@id":"https:\/\/www.celttv.com.ar\/#\/schema\/person\/6d99c072dba59953809c81446e9d0ace"},"headline":"SURGIERON LOS PREADJUDICATARIOS DEL BARRIO DE VIVIENDAS","datePublished":"2015-01-24T02:23:59+00:00","dateModified":"2015-01-24T02:23:59+00:00","mainEntityOfPage":{"@id":"https:\/\/www.celttv.com.ar\/index.php\/2015\/01\/24\/surgieron-los-preadjudicatarios-del-barrio-de-viviendas\/"},"wordCount":547,"publisher":{"@id":"https:\/\/www.celttv.com.ar\/#organization"},"articleSection":["Comunidad","Destacadas","Pol\u00edtica"],"inLanguage":"es"},{"@type":"WebPage","@id":"https:\/\/www.celttv.com.ar\/index.php\/2015\/01\/24\/surgieron-los-preadjudicatarios-del-barrio-de-viviendas\/","url":"https:\/\/www.celttv.com.ar\/index.php\/2015\/01\/24\/surgieron-los-preadjudicatarios-del-barrio-de-viviendas\/","name":"SURGIERON LOS PREADJUDICATARIOS DEL BARRIO DE VIVIENDAS - CELTTV","isPartOf":{"@id":"https:\/\/www.celttv.com.ar\/#website"},"datePublished":"2015-01-24T02:23:59+00:00","dateModified":"2015-01-24T02:23:59+00:00","description":"Sitio web de noticias de la localidad de Tornquist, provincia de Buenos Aires, Rep\u00fablica Argentina. Contenido propio originado por periodistas de CELTTV, el canal de TV local de la Cooperativa El\u00e9ctrica de Tornquist. Turismo, Pol\u00edtica, Sociedad, Deporte, Cultura y todo el contenido de inter\u00e9s general que la gente del pueblo y la regi\u00f3n debe conocer.","breadcrumb":{"@id":"https:\/\/www.celttv.com.ar\/index.php\/2015\/01\/24\/surgieron-los-preadjudicatarios-del-barrio-de-viviendas\/#breadcrumb"},"inLanguage":"es","potentialAction":[{"@type":"ReadAction","target":["https:\/\/www.celttv.com.ar\/index.php\/2015\/01\/24\/surgieron-los-preadjudicatarios-del-barrio-de-viviendas\/"]}]},{"@type":"BreadcrumbList","@id":"https:\/\/www.celttv.com.ar\/index.php\/2015\/01\/24\/surgieron-los-preadjudicatarios-del-barrio-de-viviendas\/#breadcrumb","itemListElement":[{"@type":"ListItem","position":1,"name":"Inicio","item":"https:\/\/www.celttv.com.ar\/"},{"@type":"ListItem","position":2,"name":"SURGIERON LOS PREADJUDICATARIOS DEL BARRIO DE VIVIENDAS"}]},{"@type":"WebSite","@id":"https:\/\/www.celttv.com.ar\/#website","url":"https:\/\/www.celttv.com.ar\/","name":"CELTTV","description":"Cooperativa El\u00e9ctrica de Tornquist","publisher":{"@id":"https:\/\/www.celttv.com.ar\/#organization"},"potentialAction":[{"@type":"SearchAction","target":{"@type":"EntryPoint","urlTemplate":"https:\/\/www.celttv.com.ar\/?s={search_term_string}"},"query-input":"required name=search_term_string"}],"inLanguage":"es"},{"@type":"Organization","@id":"https:\/\/www.celttv.com.ar\/#organization","name":"CELTTV","url":"https:\/\/www.celttv.com.ar\/","sameAs":["https:\/\/www.youtube.com\/channel\/UCz_oIt8Hig64Ub-EmcNPIhg","https:\/\/www.facebook.com\/celtTV\/"],"logo":{"@type":"ImageObject","inLanguage":"es","@id":"https:\/\/www.celttv.com.ar\/#\/schema\/logo\/image\/","url":"http:\/\/www.celttv.com.ar\/wp-content\/uploads\/2022\/08\/logo-1.png","contentUrl":"http:\/\/www.celttv.com.ar\/wp-content\/uploads\/2022\/08\/logo-1.png","width":461,"height":159,"caption":"CELTTV"},"image":{"@id":"https:\/\/www.celttv.com.ar\/#\/schema\/logo\/image\/"}},{"@type":"Person","@id":"https:\/\/www.celttv.com.ar\/#\/schema\/person\/6d99c072dba59953809c81446e9d0ace","name":"ulises","image":{"@type":"ImageObject","inLanguage":"es","@id":"https:\/\/www.celttv.com.ar\/#\/schema\/person\/image\/","url":"https:\/\/secure.gravatar.com\/avatar\/7f2c48bdc33b30088f941fb6082e555f2874c98e20cb159d7b92b50eadfce793?s=96&d=mm&r=g","contentUrl":"https:\/\/secure.gravatar.com\/avatar\/7f2c48bdc33b30088f941fb6082e555f2874c98e20cb159d7b92b50eadfce793?s=96&d=mm&r=g","caption":"ulises"},"sameAs":["http:\/\/www.celttv.com.ar"]}]}},"_links":{"self":[{"href":"https:\/\/www.celttv.com.ar\/index.php\/wp-json\/wp\/v2\/posts\/26401","targetHints":{"allow":["GET"]}}],"collection":[{"href":"https:\/\/www.celttv.com.ar\/index.php\/wp-json\/wp\/v2\/posts"}],"about":[{"href":"https:\/\/www.celttv.com.ar\/index.php\/wp-json\/wp\/v2\/types\/post"}],"author":[{"embeddable":true,"href":"https:\/\/www.celttv.com.ar\/index.php\/wp-json\/wp\/v2\/users\/1"}],"replies":[{"embeddable":true,"href":"https:\/\/www.celttv.com.ar\/index.php\/wp-json\/wp\/v2\/comments?post=26401"}],"version-history":[{"count":0,"href":"https:\/\/www.celttv.com.ar\/index.php\/wp-json\/wp\/v2\/posts\/26401\/revisions"}],"wp:attachment":[{"href":"https:\/\/www.celttv.com.ar\/index.php\/wp-json\/wp\/v2\/media?parent=26401"}],"wp:term":[{"taxonomy":"category","embeddable":true,"href":"https:\/\/www.celttv.com.ar\/index.php\/wp-json\/wp\/v2\/categories?post=26401"},{"taxonomy":"post_tag","embeddable":true,"href":"https:\/\/www.celttv.com.ar\/index.php\/wp-json\/wp\/v2\/tags?post=26401"}],"curies":[{"name":"wp","href":"https:\/\/api.w.org\/{rel}","templated":true}]}}