{"id":26427,"date":"2015-01-24T15:13:36","date_gmt":"2015-01-24T15:13:36","guid":{"rendered":"http:\/\/www.tvcnoticias.com.ar\/?p=26427"},"modified":"2015-01-24T15:13:36","modified_gmt":"2015-01-24T15:13:36","slug":"hcd-fallecimiento-del-fiscal-alberto-nisman-los-bloques-de-la-oposicion-expresaron-su-preocupacion-mediante-un-proyecto-de-resolucion","status":"publish","type":"post","link":"https:\/\/www.celttv.com.ar\/index.php\/2015\/01\/24\/hcd-fallecimiento-del-fiscal-alberto-nisman-los-bloques-de-la-oposicion-expresaron-su-preocupacion-mediante-un-proyecto-de-resolucion\/","title":{"rendered":"HCD.: FALLECIMIENTO DEL FISCAL ALBERTO NISMAN: Los bloques de la oposici\u00f3n expresaron su preocupaci\u00f3n mediante un proyecto de resoluci\u00f3n"},"content":{"rendered":"<p><a rel=\"attachment wp-att-26435\" href=\"http:\/\/www.tvcnoticias.com.ar\/?attachment_id=26435\"><img loading=\"lazy\" decoding=\"async\" class=\"aligncenter size-medium wp-image-26435\" title=\"IMG_2200 (Small)\" src=\"http:\/\/www.tvcnoticias.com.ar\/wp-content\/uploads\/2015\/01\/IMG_2200-Small-e1422112332745-300x450.jpg\" alt=\"\" width=\"300\" height=\"450\" \/><\/a><\/p>\n<p>En sesi\u00f3n extrordinaria realizada \u00e9ste viernes en el recinto del HCD., los bloques CC., FPCyS., FR. Y UCR. expresaron su preocupaci\u00f3n y pesar por el fallecimiento del Fiscal Alberto Nisman en las circunstancias que son de p\u00fablico conocimiento.<\/p>\n<p>El proyecto de resoluci\u00f3n, que cont\u00f3 con la aprobaci\u00f3n de los bloques opositores, expresa en sus considerandos que el Fiscal Alberto Nisman era figura central de la investigaci\u00f3n de la causa AMIA. y se aprestaba a brindar un informe en la C\u00e1mara de Diputados de la Naci\u00f3n sobre su denuncia que involucran a la Presidente Cristina Fernandez de Kirchner, al Canciller H\u00e9ctor Timerman y a otros dirigentes por encubrimiento a los sospechados del atentado a la AMIA.<\/p>\n<p>En otro p\u00e1rrafo de los considerandos expresan que \u201csu muerte constituye un hecho grave y doloroso, que requiere de responsabilidad y llegar a la verdad r\u00e1pidamente con el pronto esclarecimiento de los hechos para recobrar la paz y que la sociedad espera que esta muerte no quede inpune, que tenga resultado de verdad y que la justicia act\u00fae con libertad e independencia y que toda la sociedad espera que cada uno de los estamentos del Estado realicen su tarea de manera eficiente, independiente y siempre como objetivo, la b\u00fasqueda de la verdad, que es imprescindible que todos los cuerpos deliberativos se expresen ante esta coyuntura institucional.<\/p>\n<p>En su articulado el proyecto resuelve manifestar el hondo presar por la muerte del Fiscal de la Naci\u00f3n Alberto Nisman y expresar la necesidad del pronto esclarecimiento del hecho.<\/p>\n<p>Sugiere solicitar a la Corte Suprema de Justicia que tome todas las medidas a fin de garantizar la libertad de trabajo y de funcionamiento, tanto para el juez Ariel Lijo, como juez de la causa que tom\u00f3 la denuncia del Dr. Nisman, como\u00a0 para la fiscal\u00eda especial de investigaci\u00f3n del atentado y el resguardo y protecci\u00f3n de todas las pruebas producidas por esa Fiscal\u00eda.<\/p>\n<p>\u201cSolicitar al Congreso Nacional la denuncia y finalizaci\u00f3n del memor\u00e1ndum de entendimiento con Ir\u00e1n y la convocatoria a la constituci\u00f3n de la Comisi\u00f3n bicameral de seguimiento de Organismos de Inteligencia.<\/p>\n<p>Por \u00faltimo resuelven comunicar y remitir copia de la presente comunicaci\u00f3n\u00a0 a las C\u00e1maras de Diputados y Senadores de la Naci\u00f3n, a la Corte Suprema de Justicia de la Naci\u00f3n y a todos los Concejos Deliberantes de la provincia de Buenos Aires.<\/p>\n<p>&nbsp;<\/p>\n","protected":false},"excerpt":{"rendered":"<p>En sesi\u00f3n extrordinaria realizada \u00e9ste viernes en el recinto del HCD., los bloques CC., FPCyS., FR. Y UCR. expresaron su preocupaci\u00f3n y pesar por el fallecimiento del Fiscal Alberto Nisman en las circunstancias que son de p\u00fablico conocimiento. El proyecto de resoluci\u00f3n, que cont\u00f3 con la aprobaci\u00f3n de los bloques opositores, expresa en sus considerandos [&hellip;]<\/p>\n","protected":false},"author":1,"featured_media":0,"comment_status":"closed","ping_status":"open","sticky":false,"template":"","format":"standard","meta":{"footnotes":""},"categories":[51,52,53],"tags":[],"class_list":["post-26427","post","type-post","status-publish","format-standard","hentry","category-comunidad","category-destacadas","category-politica"],"yoast_head":"<!-- This site is optimized with the Yoast SEO plugin v19.7.1 - https:\/\/yoast.com\/wordpress\/plugins\/seo\/ -->\n<title>HCD.: FALLECIMIENTO DEL FISCAL ALBERTO NISMAN: Los bloques de la oposici\u00f3n expresaron su preocupaci\u00f3n mediante un proyecto de resoluci\u00f3n - CELTTV<\/title>\n<meta name=\"description\" content=\"Sitio web de noticias de la localidad de Tornquist, provincia de Buenos Aires, Rep\u00fablica Argentina. Contenido propio originado por periodistas de CELTTV, el canal de TV local de la Cooperativa El\u00e9ctrica de Tornquist. Turismo, Pol\u00edtica, Sociedad, Deporte, Cultura y todo el contenido de inter\u00e9s general que la gente del pueblo y la regi\u00f3n debe conocer.\" \/>\n<meta name=\"robots\" content=\"index, follow, max-snippet:-1, max-image-preview:large, max-video-preview:-1\" \/>\n<link rel=\"canonical\" href=\"https:\/\/www.celttv.com.ar\/index.php\/2015\/01\/24\/hcd-fallecimiento-del-fiscal-alberto-nisman-los-bloques-de-la-oposicion-expresaron-su-preocupacion-mediante-un-proyecto-de-resolucion\/\" \/>\n<meta property=\"og:locale\" content=\"es_ES\" \/>\n<meta property=\"og:type\" content=\"article\" \/>\n<meta property=\"og:title\" content=\"HCD.: FALLECIMIENTO DEL FISCAL ALBERTO NISMAN: Los bloques de la oposici\u00f3n expresaron su preocupaci\u00f3n mediante un proyecto de resoluci\u00f3n - CELTTV\" \/>\n<meta property=\"og:description\" content=\"Sitio web de noticias de la localidad de Tornquist, provincia de Buenos Aires, Rep\u00fablica Argentina. Contenido propio originado por periodistas de CELTTV, el canal de TV local de la Cooperativa El\u00e9ctrica de Tornquist. Turismo, Pol\u00edtica, Sociedad, Deporte, Cultura y todo el contenido de inter\u00e9s general que la gente del pueblo y la regi\u00f3n debe conocer.\" \/>\n<meta property=\"og:url\" content=\"https:\/\/www.celttv.com.ar\/index.php\/2015\/01\/24\/hcd-fallecimiento-del-fiscal-alberto-nisman-los-bloques-de-la-oposicion-expresaron-su-preocupacion-mediante-un-proyecto-de-resolucion\/\" \/>\n<meta property=\"og:site_name\" content=\"CELTTV\" \/>\n<meta property=\"article:publisher\" content=\"https:\/\/www.facebook.com\/celtTV\/\" \/>\n<meta property=\"article:published_time\" content=\"2015-01-24T15:13:36+00:00\" \/>\n<meta property=\"og:image\" content=\"http:\/\/www.tvcnoticias.com.ar\/wp-content\/uploads\/2015\/01\/IMG_2200-Small-e1422112332745-300x450.jpg\" \/>\n<meta name=\"author\" content=\"ulises\" \/>\n<meta name=\"twitter:card\" content=\"summary_large_image\" \/>\n<meta name=\"twitter:label1\" content=\"Escrito por\" \/>\n\t<meta name=\"twitter:data1\" content=\"ulises\" \/>\n\t<meta name=\"twitter:label2\" content=\"Tiempo de lectura\" \/>\n\t<meta name=\"twitter:data2\" content=\"2 minutos\" \/>\n<script type=\"application\/ld+json\" class=\"yoast-schema-graph\">{\"@context\":\"https:\/\/schema.org\",\"@graph\":[{\"@type\":\"NewsArticle\",\"@id\":\"https:\/\/www.celttv.com.ar\/index.php\/2015\/01\/24\/hcd-fallecimiento-del-fiscal-alberto-nisman-los-bloques-de-la-oposicion-expresaron-su-preocupacion-mediante-un-proyecto-de-resolucion\/#article\",\"isPartOf\":{\"@id\":\"https:\/\/www.celttv.com.ar\/index.php\/2015\/01\/24\/hcd-fallecimiento-del-fiscal-alberto-nisman-los-bloques-de-la-oposicion-expresaron-su-preocupacion-mediante-un-proyecto-de-resolucion\/\"},\"author\":{\"name\":\"ulises\",\"@id\":\"https:\/\/www.celttv.com.ar\/#\/schema\/person\/6d99c072dba59953809c81446e9d0ace\"},\"headline\":\"HCD.: FALLECIMIENTO DEL FISCAL ALBERTO NISMAN: Los bloques de la oposici\u00f3n expresaron su preocupaci\u00f3n mediante un proyecto de resoluci\u00f3n\",\"datePublished\":\"2015-01-24T15:13:36+00:00\",\"dateModified\":\"2015-01-24T15:13:36+00:00\",\"mainEntityOfPage\":{\"@id\":\"https:\/\/www.celttv.com.ar\/index.php\/2015\/01\/24\/hcd-fallecimiento-del-fiscal-alberto-nisman-los-bloques-de-la-oposicion-expresaron-su-preocupacion-mediante-un-proyecto-de-resolucion\/\"},\"wordCount\":440,\"publisher\":{\"@id\":\"https:\/\/www.celttv.com.ar\/#organization\"},\"articleSection\":[\"Comunidad\",\"Destacadas\",\"Pol\u00edtica\"],\"inLanguage\":\"es\"},{\"@type\":\"WebPage\",\"@id\":\"https:\/\/www.celttv.com.ar\/index.php\/2015\/01\/24\/hcd-fallecimiento-del-fiscal-alberto-nisman-los-bloques-de-la-oposicion-expresaron-su-preocupacion-mediante-un-proyecto-de-resolucion\/\",\"url\":\"https:\/\/www.celttv.com.ar\/index.php\/2015\/01\/24\/hcd-fallecimiento-del-fiscal-alberto-nisman-los-bloques-de-la-oposicion-expresaron-su-preocupacion-mediante-un-proyecto-de-resolucion\/\",\"name\":\"HCD.: FALLECIMIENTO DEL FISCAL ALBERTO NISMAN: Los bloques de la oposici\u00f3n expresaron su preocupaci\u00f3n mediante un proyecto de resoluci\u00f3n - CELTTV\",\"isPartOf\":{\"@id\":\"https:\/\/www.celttv.com.ar\/#website\"},\"datePublished\":\"2015-01-24T15:13:36+00:00\",\"dateModified\":\"2015-01-24T15:13:36+00:00\",\"description\":\"Sitio web de noticias de la localidad de Tornquist, provincia de Buenos Aires, Rep\u00fablica Argentina. Contenido propio originado por periodistas de CELTTV, el canal de TV local de la Cooperativa El\u00e9ctrica de Tornquist. Turismo, Pol\u00edtica, Sociedad, Deporte, Cultura y todo el contenido de inter\u00e9s general que la gente del pueblo y la regi\u00f3n debe conocer.\",\"breadcrumb\":{\"@id\":\"https:\/\/www.celttv.com.ar\/index.php\/2015\/01\/24\/hcd-fallecimiento-del-fiscal-alberto-nisman-los-bloques-de-la-oposicion-expresaron-su-preocupacion-mediante-un-proyecto-de-resolucion\/#breadcrumb\"},\"inLanguage\":\"es\",\"potentialAction\":[{\"@type\":\"ReadAction\",\"target\":[\"https:\/\/www.celttv.com.ar\/index.php\/2015\/01\/24\/hcd-fallecimiento-del-fiscal-alberto-nisman-los-bloques-de-la-oposicion-expresaron-su-preocupacion-mediante-un-proyecto-de-resolucion\/\"]}]},{\"@type\":\"BreadcrumbList\",\"@id\":\"https:\/\/www.celttv.com.ar\/index.php\/2015\/01\/24\/hcd-fallecimiento-del-fiscal-alberto-nisman-los-bloques-de-la-oposicion-expresaron-su-preocupacion-mediante-un-proyecto-de-resolucion\/#breadcrumb\",\"itemListElement\":[{\"@type\":\"ListItem\",\"position\":1,\"name\":\"Inicio\",\"item\":\"https:\/\/www.celttv.com.ar\/\"},{\"@type\":\"ListItem\",\"position\":2,\"name\":\"HCD.: FALLECIMIENTO DEL FISCAL ALBERTO NISMAN: Los bloques de la oposici\u00f3n expresaron su preocupaci\u00f3n mediante un proyecto de resoluci\u00f3n\"}]},{\"@type\":\"WebSite\",\"@id\":\"https:\/\/www.celttv.com.ar\/#website\",\"url\":\"https:\/\/www.celttv.com.ar\/\",\"name\":\"CELTTV\",\"description\":\"Cooperativa El\u00e9ctrica de Tornquist\",\"publisher\":{\"@id\":\"https:\/\/www.celttv.com.ar\/#organization\"},\"potentialAction\":[{\"@type\":\"SearchAction\",\"target\":{\"@type\":\"EntryPoint\",\"urlTemplate\":\"https:\/\/www.celttv.com.ar\/?s={search_term_string}\"},\"query-input\":\"required name=search_term_string\"}],\"inLanguage\":\"es\"},{\"@type\":\"Organization\",\"@id\":\"https:\/\/www.celttv.com.ar\/#organization\",\"name\":\"CELTTV\",\"url\":\"https:\/\/www.celttv.com.ar\/\",\"sameAs\":[\"https:\/\/www.youtube.com\/channel\/UCz_oIt8Hig64Ub-EmcNPIhg\",\"https:\/\/www.facebook.com\/celtTV\/\"],\"logo\":{\"@type\":\"ImageObject\",\"inLanguage\":\"es\",\"@id\":\"https:\/\/www.celttv.com.ar\/#\/schema\/logo\/image\/\",\"url\":\"http:\/\/www.celttv.com.ar\/wp-content\/uploads\/2022\/08\/logo-1.png\",\"contentUrl\":\"http:\/\/www.celttv.com.ar\/wp-content\/uploads\/2022\/08\/logo-1.png\",\"width\":461,\"height\":159,\"caption\":\"CELTTV\"},\"image\":{\"@id\":\"https:\/\/www.celttv.com.ar\/#\/schema\/logo\/image\/\"}},{\"@type\":\"Person\",\"@id\":\"https:\/\/www.celttv.com.ar\/#\/schema\/person\/6d99c072dba59953809c81446e9d0ace\",\"name\":\"ulises\",\"image\":{\"@type\":\"ImageObject\",\"inLanguage\":\"es\",\"@id\":\"https:\/\/www.celttv.com.ar\/#\/schema\/person\/image\/\",\"url\":\"https:\/\/secure.gravatar.com\/avatar\/7f2c48bdc33b30088f941fb6082e555f2874c98e20cb159d7b92b50eadfce793?s=96&d=mm&r=g\",\"contentUrl\":\"https:\/\/secure.gravatar.com\/avatar\/7f2c48bdc33b30088f941fb6082e555f2874c98e20cb159d7b92b50eadfce793?s=96&d=mm&r=g\",\"caption\":\"ulises\"},\"sameAs\":[\"http:\/\/www.celttv.com.ar\"]}]}<\/script>\n<!-- \/ Yoast SEO plugin. -->","yoast_head_json":{"title":"HCD.: FALLECIMIENTO DEL FISCAL ALBERTO NISMAN: Los bloques de la oposici\u00f3n expresaron su preocupaci\u00f3n mediante un proyecto de resoluci\u00f3n - CELTTV","description":"Sitio web de noticias de la localidad de Tornquist, provincia de Buenos Aires, Rep\u00fablica Argentina. Contenido propio originado por periodistas de CELTTV, el canal de TV local de la Cooperativa El\u00e9ctrica de Tornquist. Turismo, Pol\u00edtica, Sociedad, Deporte, Cultura y todo el contenido de inter\u00e9s general que la gente del pueblo y la regi\u00f3n debe conocer.","robots":{"index":"index","follow":"follow","max-snippet":"max-snippet:-1","max-image-preview":"max-image-preview:large","max-video-preview":"max-video-preview:-1"},"canonical":"https:\/\/www.celttv.com.ar\/index.php\/2015\/01\/24\/hcd-fallecimiento-del-fiscal-alberto-nisman-los-bloques-de-la-oposicion-expresaron-su-preocupacion-mediante-un-proyecto-de-resolucion\/","og_locale":"es_ES","og_type":"article","og_title":"HCD.: FALLECIMIENTO DEL FISCAL ALBERTO NISMAN: Los bloques de la oposici\u00f3n expresaron su preocupaci\u00f3n mediante un proyecto de resoluci\u00f3n - CELTTV","og_description":"Sitio web de noticias de la localidad de Tornquist, provincia de Buenos Aires, Rep\u00fablica Argentina. Contenido propio originado por periodistas de CELTTV, el canal de TV local de la Cooperativa El\u00e9ctrica de Tornquist. Turismo, Pol\u00edtica, Sociedad, Deporte, Cultura y todo el contenido de inter\u00e9s general que la gente del pueblo y la regi\u00f3n debe conocer.","og_url":"https:\/\/www.celttv.com.ar\/index.php\/2015\/01\/24\/hcd-fallecimiento-del-fiscal-alberto-nisman-los-bloques-de-la-oposicion-expresaron-su-preocupacion-mediante-un-proyecto-de-resolucion\/","og_site_name":"CELTTV","article_publisher":"https:\/\/www.facebook.com\/celtTV\/","article_published_time":"2015-01-24T15:13:36+00:00","og_image":[{"url":"http:\/\/www.tvcnoticias.com.ar\/wp-content\/uploads\/2015\/01\/IMG_2200-Small-e1422112332745-300x450.jpg"}],"author":"ulises","twitter_card":"summary_large_image","twitter_misc":{"Escrito por":"ulises","Tiempo de lectura":"2 minutos"},"schema":{"@context":"https:\/\/schema.org","@graph":[{"@type":"NewsArticle","@id":"https:\/\/www.celttv.com.ar\/index.php\/2015\/01\/24\/hcd-fallecimiento-del-fiscal-alberto-nisman-los-bloques-de-la-oposicion-expresaron-su-preocupacion-mediante-un-proyecto-de-resolucion\/#article","isPartOf":{"@id":"https:\/\/www.celttv.com.ar\/index.php\/2015\/01\/24\/hcd-fallecimiento-del-fiscal-alberto-nisman-los-bloques-de-la-oposicion-expresaron-su-preocupacion-mediante-un-proyecto-de-resolucion\/"},"author":{"name":"ulises","@id":"https:\/\/www.celttv.com.ar\/#\/schema\/person\/6d99c072dba59953809c81446e9d0ace"},"headline":"HCD.: FALLECIMIENTO DEL FISCAL ALBERTO NISMAN: Los bloques de la oposici\u00f3n expresaron su preocupaci\u00f3n mediante un proyecto de resoluci\u00f3n","datePublished":"2015-01-24T15:13:36+00:00","dateModified":"2015-01-24T15:13:36+00:00","mainEntityOfPage":{"@id":"https:\/\/www.celttv.com.ar\/index.php\/2015\/01\/24\/hcd-fallecimiento-del-fiscal-alberto-nisman-los-bloques-de-la-oposicion-expresaron-su-preocupacion-mediante-un-proyecto-de-resolucion\/"},"wordCount":440,"publisher":{"@id":"https:\/\/www.celttv.com.ar\/#organization"},"articleSection":["Comunidad","Destacadas","Pol\u00edtica"],"inLanguage":"es"},{"@type":"WebPage","@id":"https:\/\/www.celttv.com.ar\/index.php\/2015\/01\/24\/hcd-fallecimiento-del-fiscal-alberto-nisman-los-bloques-de-la-oposicion-expresaron-su-preocupacion-mediante-un-proyecto-de-resolucion\/","url":"https:\/\/www.celttv.com.ar\/index.php\/2015\/01\/24\/hcd-fallecimiento-del-fiscal-alberto-nisman-los-bloques-de-la-oposicion-expresaron-su-preocupacion-mediante-un-proyecto-de-resolucion\/","name":"HCD.: FALLECIMIENTO DEL FISCAL ALBERTO NISMAN: Los bloques de la oposici\u00f3n expresaron su preocupaci\u00f3n mediante un proyecto de resoluci\u00f3n - CELTTV","isPartOf":{"@id":"https:\/\/www.celttv.com.ar\/#website"},"datePublished":"2015-01-24T15:13:36+00:00","dateModified":"2015-01-24T15:13:36+00:00","description":"Sitio web de noticias de la localidad de Tornquist, provincia de Buenos Aires, Rep\u00fablica Argentina. Contenido propio originado por periodistas de CELTTV, el canal de TV local de la Cooperativa El\u00e9ctrica de Tornquist. Turismo, Pol\u00edtica, Sociedad, Deporte, Cultura y todo el contenido de inter\u00e9s general que la gente del pueblo y la regi\u00f3n debe conocer.","breadcrumb":{"@id":"https:\/\/www.celttv.com.ar\/index.php\/2015\/01\/24\/hcd-fallecimiento-del-fiscal-alberto-nisman-los-bloques-de-la-oposicion-expresaron-su-preocupacion-mediante-un-proyecto-de-resolucion\/#breadcrumb"},"inLanguage":"es","potentialAction":[{"@type":"ReadAction","target":["https:\/\/www.celttv.com.ar\/index.php\/2015\/01\/24\/hcd-fallecimiento-del-fiscal-alberto-nisman-los-bloques-de-la-oposicion-expresaron-su-preocupacion-mediante-un-proyecto-de-resolucion\/"]}]},{"@type":"BreadcrumbList","@id":"https:\/\/www.celttv.com.ar\/index.php\/2015\/01\/24\/hcd-fallecimiento-del-fiscal-alberto-nisman-los-bloques-de-la-oposicion-expresaron-su-preocupacion-mediante-un-proyecto-de-resolucion\/#breadcrumb","itemListElement":[{"@type":"ListItem","position":1,"name":"Inicio","item":"https:\/\/www.celttv.com.ar\/"},{"@type":"ListItem","position":2,"name":"HCD.: FALLECIMIENTO DEL FISCAL ALBERTO NISMAN: Los bloques de la oposici\u00f3n expresaron su preocupaci\u00f3n mediante un proyecto de resoluci\u00f3n"}]},{"@type":"WebSite","@id":"https:\/\/www.celttv.com.ar\/#website","url":"https:\/\/www.celttv.com.ar\/","name":"CELTTV","description":"Cooperativa El\u00e9ctrica de Tornquist","publisher":{"@id":"https:\/\/www.celttv.com.ar\/#organization"},"potentialAction":[{"@type":"SearchAction","target":{"@type":"EntryPoint","urlTemplate":"https:\/\/www.celttv.com.ar\/?s={search_term_string}"},"query-input":"required name=search_term_string"}],"inLanguage":"es"},{"@type":"Organization","@id":"https:\/\/www.celttv.com.ar\/#organization","name":"CELTTV","url":"https:\/\/www.celttv.com.ar\/","sameAs":["https:\/\/www.youtube.com\/channel\/UCz_oIt8Hig64Ub-EmcNPIhg","https:\/\/www.facebook.com\/celtTV\/"],"logo":{"@type":"ImageObject","inLanguage":"es","@id":"https:\/\/www.celttv.com.ar\/#\/schema\/logo\/image\/","url":"http:\/\/www.celttv.com.ar\/wp-content\/uploads\/2022\/08\/logo-1.png","contentUrl":"http:\/\/www.celttv.com.ar\/wp-content\/uploads\/2022\/08\/logo-1.png","width":461,"height":159,"caption":"CELTTV"},"image":{"@id":"https:\/\/www.celttv.com.ar\/#\/schema\/logo\/image\/"}},{"@type":"Person","@id":"https:\/\/www.celttv.com.ar\/#\/schema\/person\/6d99c072dba59953809c81446e9d0ace","name":"ulises","image":{"@type":"ImageObject","inLanguage":"es","@id":"https:\/\/www.celttv.com.ar\/#\/schema\/person\/image\/","url":"https:\/\/secure.gravatar.com\/avatar\/7f2c48bdc33b30088f941fb6082e555f2874c98e20cb159d7b92b50eadfce793?s=96&d=mm&r=g","contentUrl":"https:\/\/secure.gravatar.com\/avatar\/7f2c48bdc33b30088f941fb6082e555f2874c98e20cb159d7b92b50eadfce793?s=96&d=mm&r=g","caption":"ulises"},"sameAs":["http:\/\/www.celttv.com.ar"]}]}},"_links":{"self":[{"href":"https:\/\/www.celttv.com.ar\/index.php\/wp-json\/wp\/v2\/posts\/26427","targetHints":{"allow":["GET"]}}],"collection":[{"href":"https:\/\/www.celttv.com.ar\/index.php\/wp-json\/wp\/v2\/posts"}],"about":[{"href":"https:\/\/www.celttv.com.ar\/index.php\/wp-json\/wp\/v2\/types\/post"}],"author":[{"embeddable":true,"href":"https:\/\/www.celttv.com.ar\/index.php\/wp-json\/wp\/v2\/users\/1"}],"replies":[{"embeddable":true,"href":"https:\/\/www.celttv.com.ar\/index.php\/wp-json\/wp\/v2\/comments?post=26427"}],"version-history":[{"count":0,"href":"https:\/\/www.celttv.com.ar\/index.php\/wp-json\/wp\/v2\/posts\/26427\/revisions"}],"wp:attachment":[{"href":"https:\/\/www.celttv.com.ar\/index.php\/wp-json\/wp\/v2\/media?parent=26427"}],"wp:term":[{"taxonomy":"category","embeddable":true,"href":"https:\/\/www.celttv.com.ar\/index.php\/wp-json\/wp\/v2\/categories?post=26427"},{"taxonomy":"post_tag","embeddable":true,"href":"https:\/\/www.celttv.com.ar\/index.php\/wp-json\/wp\/v2\/tags?post=26427"}],"curies":[{"name":"wp","href":"https:\/\/api.w.org\/{rel}","templated":true}]}}