{"id":26441,"date":"2015-01-24T19:36:02","date_gmt":"2015-01-24T19:36:02","guid":{"rendered":"http:\/\/www.tvcnoticias.com.ar\/?p=26441"},"modified":"2015-01-24T19:36:02","modified_gmt":"2015-01-24T19:36:02","slug":"inmueble-historico-la-oposicion-esta-de-acuerdo-con-la-compra-pero-no-utilizando-recursos-del-fondo-educativo-opinan-bordoni-kloster-y-anton","status":"publish","type":"post","link":"https:\/\/www.celttv.com.ar\/index.php\/2015\/01\/24\/inmueble-historico-la-oposicion-esta-de-acuerdo-con-la-compra-pero-no-utilizando-recursos-del-fondo-educativo-opinan-bordoni-kloster-y-anton\/","title":{"rendered":"INMUEBLE HISTORICO: LA OPOSICION ESTA DE ACUERDO CON LA COMPRA, PERO N\u00d3 UTILIZANDO RECURSOS DEL FONDO EDUCATIVO (opinan Bordoni, Kloster y Ant\u00f3n)"},"content":{"rendered":"<p><a href=\"https:\/\/www.youtube.com\/watch?v=uexXU0q7qBY\">httpv:\/\/www.youtube.com\/watch?v=uexXU0q7qBY<\/a><\/p>\n<p><a href=\"https:\/\/www.youtube.com\/watch?v=RDIxAWBzNtU\">httpv:\/\/www.youtube.com\/watch?v=RDIxAWBzNtU<\/a><\/p>\n<p><a href=\"https:\/\/www.youtube.com\/watch?v=vfVVJaeEsSc\">httpv:\/\/www.youtube.com\/watch?v=vfVVJaeEsSc<\/a><\/p>\n<p>El proyecto de\u00a0 adquisici\u00f3n del hist\u00f3rico inmueble propiedad de la familia Rodriguez, requiri\u00f3 la intervenci\u00f3n de varios concejales en la sesi\u00f3n extraordinaria del pasado viernes y no recibi\u00f3 la aprobaci\u00f3n de los bloques de la oposici\u00f3n.  El oficialismo argument\u00f3 en su dictamen que se trata de un \u201cinmueble de caracter\u00edsticas \u00fanicas desde lo arquitect\u00f3nico, hist\u00f3rico, social y cultural para los habitantes de Tornquist y considera la necesidad de contar con el mismo para el funcionamiento de la Casa de la Cultura, lo que encuadra perfectamente dentro de las erogaciones que puedan realizarse con los fondos de la Ley de Financiamiento Educativo ( Fondo Educativo)  Por su parte los bloques de la oposici\u00f3n decidieron no aprobar el mencionado proyecto, manifestando estar de acuerdo con dicha compra, pero solicitan al Intendente Municipal que realice la gesti\u00f3n para que los fondos a utilizar para la adquisici\u00f3n del inmueble no provengan del Fondo Educativo.  A la hora de ser votados ambos dict\u00e1menes, los bloques opositores impusieron la mayor\u00eda y el expediente deber\u00e1 volver al departamento Ejecutivo.<\/p>\n","protected":false},"excerpt":{"rendered":"<p>httpv:\/\/www.youtube.com\/watch?v=uexXU0q7qBY httpv:\/\/www.youtube.com\/watch?v=RDIxAWBzNtU httpv:\/\/www.youtube.com\/watch?v=vfVVJaeEsSc El proyecto de\u00a0 adquisici\u00f3n del hist\u00f3rico inmueble propiedad de la familia Rodriguez, requiri\u00f3 la intervenci\u00f3n de varios concejales en la sesi\u00f3n extraordinaria del pasado viernes y no recibi\u00f3 la aprobaci\u00f3n de los bloques de la oposici\u00f3n. El oficialismo argument\u00f3 en su dictamen que se trata de un \u201cinmueble de caracter\u00edsticas \u00fanicas desde [&hellip;]<\/p>\n","protected":false},"author":1,"featured_media":0,"comment_status":"closed","ping_status":"open","sticky":false,"template":"","format":"standard","meta":{"footnotes":""},"categories":[51,52,53,64],"tags":[],"class_list":["post-26441","post","type-post","status-publish","format-standard","hentry","category-comunidad","category-destacadas","category-politica","category-videos-destacados"],"yoast_head":"<!-- This site is optimized with the Yoast SEO plugin v19.7.1 - https:\/\/yoast.com\/wordpress\/plugins\/seo\/ -->\n<title>INMUEBLE HISTORICO: LA OPOSICION ESTA DE ACUERDO CON LA COMPRA, PERO N\u00d3 UTILIZANDO RECURSOS DEL FONDO EDUCATIVO (opinan Bordoni, Kloster y Ant\u00f3n) - CELTTV<\/title>\n<meta name=\"description\" content=\"Sitio web de noticias de la localidad de Tornquist, provincia de Buenos Aires, Rep\u00fablica Argentina. Contenido propio originado por periodistas de CELTTV, el canal de TV local de la Cooperativa El\u00e9ctrica de Tornquist. Turismo, Pol\u00edtica, Sociedad, Deporte, Cultura y todo el contenido de inter\u00e9s general que la gente del pueblo y la regi\u00f3n debe conocer.\" \/>\n<meta name=\"robots\" content=\"index, follow, max-snippet:-1, max-image-preview:large, max-video-preview:-1\" \/>\n<link rel=\"canonical\" href=\"https:\/\/www.celttv.com.ar\/index.php\/2015\/01\/24\/inmueble-historico-la-oposicion-esta-de-acuerdo-con-la-compra-pero-no-utilizando-recursos-del-fondo-educativo-opinan-bordoni-kloster-y-anton\/\" \/>\n<meta property=\"og:locale\" content=\"es_ES\" \/>\n<meta property=\"og:type\" content=\"article\" \/>\n<meta property=\"og:title\" content=\"INMUEBLE HISTORICO: LA OPOSICION ESTA DE ACUERDO CON LA COMPRA, PERO N\u00d3 UTILIZANDO RECURSOS DEL FONDO EDUCATIVO (opinan Bordoni, Kloster y Ant\u00f3n) - CELTTV\" \/>\n<meta property=\"og:description\" content=\"Sitio web de noticias de la localidad de Tornquist, provincia de Buenos Aires, Rep\u00fablica Argentina. Contenido propio originado por periodistas de CELTTV, el canal de TV local de la Cooperativa El\u00e9ctrica de Tornquist. Turismo, Pol\u00edtica, Sociedad, Deporte, Cultura y todo el contenido de inter\u00e9s general que la gente del pueblo y la regi\u00f3n debe conocer.\" \/>\n<meta property=\"og:url\" content=\"https:\/\/www.celttv.com.ar\/index.php\/2015\/01\/24\/inmueble-historico-la-oposicion-esta-de-acuerdo-con-la-compra-pero-no-utilizando-recursos-del-fondo-educativo-opinan-bordoni-kloster-y-anton\/\" \/>\n<meta property=\"og:site_name\" content=\"CELTTV\" \/>\n<meta property=\"article:publisher\" content=\"https:\/\/www.facebook.com\/celtTV\/\" \/>\n<meta property=\"article:published_time\" content=\"2015-01-24T19:36:02+00:00\" \/>\n<meta name=\"author\" content=\"ulises\" \/>\n<meta name=\"twitter:card\" content=\"summary_large_image\" \/>\n<meta name=\"twitter:label1\" content=\"Escrito por\" \/>\n\t<meta name=\"twitter:data1\" content=\"ulises\" \/>\n\t<meta name=\"twitter:label2\" content=\"Tiempo de lectura\" \/>\n\t<meta name=\"twitter:data2\" content=\"1 minuto\" \/>\n<script type=\"application\/ld+json\" class=\"yoast-schema-graph\">{\"@context\":\"https:\/\/schema.org\",\"@graph\":[{\"@type\":\"NewsArticle\",\"@id\":\"https:\/\/www.celttv.com.ar\/index.php\/2015\/01\/24\/inmueble-historico-la-oposicion-esta-de-acuerdo-con-la-compra-pero-no-utilizando-recursos-del-fondo-educativo-opinan-bordoni-kloster-y-anton\/#article\",\"isPartOf\":{\"@id\":\"https:\/\/www.celttv.com.ar\/index.php\/2015\/01\/24\/inmueble-historico-la-oposicion-esta-de-acuerdo-con-la-compra-pero-no-utilizando-recursos-del-fondo-educativo-opinan-bordoni-kloster-y-anton\/\"},\"author\":{\"name\":\"ulises\",\"@id\":\"https:\/\/www.celttv.com.ar\/#\/schema\/person\/6d99c072dba59953809c81446e9d0ace\"},\"headline\":\"INMUEBLE HISTORICO: LA OPOSICION ESTA DE ACUERDO CON LA COMPRA, PERO N\u00d3 UTILIZANDO RECURSOS DEL FONDO EDUCATIVO (opinan Bordoni, Kloster y Ant\u00f3n)\",\"datePublished\":\"2015-01-24T19:36:02+00:00\",\"dateModified\":\"2015-01-24T19:36:02+00:00\",\"mainEntityOfPage\":{\"@id\":\"https:\/\/www.celttv.com.ar\/index.php\/2015\/01\/24\/inmueble-historico-la-oposicion-esta-de-acuerdo-con-la-compra-pero-no-utilizando-recursos-del-fondo-educativo-opinan-bordoni-kloster-y-anton\/\"},\"wordCount\":231,\"publisher\":{\"@id\":\"https:\/\/www.celttv.com.ar\/#organization\"},\"articleSection\":[\"Comunidad\",\"Destacadas\",\"Pol\u00edtica\",\"Videos Destacados\"],\"inLanguage\":\"es\"},{\"@type\":\"WebPage\",\"@id\":\"https:\/\/www.celttv.com.ar\/index.php\/2015\/01\/24\/inmueble-historico-la-oposicion-esta-de-acuerdo-con-la-compra-pero-no-utilizando-recursos-del-fondo-educativo-opinan-bordoni-kloster-y-anton\/\",\"url\":\"https:\/\/www.celttv.com.ar\/index.php\/2015\/01\/24\/inmueble-historico-la-oposicion-esta-de-acuerdo-con-la-compra-pero-no-utilizando-recursos-del-fondo-educativo-opinan-bordoni-kloster-y-anton\/\",\"name\":\"INMUEBLE HISTORICO: LA OPOSICION ESTA DE ACUERDO CON LA COMPRA, PERO N\u00d3 UTILIZANDO RECURSOS DEL FONDO EDUCATIVO (opinan Bordoni, Kloster y Ant\u00f3n) - CELTTV\",\"isPartOf\":{\"@id\":\"https:\/\/www.celttv.com.ar\/#website\"},\"datePublished\":\"2015-01-24T19:36:02+00:00\",\"dateModified\":\"2015-01-24T19:36:02+00:00\",\"description\":\"Sitio web de noticias de la localidad de Tornquist, provincia de Buenos Aires, Rep\u00fablica Argentina. Contenido propio originado por periodistas de CELTTV, el canal de TV local de la Cooperativa El\u00e9ctrica de Tornquist. Turismo, Pol\u00edtica, Sociedad, Deporte, Cultura y todo el contenido de inter\u00e9s general que la gente del pueblo y la regi\u00f3n debe conocer.\",\"breadcrumb\":{\"@id\":\"https:\/\/www.celttv.com.ar\/index.php\/2015\/01\/24\/inmueble-historico-la-oposicion-esta-de-acuerdo-con-la-compra-pero-no-utilizando-recursos-del-fondo-educativo-opinan-bordoni-kloster-y-anton\/#breadcrumb\"},\"inLanguage\":\"es\",\"potentialAction\":[{\"@type\":\"ReadAction\",\"target\":[\"https:\/\/www.celttv.com.ar\/index.php\/2015\/01\/24\/inmueble-historico-la-oposicion-esta-de-acuerdo-con-la-compra-pero-no-utilizando-recursos-del-fondo-educativo-opinan-bordoni-kloster-y-anton\/\"]}]},{\"@type\":\"BreadcrumbList\",\"@id\":\"https:\/\/www.celttv.com.ar\/index.php\/2015\/01\/24\/inmueble-historico-la-oposicion-esta-de-acuerdo-con-la-compra-pero-no-utilizando-recursos-del-fondo-educativo-opinan-bordoni-kloster-y-anton\/#breadcrumb\",\"itemListElement\":[{\"@type\":\"ListItem\",\"position\":1,\"name\":\"Inicio\",\"item\":\"https:\/\/www.celttv.com.ar\/\"},{\"@type\":\"ListItem\",\"position\":2,\"name\":\"INMUEBLE HISTORICO: LA OPOSICION ESTA DE ACUERDO CON LA COMPRA, PERO N\u00d3 UTILIZANDO RECURSOS DEL FONDO EDUCATIVO (opinan Bordoni, Kloster y Ant\u00f3n)\"}]},{\"@type\":\"WebSite\",\"@id\":\"https:\/\/www.celttv.com.ar\/#website\",\"url\":\"https:\/\/www.celttv.com.ar\/\",\"name\":\"CELTTV\",\"description\":\"Cooperativa El\u00e9ctrica de Tornquist\",\"publisher\":{\"@id\":\"https:\/\/www.celttv.com.ar\/#organization\"},\"potentialAction\":[{\"@type\":\"SearchAction\",\"target\":{\"@type\":\"EntryPoint\",\"urlTemplate\":\"https:\/\/www.celttv.com.ar\/?s={search_term_string}\"},\"query-input\":\"required name=search_term_string\"}],\"inLanguage\":\"es\"},{\"@type\":\"Organization\",\"@id\":\"https:\/\/www.celttv.com.ar\/#organization\",\"name\":\"CELTTV\",\"url\":\"https:\/\/www.celttv.com.ar\/\",\"sameAs\":[\"https:\/\/www.youtube.com\/channel\/UCz_oIt8Hig64Ub-EmcNPIhg\",\"https:\/\/www.facebook.com\/celtTV\/\"],\"logo\":{\"@type\":\"ImageObject\",\"inLanguage\":\"es\",\"@id\":\"https:\/\/www.celttv.com.ar\/#\/schema\/logo\/image\/\",\"url\":\"http:\/\/www.celttv.com.ar\/wp-content\/uploads\/2022\/08\/logo-1.png\",\"contentUrl\":\"http:\/\/www.celttv.com.ar\/wp-content\/uploads\/2022\/08\/logo-1.png\",\"width\":461,\"height\":159,\"caption\":\"CELTTV\"},\"image\":{\"@id\":\"https:\/\/www.celttv.com.ar\/#\/schema\/logo\/image\/\"}},{\"@type\":\"Person\",\"@id\":\"https:\/\/www.celttv.com.ar\/#\/schema\/person\/6d99c072dba59953809c81446e9d0ace\",\"name\":\"ulises\",\"image\":{\"@type\":\"ImageObject\",\"inLanguage\":\"es\",\"@id\":\"https:\/\/www.celttv.com.ar\/#\/schema\/person\/image\/\",\"url\":\"https:\/\/secure.gravatar.com\/avatar\/7f2c48bdc33b30088f941fb6082e555f2874c98e20cb159d7b92b50eadfce793?s=96&d=mm&r=g\",\"contentUrl\":\"https:\/\/secure.gravatar.com\/avatar\/7f2c48bdc33b30088f941fb6082e555f2874c98e20cb159d7b92b50eadfce793?s=96&d=mm&r=g\",\"caption\":\"ulises\"},\"sameAs\":[\"http:\/\/www.celttv.com.ar\"]}]}<\/script>\n<!-- \/ Yoast SEO plugin. -->","yoast_head_json":{"title":"INMUEBLE HISTORICO: LA OPOSICION ESTA DE ACUERDO CON LA COMPRA, PERO N\u00d3 UTILIZANDO RECURSOS DEL FONDO EDUCATIVO (opinan Bordoni, Kloster y Ant\u00f3n) - CELTTV","description":"Sitio web de noticias de la localidad de Tornquist, provincia de Buenos Aires, Rep\u00fablica Argentina. Contenido propio originado por periodistas de CELTTV, el canal de TV local de la Cooperativa El\u00e9ctrica de Tornquist. Turismo, Pol\u00edtica, Sociedad, Deporte, Cultura y todo el contenido de inter\u00e9s general que la gente del pueblo y la regi\u00f3n debe conocer.","robots":{"index":"index","follow":"follow","max-snippet":"max-snippet:-1","max-image-preview":"max-image-preview:large","max-video-preview":"max-video-preview:-1"},"canonical":"https:\/\/www.celttv.com.ar\/index.php\/2015\/01\/24\/inmueble-historico-la-oposicion-esta-de-acuerdo-con-la-compra-pero-no-utilizando-recursos-del-fondo-educativo-opinan-bordoni-kloster-y-anton\/","og_locale":"es_ES","og_type":"article","og_title":"INMUEBLE HISTORICO: LA OPOSICION ESTA DE ACUERDO CON LA COMPRA, PERO N\u00d3 UTILIZANDO RECURSOS DEL FONDO EDUCATIVO (opinan Bordoni, Kloster y Ant\u00f3n) - CELTTV","og_description":"Sitio web de noticias de la localidad de Tornquist, provincia de Buenos Aires, Rep\u00fablica Argentina. Contenido propio originado por periodistas de CELTTV, el canal de TV local de la Cooperativa El\u00e9ctrica de Tornquist. Turismo, Pol\u00edtica, Sociedad, Deporte, Cultura y todo el contenido de inter\u00e9s general que la gente del pueblo y la regi\u00f3n debe conocer.","og_url":"https:\/\/www.celttv.com.ar\/index.php\/2015\/01\/24\/inmueble-historico-la-oposicion-esta-de-acuerdo-con-la-compra-pero-no-utilizando-recursos-del-fondo-educativo-opinan-bordoni-kloster-y-anton\/","og_site_name":"CELTTV","article_publisher":"https:\/\/www.facebook.com\/celtTV\/","article_published_time":"2015-01-24T19:36:02+00:00","author":"ulises","twitter_card":"summary_large_image","twitter_misc":{"Escrito por":"ulises","Tiempo de lectura":"1 minuto"},"schema":{"@context":"https:\/\/schema.org","@graph":[{"@type":"NewsArticle","@id":"https:\/\/www.celttv.com.ar\/index.php\/2015\/01\/24\/inmueble-historico-la-oposicion-esta-de-acuerdo-con-la-compra-pero-no-utilizando-recursos-del-fondo-educativo-opinan-bordoni-kloster-y-anton\/#article","isPartOf":{"@id":"https:\/\/www.celttv.com.ar\/index.php\/2015\/01\/24\/inmueble-historico-la-oposicion-esta-de-acuerdo-con-la-compra-pero-no-utilizando-recursos-del-fondo-educativo-opinan-bordoni-kloster-y-anton\/"},"author":{"name":"ulises","@id":"https:\/\/www.celttv.com.ar\/#\/schema\/person\/6d99c072dba59953809c81446e9d0ace"},"headline":"INMUEBLE HISTORICO: LA OPOSICION ESTA DE ACUERDO CON LA COMPRA, PERO N\u00d3 UTILIZANDO RECURSOS DEL FONDO EDUCATIVO (opinan Bordoni, Kloster y Ant\u00f3n)","datePublished":"2015-01-24T19:36:02+00:00","dateModified":"2015-01-24T19:36:02+00:00","mainEntityOfPage":{"@id":"https:\/\/www.celttv.com.ar\/index.php\/2015\/01\/24\/inmueble-historico-la-oposicion-esta-de-acuerdo-con-la-compra-pero-no-utilizando-recursos-del-fondo-educativo-opinan-bordoni-kloster-y-anton\/"},"wordCount":231,"publisher":{"@id":"https:\/\/www.celttv.com.ar\/#organization"},"articleSection":["Comunidad","Destacadas","Pol\u00edtica","Videos Destacados"],"inLanguage":"es"},{"@type":"WebPage","@id":"https:\/\/www.celttv.com.ar\/index.php\/2015\/01\/24\/inmueble-historico-la-oposicion-esta-de-acuerdo-con-la-compra-pero-no-utilizando-recursos-del-fondo-educativo-opinan-bordoni-kloster-y-anton\/","url":"https:\/\/www.celttv.com.ar\/index.php\/2015\/01\/24\/inmueble-historico-la-oposicion-esta-de-acuerdo-con-la-compra-pero-no-utilizando-recursos-del-fondo-educativo-opinan-bordoni-kloster-y-anton\/","name":"INMUEBLE HISTORICO: LA OPOSICION ESTA DE ACUERDO CON LA COMPRA, PERO N\u00d3 UTILIZANDO RECURSOS DEL FONDO EDUCATIVO (opinan Bordoni, Kloster y Ant\u00f3n) - CELTTV","isPartOf":{"@id":"https:\/\/www.celttv.com.ar\/#website"},"datePublished":"2015-01-24T19:36:02+00:00","dateModified":"2015-01-24T19:36:02+00:00","description":"Sitio web de noticias de la localidad de Tornquist, provincia de Buenos Aires, Rep\u00fablica Argentina. Contenido propio originado por periodistas de CELTTV, el canal de TV local de la Cooperativa El\u00e9ctrica de Tornquist. Turismo, Pol\u00edtica, Sociedad, Deporte, Cultura y todo el contenido de inter\u00e9s general que la gente del pueblo y la regi\u00f3n debe conocer.","breadcrumb":{"@id":"https:\/\/www.celttv.com.ar\/index.php\/2015\/01\/24\/inmueble-historico-la-oposicion-esta-de-acuerdo-con-la-compra-pero-no-utilizando-recursos-del-fondo-educativo-opinan-bordoni-kloster-y-anton\/#breadcrumb"},"inLanguage":"es","potentialAction":[{"@type":"ReadAction","target":["https:\/\/www.celttv.com.ar\/index.php\/2015\/01\/24\/inmueble-historico-la-oposicion-esta-de-acuerdo-con-la-compra-pero-no-utilizando-recursos-del-fondo-educativo-opinan-bordoni-kloster-y-anton\/"]}]},{"@type":"BreadcrumbList","@id":"https:\/\/www.celttv.com.ar\/index.php\/2015\/01\/24\/inmueble-historico-la-oposicion-esta-de-acuerdo-con-la-compra-pero-no-utilizando-recursos-del-fondo-educativo-opinan-bordoni-kloster-y-anton\/#breadcrumb","itemListElement":[{"@type":"ListItem","position":1,"name":"Inicio","item":"https:\/\/www.celttv.com.ar\/"},{"@type":"ListItem","position":2,"name":"INMUEBLE HISTORICO: LA OPOSICION ESTA DE ACUERDO CON LA COMPRA, PERO N\u00d3 UTILIZANDO RECURSOS DEL FONDO EDUCATIVO (opinan Bordoni, Kloster y Ant\u00f3n)"}]},{"@type":"WebSite","@id":"https:\/\/www.celttv.com.ar\/#website","url":"https:\/\/www.celttv.com.ar\/","name":"CELTTV","description":"Cooperativa El\u00e9ctrica de Tornquist","publisher":{"@id":"https:\/\/www.celttv.com.ar\/#organization"},"potentialAction":[{"@type":"SearchAction","target":{"@type":"EntryPoint","urlTemplate":"https:\/\/www.celttv.com.ar\/?s={search_term_string}"},"query-input":"required name=search_term_string"}],"inLanguage":"es"},{"@type":"Organization","@id":"https:\/\/www.celttv.com.ar\/#organization","name":"CELTTV","url":"https:\/\/www.celttv.com.ar\/","sameAs":["https:\/\/www.youtube.com\/channel\/UCz_oIt8Hig64Ub-EmcNPIhg","https:\/\/www.facebook.com\/celtTV\/"],"logo":{"@type":"ImageObject","inLanguage":"es","@id":"https:\/\/www.celttv.com.ar\/#\/schema\/logo\/image\/","url":"http:\/\/www.celttv.com.ar\/wp-content\/uploads\/2022\/08\/logo-1.png","contentUrl":"http:\/\/www.celttv.com.ar\/wp-content\/uploads\/2022\/08\/logo-1.png","width":461,"height":159,"caption":"CELTTV"},"image":{"@id":"https:\/\/www.celttv.com.ar\/#\/schema\/logo\/image\/"}},{"@type":"Person","@id":"https:\/\/www.celttv.com.ar\/#\/schema\/person\/6d99c072dba59953809c81446e9d0ace","name":"ulises","image":{"@type":"ImageObject","inLanguage":"es","@id":"https:\/\/www.celttv.com.ar\/#\/schema\/person\/image\/","url":"https:\/\/secure.gravatar.com\/avatar\/7f2c48bdc33b30088f941fb6082e555f2874c98e20cb159d7b92b50eadfce793?s=96&d=mm&r=g","contentUrl":"https:\/\/secure.gravatar.com\/avatar\/7f2c48bdc33b30088f941fb6082e555f2874c98e20cb159d7b92b50eadfce793?s=96&d=mm&r=g","caption":"ulises"},"sameAs":["http:\/\/www.celttv.com.ar"]}]}},"_links":{"self":[{"href":"https:\/\/www.celttv.com.ar\/index.php\/wp-json\/wp\/v2\/posts\/26441","targetHints":{"allow":["GET"]}}],"collection":[{"href":"https:\/\/www.celttv.com.ar\/index.php\/wp-json\/wp\/v2\/posts"}],"about":[{"href":"https:\/\/www.celttv.com.ar\/index.php\/wp-json\/wp\/v2\/types\/post"}],"author":[{"embeddable":true,"href":"https:\/\/www.celttv.com.ar\/index.php\/wp-json\/wp\/v2\/users\/1"}],"replies":[{"embeddable":true,"href":"https:\/\/www.celttv.com.ar\/index.php\/wp-json\/wp\/v2\/comments?post=26441"}],"version-history":[{"count":0,"href":"https:\/\/www.celttv.com.ar\/index.php\/wp-json\/wp\/v2\/posts\/26441\/revisions"}],"wp:attachment":[{"href":"https:\/\/www.celttv.com.ar\/index.php\/wp-json\/wp\/v2\/media?parent=26441"}],"wp:term":[{"taxonomy":"category","embeddable":true,"href":"https:\/\/www.celttv.com.ar\/index.php\/wp-json\/wp\/v2\/categories?post=26441"},{"taxonomy":"post_tag","embeddable":true,"href":"https:\/\/www.celttv.com.ar\/index.php\/wp-json\/wp\/v2\/tags?post=26441"}],"curies":[{"name":"wp","href":"https:\/\/api.w.org\/{rel}","templated":true}]}}