{"id":26444,"date":"2015-01-24T20:08:48","date_gmt":"2015-01-24T20:08:48","guid":{"rendered":"http:\/\/www.tvcnoticias.com.ar\/?p=26444"},"modified":"2015-01-24T20:08:48","modified_gmt":"2015-01-24T20:08:48","slug":"20-familias-muy-cerca-de-hacer-realidad-el-sueno-de-la-casa-propia-discurso-de-gustavo-trankels","status":"publish","type":"post","link":"https:\/\/www.celttv.com.ar\/index.php\/2015\/01\/24\/20-familias-muy-cerca-de-hacer-realidad-el-sueno-de-la-casa-propia-discurso-de-gustavo-trankels\/","title":{"rendered":"20 FAMILIAS MUY CERCA DE HACER REALIDAD EL SUE\u00d1O DE LA CASA PROPIA (discurso de Gustavo Trankels)"},"content":{"rendered":"<p><a href=\"https:\/\/www.youtube.com\/watch?v=IgrYW2M1530\">httpv:\/\/www.youtube.com\/watch?v=IgrYW2M1530<\/a><\/p>\n<p>Con un acto que se realiz\u00f3 en el Gimnasio Municipal \u201cEva Per\u00f3n\u201d, que cont\u00f3 con la presencia de los inscriptos y vecinos de la comunidad, se realiz\u00f3 el sorteo para la preadjudicaci\u00f3n de 20 viviendas del Plan Plurianual Reconvertido, cuyo barrio se encuentra emplazado en la ciudad cabecera.<br \/>\nDe la iniciativa participaron el intendente municipal, licenciado Gustavo Trankels; la escribana Gianella Domini, quien realiz\u00f3 la fiscalizaci\u00f3n; Guillermo Cappa, del Instituto de la Vivienda de la provincia de Buenios Aires; miembros del Departamento Ejecutivo y concejales.<br \/>\nPara que el acto resultara trasparente, se dispusieron tres bolilleros (unidad, decena y centena) y se invit\u00f3 a los presentes a que realizaran el lanzamiento de las bolillas, que determinaron los preadjudicatarios de las casas.<br \/>\nLos beneficiarios del sorteo fueron: Luc\u00eda Maier (con el N\u00b0 057), Mar\u00eda Ester Lefinir (N\u00b0 223), Marcelo Storm (022), Luciana Lascalea (160), Fernando Pollio (020), Marina Anah\u00ed Etcheverry \u00a0(138), Maximiliano Braun (132), Germ\u00e1n Scharff (157), Emma Claro (064), Mar\u00eda Ojeda V\u00e1zquez (128), Claudia Cavallotti (084), Sonia Meneses (200), Viviana Valenzuela (189), Horacio Garc\u00eda (094), Marcedes Esquivel (004), Alejandro Dom\u00ednguez Tujay (192), Susana Steimbach (117), Alberto Tolosa (116), Cristian Ferreyra (077) y Yesica Nori (124).<br \/>\nComo suplentes quedaron: 1) M\u00f3nica G\u00f3mez; 2) Hugo Machado; 3) Alejandro Lanaro; 4) Pamela Auce; 5) Andrea Espina; 6) Natalia Braun; 7) Valentina Molina; 8) Anah\u00ed Ag\u00fcero; 9) Luc\u00eda Esp\u00edndola; y 10) Iv\u00e1n Braun.<\/p>\n<p>&nbsp;<\/p>\n","protected":false},"excerpt":{"rendered":"<p>httpv:\/\/www.youtube.com\/watch?v=IgrYW2M1530 Con un acto que se realiz\u00f3 en el Gimnasio Municipal \u201cEva Per\u00f3n\u201d, que cont\u00f3 con la presencia de los inscriptos y vecinos de la comunidad, se realiz\u00f3 el sorteo para la preadjudicaci\u00f3n de 20 viviendas del Plan Plurianual Reconvertido, cuyo barrio se encuentra emplazado en la ciudad cabecera. De la iniciativa participaron el intendente [&hellip;]<\/p>\n","protected":false},"author":1,"featured_media":0,"comment_status":"closed","ping_status":"open","sticky":false,"template":"","format":"standard","meta":{"footnotes":""},"categories":[51,52,53,64],"tags":[],"class_list":["post-26444","post","type-post","status-publish","format-standard","hentry","category-comunidad","category-destacadas","category-politica","category-videos-destacados"],"yoast_head":"<!-- This site is optimized with the Yoast SEO plugin v19.7.1 - https:\/\/yoast.com\/wordpress\/plugins\/seo\/ -->\n<title>20 FAMILIAS MUY CERCA DE HACER REALIDAD EL SUE\u00d1O DE LA CASA PROPIA (discurso de Gustavo Trankels) - CELTTV<\/title>\n<meta name=\"description\" content=\"Sitio web de noticias de la localidad de Tornquist, provincia de Buenos Aires, Rep\u00fablica Argentina. Contenido propio originado por periodistas de CELTTV, el canal de TV local de la Cooperativa El\u00e9ctrica de Tornquist. Turismo, Pol\u00edtica, Sociedad, Deporte, Cultura y todo el contenido de inter\u00e9s general que la gente del pueblo y la regi\u00f3n debe conocer.\" \/>\n<meta name=\"robots\" content=\"index, follow, max-snippet:-1, max-image-preview:large, max-video-preview:-1\" \/>\n<link rel=\"canonical\" href=\"https:\/\/www.celttv.com.ar\/index.php\/2015\/01\/24\/20-familias-muy-cerca-de-hacer-realidad-el-sueno-de-la-casa-propia-discurso-de-gustavo-trankels\/\" \/>\n<meta property=\"og:locale\" content=\"es_ES\" \/>\n<meta property=\"og:type\" content=\"article\" \/>\n<meta property=\"og:title\" content=\"20 FAMILIAS MUY CERCA DE HACER REALIDAD EL SUE\u00d1O DE LA CASA PROPIA (discurso de Gustavo Trankels) - CELTTV\" \/>\n<meta property=\"og:description\" content=\"Sitio web de noticias de la localidad de Tornquist, provincia de Buenos Aires, Rep\u00fablica Argentina. Contenido propio originado por periodistas de CELTTV, el canal de TV local de la Cooperativa El\u00e9ctrica de Tornquist. Turismo, Pol\u00edtica, Sociedad, Deporte, Cultura y todo el contenido de inter\u00e9s general que la gente del pueblo y la regi\u00f3n debe conocer.\" \/>\n<meta property=\"og:url\" content=\"https:\/\/www.celttv.com.ar\/index.php\/2015\/01\/24\/20-familias-muy-cerca-de-hacer-realidad-el-sueno-de-la-casa-propia-discurso-de-gustavo-trankels\/\" \/>\n<meta property=\"og:site_name\" content=\"CELTTV\" \/>\n<meta property=\"article:publisher\" content=\"https:\/\/www.facebook.com\/celtTV\/\" \/>\n<meta property=\"article:published_time\" content=\"2015-01-24T20:08:48+00:00\" \/>\n<meta name=\"author\" content=\"ulises\" \/>\n<meta name=\"twitter:card\" content=\"summary_large_image\" \/>\n<meta name=\"twitter:label1\" content=\"Escrito por\" \/>\n\t<meta name=\"twitter:data1\" content=\"ulises\" \/>\n\t<meta name=\"twitter:label2\" content=\"Tiempo de lectura\" \/>\n\t<meta name=\"twitter:data2\" content=\"1 minuto\" \/>\n<script type=\"application\/ld+json\" class=\"yoast-schema-graph\">{\"@context\":\"https:\/\/schema.org\",\"@graph\":[{\"@type\":\"NewsArticle\",\"@id\":\"https:\/\/www.celttv.com.ar\/index.php\/2015\/01\/24\/20-familias-muy-cerca-de-hacer-realidad-el-sueno-de-la-casa-propia-discurso-de-gustavo-trankels\/#article\",\"isPartOf\":{\"@id\":\"https:\/\/www.celttv.com.ar\/index.php\/2015\/01\/24\/20-familias-muy-cerca-de-hacer-realidad-el-sueno-de-la-casa-propia-discurso-de-gustavo-trankels\/\"},\"author\":{\"name\":\"ulises\",\"@id\":\"https:\/\/www.celttv.com.ar\/#\/schema\/person\/6d99c072dba59953809c81446e9d0ace\"},\"headline\":\"20 FAMILIAS MUY CERCA DE HACER REALIDAD EL SUE\u00d1O DE LA CASA PROPIA (discurso de Gustavo Trankels)\",\"datePublished\":\"2015-01-24T20:08:48+00:00\",\"dateModified\":\"2015-01-24T20:08:48+00:00\",\"mainEntityOfPage\":{\"@id\":\"https:\/\/www.celttv.com.ar\/index.php\/2015\/01\/24\/20-familias-muy-cerca-de-hacer-realidad-el-sueno-de-la-casa-propia-discurso-de-gustavo-trankels\/\"},\"wordCount\":239,\"publisher\":{\"@id\":\"https:\/\/www.celttv.com.ar\/#organization\"},\"articleSection\":[\"Comunidad\",\"Destacadas\",\"Pol\u00edtica\",\"Videos Destacados\"],\"inLanguage\":\"es\"},{\"@type\":\"WebPage\",\"@id\":\"https:\/\/www.celttv.com.ar\/index.php\/2015\/01\/24\/20-familias-muy-cerca-de-hacer-realidad-el-sueno-de-la-casa-propia-discurso-de-gustavo-trankels\/\",\"url\":\"https:\/\/www.celttv.com.ar\/index.php\/2015\/01\/24\/20-familias-muy-cerca-de-hacer-realidad-el-sueno-de-la-casa-propia-discurso-de-gustavo-trankels\/\",\"name\":\"20 FAMILIAS MUY CERCA DE HACER REALIDAD EL SUE\u00d1O DE LA CASA PROPIA (discurso de Gustavo Trankels) - CELTTV\",\"isPartOf\":{\"@id\":\"https:\/\/www.celttv.com.ar\/#website\"},\"datePublished\":\"2015-01-24T20:08:48+00:00\",\"dateModified\":\"2015-01-24T20:08:48+00:00\",\"description\":\"Sitio web de noticias de la localidad de Tornquist, provincia de Buenos Aires, Rep\u00fablica Argentina. Contenido propio originado por periodistas de CELTTV, el canal de TV local de la Cooperativa El\u00e9ctrica de Tornquist. Turismo, Pol\u00edtica, Sociedad, Deporte, Cultura y todo el contenido de inter\u00e9s general que la gente del pueblo y la regi\u00f3n debe conocer.\",\"breadcrumb\":{\"@id\":\"https:\/\/www.celttv.com.ar\/index.php\/2015\/01\/24\/20-familias-muy-cerca-de-hacer-realidad-el-sueno-de-la-casa-propia-discurso-de-gustavo-trankels\/#breadcrumb\"},\"inLanguage\":\"es\",\"potentialAction\":[{\"@type\":\"ReadAction\",\"target\":[\"https:\/\/www.celttv.com.ar\/index.php\/2015\/01\/24\/20-familias-muy-cerca-de-hacer-realidad-el-sueno-de-la-casa-propia-discurso-de-gustavo-trankels\/\"]}]},{\"@type\":\"BreadcrumbList\",\"@id\":\"https:\/\/www.celttv.com.ar\/index.php\/2015\/01\/24\/20-familias-muy-cerca-de-hacer-realidad-el-sueno-de-la-casa-propia-discurso-de-gustavo-trankels\/#breadcrumb\",\"itemListElement\":[{\"@type\":\"ListItem\",\"position\":1,\"name\":\"Inicio\",\"item\":\"https:\/\/www.celttv.com.ar\/\"},{\"@type\":\"ListItem\",\"position\":2,\"name\":\"20 FAMILIAS MUY CERCA DE HACER REALIDAD EL SUE\u00d1O DE LA CASA PROPIA (discurso de Gustavo Trankels)\"}]},{\"@type\":\"WebSite\",\"@id\":\"https:\/\/www.celttv.com.ar\/#website\",\"url\":\"https:\/\/www.celttv.com.ar\/\",\"name\":\"CELTTV\",\"description\":\"Cooperativa El\u00e9ctrica de Tornquist\",\"publisher\":{\"@id\":\"https:\/\/www.celttv.com.ar\/#organization\"},\"potentialAction\":[{\"@type\":\"SearchAction\",\"target\":{\"@type\":\"EntryPoint\",\"urlTemplate\":\"https:\/\/www.celttv.com.ar\/?s={search_term_string}\"},\"query-input\":\"required name=search_term_string\"}],\"inLanguage\":\"es\"},{\"@type\":\"Organization\",\"@id\":\"https:\/\/www.celttv.com.ar\/#organization\",\"name\":\"CELTTV\",\"url\":\"https:\/\/www.celttv.com.ar\/\",\"sameAs\":[\"https:\/\/www.youtube.com\/channel\/UCz_oIt8Hig64Ub-EmcNPIhg\",\"https:\/\/www.facebook.com\/celtTV\/\"],\"logo\":{\"@type\":\"ImageObject\",\"inLanguage\":\"es\",\"@id\":\"https:\/\/www.celttv.com.ar\/#\/schema\/logo\/image\/\",\"url\":\"http:\/\/www.celttv.com.ar\/wp-content\/uploads\/2022\/08\/logo-1.png\",\"contentUrl\":\"http:\/\/www.celttv.com.ar\/wp-content\/uploads\/2022\/08\/logo-1.png\",\"width\":461,\"height\":159,\"caption\":\"CELTTV\"},\"image\":{\"@id\":\"https:\/\/www.celttv.com.ar\/#\/schema\/logo\/image\/\"}},{\"@type\":\"Person\",\"@id\":\"https:\/\/www.celttv.com.ar\/#\/schema\/person\/6d99c072dba59953809c81446e9d0ace\",\"name\":\"ulises\",\"image\":{\"@type\":\"ImageObject\",\"inLanguage\":\"es\",\"@id\":\"https:\/\/www.celttv.com.ar\/#\/schema\/person\/image\/\",\"url\":\"https:\/\/secure.gravatar.com\/avatar\/7f2c48bdc33b30088f941fb6082e555f2874c98e20cb159d7b92b50eadfce793?s=96&d=mm&r=g\",\"contentUrl\":\"https:\/\/secure.gravatar.com\/avatar\/7f2c48bdc33b30088f941fb6082e555f2874c98e20cb159d7b92b50eadfce793?s=96&d=mm&r=g\",\"caption\":\"ulises\"},\"sameAs\":[\"http:\/\/www.celttv.com.ar\"]}]}<\/script>\n<!-- \/ Yoast SEO plugin. -->","yoast_head_json":{"title":"20 FAMILIAS MUY CERCA DE HACER REALIDAD EL SUE\u00d1O DE LA CASA PROPIA (discurso de Gustavo Trankels) - CELTTV","description":"Sitio web de noticias de la localidad de Tornquist, provincia de Buenos Aires, Rep\u00fablica Argentina. Contenido propio originado por periodistas de CELTTV, el canal de TV local de la Cooperativa El\u00e9ctrica de Tornquist. Turismo, Pol\u00edtica, Sociedad, Deporte, Cultura y todo el contenido de inter\u00e9s general que la gente del pueblo y la regi\u00f3n debe conocer.","robots":{"index":"index","follow":"follow","max-snippet":"max-snippet:-1","max-image-preview":"max-image-preview:large","max-video-preview":"max-video-preview:-1"},"canonical":"https:\/\/www.celttv.com.ar\/index.php\/2015\/01\/24\/20-familias-muy-cerca-de-hacer-realidad-el-sueno-de-la-casa-propia-discurso-de-gustavo-trankels\/","og_locale":"es_ES","og_type":"article","og_title":"20 FAMILIAS MUY CERCA DE HACER REALIDAD EL SUE\u00d1O DE LA CASA PROPIA (discurso de Gustavo Trankels) - CELTTV","og_description":"Sitio web de noticias de la localidad de Tornquist, provincia de Buenos Aires, Rep\u00fablica Argentina. Contenido propio originado por periodistas de CELTTV, el canal de TV local de la Cooperativa El\u00e9ctrica de Tornquist. Turismo, Pol\u00edtica, Sociedad, Deporte, Cultura y todo el contenido de inter\u00e9s general que la gente del pueblo y la regi\u00f3n debe conocer.","og_url":"https:\/\/www.celttv.com.ar\/index.php\/2015\/01\/24\/20-familias-muy-cerca-de-hacer-realidad-el-sueno-de-la-casa-propia-discurso-de-gustavo-trankels\/","og_site_name":"CELTTV","article_publisher":"https:\/\/www.facebook.com\/celtTV\/","article_published_time":"2015-01-24T20:08:48+00:00","author":"ulises","twitter_card":"summary_large_image","twitter_misc":{"Escrito por":"ulises","Tiempo de lectura":"1 minuto"},"schema":{"@context":"https:\/\/schema.org","@graph":[{"@type":"NewsArticle","@id":"https:\/\/www.celttv.com.ar\/index.php\/2015\/01\/24\/20-familias-muy-cerca-de-hacer-realidad-el-sueno-de-la-casa-propia-discurso-de-gustavo-trankels\/#article","isPartOf":{"@id":"https:\/\/www.celttv.com.ar\/index.php\/2015\/01\/24\/20-familias-muy-cerca-de-hacer-realidad-el-sueno-de-la-casa-propia-discurso-de-gustavo-trankels\/"},"author":{"name":"ulises","@id":"https:\/\/www.celttv.com.ar\/#\/schema\/person\/6d99c072dba59953809c81446e9d0ace"},"headline":"20 FAMILIAS MUY CERCA DE HACER REALIDAD EL SUE\u00d1O DE LA CASA PROPIA (discurso de Gustavo Trankels)","datePublished":"2015-01-24T20:08:48+00:00","dateModified":"2015-01-24T20:08:48+00:00","mainEntityOfPage":{"@id":"https:\/\/www.celttv.com.ar\/index.php\/2015\/01\/24\/20-familias-muy-cerca-de-hacer-realidad-el-sueno-de-la-casa-propia-discurso-de-gustavo-trankels\/"},"wordCount":239,"publisher":{"@id":"https:\/\/www.celttv.com.ar\/#organization"},"articleSection":["Comunidad","Destacadas","Pol\u00edtica","Videos Destacados"],"inLanguage":"es"},{"@type":"WebPage","@id":"https:\/\/www.celttv.com.ar\/index.php\/2015\/01\/24\/20-familias-muy-cerca-de-hacer-realidad-el-sueno-de-la-casa-propia-discurso-de-gustavo-trankels\/","url":"https:\/\/www.celttv.com.ar\/index.php\/2015\/01\/24\/20-familias-muy-cerca-de-hacer-realidad-el-sueno-de-la-casa-propia-discurso-de-gustavo-trankels\/","name":"20 FAMILIAS MUY CERCA DE HACER REALIDAD EL SUE\u00d1O DE LA CASA PROPIA (discurso de Gustavo Trankels) - CELTTV","isPartOf":{"@id":"https:\/\/www.celttv.com.ar\/#website"},"datePublished":"2015-01-24T20:08:48+00:00","dateModified":"2015-01-24T20:08:48+00:00","description":"Sitio web de noticias de la localidad de Tornquist, provincia de Buenos Aires, Rep\u00fablica Argentina. Contenido propio originado por periodistas de CELTTV, el canal de TV local de la Cooperativa El\u00e9ctrica de Tornquist. Turismo, Pol\u00edtica, Sociedad, Deporte, Cultura y todo el contenido de inter\u00e9s general que la gente del pueblo y la regi\u00f3n debe conocer.","breadcrumb":{"@id":"https:\/\/www.celttv.com.ar\/index.php\/2015\/01\/24\/20-familias-muy-cerca-de-hacer-realidad-el-sueno-de-la-casa-propia-discurso-de-gustavo-trankels\/#breadcrumb"},"inLanguage":"es","potentialAction":[{"@type":"ReadAction","target":["https:\/\/www.celttv.com.ar\/index.php\/2015\/01\/24\/20-familias-muy-cerca-de-hacer-realidad-el-sueno-de-la-casa-propia-discurso-de-gustavo-trankels\/"]}]},{"@type":"BreadcrumbList","@id":"https:\/\/www.celttv.com.ar\/index.php\/2015\/01\/24\/20-familias-muy-cerca-de-hacer-realidad-el-sueno-de-la-casa-propia-discurso-de-gustavo-trankels\/#breadcrumb","itemListElement":[{"@type":"ListItem","position":1,"name":"Inicio","item":"https:\/\/www.celttv.com.ar\/"},{"@type":"ListItem","position":2,"name":"20 FAMILIAS MUY CERCA DE HACER REALIDAD EL SUE\u00d1O DE LA CASA PROPIA (discurso de Gustavo Trankels)"}]},{"@type":"WebSite","@id":"https:\/\/www.celttv.com.ar\/#website","url":"https:\/\/www.celttv.com.ar\/","name":"CELTTV","description":"Cooperativa El\u00e9ctrica de Tornquist","publisher":{"@id":"https:\/\/www.celttv.com.ar\/#organization"},"potentialAction":[{"@type":"SearchAction","target":{"@type":"EntryPoint","urlTemplate":"https:\/\/www.celttv.com.ar\/?s={search_term_string}"},"query-input":"required name=search_term_string"}],"inLanguage":"es"},{"@type":"Organization","@id":"https:\/\/www.celttv.com.ar\/#organization","name":"CELTTV","url":"https:\/\/www.celttv.com.ar\/","sameAs":["https:\/\/www.youtube.com\/channel\/UCz_oIt8Hig64Ub-EmcNPIhg","https:\/\/www.facebook.com\/celtTV\/"],"logo":{"@type":"ImageObject","inLanguage":"es","@id":"https:\/\/www.celttv.com.ar\/#\/schema\/logo\/image\/","url":"http:\/\/www.celttv.com.ar\/wp-content\/uploads\/2022\/08\/logo-1.png","contentUrl":"http:\/\/www.celttv.com.ar\/wp-content\/uploads\/2022\/08\/logo-1.png","width":461,"height":159,"caption":"CELTTV"},"image":{"@id":"https:\/\/www.celttv.com.ar\/#\/schema\/logo\/image\/"}},{"@type":"Person","@id":"https:\/\/www.celttv.com.ar\/#\/schema\/person\/6d99c072dba59953809c81446e9d0ace","name":"ulises","image":{"@type":"ImageObject","inLanguage":"es","@id":"https:\/\/www.celttv.com.ar\/#\/schema\/person\/image\/","url":"https:\/\/secure.gravatar.com\/avatar\/7f2c48bdc33b30088f941fb6082e555f2874c98e20cb159d7b92b50eadfce793?s=96&d=mm&r=g","contentUrl":"https:\/\/secure.gravatar.com\/avatar\/7f2c48bdc33b30088f941fb6082e555f2874c98e20cb159d7b92b50eadfce793?s=96&d=mm&r=g","caption":"ulises"},"sameAs":["http:\/\/www.celttv.com.ar"]}]}},"_links":{"self":[{"href":"https:\/\/www.celttv.com.ar\/index.php\/wp-json\/wp\/v2\/posts\/26444","targetHints":{"allow":["GET"]}}],"collection":[{"href":"https:\/\/www.celttv.com.ar\/index.php\/wp-json\/wp\/v2\/posts"}],"about":[{"href":"https:\/\/www.celttv.com.ar\/index.php\/wp-json\/wp\/v2\/types\/post"}],"author":[{"embeddable":true,"href":"https:\/\/www.celttv.com.ar\/index.php\/wp-json\/wp\/v2\/users\/1"}],"replies":[{"embeddable":true,"href":"https:\/\/www.celttv.com.ar\/index.php\/wp-json\/wp\/v2\/comments?post=26444"}],"version-history":[{"count":0,"href":"https:\/\/www.celttv.com.ar\/index.php\/wp-json\/wp\/v2\/posts\/26444\/revisions"}],"wp:attachment":[{"href":"https:\/\/www.celttv.com.ar\/index.php\/wp-json\/wp\/v2\/media?parent=26444"}],"wp:term":[{"taxonomy":"category","embeddable":true,"href":"https:\/\/www.celttv.com.ar\/index.php\/wp-json\/wp\/v2\/categories?post=26444"},{"taxonomy":"post_tag","embeddable":true,"href":"https:\/\/www.celttv.com.ar\/index.php\/wp-json\/wp\/v2\/tags?post=26444"}],"curies":[{"name":"wp","href":"https:\/\/api.w.org\/{rel}","templated":true}]}}