{"id":26506,"date":"2015-01-28T20:28:51","date_gmt":"2015-01-28T20:28:51","guid":{"rendered":"http:\/\/www.tvcnoticias.com.ar\/?p=26506"},"modified":"2015-01-28T20:28:51","modified_gmt":"2015-01-28T20:28:51","slug":"union-presento-a-su-nuevo-cuerpo-tecnico-de-futbol","status":"publish","type":"post","link":"https:\/\/www.celttv.com.ar\/index.php\/2015\/01\/28\/union-presento-a-su-nuevo-cuerpo-tecnico-de-futbol\/","title":{"rendered":"UNI\u00d3N PRESENT\u00d3 A SU NUEVO CUERPO T\u00c9CNICO DE FUTBOL"},"content":{"rendered":"<p><a href=\"https:\/\/www.youtube.com\/watch?v=owCpaRwkfN8&amp;list=UU9ZrlaO367JQy-BfovRY5KA\">httpv:\/\/www.youtube.com\/watch?v=owCpaRwkfN8&amp;list=UU9ZrlaO367JQy-BfovRY5KA<\/a><\/p>\n<p><a href=\"https:\/\/www.youtube.com\/watch?v=cvRJ2UHII04&amp;list=UU9ZrlaO367JQy-BfovRY5KA\">httpv:\/\/www.youtube.com\/watch?v=cvRJ2UHII04&amp;list=UU9ZrlaO367JQy-BfovRY5KA<\/a><\/p>\n<p><a href=\"https:\/\/www.youtube.com\/watch?v=kmByHmIsq8o&amp;index=5&amp;list=UU9ZrlaO367JQy-BfovRY5KA\">httpv:\/\/www.youtube.com\/watch?v=kmByHmIsq8o&amp;index=5&amp;list=UU9ZrlaO367JQy-BfovRY5KA<\/a><\/p>\n<p><a href=\"https:\/\/www.youtube.com\/watch?v=mLWIBtUdEdk&amp;list=UU9ZrlaO367JQy-BfovRY5KA&amp;index=4\">httpv:\/\/www.youtube.com\/watch?v=mLWIBtUdEdk&amp;list=UU9ZrlaO367JQy-BfovRY5KA&amp;index=4<\/a><\/p>\n<p><a href=\"https:\/\/www.youtube.com\/watch?v=NrF6A5mA4fs&amp;list=UU9ZrlaO367JQy-BfovRY5KA&amp;index=3\">httpv:\/\/www.youtube.com\/watch?v=NrF6A5mA4fs&amp;list=UU9ZrlaO367JQy-BfovRY5KA&amp;index=3<\/a><\/p>\n<p><a href=\"https:\/\/www.youtube.com\/watch?v=adRtO7wg88Y&amp;index=2&amp;list=UU9ZrlaO367JQy-BfovRY5KA\">httpv:\/\/www.youtube.com\/watch?v=adRtO7wg88Y&amp;index=2&amp;list=UU9ZrlaO367JQy-BfovRY5KA<\/a><\/p>\n<p>&nbsp;<\/p>\n<p><span style=\"font-family: Verdana, Arial, Helvetica, sans-serif; font-size: x-small;\">N\u00e9stor Herrero, Roberto Mardones, Sergio Mart\u00ednez, Sergio Storn y Diego Kette fueron oficializados mediante una conferencia de prensa.<\/span><\/p>\n<p><span style=\"font-family: Verdana, Arial, Helvetica, sans-serif; font-size: x-small;\">A trav\u00e9s de una conferencia de prensa realizada en el Sal\u00f3n \u201cBajos\u201d de la instituci\u00f3n, el Club Uni\u00f3n present\u00f3 formalmente su cuerpo t\u00e9cnico de f\u00fatbol, que se har\u00e1 cargo desde las divisiones inferiores hasta la Primera divisi\u00f3n.<\/span><\/p>\n<p><span style=\"font-family: Verdana, Arial, Helvetica, sans-serif; font-size: x-small;\">Se trata del coordinador de la actividad, N\u00e9stor Herrero; el entrenador del plantel superior, Roberto Silvio Mardones; su ayudante de campo, Sergio Mart\u00ednez; el director t\u00e9cnico de las divisiones menores, Sergio Storn; y el preparador f\u00edsico, Diego Kette.<\/span><\/p>\n<p><span style=\"font-family: Verdana, Arial, Helvetica, sans-serif; font-size: x-small;\">Todos ellos recibieron la bienvenida oficial al Club del Presidente de la entidad, Jorge Marcolini, quien expres\u00f3 su \u201corgullo por tener el lujo de contar con Herrero y todo un grupo de profesionales con amplia experiencia y trayectoria\u201d.<\/span><\/p>\n<p><span style=\"font-family: Verdana, Arial, Helvetica, sans-serif; font-size: x-small;\">El flamante coordinador consider\u00f3 que llega \u201ca un Club organizado y muy bien encaminado en su desarrollo\u201d, al tiempo que destac\u00f3 las instalaciones con las que cuenta la entidad. \u201cVengo a formar un grupo de trabajo\u201d, resalt\u00f3 tambi\u00e9n.<\/span><\/p>\n<p><span style=\"font-family: Verdana, Arial, Helvetica, sans-serif; font-size: x-small;\">Por su parte Mardones, en coincidencia con Herrero, asegur\u00f3 estar \u201cgratamente sorprendido\u201d por la infraestructura de la Instituci\u00f3n y subray\u00f3 que apostar\u00e1n al trabajo a partir de un orden, tratando de seguir el proyecto que comenz\u00f3 Miguel Idoeta.<\/span><\/p>\n<p><span style=\"font-family: Verdana, Arial, Helvetica, sans-serif; font-size: x-small;\">A su turno, Mart\u00ednez resalt\u00f3 la importancia de contar con N\u00e9stor Herrero, y manifest\u00f3 que lo que lo sedujo volver a Uni\u00f3n fue el \u201cproyecto serio\u201d que buscar\u00e1 llevar adelante el ex DT de Liniers de Bah\u00eda Blanca. \u201cEs un adelantado\u201d, asegur\u00f3.<\/span><\/p>\n<p><span style=\"font-family: Verdana, Arial, Helvetica, sans-serif; font-size: x-small;\">Storn, en tanto, se\u00f1al\u00f3 que se trata de \u201cun proyecto ambicioso\u201d. \u201cTrabajaremos con la t\u00e9cnica individual del jugador para mejorarla. El gran objetivo es que en un futuro no muy lejano, Uni\u00f3n pueda nutrir su Primera divisi\u00f3n con todos jugadores surgidos en su cantera\u201d, a\u00f1adi\u00f3.<\/span><\/p>\n<p><span style=\"font-family: Verdana, Arial, Helvetica, sans-serif; font-size: x-small;\">Por \u00faltimo, Kette distingui\u00f3 la relevancia que tiene el trabajo f\u00edsico en los jugadores y dijo que la idea de comenzar en lo inmediato es importante \u201cpara conocer al grupo, a los jugadores y sus capacidades\u201d.<\/span><\/p>\n<p><span style=\"font-family: Verdana, Arial, Helvetica, sans-serif; font-size: x-small;\">Se inform\u00f3 adem\u00e1s que la pretemporada comenzar\u00e1 el pr\u00f3ximo lunes 2 de febrero, en el Predio \u201cErnesto Tornquist\u201d de la entidad, para todas las divisiones competitivas. Es decir, Primera, Tercera, Quinta, Sexta, S\u00e9ptima y Octava.<\/span><\/p>\n<p><span style=\"font-family: Verdana, Arial, Helvetica, sans-serif; font-size: x-small;\">www.uniondetornquist.com<\/span><\/p>\n<p>&nbsp;<\/p>\n","protected":false},"excerpt":{"rendered":"<p>httpv:\/\/www.youtube.com\/watch?v=owCpaRwkfN8&amp;list=UU9ZrlaO367JQy-BfovRY5KA httpv:\/\/www.youtube.com\/watch?v=cvRJ2UHII04&amp;list=UU9ZrlaO367JQy-BfovRY5KA httpv:\/\/www.youtube.com\/watch?v=kmByHmIsq8o&amp;index=5&amp;list=UU9ZrlaO367JQy-BfovRY5KA httpv:\/\/www.youtube.com\/watch?v=mLWIBtUdEdk&amp;list=UU9ZrlaO367JQy-BfovRY5KA&amp;index=4 httpv:\/\/www.youtube.com\/watch?v=NrF6A5mA4fs&amp;list=UU9ZrlaO367JQy-BfovRY5KA&amp;index=3 httpv:\/\/www.youtube.com\/watch?v=adRtO7wg88Y&amp;index=2&amp;list=UU9ZrlaO367JQy-BfovRY5KA &nbsp; N\u00e9stor Herrero, Roberto Mardones, Sergio Mart\u00ednez, Sergio Storn y Diego Kette fueron oficializados mediante una conferencia de prensa. A trav\u00e9s de una conferencia de prensa realizada en el Sal\u00f3n \u201cBajos\u201d de la instituci\u00f3n, el Club Uni\u00f3n present\u00f3 formalmente su cuerpo t\u00e9cnico de f\u00fatbol, que se har\u00e1 cargo desde [&hellip;]<\/p>\n","protected":false},"author":1,"featured_media":0,"comment_status":"closed","ping_status":"open","sticky":false,"template":"","format":"standard","meta":{"footnotes":""},"categories":[51,60,52,64],"tags":[],"class_list":["post-26506","post","type-post","status-publish","format-standard","hentry","category-comunidad","category-deporte","category-destacadas","category-videos-destacados"],"yoast_head":"<!-- This site is optimized with the Yoast SEO plugin v19.7.1 - https:\/\/yoast.com\/wordpress\/plugins\/seo\/ -->\n<title>UNI\u00d3N PRESENT\u00d3 A SU NUEVO CUERPO T\u00c9CNICO DE FUTBOL - CELTTV<\/title>\n<meta name=\"description\" content=\"Sitio web de noticias de la localidad de Tornquist, provincia de Buenos Aires, Rep\u00fablica Argentina. Contenido propio originado por periodistas de CELTTV, el canal de TV local de la Cooperativa El\u00e9ctrica de Tornquist. Turismo, Pol\u00edtica, Sociedad, Deporte, Cultura y todo el contenido de inter\u00e9s general que la gente del pueblo y la regi\u00f3n debe conocer.\" \/>\n<meta name=\"robots\" content=\"index, follow, max-snippet:-1, max-image-preview:large, max-video-preview:-1\" \/>\n<link rel=\"canonical\" href=\"https:\/\/www.celttv.com.ar\/index.php\/2015\/01\/28\/union-presento-a-su-nuevo-cuerpo-tecnico-de-futbol\/\" \/>\n<meta property=\"og:locale\" content=\"es_ES\" \/>\n<meta property=\"og:type\" content=\"article\" \/>\n<meta property=\"og:title\" content=\"UNI\u00d3N PRESENT\u00d3 A SU NUEVO CUERPO T\u00c9CNICO DE FUTBOL - CELTTV\" \/>\n<meta property=\"og:description\" content=\"Sitio web de noticias de la localidad de Tornquist, provincia de Buenos Aires, Rep\u00fablica Argentina. Contenido propio originado por periodistas de CELTTV, el canal de TV local de la Cooperativa El\u00e9ctrica de Tornquist. Turismo, Pol\u00edtica, Sociedad, Deporte, Cultura y todo el contenido de inter\u00e9s general que la gente del pueblo y la regi\u00f3n debe conocer.\" \/>\n<meta property=\"og:url\" content=\"https:\/\/www.celttv.com.ar\/index.php\/2015\/01\/28\/union-presento-a-su-nuevo-cuerpo-tecnico-de-futbol\/\" \/>\n<meta property=\"og:site_name\" content=\"CELTTV\" \/>\n<meta property=\"article:publisher\" content=\"https:\/\/www.facebook.com\/celtTV\/\" \/>\n<meta property=\"article:published_time\" content=\"2015-01-28T20:28:51+00:00\" \/>\n<meta name=\"author\" content=\"ulises\" \/>\n<meta name=\"twitter:card\" content=\"summary_large_image\" \/>\n<meta name=\"twitter:label1\" content=\"Escrito por\" \/>\n\t<meta name=\"twitter:data1\" content=\"ulises\" \/>\n\t<meta name=\"twitter:label2\" content=\"Tiempo de lectura\" \/>\n\t<meta name=\"twitter:data2\" content=\"2 minutos\" \/>\n<script type=\"application\/ld+json\" class=\"yoast-schema-graph\">{\"@context\":\"https:\/\/schema.org\",\"@graph\":[{\"@type\":\"NewsArticle\",\"@id\":\"https:\/\/www.celttv.com.ar\/index.php\/2015\/01\/28\/union-presento-a-su-nuevo-cuerpo-tecnico-de-futbol\/#article\",\"isPartOf\":{\"@id\":\"https:\/\/www.celttv.com.ar\/index.php\/2015\/01\/28\/union-presento-a-su-nuevo-cuerpo-tecnico-de-futbol\/\"},\"author\":{\"name\":\"ulises\",\"@id\":\"https:\/\/www.celttv.com.ar\/#\/schema\/person\/6d99c072dba59953809c81446e9d0ace\"},\"headline\":\"UNI\u00d3N PRESENT\u00d3 A SU NUEVO CUERPO T\u00c9CNICO DE FUTBOL\",\"datePublished\":\"2015-01-28T20:28:51+00:00\",\"dateModified\":\"2015-01-28T20:28:51+00:00\",\"mainEntityOfPage\":{\"@id\":\"https:\/\/www.celttv.com.ar\/index.php\/2015\/01\/28\/union-presento-a-su-nuevo-cuerpo-tecnico-de-futbol\/\"},\"wordCount\":502,\"publisher\":{\"@id\":\"https:\/\/www.celttv.com.ar\/#organization\"},\"articleSection\":[\"Comunidad\",\"Deporte\",\"Destacadas\",\"Videos Destacados\"],\"inLanguage\":\"es\"},{\"@type\":\"WebPage\",\"@id\":\"https:\/\/www.celttv.com.ar\/index.php\/2015\/01\/28\/union-presento-a-su-nuevo-cuerpo-tecnico-de-futbol\/\",\"url\":\"https:\/\/www.celttv.com.ar\/index.php\/2015\/01\/28\/union-presento-a-su-nuevo-cuerpo-tecnico-de-futbol\/\",\"name\":\"UNI\u00d3N PRESENT\u00d3 A SU NUEVO CUERPO T\u00c9CNICO DE FUTBOL - CELTTV\",\"isPartOf\":{\"@id\":\"https:\/\/www.celttv.com.ar\/#website\"},\"datePublished\":\"2015-01-28T20:28:51+00:00\",\"dateModified\":\"2015-01-28T20:28:51+00:00\",\"description\":\"Sitio web de noticias de la localidad de Tornquist, provincia de Buenos Aires, Rep\u00fablica Argentina. Contenido propio originado por periodistas de CELTTV, el canal de TV local de la Cooperativa El\u00e9ctrica de Tornquist. Turismo, Pol\u00edtica, Sociedad, Deporte, Cultura y todo el contenido de inter\u00e9s general que la gente del pueblo y la regi\u00f3n debe conocer.\",\"breadcrumb\":{\"@id\":\"https:\/\/www.celttv.com.ar\/index.php\/2015\/01\/28\/union-presento-a-su-nuevo-cuerpo-tecnico-de-futbol\/#breadcrumb\"},\"inLanguage\":\"es\",\"potentialAction\":[{\"@type\":\"ReadAction\",\"target\":[\"https:\/\/www.celttv.com.ar\/index.php\/2015\/01\/28\/union-presento-a-su-nuevo-cuerpo-tecnico-de-futbol\/\"]}]},{\"@type\":\"BreadcrumbList\",\"@id\":\"https:\/\/www.celttv.com.ar\/index.php\/2015\/01\/28\/union-presento-a-su-nuevo-cuerpo-tecnico-de-futbol\/#breadcrumb\",\"itemListElement\":[{\"@type\":\"ListItem\",\"position\":1,\"name\":\"Inicio\",\"item\":\"https:\/\/www.celttv.com.ar\/\"},{\"@type\":\"ListItem\",\"position\":2,\"name\":\"UNI\u00d3N PRESENT\u00d3 A SU NUEVO CUERPO T\u00c9CNICO DE FUTBOL\"}]},{\"@type\":\"WebSite\",\"@id\":\"https:\/\/www.celttv.com.ar\/#website\",\"url\":\"https:\/\/www.celttv.com.ar\/\",\"name\":\"CELTTV\",\"description\":\"Cooperativa El\u00e9ctrica de Tornquist\",\"publisher\":{\"@id\":\"https:\/\/www.celttv.com.ar\/#organization\"},\"potentialAction\":[{\"@type\":\"SearchAction\",\"target\":{\"@type\":\"EntryPoint\",\"urlTemplate\":\"https:\/\/www.celttv.com.ar\/?s={search_term_string}\"},\"query-input\":\"required name=search_term_string\"}],\"inLanguage\":\"es\"},{\"@type\":\"Organization\",\"@id\":\"https:\/\/www.celttv.com.ar\/#organization\",\"name\":\"CELTTV\",\"url\":\"https:\/\/www.celttv.com.ar\/\",\"sameAs\":[\"https:\/\/www.youtube.com\/channel\/UCz_oIt8Hig64Ub-EmcNPIhg\",\"https:\/\/www.facebook.com\/celtTV\/\"],\"logo\":{\"@type\":\"ImageObject\",\"inLanguage\":\"es\",\"@id\":\"https:\/\/www.celttv.com.ar\/#\/schema\/logo\/image\/\",\"url\":\"http:\/\/www.celttv.com.ar\/wp-content\/uploads\/2022\/08\/logo-1.png\",\"contentUrl\":\"http:\/\/www.celttv.com.ar\/wp-content\/uploads\/2022\/08\/logo-1.png\",\"width\":461,\"height\":159,\"caption\":\"CELTTV\"},\"image\":{\"@id\":\"https:\/\/www.celttv.com.ar\/#\/schema\/logo\/image\/\"}},{\"@type\":\"Person\",\"@id\":\"https:\/\/www.celttv.com.ar\/#\/schema\/person\/6d99c072dba59953809c81446e9d0ace\",\"name\":\"ulises\",\"image\":{\"@type\":\"ImageObject\",\"inLanguage\":\"es\",\"@id\":\"https:\/\/www.celttv.com.ar\/#\/schema\/person\/image\/\",\"url\":\"https:\/\/secure.gravatar.com\/avatar\/7f2c48bdc33b30088f941fb6082e555f2874c98e20cb159d7b92b50eadfce793?s=96&d=mm&r=g\",\"contentUrl\":\"https:\/\/secure.gravatar.com\/avatar\/7f2c48bdc33b30088f941fb6082e555f2874c98e20cb159d7b92b50eadfce793?s=96&d=mm&r=g\",\"caption\":\"ulises\"},\"sameAs\":[\"http:\/\/www.celttv.com.ar\"]}]}<\/script>\n<!-- \/ Yoast SEO plugin. -->","yoast_head_json":{"title":"UNI\u00d3N PRESENT\u00d3 A SU NUEVO CUERPO T\u00c9CNICO DE FUTBOL - CELTTV","description":"Sitio web de noticias de la localidad de Tornquist, provincia de Buenos Aires, Rep\u00fablica Argentina. Contenido propio originado por periodistas de CELTTV, el canal de TV local de la Cooperativa El\u00e9ctrica de Tornquist. Turismo, Pol\u00edtica, Sociedad, Deporte, Cultura y todo el contenido de inter\u00e9s general que la gente del pueblo y la regi\u00f3n debe conocer.","robots":{"index":"index","follow":"follow","max-snippet":"max-snippet:-1","max-image-preview":"max-image-preview:large","max-video-preview":"max-video-preview:-1"},"canonical":"https:\/\/www.celttv.com.ar\/index.php\/2015\/01\/28\/union-presento-a-su-nuevo-cuerpo-tecnico-de-futbol\/","og_locale":"es_ES","og_type":"article","og_title":"UNI\u00d3N PRESENT\u00d3 A SU NUEVO CUERPO T\u00c9CNICO DE FUTBOL - CELTTV","og_description":"Sitio web de noticias de la localidad de Tornquist, provincia de Buenos Aires, Rep\u00fablica Argentina. Contenido propio originado por periodistas de CELTTV, el canal de TV local de la Cooperativa El\u00e9ctrica de Tornquist. Turismo, Pol\u00edtica, Sociedad, Deporte, Cultura y todo el contenido de inter\u00e9s general que la gente del pueblo y la regi\u00f3n debe conocer.","og_url":"https:\/\/www.celttv.com.ar\/index.php\/2015\/01\/28\/union-presento-a-su-nuevo-cuerpo-tecnico-de-futbol\/","og_site_name":"CELTTV","article_publisher":"https:\/\/www.facebook.com\/celtTV\/","article_published_time":"2015-01-28T20:28:51+00:00","author":"ulises","twitter_card":"summary_large_image","twitter_misc":{"Escrito por":"ulises","Tiempo de lectura":"2 minutos"},"schema":{"@context":"https:\/\/schema.org","@graph":[{"@type":"NewsArticle","@id":"https:\/\/www.celttv.com.ar\/index.php\/2015\/01\/28\/union-presento-a-su-nuevo-cuerpo-tecnico-de-futbol\/#article","isPartOf":{"@id":"https:\/\/www.celttv.com.ar\/index.php\/2015\/01\/28\/union-presento-a-su-nuevo-cuerpo-tecnico-de-futbol\/"},"author":{"name":"ulises","@id":"https:\/\/www.celttv.com.ar\/#\/schema\/person\/6d99c072dba59953809c81446e9d0ace"},"headline":"UNI\u00d3N PRESENT\u00d3 A SU NUEVO CUERPO T\u00c9CNICO DE FUTBOL","datePublished":"2015-01-28T20:28:51+00:00","dateModified":"2015-01-28T20:28:51+00:00","mainEntityOfPage":{"@id":"https:\/\/www.celttv.com.ar\/index.php\/2015\/01\/28\/union-presento-a-su-nuevo-cuerpo-tecnico-de-futbol\/"},"wordCount":502,"publisher":{"@id":"https:\/\/www.celttv.com.ar\/#organization"},"articleSection":["Comunidad","Deporte","Destacadas","Videos Destacados"],"inLanguage":"es"},{"@type":"WebPage","@id":"https:\/\/www.celttv.com.ar\/index.php\/2015\/01\/28\/union-presento-a-su-nuevo-cuerpo-tecnico-de-futbol\/","url":"https:\/\/www.celttv.com.ar\/index.php\/2015\/01\/28\/union-presento-a-su-nuevo-cuerpo-tecnico-de-futbol\/","name":"UNI\u00d3N PRESENT\u00d3 A SU NUEVO CUERPO T\u00c9CNICO DE FUTBOL - CELTTV","isPartOf":{"@id":"https:\/\/www.celttv.com.ar\/#website"},"datePublished":"2015-01-28T20:28:51+00:00","dateModified":"2015-01-28T20:28:51+00:00","description":"Sitio web de noticias de la localidad de Tornquist, provincia de Buenos Aires, Rep\u00fablica Argentina. Contenido propio originado por periodistas de CELTTV, el canal de TV local de la Cooperativa El\u00e9ctrica de Tornquist. Turismo, Pol\u00edtica, Sociedad, Deporte, Cultura y todo el contenido de inter\u00e9s general que la gente del pueblo y la regi\u00f3n debe conocer.","breadcrumb":{"@id":"https:\/\/www.celttv.com.ar\/index.php\/2015\/01\/28\/union-presento-a-su-nuevo-cuerpo-tecnico-de-futbol\/#breadcrumb"},"inLanguage":"es","potentialAction":[{"@type":"ReadAction","target":["https:\/\/www.celttv.com.ar\/index.php\/2015\/01\/28\/union-presento-a-su-nuevo-cuerpo-tecnico-de-futbol\/"]}]},{"@type":"BreadcrumbList","@id":"https:\/\/www.celttv.com.ar\/index.php\/2015\/01\/28\/union-presento-a-su-nuevo-cuerpo-tecnico-de-futbol\/#breadcrumb","itemListElement":[{"@type":"ListItem","position":1,"name":"Inicio","item":"https:\/\/www.celttv.com.ar\/"},{"@type":"ListItem","position":2,"name":"UNI\u00d3N PRESENT\u00d3 A SU NUEVO CUERPO T\u00c9CNICO DE FUTBOL"}]},{"@type":"WebSite","@id":"https:\/\/www.celttv.com.ar\/#website","url":"https:\/\/www.celttv.com.ar\/","name":"CELTTV","description":"Cooperativa El\u00e9ctrica de Tornquist","publisher":{"@id":"https:\/\/www.celttv.com.ar\/#organization"},"potentialAction":[{"@type":"SearchAction","target":{"@type":"EntryPoint","urlTemplate":"https:\/\/www.celttv.com.ar\/?s={search_term_string}"},"query-input":"required name=search_term_string"}],"inLanguage":"es"},{"@type":"Organization","@id":"https:\/\/www.celttv.com.ar\/#organization","name":"CELTTV","url":"https:\/\/www.celttv.com.ar\/","sameAs":["https:\/\/www.youtube.com\/channel\/UCz_oIt8Hig64Ub-EmcNPIhg","https:\/\/www.facebook.com\/celtTV\/"],"logo":{"@type":"ImageObject","inLanguage":"es","@id":"https:\/\/www.celttv.com.ar\/#\/schema\/logo\/image\/","url":"http:\/\/www.celttv.com.ar\/wp-content\/uploads\/2022\/08\/logo-1.png","contentUrl":"http:\/\/www.celttv.com.ar\/wp-content\/uploads\/2022\/08\/logo-1.png","width":461,"height":159,"caption":"CELTTV"},"image":{"@id":"https:\/\/www.celttv.com.ar\/#\/schema\/logo\/image\/"}},{"@type":"Person","@id":"https:\/\/www.celttv.com.ar\/#\/schema\/person\/6d99c072dba59953809c81446e9d0ace","name":"ulises","image":{"@type":"ImageObject","inLanguage":"es","@id":"https:\/\/www.celttv.com.ar\/#\/schema\/person\/image\/","url":"https:\/\/secure.gravatar.com\/avatar\/7f2c48bdc33b30088f941fb6082e555f2874c98e20cb159d7b92b50eadfce793?s=96&d=mm&r=g","contentUrl":"https:\/\/secure.gravatar.com\/avatar\/7f2c48bdc33b30088f941fb6082e555f2874c98e20cb159d7b92b50eadfce793?s=96&d=mm&r=g","caption":"ulises"},"sameAs":["http:\/\/www.celttv.com.ar"]}]}},"_links":{"self":[{"href":"https:\/\/www.celttv.com.ar\/index.php\/wp-json\/wp\/v2\/posts\/26506","targetHints":{"allow":["GET"]}}],"collection":[{"href":"https:\/\/www.celttv.com.ar\/index.php\/wp-json\/wp\/v2\/posts"}],"about":[{"href":"https:\/\/www.celttv.com.ar\/index.php\/wp-json\/wp\/v2\/types\/post"}],"author":[{"embeddable":true,"href":"https:\/\/www.celttv.com.ar\/index.php\/wp-json\/wp\/v2\/users\/1"}],"replies":[{"embeddable":true,"href":"https:\/\/www.celttv.com.ar\/index.php\/wp-json\/wp\/v2\/comments?post=26506"}],"version-history":[{"count":0,"href":"https:\/\/www.celttv.com.ar\/index.php\/wp-json\/wp\/v2\/posts\/26506\/revisions"}],"wp:attachment":[{"href":"https:\/\/www.celttv.com.ar\/index.php\/wp-json\/wp\/v2\/media?parent=26506"}],"wp:term":[{"taxonomy":"category","embeddable":true,"href":"https:\/\/www.celttv.com.ar\/index.php\/wp-json\/wp\/v2\/categories?post=26506"},{"taxonomy":"post_tag","embeddable":true,"href":"https:\/\/www.celttv.com.ar\/index.php\/wp-json\/wp\/v2\/tags?post=26506"}],"curies":[{"name":"wp","href":"https:\/\/api.w.org\/{rel}","templated":true}]}}