{"id":26517,"date":"2015-01-29T23:00:37","date_gmt":"2015-01-29T23:00:37","guid":{"rendered":"http:\/\/www.tvcnoticias.com.ar\/?p=26517"},"modified":"2015-01-29T23:00:37","modified_gmt":"2015-01-29T23:00:37","slug":"dos-heridos-en-un-accidente-en-la-ruta-76-fotos-y-ampliaremos-con-videos-y-nota","status":"publish","type":"post","link":"https:\/\/www.celttv.com.ar\/index.php\/2015\/01\/29\/dos-heridos-en-un-accidente-en-la-ruta-76-fotos-y-ampliaremos-con-videos-y-nota\/","title":{"rendered":"DOS HERIDOS EN UN ACCIDENTE EN LA RUTA 76 (fotos y ampliaremos con videos y nota)"},"content":{"rendered":"<p><a rel=\"attachment wp-att-26519\" href=\"http:\/\/www.tvcnoticias.com.ar\/?attachment_id=26519\"><img loading=\"lazy\" decoding=\"async\" class=\"aligncenter size-medium wp-image-26519\" title=\"IMG_2223 (Small)\" src=\"http:\/\/www.tvcnoticias.com.ar\/wp-content\/uploads\/2015\/01\/IMG_2223-Small-450x300.jpg\" alt=\"\" width=\"450\" height=\"300\" \/><\/a><\/p>\n<p>Aproximadamente a las 18 hs. se tom\u00f3 conocimiento de un\u00a0accidente registrado en la ruta 76 en la curva conocida<br \/>\ncomo de la &#8220;Estancia Chica&#8221;, que fue protagonizado por un\u00a0Volkswagen Gol color bord\u00f3, dominio CDM373, guiado por Emanuel Aguado, domiciliado en Sierra de la Ventana, a quien acompa\u00f1aba Maximiliano Ruben Hoffman (32) domiciliado en Saldungaray.<\/p>\n<p>Seg\u00fan \u00a0testimonios recogidos en el lugar, el veh\u00edculo\u00a0circulaba destino Sierra de la Ventana &#8211; Tornquist, y al llegar a<br \/>\nla curva mencionada el conductor perdi\u00f3 el control del rodado\u00a0desplaz\u00e1ndose al sector de banquina donde habria dado\u00a0varios tumbos.<\/p>\n<p>Cuando arribaron al lugar personal policial, del Hospital\u00a0Municipal y Bomberos, los ocupantes se encontraban fuera<br \/>\ndel rodado visiblemente doloridos,\u00a0 \u00a0Personal de bomberos procedi\u00f3 a la inmobilizaci\u00f3n de\u00a0ambos y de inmediato fueron trasladados en dos unidades\u00a0ambulancias hasta el nosocomio local.\u00a0 \u00a0Los heridos recibieron las primeras atenciones en el\u00a0nosocomio local donde se decidi\u00f3 el traslado de ambos al\u00a0Hospital Penna de la ciudad de Bahia Blanca para estudios de mayor complejidad.<\/p>\n<p>&nbsp;<\/p>\n","protected":false},"excerpt":{"rendered":"<p>Aproximadamente a las 18 hs. se tom\u00f3 conocimiento de un\u00a0accidente registrado en la ruta 76 en la curva conocida como de la &#8220;Estancia Chica&#8221;, que fue protagonizado por un\u00a0Volkswagen Gol color bord\u00f3, dominio CDM373, guiado por Emanuel Aguado, domiciliado en Sierra de la Ventana, a quien acompa\u00f1aba Maximiliano Ruben Hoffman (32) domiciliado en Saldungaray. Seg\u00fan [&hellip;]<\/p>\n","protected":false},"author":1,"featured_media":0,"comment_status":"closed","ping_status":"open","sticky":false,"template":"","format":"standard","meta":{"footnotes":""},"categories":[51,52,61],"tags":[],"class_list":["post-26517","post","type-post","status-publish","format-standard","hentry","category-comunidad","category-destacadas","category-policiales"],"yoast_head":"<!-- This site is optimized with the Yoast SEO plugin v19.7.1 - https:\/\/yoast.com\/wordpress\/plugins\/seo\/ -->\n<title>DOS HERIDOS EN UN ACCIDENTE EN LA RUTA 76 (fotos y ampliaremos con videos y nota) - CELTTV<\/title>\n<meta name=\"description\" content=\"Sitio web de noticias de la localidad de Tornquist, provincia de Buenos Aires, Rep\u00fablica Argentina. Contenido propio originado por periodistas de CELTTV, el canal de TV local de la Cooperativa El\u00e9ctrica de Tornquist. Turismo, Pol\u00edtica, Sociedad, Deporte, Cultura y todo el contenido de inter\u00e9s general que la gente del pueblo y la regi\u00f3n debe conocer.\" \/>\n<meta name=\"robots\" content=\"index, follow, max-snippet:-1, max-image-preview:large, max-video-preview:-1\" \/>\n<link rel=\"canonical\" href=\"https:\/\/www.celttv.com.ar\/index.php\/2015\/01\/29\/dos-heridos-en-un-accidente-en-la-ruta-76-fotos-y-ampliaremos-con-videos-y-nota\/\" \/>\n<meta property=\"og:locale\" content=\"es_ES\" \/>\n<meta property=\"og:type\" content=\"article\" \/>\n<meta property=\"og:title\" content=\"DOS HERIDOS EN UN ACCIDENTE EN LA RUTA 76 (fotos y ampliaremos con videos y nota) - CELTTV\" \/>\n<meta property=\"og:description\" content=\"Sitio web de noticias de la localidad de Tornquist, provincia de Buenos Aires, Rep\u00fablica Argentina. Contenido propio originado por periodistas de CELTTV, el canal de TV local de la Cooperativa El\u00e9ctrica de Tornquist. Turismo, Pol\u00edtica, Sociedad, Deporte, Cultura y todo el contenido de inter\u00e9s general que la gente del pueblo y la regi\u00f3n debe conocer.\" \/>\n<meta property=\"og:url\" content=\"https:\/\/www.celttv.com.ar\/index.php\/2015\/01\/29\/dos-heridos-en-un-accidente-en-la-ruta-76-fotos-y-ampliaremos-con-videos-y-nota\/\" \/>\n<meta property=\"og:site_name\" content=\"CELTTV\" \/>\n<meta property=\"article:publisher\" content=\"https:\/\/www.facebook.com\/celtTV\/\" \/>\n<meta property=\"article:published_time\" content=\"2015-01-29T23:00:37+00:00\" \/>\n<meta property=\"og:image\" content=\"http:\/\/www.tvcnoticias.com.ar\/wp-content\/uploads\/2015\/01\/IMG_2223-Small-450x300.jpg\" \/>\n<meta name=\"author\" content=\"ulises\" \/>\n<meta name=\"twitter:card\" content=\"summary_large_image\" \/>\n<meta name=\"twitter:label1\" content=\"Escrito por\" \/>\n\t<meta name=\"twitter:data1\" content=\"ulises\" \/>\n\t<meta name=\"twitter:label2\" content=\"Tiempo de lectura\" \/>\n\t<meta name=\"twitter:data2\" content=\"1 minuto\" \/>\n<script type=\"application\/ld+json\" class=\"yoast-schema-graph\">{\"@context\":\"https:\/\/schema.org\",\"@graph\":[{\"@type\":\"NewsArticle\",\"@id\":\"https:\/\/www.celttv.com.ar\/index.php\/2015\/01\/29\/dos-heridos-en-un-accidente-en-la-ruta-76-fotos-y-ampliaremos-con-videos-y-nota\/#article\",\"isPartOf\":{\"@id\":\"https:\/\/www.celttv.com.ar\/index.php\/2015\/01\/29\/dos-heridos-en-un-accidente-en-la-ruta-76-fotos-y-ampliaremos-con-videos-y-nota\/\"},\"author\":{\"name\":\"ulises\",\"@id\":\"https:\/\/www.celttv.com.ar\/#\/schema\/person\/6d99c072dba59953809c81446e9d0ace\"},\"headline\":\"DOS HERIDOS EN UN ACCIDENTE EN LA RUTA 76 (fotos y ampliaremos con videos y nota)\",\"datePublished\":\"2015-01-29T23:00:37+00:00\",\"dateModified\":\"2015-01-29T23:00:37+00:00\",\"mainEntityOfPage\":{\"@id\":\"https:\/\/www.celttv.com.ar\/index.php\/2015\/01\/29\/dos-heridos-en-un-accidente-en-la-ruta-76-fotos-y-ampliaremos-con-videos-y-nota\/\"},\"wordCount\":191,\"publisher\":{\"@id\":\"https:\/\/www.celttv.com.ar\/#organization\"},\"articleSection\":[\"Comunidad\",\"Destacadas\",\"Policiales\"],\"inLanguage\":\"es\"},{\"@type\":\"WebPage\",\"@id\":\"https:\/\/www.celttv.com.ar\/index.php\/2015\/01\/29\/dos-heridos-en-un-accidente-en-la-ruta-76-fotos-y-ampliaremos-con-videos-y-nota\/\",\"url\":\"https:\/\/www.celttv.com.ar\/index.php\/2015\/01\/29\/dos-heridos-en-un-accidente-en-la-ruta-76-fotos-y-ampliaremos-con-videos-y-nota\/\",\"name\":\"DOS HERIDOS EN UN ACCIDENTE EN LA RUTA 76 (fotos y ampliaremos con videos y nota) - CELTTV\",\"isPartOf\":{\"@id\":\"https:\/\/www.celttv.com.ar\/#website\"},\"datePublished\":\"2015-01-29T23:00:37+00:00\",\"dateModified\":\"2015-01-29T23:00:37+00:00\",\"description\":\"Sitio web de noticias de la localidad de Tornquist, provincia de Buenos Aires, Rep\u00fablica Argentina. Contenido propio originado por periodistas de CELTTV, el canal de TV local de la Cooperativa El\u00e9ctrica de Tornquist. Turismo, Pol\u00edtica, Sociedad, Deporte, Cultura y todo el contenido de inter\u00e9s general que la gente del pueblo y la regi\u00f3n debe conocer.\",\"breadcrumb\":{\"@id\":\"https:\/\/www.celttv.com.ar\/index.php\/2015\/01\/29\/dos-heridos-en-un-accidente-en-la-ruta-76-fotos-y-ampliaremos-con-videos-y-nota\/#breadcrumb\"},\"inLanguage\":\"es\",\"potentialAction\":[{\"@type\":\"ReadAction\",\"target\":[\"https:\/\/www.celttv.com.ar\/index.php\/2015\/01\/29\/dos-heridos-en-un-accidente-en-la-ruta-76-fotos-y-ampliaremos-con-videos-y-nota\/\"]}]},{\"@type\":\"BreadcrumbList\",\"@id\":\"https:\/\/www.celttv.com.ar\/index.php\/2015\/01\/29\/dos-heridos-en-un-accidente-en-la-ruta-76-fotos-y-ampliaremos-con-videos-y-nota\/#breadcrumb\",\"itemListElement\":[{\"@type\":\"ListItem\",\"position\":1,\"name\":\"Inicio\",\"item\":\"https:\/\/www.celttv.com.ar\/\"},{\"@type\":\"ListItem\",\"position\":2,\"name\":\"DOS HERIDOS EN UN ACCIDENTE EN LA RUTA 76 (fotos y ampliaremos con videos y nota)\"}]},{\"@type\":\"WebSite\",\"@id\":\"https:\/\/www.celttv.com.ar\/#website\",\"url\":\"https:\/\/www.celttv.com.ar\/\",\"name\":\"CELTTV\",\"description\":\"Cooperativa El\u00e9ctrica de Tornquist\",\"publisher\":{\"@id\":\"https:\/\/www.celttv.com.ar\/#organization\"},\"potentialAction\":[{\"@type\":\"SearchAction\",\"target\":{\"@type\":\"EntryPoint\",\"urlTemplate\":\"https:\/\/www.celttv.com.ar\/?s={search_term_string}\"},\"query-input\":\"required name=search_term_string\"}],\"inLanguage\":\"es\"},{\"@type\":\"Organization\",\"@id\":\"https:\/\/www.celttv.com.ar\/#organization\",\"name\":\"CELTTV\",\"url\":\"https:\/\/www.celttv.com.ar\/\",\"sameAs\":[\"https:\/\/www.youtube.com\/channel\/UCz_oIt8Hig64Ub-EmcNPIhg\",\"https:\/\/www.facebook.com\/celtTV\/\"],\"logo\":{\"@type\":\"ImageObject\",\"inLanguage\":\"es\",\"@id\":\"https:\/\/www.celttv.com.ar\/#\/schema\/logo\/image\/\",\"url\":\"http:\/\/www.celttv.com.ar\/wp-content\/uploads\/2022\/08\/logo-1.png\",\"contentUrl\":\"http:\/\/www.celttv.com.ar\/wp-content\/uploads\/2022\/08\/logo-1.png\",\"width\":461,\"height\":159,\"caption\":\"CELTTV\"},\"image\":{\"@id\":\"https:\/\/www.celttv.com.ar\/#\/schema\/logo\/image\/\"}},{\"@type\":\"Person\",\"@id\":\"https:\/\/www.celttv.com.ar\/#\/schema\/person\/6d99c072dba59953809c81446e9d0ace\",\"name\":\"ulises\",\"image\":{\"@type\":\"ImageObject\",\"inLanguage\":\"es\",\"@id\":\"https:\/\/www.celttv.com.ar\/#\/schema\/person\/image\/\",\"url\":\"https:\/\/secure.gravatar.com\/avatar\/7f2c48bdc33b30088f941fb6082e555f2874c98e20cb159d7b92b50eadfce793?s=96&d=mm&r=g\",\"contentUrl\":\"https:\/\/secure.gravatar.com\/avatar\/7f2c48bdc33b30088f941fb6082e555f2874c98e20cb159d7b92b50eadfce793?s=96&d=mm&r=g\",\"caption\":\"ulises\"},\"sameAs\":[\"http:\/\/www.celttv.com.ar\"]}]}<\/script>\n<!-- \/ Yoast SEO plugin. -->","yoast_head_json":{"title":"DOS HERIDOS EN UN ACCIDENTE EN LA RUTA 76 (fotos y ampliaremos con videos y nota) - CELTTV","description":"Sitio web de noticias de la localidad de Tornquist, provincia de Buenos Aires, Rep\u00fablica Argentina. Contenido propio originado por periodistas de CELTTV, el canal de TV local de la Cooperativa El\u00e9ctrica de Tornquist. Turismo, Pol\u00edtica, Sociedad, Deporte, Cultura y todo el contenido de inter\u00e9s general que la gente del pueblo y la regi\u00f3n debe conocer.","robots":{"index":"index","follow":"follow","max-snippet":"max-snippet:-1","max-image-preview":"max-image-preview:large","max-video-preview":"max-video-preview:-1"},"canonical":"https:\/\/www.celttv.com.ar\/index.php\/2015\/01\/29\/dos-heridos-en-un-accidente-en-la-ruta-76-fotos-y-ampliaremos-con-videos-y-nota\/","og_locale":"es_ES","og_type":"article","og_title":"DOS HERIDOS EN UN ACCIDENTE EN LA RUTA 76 (fotos y ampliaremos con videos y nota) - CELTTV","og_description":"Sitio web de noticias de la localidad de Tornquist, provincia de Buenos Aires, Rep\u00fablica Argentina. Contenido propio originado por periodistas de CELTTV, el canal de TV local de la Cooperativa El\u00e9ctrica de Tornquist. Turismo, Pol\u00edtica, Sociedad, Deporte, Cultura y todo el contenido de inter\u00e9s general que la gente del pueblo y la regi\u00f3n debe conocer.","og_url":"https:\/\/www.celttv.com.ar\/index.php\/2015\/01\/29\/dos-heridos-en-un-accidente-en-la-ruta-76-fotos-y-ampliaremos-con-videos-y-nota\/","og_site_name":"CELTTV","article_publisher":"https:\/\/www.facebook.com\/celtTV\/","article_published_time":"2015-01-29T23:00:37+00:00","og_image":[{"url":"http:\/\/www.tvcnoticias.com.ar\/wp-content\/uploads\/2015\/01\/IMG_2223-Small-450x300.jpg"}],"author":"ulises","twitter_card":"summary_large_image","twitter_misc":{"Escrito por":"ulises","Tiempo de lectura":"1 minuto"},"schema":{"@context":"https:\/\/schema.org","@graph":[{"@type":"NewsArticle","@id":"https:\/\/www.celttv.com.ar\/index.php\/2015\/01\/29\/dos-heridos-en-un-accidente-en-la-ruta-76-fotos-y-ampliaremos-con-videos-y-nota\/#article","isPartOf":{"@id":"https:\/\/www.celttv.com.ar\/index.php\/2015\/01\/29\/dos-heridos-en-un-accidente-en-la-ruta-76-fotos-y-ampliaremos-con-videos-y-nota\/"},"author":{"name":"ulises","@id":"https:\/\/www.celttv.com.ar\/#\/schema\/person\/6d99c072dba59953809c81446e9d0ace"},"headline":"DOS HERIDOS EN UN ACCIDENTE EN LA RUTA 76 (fotos y ampliaremos con videos y nota)","datePublished":"2015-01-29T23:00:37+00:00","dateModified":"2015-01-29T23:00:37+00:00","mainEntityOfPage":{"@id":"https:\/\/www.celttv.com.ar\/index.php\/2015\/01\/29\/dos-heridos-en-un-accidente-en-la-ruta-76-fotos-y-ampliaremos-con-videos-y-nota\/"},"wordCount":191,"publisher":{"@id":"https:\/\/www.celttv.com.ar\/#organization"},"articleSection":["Comunidad","Destacadas","Policiales"],"inLanguage":"es"},{"@type":"WebPage","@id":"https:\/\/www.celttv.com.ar\/index.php\/2015\/01\/29\/dos-heridos-en-un-accidente-en-la-ruta-76-fotos-y-ampliaremos-con-videos-y-nota\/","url":"https:\/\/www.celttv.com.ar\/index.php\/2015\/01\/29\/dos-heridos-en-un-accidente-en-la-ruta-76-fotos-y-ampliaremos-con-videos-y-nota\/","name":"DOS HERIDOS EN UN ACCIDENTE EN LA RUTA 76 (fotos y ampliaremos con videos y nota) - CELTTV","isPartOf":{"@id":"https:\/\/www.celttv.com.ar\/#website"},"datePublished":"2015-01-29T23:00:37+00:00","dateModified":"2015-01-29T23:00:37+00:00","description":"Sitio web de noticias de la localidad de Tornquist, provincia de Buenos Aires, Rep\u00fablica Argentina. Contenido propio originado por periodistas de CELTTV, el canal de TV local de la Cooperativa El\u00e9ctrica de Tornquist. Turismo, Pol\u00edtica, Sociedad, Deporte, Cultura y todo el contenido de inter\u00e9s general que la gente del pueblo y la regi\u00f3n debe conocer.","breadcrumb":{"@id":"https:\/\/www.celttv.com.ar\/index.php\/2015\/01\/29\/dos-heridos-en-un-accidente-en-la-ruta-76-fotos-y-ampliaremos-con-videos-y-nota\/#breadcrumb"},"inLanguage":"es","potentialAction":[{"@type":"ReadAction","target":["https:\/\/www.celttv.com.ar\/index.php\/2015\/01\/29\/dos-heridos-en-un-accidente-en-la-ruta-76-fotos-y-ampliaremos-con-videos-y-nota\/"]}]},{"@type":"BreadcrumbList","@id":"https:\/\/www.celttv.com.ar\/index.php\/2015\/01\/29\/dos-heridos-en-un-accidente-en-la-ruta-76-fotos-y-ampliaremos-con-videos-y-nota\/#breadcrumb","itemListElement":[{"@type":"ListItem","position":1,"name":"Inicio","item":"https:\/\/www.celttv.com.ar\/"},{"@type":"ListItem","position":2,"name":"DOS HERIDOS EN UN ACCIDENTE EN LA RUTA 76 (fotos y ampliaremos con videos y nota)"}]},{"@type":"WebSite","@id":"https:\/\/www.celttv.com.ar\/#website","url":"https:\/\/www.celttv.com.ar\/","name":"CELTTV","description":"Cooperativa El\u00e9ctrica de Tornquist","publisher":{"@id":"https:\/\/www.celttv.com.ar\/#organization"},"potentialAction":[{"@type":"SearchAction","target":{"@type":"EntryPoint","urlTemplate":"https:\/\/www.celttv.com.ar\/?s={search_term_string}"},"query-input":"required name=search_term_string"}],"inLanguage":"es"},{"@type":"Organization","@id":"https:\/\/www.celttv.com.ar\/#organization","name":"CELTTV","url":"https:\/\/www.celttv.com.ar\/","sameAs":["https:\/\/www.youtube.com\/channel\/UCz_oIt8Hig64Ub-EmcNPIhg","https:\/\/www.facebook.com\/celtTV\/"],"logo":{"@type":"ImageObject","inLanguage":"es","@id":"https:\/\/www.celttv.com.ar\/#\/schema\/logo\/image\/","url":"http:\/\/www.celttv.com.ar\/wp-content\/uploads\/2022\/08\/logo-1.png","contentUrl":"http:\/\/www.celttv.com.ar\/wp-content\/uploads\/2022\/08\/logo-1.png","width":461,"height":159,"caption":"CELTTV"},"image":{"@id":"https:\/\/www.celttv.com.ar\/#\/schema\/logo\/image\/"}},{"@type":"Person","@id":"https:\/\/www.celttv.com.ar\/#\/schema\/person\/6d99c072dba59953809c81446e9d0ace","name":"ulises","image":{"@type":"ImageObject","inLanguage":"es","@id":"https:\/\/www.celttv.com.ar\/#\/schema\/person\/image\/","url":"https:\/\/secure.gravatar.com\/avatar\/7f2c48bdc33b30088f941fb6082e555f2874c98e20cb159d7b92b50eadfce793?s=96&d=mm&r=g","contentUrl":"https:\/\/secure.gravatar.com\/avatar\/7f2c48bdc33b30088f941fb6082e555f2874c98e20cb159d7b92b50eadfce793?s=96&d=mm&r=g","caption":"ulises"},"sameAs":["http:\/\/www.celttv.com.ar"]}]}},"_links":{"self":[{"href":"https:\/\/www.celttv.com.ar\/index.php\/wp-json\/wp\/v2\/posts\/26517","targetHints":{"allow":["GET"]}}],"collection":[{"href":"https:\/\/www.celttv.com.ar\/index.php\/wp-json\/wp\/v2\/posts"}],"about":[{"href":"https:\/\/www.celttv.com.ar\/index.php\/wp-json\/wp\/v2\/types\/post"}],"author":[{"embeddable":true,"href":"https:\/\/www.celttv.com.ar\/index.php\/wp-json\/wp\/v2\/users\/1"}],"replies":[{"embeddable":true,"href":"https:\/\/www.celttv.com.ar\/index.php\/wp-json\/wp\/v2\/comments?post=26517"}],"version-history":[{"count":0,"href":"https:\/\/www.celttv.com.ar\/index.php\/wp-json\/wp\/v2\/posts\/26517\/revisions"}],"wp:attachment":[{"href":"https:\/\/www.celttv.com.ar\/index.php\/wp-json\/wp\/v2\/media?parent=26517"}],"wp:term":[{"taxonomy":"category","embeddable":true,"href":"https:\/\/www.celttv.com.ar\/index.php\/wp-json\/wp\/v2\/categories?post=26517"},{"taxonomy":"post_tag","embeddable":true,"href":"https:\/\/www.celttv.com.ar\/index.php\/wp-json\/wp\/v2\/tags?post=26517"}],"curies":[{"name":"wp","href":"https:\/\/api.w.org\/{rel}","templated":true}]}}