{"id":26535,"date":"2015-01-30T18:58:28","date_gmt":"2015-01-30T18:58:28","guid":{"rendered":"http:\/\/www.tvcnoticias.com.ar\/?p=26535"},"modified":"2015-01-30T18:58:28","modified_gmt":"2015-01-30T18:58:28","slug":"el-precandidato-a-gobernador-patricio-mussi-fpv-recorrio-el-distrito-junto-al-intendente-gustavo-trankels","status":"publish","type":"post","link":"https:\/\/www.celttv.com.ar\/index.php\/2015\/01\/30\/el-precandidato-a-gobernador-patricio-mussi-fpv-recorrio-el-distrito-junto-al-intendente-gustavo-trankels\/","title":{"rendered":"EL PRECANDIDATO A GOBERNADOR PATRICIO MUSSI (FPV) RECORRI\u00d3 EL DISTRITO JUNTO AL INTENDENTE GUSTAVO TRANKELS"},"content":{"rendered":"<div>\n<div dir=\"ltr\">\n<div><a href=\"https:\/\/www.youtube.com\/watch?v=RLabG1ZiwZc\">httpv:\/\/www.youtube.com\/watch?v=RLabG1ZiwZc<\/a><\/div>\n<div><a href=\"https:\/\/www.youtube.com\/watch?v=jNDlDrPYzoY\">httpv:\/\/www.youtube.com\/watch?v=jNDlDrPYzoY<\/a><\/div>\n<div><a href=\"https:\/\/www.youtube.com\/watch?v=EHOJ5urPLs8\">httpv:\/\/www.youtube.com\/watch?v=EHOJ5urPLs8<\/a><\/div>\n<div><a href=\"https:\/\/www.youtube.com\/watch?v=Plbdl41v14E\">httpv:\/\/www.youtube.com\/watch?v=Plbdl41v14E<\/a><\/div>\n<div>El intendente de Tornquist Gustavo Trankels\u00a0recibi\u00f3 a su par de Berazategui, y precandidato a la Gobernaci\u00f3n bonaerense, doctor Patricio Mussi.<\/div>\n<div>Como lo viene haciendo desde hace meses, Mussi sigue recorriendo el interior de la provincia, y el jueves \u00faltimo fue el turno de Tornquist.<\/div>\n<div>El postulante a la Gobernaci\u00f3n bonaerense comenz\u00f3 su recorrida por Sierra de la Ventana donde fue recibido por Gustavo Trankels, quien estuvo acompa\u00f1ado por el Secretario de Turismo, Cultura y Deporte, Leandro P\u00e1scale; el Secretario de Producci\u00f3n y Medio Ambiente, Ricardo Valentini, y el secretario de Gobierno Guillermo Loffler.<\/div>\n<div>Recorrieron la Bodega Saldungaray, donde verificaron los avances en las construcci\u00f3n de la Avenida Corrales.<\/div>\n<div>Luego, se acercar\u00e1n al Sector Agro-Industrial Planificado que se encuentra en construcci\u00f3n en la Ruta provincial 76.<\/div>\n<div>El Centro de Gen\u00e9tica Porcina fue otro de los sitios visitados por las autoridades, al igual que la Empresa Bolteco S.R.L. dedicada al reciclaje sustentable y a la fabricaci\u00f3n de chapas de polialuminio y cubiertas onduladas.<\/div>\n<\/div>\n<div><\/div>\n<div>Rodrigo Sgammini (tvcnoticias)<\/div>\n<\/div>\n","protected":false},"excerpt":{"rendered":"<p>httpv:\/\/www.youtube.com\/watch?v=RLabG1ZiwZc httpv:\/\/www.youtube.com\/watch?v=jNDlDrPYzoY httpv:\/\/www.youtube.com\/watch?v=EHOJ5urPLs8 httpv:\/\/www.youtube.com\/watch?v=Plbdl41v14E El intendente de Tornquist Gustavo Trankels\u00a0recibi\u00f3 a su par de Berazategui, y precandidato a la Gobernaci\u00f3n bonaerense, doctor Patricio Mussi. Como lo viene haciendo desde hace meses, Mussi sigue recorriendo el interior de la provincia, y el jueves \u00faltimo fue el turno de Tornquist. El postulante a la Gobernaci\u00f3n bonaerense comenz\u00f3 [&hellip;]<\/p>\n","protected":false},"author":1,"featured_media":0,"comment_status":"closed","ping_status":"open","sticky":false,"template":"","format":"standard","meta":{"footnotes":""},"categories":[51,52,53,64],"tags":[],"class_list":["post-26535","post","type-post","status-publish","format-standard","hentry","category-comunidad","category-destacadas","category-politica","category-videos-destacados"],"yoast_head":"<!-- This site is optimized with the Yoast SEO plugin v19.7.1 - https:\/\/yoast.com\/wordpress\/plugins\/seo\/ -->\n<title>EL PRECANDIDATO A GOBERNADOR PATRICIO MUSSI (FPV) RECORRI\u00d3 EL DISTRITO JUNTO AL INTENDENTE GUSTAVO TRANKELS - CELTTV<\/title>\n<meta name=\"description\" content=\"Sitio web de noticias de la localidad de Tornquist, provincia de Buenos Aires, Rep\u00fablica Argentina. Contenido propio originado por periodistas de CELTTV, el canal de TV local de la Cooperativa El\u00e9ctrica de Tornquist. Turismo, Pol\u00edtica, Sociedad, Deporte, Cultura y todo el contenido de inter\u00e9s general que la gente del pueblo y la regi\u00f3n debe conocer.\" \/>\n<meta name=\"robots\" content=\"index, follow, max-snippet:-1, max-image-preview:large, max-video-preview:-1\" \/>\n<link rel=\"canonical\" href=\"https:\/\/www.celttv.com.ar\/index.php\/2015\/01\/30\/el-precandidato-a-gobernador-patricio-mussi-fpv-recorrio-el-distrito-junto-al-intendente-gustavo-trankels\/\" \/>\n<meta property=\"og:locale\" content=\"es_ES\" \/>\n<meta property=\"og:type\" content=\"article\" \/>\n<meta property=\"og:title\" content=\"EL PRECANDIDATO A GOBERNADOR PATRICIO MUSSI (FPV) RECORRI\u00d3 EL DISTRITO JUNTO AL INTENDENTE GUSTAVO TRANKELS - CELTTV\" \/>\n<meta property=\"og:description\" content=\"Sitio web de noticias de la localidad de Tornquist, provincia de Buenos Aires, Rep\u00fablica Argentina. Contenido propio originado por periodistas de CELTTV, el canal de TV local de la Cooperativa El\u00e9ctrica de Tornquist. Turismo, Pol\u00edtica, Sociedad, Deporte, Cultura y todo el contenido de inter\u00e9s general que la gente del pueblo y la regi\u00f3n debe conocer.\" \/>\n<meta property=\"og:url\" content=\"https:\/\/www.celttv.com.ar\/index.php\/2015\/01\/30\/el-precandidato-a-gobernador-patricio-mussi-fpv-recorrio-el-distrito-junto-al-intendente-gustavo-trankels\/\" \/>\n<meta property=\"og:site_name\" content=\"CELTTV\" \/>\n<meta property=\"article:publisher\" content=\"https:\/\/www.facebook.com\/celtTV\/\" \/>\n<meta property=\"article:published_time\" content=\"2015-01-30T18:58:28+00:00\" \/>\n<meta name=\"author\" content=\"ulises\" \/>\n<meta name=\"twitter:card\" content=\"summary_large_image\" \/>\n<meta name=\"twitter:label1\" content=\"Escrito por\" \/>\n\t<meta name=\"twitter:data1\" content=\"ulises\" \/>\n\t<meta name=\"twitter:label2\" content=\"Tiempo de lectura\" \/>\n\t<meta name=\"twitter:data2\" content=\"1 minuto\" \/>\n<script type=\"application\/ld+json\" class=\"yoast-schema-graph\">{\"@context\":\"https:\/\/schema.org\",\"@graph\":[{\"@type\":\"NewsArticle\",\"@id\":\"https:\/\/www.celttv.com.ar\/index.php\/2015\/01\/30\/el-precandidato-a-gobernador-patricio-mussi-fpv-recorrio-el-distrito-junto-al-intendente-gustavo-trankels\/#article\",\"isPartOf\":{\"@id\":\"https:\/\/www.celttv.com.ar\/index.php\/2015\/01\/30\/el-precandidato-a-gobernador-patricio-mussi-fpv-recorrio-el-distrito-junto-al-intendente-gustavo-trankels\/\"},\"author\":{\"name\":\"ulises\",\"@id\":\"https:\/\/www.celttv.com.ar\/#\/schema\/person\/6d99c072dba59953809c81446e9d0ace\"},\"headline\":\"EL PRECANDIDATO A GOBERNADOR PATRICIO MUSSI (FPV) RECORRI\u00d3 EL DISTRITO JUNTO AL INTENDENTE GUSTAVO TRANKELS\",\"datePublished\":\"2015-01-30T18:58:28+00:00\",\"dateModified\":\"2015-01-30T18:58:28+00:00\",\"mainEntityOfPage\":{\"@id\":\"https:\/\/www.celttv.com.ar\/index.php\/2015\/01\/30\/el-precandidato-a-gobernador-patricio-mussi-fpv-recorrio-el-distrito-junto-al-intendente-gustavo-trankels\/\"},\"wordCount\":223,\"publisher\":{\"@id\":\"https:\/\/www.celttv.com.ar\/#organization\"},\"articleSection\":[\"Comunidad\",\"Destacadas\",\"Pol\u00edtica\",\"Videos Destacados\"],\"inLanguage\":\"es\"},{\"@type\":\"WebPage\",\"@id\":\"https:\/\/www.celttv.com.ar\/index.php\/2015\/01\/30\/el-precandidato-a-gobernador-patricio-mussi-fpv-recorrio-el-distrito-junto-al-intendente-gustavo-trankels\/\",\"url\":\"https:\/\/www.celttv.com.ar\/index.php\/2015\/01\/30\/el-precandidato-a-gobernador-patricio-mussi-fpv-recorrio-el-distrito-junto-al-intendente-gustavo-trankels\/\",\"name\":\"EL PRECANDIDATO A GOBERNADOR PATRICIO MUSSI (FPV) RECORRI\u00d3 EL DISTRITO JUNTO AL INTENDENTE GUSTAVO TRANKELS - CELTTV\",\"isPartOf\":{\"@id\":\"https:\/\/www.celttv.com.ar\/#website\"},\"datePublished\":\"2015-01-30T18:58:28+00:00\",\"dateModified\":\"2015-01-30T18:58:28+00:00\",\"description\":\"Sitio web de noticias de la localidad de Tornquist, provincia de Buenos Aires, Rep\u00fablica Argentina. Contenido propio originado por periodistas de CELTTV, el canal de TV local de la Cooperativa El\u00e9ctrica de Tornquist. Turismo, Pol\u00edtica, Sociedad, Deporte, Cultura y todo el contenido de inter\u00e9s general que la gente del pueblo y la regi\u00f3n debe conocer.\",\"breadcrumb\":{\"@id\":\"https:\/\/www.celttv.com.ar\/index.php\/2015\/01\/30\/el-precandidato-a-gobernador-patricio-mussi-fpv-recorrio-el-distrito-junto-al-intendente-gustavo-trankels\/#breadcrumb\"},\"inLanguage\":\"es\",\"potentialAction\":[{\"@type\":\"ReadAction\",\"target\":[\"https:\/\/www.celttv.com.ar\/index.php\/2015\/01\/30\/el-precandidato-a-gobernador-patricio-mussi-fpv-recorrio-el-distrito-junto-al-intendente-gustavo-trankels\/\"]}]},{\"@type\":\"BreadcrumbList\",\"@id\":\"https:\/\/www.celttv.com.ar\/index.php\/2015\/01\/30\/el-precandidato-a-gobernador-patricio-mussi-fpv-recorrio-el-distrito-junto-al-intendente-gustavo-trankels\/#breadcrumb\",\"itemListElement\":[{\"@type\":\"ListItem\",\"position\":1,\"name\":\"Inicio\",\"item\":\"https:\/\/www.celttv.com.ar\/\"},{\"@type\":\"ListItem\",\"position\":2,\"name\":\"EL PRECANDIDATO A GOBERNADOR PATRICIO MUSSI (FPV) RECORRI\u00d3 EL DISTRITO JUNTO AL INTENDENTE GUSTAVO TRANKELS\"}]},{\"@type\":\"WebSite\",\"@id\":\"https:\/\/www.celttv.com.ar\/#website\",\"url\":\"https:\/\/www.celttv.com.ar\/\",\"name\":\"CELTTV\",\"description\":\"Cooperativa El\u00e9ctrica de Tornquist\",\"publisher\":{\"@id\":\"https:\/\/www.celttv.com.ar\/#organization\"},\"potentialAction\":[{\"@type\":\"SearchAction\",\"target\":{\"@type\":\"EntryPoint\",\"urlTemplate\":\"https:\/\/www.celttv.com.ar\/?s={search_term_string}\"},\"query-input\":\"required name=search_term_string\"}],\"inLanguage\":\"es\"},{\"@type\":\"Organization\",\"@id\":\"https:\/\/www.celttv.com.ar\/#organization\",\"name\":\"CELTTV\",\"url\":\"https:\/\/www.celttv.com.ar\/\",\"sameAs\":[\"https:\/\/www.youtube.com\/channel\/UCz_oIt8Hig64Ub-EmcNPIhg\",\"https:\/\/www.facebook.com\/celtTV\/\"],\"logo\":{\"@type\":\"ImageObject\",\"inLanguage\":\"es\",\"@id\":\"https:\/\/www.celttv.com.ar\/#\/schema\/logo\/image\/\",\"url\":\"http:\/\/www.celttv.com.ar\/wp-content\/uploads\/2022\/08\/logo-1.png\",\"contentUrl\":\"http:\/\/www.celttv.com.ar\/wp-content\/uploads\/2022\/08\/logo-1.png\",\"width\":461,\"height\":159,\"caption\":\"CELTTV\"},\"image\":{\"@id\":\"https:\/\/www.celttv.com.ar\/#\/schema\/logo\/image\/\"}},{\"@type\":\"Person\",\"@id\":\"https:\/\/www.celttv.com.ar\/#\/schema\/person\/6d99c072dba59953809c81446e9d0ace\",\"name\":\"ulises\",\"image\":{\"@type\":\"ImageObject\",\"inLanguage\":\"es\",\"@id\":\"https:\/\/www.celttv.com.ar\/#\/schema\/person\/image\/\",\"url\":\"https:\/\/secure.gravatar.com\/avatar\/7f2c48bdc33b30088f941fb6082e555f2874c98e20cb159d7b92b50eadfce793?s=96&d=mm&r=g\",\"contentUrl\":\"https:\/\/secure.gravatar.com\/avatar\/7f2c48bdc33b30088f941fb6082e555f2874c98e20cb159d7b92b50eadfce793?s=96&d=mm&r=g\",\"caption\":\"ulises\"},\"sameAs\":[\"http:\/\/www.celttv.com.ar\"]}]}<\/script>\n<!-- \/ Yoast SEO plugin. -->","yoast_head_json":{"title":"EL PRECANDIDATO A GOBERNADOR PATRICIO MUSSI (FPV) RECORRI\u00d3 EL DISTRITO JUNTO AL INTENDENTE GUSTAVO TRANKELS - CELTTV","description":"Sitio web de noticias de la localidad de Tornquist, provincia de Buenos Aires, Rep\u00fablica Argentina. Contenido propio originado por periodistas de CELTTV, el canal de TV local de la Cooperativa El\u00e9ctrica de Tornquist. Turismo, Pol\u00edtica, Sociedad, Deporte, Cultura y todo el contenido de inter\u00e9s general que la gente del pueblo y la regi\u00f3n debe conocer.","robots":{"index":"index","follow":"follow","max-snippet":"max-snippet:-1","max-image-preview":"max-image-preview:large","max-video-preview":"max-video-preview:-1"},"canonical":"https:\/\/www.celttv.com.ar\/index.php\/2015\/01\/30\/el-precandidato-a-gobernador-patricio-mussi-fpv-recorrio-el-distrito-junto-al-intendente-gustavo-trankels\/","og_locale":"es_ES","og_type":"article","og_title":"EL PRECANDIDATO A GOBERNADOR PATRICIO MUSSI (FPV) RECORRI\u00d3 EL DISTRITO JUNTO AL INTENDENTE GUSTAVO TRANKELS - CELTTV","og_description":"Sitio web de noticias de la localidad de Tornquist, provincia de Buenos Aires, Rep\u00fablica Argentina. Contenido propio originado por periodistas de CELTTV, el canal de TV local de la Cooperativa El\u00e9ctrica de Tornquist. Turismo, Pol\u00edtica, Sociedad, Deporte, Cultura y todo el contenido de inter\u00e9s general que la gente del pueblo y la regi\u00f3n debe conocer.","og_url":"https:\/\/www.celttv.com.ar\/index.php\/2015\/01\/30\/el-precandidato-a-gobernador-patricio-mussi-fpv-recorrio-el-distrito-junto-al-intendente-gustavo-trankels\/","og_site_name":"CELTTV","article_publisher":"https:\/\/www.facebook.com\/celtTV\/","article_published_time":"2015-01-30T18:58:28+00:00","author":"ulises","twitter_card":"summary_large_image","twitter_misc":{"Escrito por":"ulises","Tiempo de lectura":"1 minuto"},"schema":{"@context":"https:\/\/schema.org","@graph":[{"@type":"NewsArticle","@id":"https:\/\/www.celttv.com.ar\/index.php\/2015\/01\/30\/el-precandidato-a-gobernador-patricio-mussi-fpv-recorrio-el-distrito-junto-al-intendente-gustavo-trankels\/#article","isPartOf":{"@id":"https:\/\/www.celttv.com.ar\/index.php\/2015\/01\/30\/el-precandidato-a-gobernador-patricio-mussi-fpv-recorrio-el-distrito-junto-al-intendente-gustavo-trankels\/"},"author":{"name":"ulises","@id":"https:\/\/www.celttv.com.ar\/#\/schema\/person\/6d99c072dba59953809c81446e9d0ace"},"headline":"EL PRECANDIDATO A GOBERNADOR PATRICIO MUSSI (FPV) RECORRI\u00d3 EL DISTRITO JUNTO AL INTENDENTE GUSTAVO TRANKELS","datePublished":"2015-01-30T18:58:28+00:00","dateModified":"2015-01-30T18:58:28+00:00","mainEntityOfPage":{"@id":"https:\/\/www.celttv.com.ar\/index.php\/2015\/01\/30\/el-precandidato-a-gobernador-patricio-mussi-fpv-recorrio-el-distrito-junto-al-intendente-gustavo-trankels\/"},"wordCount":223,"publisher":{"@id":"https:\/\/www.celttv.com.ar\/#organization"},"articleSection":["Comunidad","Destacadas","Pol\u00edtica","Videos Destacados"],"inLanguage":"es"},{"@type":"WebPage","@id":"https:\/\/www.celttv.com.ar\/index.php\/2015\/01\/30\/el-precandidato-a-gobernador-patricio-mussi-fpv-recorrio-el-distrito-junto-al-intendente-gustavo-trankels\/","url":"https:\/\/www.celttv.com.ar\/index.php\/2015\/01\/30\/el-precandidato-a-gobernador-patricio-mussi-fpv-recorrio-el-distrito-junto-al-intendente-gustavo-trankels\/","name":"EL PRECANDIDATO A GOBERNADOR PATRICIO MUSSI (FPV) RECORRI\u00d3 EL DISTRITO JUNTO AL INTENDENTE GUSTAVO TRANKELS - CELTTV","isPartOf":{"@id":"https:\/\/www.celttv.com.ar\/#website"},"datePublished":"2015-01-30T18:58:28+00:00","dateModified":"2015-01-30T18:58:28+00:00","description":"Sitio web de noticias de la localidad de Tornquist, provincia de Buenos Aires, Rep\u00fablica Argentina. Contenido propio originado por periodistas de CELTTV, el canal de TV local de la Cooperativa El\u00e9ctrica de Tornquist. Turismo, Pol\u00edtica, Sociedad, Deporte, Cultura y todo el contenido de inter\u00e9s general que la gente del pueblo y la regi\u00f3n debe conocer.","breadcrumb":{"@id":"https:\/\/www.celttv.com.ar\/index.php\/2015\/01\/30\/el-precandidato-a-gobernador-patricio-mussi-fpv-recorrio-el-distrito-junto-al-intendente-gustavo-trankels\/#breadcrumb"},"inLanguage":"es","potentialAction":[{"@type":"ReadAction","target":["https:\/\/www.celttv.com.ar\/index.php\/2015\/01\/30\/el-precandidato-a-gobernador-patricio-mussi-fpv-recorrio-el-distrito-junto-al-intendente-gustavo-trankels\/"]}]},{"@type":"BreadcrumbList","@id":"https:\/\/www.celttv.com.ar\/index.php\/2015\/01\/30\/el-precandidato-a-gobernador-patricio-mussi-fpv-recorrio-el-distrito-junto-al-intendente-gustavo-trankels\/#breadcrumb","itemListElement":[{"@type":"ListItem","position":1,"name":"Inicio","item":"https:\/\/www.celttv.com.ar\/"},{"@type":"ListItem","position":2,"name":"EL PRECANDIDATO A GOBERNADOR PATRICIO MUSSI (FPV) RECORRI\u00d3 EL DISTRITO JUNTO AL INTENDENTE GUSTAVO TRANKELS"}]},{"@type":"WebSite","@id":"https:\/\/www.celttv.com.ar\/#website","url":"https:\/\/www.celttv.com.ar\/","name":"CELTTV","description":"Cooperativa El\u00e9ctrica de Tornquist","publisher":{"@id":"https:\/\/www.celttv.com.ar\/#organization"},"potentialAction":[{"@type":"SearchAction","target":{"@type":"EntryPoint","urlTemplate":"https:\/\/www.celttv.com.ar\/?s={search_term_string}"},"query-input":"required name=search_term_string"}],"inLanguage":"es"},{"@type":"Organization","@id":"https:\/\/www.celttv.com.ar\/#organization","name":"CELTTV","url":"https:\/\/www.celttv.com.ar\/","sameAs":["https:\/\/www.youtube.com\/channel\/UCz_oIt8Hig64Ub-EmcNPIhg","https:\/\/www.facebook.com\/celtTV\/"],"logo":{"@type":"ImageObject","inLanguage":"es","@id":"https:\/\/www.celttv.com.ar\/#\/schema\/logo\/image\/","url":"http:\/\/www.celttv.com.ar\/wp-content\/uploads\/2022\/08\/logo-1.png","contentUrl":"http:\/\/www.celttv.com.ar\/wp-content\/uploads\/2022\/08\/logo-1.png","width":461,"height":159,"caption":"CELTTV"},"image":{"@id":"https:\/\/www.celttv.com.ar\/#\/schema\/logo\/image\/"}},{"@type":"Person","@id":"https:\/\/www.celttv.com.ar\/#\/schema\/person\/6d99c072dba59953809c81446e9d0ace","name":"ulises","image":{"@type":"ImageObject","inLanguage":"es","@id":"https:\/\/www.celttv.com.ar\/#\/schema\/person\/image\/","url":"https:\/\/secure.gravatar.com\/avatar\/7f2c48bdc33b30088f941fb6082e555f2874c98e20cb159d7b92b50eadfce793?s=96&d=mm&r=g","contentUrl":"https:\/\/secure.gravatar.com\/avatar\/7f2c48bdc33b30088f941fb6082e555f2874c98e20cb159d7b92b50eadfce793?s=96&d=mm&r=g","caption":"ulises"},"sameAs":["http:\/\/www.celttv.com.ar"]}]}},"_links":{"self":[{"href":"https:\/\/www.celttv.com.ar\/index.php\/wp-json\/wp\/v2\/posts\/26535","targetHints":{"allow":["GET"]}}],"collection":[{"href":"https:\/\/www.celttv.com.ar\/index.php\/wp-json\/wp\/v2\/posts"}],"about":[{"href":"https:\/\/www.celttv.com.ar\/index.php\/wp-json\/wp\/v2\/types\/post"}],"author":[{"embeddable":true,"href":"https:\/\/www.celttv.com.ar\/index.php\/wp-json\/wp\/v2\/users\/1"}],"replies":[{"embeddable":true,"href":"https:\/\/www.celttv.com.ar\/index.php\/wp-json\/wp\/v2\/comments?post=26535"}],"version-history":[{"count":0,"href":"https:\/\/www.celttv.com.ar\/index.php\/wp-json\/wp\/v2\/posts\/26535\/revisions"}],"wp:attachment":[{"href":"https:\/\/www.celttv.com.ar\/index.php\/wp-json\/wp\/v2\/media?parent=26535"}],"wp:term":[{"taxonomy":"category","embeddable":true,"href":"https:\/\/www.celttv.com.ar\/index.php\/wp-json\/wp\/v2\/categories?post=26535"},{"taxonomy":"post_tag","embeddable":true,"href":"https:\/\/www.celttv.com.ar\/index.php\/wp-json\/wp\/v2\/tags?post=26535"}],"curies":[{"name":"wp","href":"https:\/\/api.w.org\/{rel}","templated":true}]}}