{"id":26603,"date":"2015-02-04T14:51:06","date_gmt":"2015-02-04T14:51:06","guid":{"rendered":"http:\/\/www.tvcnoticias.com.ar\/?p=26603"},"modified":"2015-02-04T14:51:06","modified_gmt":"2015-02-04T14:51:06","slug":"la-ilusion-de-automoto-se-renueva-con-la-contratacion-de-pablo-recalde-nota","status":"publish","type":"post","link":"https:\/\/www.celttv.com.ar\/index.php\/2015\/02\/04\/la-ilusion-de-automoto-se-renueva-con-la-contratacion-de-pablo-recalde-nota\/","title":{"rendered":"LA ILUSI\u00d3N DE AUTOMOTO SE RENUEVA CON LA CONTRATACI\u00d3N DE PABLO RECALDE (Nota)."},"content":{"rendered":"<div dir=\"ltr\"><strong><a href=\"https:\/\/www.youtube.com\/watch?v=Jn41DBwJn9w\">httpv:\/\/www.youtube.com\/watch?v=Jn41DBwJn9w<\/a><\/strong><\/div>\n<div dir=\"ltr\"><strong><br \/>\n<\/strong><\/div>\n<div dir=\"ltr\"><strong><a href=\"https:\/\/www.youtube.com\/watch?v=Jn41DBwJn9w\"><\/a>MAGAZINE SPORT&#8212;-<\/strong> El flamante t\u00e9cnico del\u00a0<strong>Club Automoto<\/strong>,\u00a0<strong>Pablo Recalde<\/strong>, asumi\u00f3 -en los\u00faltimos d\u00edas- su cargo al frente del primer equipo de la entidad azulgrana.<\/div>\n<div dir=\"ltr\">Tras la charla mantenida con\u00a0<strong>MAGAZINE SPORT<\/strong>,\u00a0<strong>Recalde<\/strong> di\u00f3 a conocer de qu\u00e9 manera trabajar\u00e1 con el plantel de primera y cu\u00e1les son los objetivos trazados para la temporada 2015 de la liga suarense.<\/div>\n<div dir=\"ltr\">A su vez,\u00a0<strong>Recalde<\/strong> habl\u00f3 de posibles contrataciones y del estilo de juego que buscar\u00e1 para ser protagonistas en el torneo.<\/div>\n<div dir=\"ltr\">Por \u00faltimo, se\u00f1al\u00f3 que la pretemporada comenzar\u00e1 el lunes 9, a partir de las 19.30, en el estadio &#8220;Agust\u00edn Ruppel&#8221;..<\/div>\n<div dir=\"ltr\"><strong>Rodrigo Sgammini (MS)<\/strong><\/div>\n","protected":false},"excerpt":{"rendered":"<p>httpv:\/\/www.youtube.com\/watch?v=Jn41DBwJn9w MAGAZINE SPORT&#8212;- El flamante t\u00e9cnico del\u00a0Club Automoto,\u00a0Pablo Recalde, asumi\u00f3 -en los\u00faltimos d\u00edas- su cargo al frente del primer equipo de la entidad azulgrana. Tras la charla mantenida con\u00a0MAGAZINE SPORT,\u00a0Recalde di\u00f3 a conocer de qu\u00e9 manera trabajar\u00e1 con el plantel de primera y cu\u00e1les son los objetivos trazados para la temporada 2015 de la liga [&hellip;]<\/p>\n","protected":false},"author":1,"featured_media":0,"comment_status":"closed","ping_status":"open","sticky":false,"template":"","format":"standard","meta":{"footnotes":""},"categories":[51,60,52,64],"tags":[],"class_list":["post-26603","post","type-post","status-publish","format-standard","hentry","category-comunidad","category-deporte","category-destacadas","category-videos-destacados"],"yoast_head":"<!-- This site is optimized with the Yoast SEO plugin v19.7.1 - https:\/\/yoast.com\/wordpress\/plugins\/seo\/ -->\n<title>LA ILUSI\u00d3N DE AUTOMOTO SE RENUEVA CON LA CONTRATACI\u00d3N DE PABLO RECALDE (Nota). - CELTTV<\/title>\n<meta name=\"description\" content=\"Sitio web de noticias de la localidad de Tornquist, provincia de Buenos Aires, Rep\u00fablica Argentina. Contenido propio originado por periodistas de CELTTV, el canal de TV local de la Cooperativa El\u00e9ctrica de Tornquist. Turismo, Pol\u00edtica, Sociedad, Deporte, Cultura y todo el contenido de inter\u00e9s general que la gente del pueblo y la regi\u00f3n debe conocer.\" \/>\n<meta name=\"robots\" content=\"index, follow, max-snippet:-1, max-image-preview:large, max-video-preview:-1\" \/>\n<link rel=\"canonical\" href=\"https:\/\/www.celttv.com.ar\/index.php\/2015\/02\/04\/la-ilusion-de-automoto-se-renueva-con-la-contratacion-de-pablo-recalde-nota\/\" \/>\n<meta property=\"og:locale\" content=\"es_ES\" \/>\n<meta property=\"og:type\" content=\"article\" \/>\n<meta property=\"og:title\" content=\"LA ILUSI\u00d3N DE AUTOMOTO SE RENUEVA CON LA CONTRATACI\u00d3N DE PABLO RECALDE (Nota). - CELTTV\" \/>\n<meta property=\"og:description\" content=\"Sitio web de noticias de la localidad de Tornquist, provincia de Buenos Aires, Rep\u00fablica Argentina. Contenido propio originado por periodistas de CELTTV, el canal de TV local de la Cooperativa El\u00e9ctrica de Tornquist. Turismo, Pol\u00edtica, Sociedad, Deporte, Cultura y todo el contenido de inter\u00e9s general que la gente del pueblo y la regi\u00f3n debe conocer.\" \/>\n<meta property=\"og:url\" content=\"https:\/\/www.celttv.com.ar\/index.php\/2015\/02\/04\/la-ilusion-de-automoto-se-renueva-con-la-contratacion-de-pablo-recalde-nota\/\" \/>\n<meta property=\"og:site_name\" content=\"CELTTV\" \/>\n<meta property=\"article:publisher\" content=\"https:\/\/www.facebook.com\/celtTV\/\" \/>\n<meta property=\"article:published_time\" content=\"2015-02-04T14:51:06+00:00\" \/>\n<meta name=\"author\" content=\"ulises\" \/>\n<meta name=\"twitter:card\" content=\"summary_large_image\" \/>\n<meta name=\"twitter:label1\" content=\"Escrito por\" \/>\n\t<meta name=\"twitter:data1\" content=\"ulises\" \/>\n\t<meta name=\"twitter:label2\" content=\"Tiempo de lectura\" \/>\n\t<meta name=\"twitter:data2\" content=\"1 minuto\" \/>\n<script type=\"application\/ld+json\" class=\"yoast-schema-graph\">{\"@context\":\"https:\/\/schema.org\",\"@graph\":[{\"@type\":\"NewsArticle\",\"@id\":\"https:\/\/www.celttv.com.ar\/index.php\/2015\/02\/04\/la-ilusion-de-automoto-se-renueva-con-la-contratacion-de-pablo-recalde-nota\/#article\",\"isPartOf\":{\"@id\":\"https:\/\/www.celttv.com.ar\/index.php\/2015\/02\/04\/la-ilusion-de-automoto-se-renueva-con-la-contratacion-de-pablo-recalde-nota\/\"},\"author\":{\"name\":\"ulises\",\"@id\":\"https:\/\/www.celttv.com.ar\/#\/schema\/person\/6d99c072dba59953809c81446e9d0ace\"},\"headline\":\"LA ILUSI\u00d3N DE AUTOMOTO SE RENUEVA CON LA CONTRATACI\u00d3N DE PABLO RECALDE (Nota).\",\"datePublished\":\"2015-02-04T14:51:06+00:00\",\"dateModified\":\"2015-02-04T14:51:06+00:00\",\"mainEntityOfPage\":{\"@id\":\"https:\/\/www.celttv.com.ar\/index.php\/2015\/02\/04\/la-ilusion-de-automoto-se-renueva-con-la-contratacion-de-pablo-recalde-nota\/\"},\"wordCount\":130,\"publisher\":{\"@id\":\"https:\/\/www.celttv.com.ar\/#organization\"},\"articleSection\":[\"Comunidad\",\"Deporte\",\"Destacadas\",\"Videos Destacados\"],\"inLanguage\":\"es\"},{\"@type\":\"WebPage\",\"@id\":\"https:\/\/www.celttv.com.ar\/index.php\/2015\/02\/04\/la-ilusion-de-automoto-se-renueva-con-la-contratacion-de-pablo-recalde-nota\/\",\"url\":\"https:\/\/www.celttv.com.ar\/index.php\/2015\/02\/04\/la-ilusion-de-automoto-se-renueva-con-la-contratacion-de-pablo-recalde-nota\/\",\"name\":\"LA ILUSI\u00d3N DE AUTOMOTO SE RENUEVA CON LA CONTRATACI\u00d3N DE PABLO RECALDE (Nota). - CELTTV\",\"isPartOf\":{\"@id\":\"https:\/\/www.celttv.com.ar\/#website\"},\"datePublished\":\"2015-02-04T14:51:06+00:00\",\"dateModified\":\"2015-02-04T14:51:06+00:00\",\"description\":\"Sitio web de noticias de la localidad de Tornquist, provincia de Buenos Aires, Rep\u00fablica Argentina. Contenido propio originado por periodistas de CELTTV, el canal de TV local de la Cooperativa El\u00e9ctrica de Tornquist. Turismo, Pol\u00edtica, Sociedad, Deporte, Cultura y todo el contenido de inter\u00e9s general que la gente del pueblo y la regi\u00f3n debe conocer.\",\"breadcrumb\":{\"@id\":\"https:\/\/www.celttv.com.ar\/index.php\/2015\/02\/04\/la-ilusion-de-automoto-se-renueva-con-la-contratacion-de-pablo-recalde-nota\/#breadcrumb\"},\"inLanguage\":\"es\",\"potentialAction\":[{\"@type\":\"ReadAction\",\"target\":[\"https:\/\/www.celttv.com.ar\/index.php\/2015\/02\/04\/la-ilusion-de-automoto-se-renueva-con-la-contratacion-de-pablo-recalde-nota\/\"]}]},{\"@type\":\"BreadcrumbList\",\"@id\":\"https:\/\/www.celttv.com.ar\/index.php\/2015\/02\/04\/la-ilusion-de-automoto-se-renueva-con-la-contratacion-de-pablo-recalde-nota\/#breadcrumb\",\"itemListElement\":[{\"@type\":\"ListItem\",\"position\":1,\"name\":\"Inicio\",\"item\":\"https:\/\/www.celttv.com.ar\/\"},{\"@type\":\"ListItem\",\"position\":2,\"name\":\"LA ILUSI\u00d3N DE AUTOMOTO SE RENUEVA CON LA CONTRATACI\u00d3N DE PABLO RECALDE (Nota).\"}]},{\"@type\":\"WebSite\",\"@id\":\"https:\/\/www.celttv.com.ar\/#website\",\"url\":\"https:\/\/www.celttv.com.ar\/\",\"name\":\"CELTTV\",\"description\":\"Cooperativa El\u00e9ctrica de Tornquist\",\"publisher\":{\"@id\":\"https:\/\/www.celttv.com.ar\/#organization\"},\"potentialAction\":[{\"@type\":\"SearchAction\",\"target\":{\"@type\":\"EntryPoint\",\"urlTemplate\":\"https:\/\/www.celttv.com.ar\/?s={search_term_string}\"},\"query-input\":\"required name=search_term_string\"}],\"inLanguage\":\"es\"},{\"@type\":\"Organization\",\"@id\":\"https:\/\/www.celttv.com.ar\/#organization\",\"name\":\"CELTTV\",\"url\":\"https:\/\/www.celttv.com.ar\/\",\"sameAs\":[\"https:\/\/www.youtube.com\/channel\/UCz_oIt8Hig64Ub-EmcNPIhg\",\"https:\/\/www.facebook.com\/celtTV\/\"],\"logo\":{\"@type\":\"ImageObject\",\"inLanguage\":\"es\",\"@id\":\"https:\/\/www.celttv.com.ar\/#\/schema\/logo\/image\/\",\"url\":\"http:\/\/www.celttv.com.ar\/wp-content\/uploads\/2022\/08\/logo-1.png\",\"contentUrl\":\"http:\/\/www.celttv.com.ar\/wp-content\/uploads\/2022\/08\/logo-1.png\",\"width\":461,\"height\":159,\"caption\":\"CELTTV\"},\"image\":{\"@id\":\"https:\/\/www.celttv.com.ar\/#\/schema\/logo\/image\/\"}},{\"@type\":\"Person\",\"@id\":\"https:\/\/www.celttv.com.ar\/#\/schema\/person\/6d99c072dba59953809c81446e9d0ace\",\"name\":\"ulises\",\"image\":{\"@type\":\"ImageObject\",\"inLanguage\":\"es\",\"@id\":\"https:\/\/www.celttv.com.ar\/#\/schema\/person\/image\/\",\"url\":\"https:\/\/secure.gravatar.com\/avatar\/7f2c48bdc33b30088f941fb6082e555f2874c98e20cb159d7b92b50eadfce793?s=96&d=mm&r=g\",\"contentUrl\":\"https:\/\/secure.gravatar.com\/avatar\/7f2c48bdc33b30088f941fb6082e555f2874c98e20cb159d7b92b50eadfce793?s=96&d=mm&r=g\",\"caption\":\"ulises\"},\"sameAs\":[\"http:\/\/www.celttv.com.ar\"]}]}<\/script>\n<!-- \/ Yoast SEO plugin. -->","yoast_head_json":{"title":"LA ILUSI\u00d3N DE AUTOMOTO SE RENUEVA CON LA CONTRATACI\u00d3N DE PABLO RECALDE (Nota). - CELTTV","description":"Sitio web de noticias de la localidad de Tornquist, provincia de Buenos Aires, Rep\u00fablica Argentina. Contenido propio originado por periodistas de CELTTV, el canal de TV local de la Cooperativa El\u00e9ctrica de Tornquist. Turismo, Pol\u00edtica, Sociedad, Deporte, Cultura y todo el contenido de inter\u00e9s general que la gente del pueblo y la regi\u00f3n debe conocer.","robots":{"index":"index","follow":"follow","max-snippet":"max-snippet:-1","max-image-preview":"max-image-preview:large","max-video-preview":"max-video-preview:-1"},"canonical":"https:\/\/www.celttv.com.ar\/index.php\/2015\/02\/04\/la-ilusion-de-automoto-se-renueva-con-la-contratacion-de-pablo-recalde-nota\/","og_locale":"es_ES","og_type":"article","og_title":"LA ILUSI\u00d3N DE AUTOMOTO SE RENUEVA CON LA CONTRATACI\u00d3N DE PABLO RECALDE (Nota). - CELTTV","og_description":"Sitio web de noticias de la localidad de Tornquist, provincia de Buenos Aires, Rep\u00fablica Argentina. Contenido propio originado por periodistas de CELTTV, el canal de TV local de la Cooperativa El\u00e9ctrica de Tornquist. Turismo, Pol\u00edtica, Sociedad, Deporte, Cultura y todo el contenido de inter\u00e9s general que la gente del pueblo y la regi\u00f3n debe conocer.","og_url":"https:\/\/www.celttv.com.ar\/index.php\/2015\/02\/04\/la-ilusion-de-automoto-se-renueva-con-la-contratacion-de-pablo-recalde-nota\/","og_site_name":"CELTTV","article_publisher":"https:\/\/www.facebook.com\/celtTV\/","article_published_time":"2015-02-04T14:51:06+00:00","author":"ulises","twitter_card":"summary_large_image","twitter_misc":{"Escrito por":"ulises","Tiempo de lectura":"1 minuto"},"schema":{"@context":"https:\/\/schema.org","@graph":[{"@type":"NewsArticle","@id":"https:\/\/www.celttv.com.ar\/index.php\/2015\/02\/04\/la-ilusion-de-automoto-se-renueva-con-la-contratacion-de-pablo-recalde-nota\/#article","isPartOf":{"@id":"https:\/\/www.celttv.com.ar\/index.php\/2015\/02\/04\/la-ilusion-de-automoto-se-renueva-con-la-contratacion-de-pablo-recalde-nota\/"},"author":{"name":"ulises","@id":"https:\/\/www.celttv.com.ar\/#\/schema\/person\/6d99c072dba59953809c81446e9d0ace"},"headline":"LA ILUSI\u00d3N DE AUTOMOTO SE RENUEVA CON LA CONTRATACI\u00d3N DE PABLO RECALDE (Nota).","datePublished":"2015-02-04T14:51:06+00:00","dateModified":"2015-02-04T14:51:06+00:00","mainEntityOfPage":{"@id":"https:\/\/www.celttv.com.ar\/index.php\/2015\/02\/04\/la-ilusion-de-automoto-se-renueva-con-la-contratacion-de-pablo-recalde-nota\/"},"wordCount":130,"publisher":{"@id":"https:\/\/www.celttv.com.ar\/#organization"},"articleSection":["Comunidad","Deporte","Destacadas","Videos Destacados"],"inLanguage":"es"},{"@type":"WebPage","@id":"https:\/\/www.celttv.com.ar\/index.php\/2015\/02\/04\/la-ilusion-de-automoto-se-renueva-con-la-contratacion-de-pablo-recalde-nota\/","url":"https:\/\/www.celttv.com.ar\/index.php\/2015\/02\/04\/la-ilusion-de-automoto-se-renueva-con-la-contratacion-de-pablo-recalde-nota\/","name":"LA ILUSI\u00d3N DE AUTOMOTO SE RENUEVA CON LA CONTRATACI\u00d3N DE PABLO RECALDE (Nota). - CELTTV","isPartOf":{"@id":"https:\/\/www.celttv.com.ar\/#website"},"datePublished":"2015-02-04T14:51:06+00:00","dateModified":"2015-02-04T14:51:06+00:00","description":"Sitio web de noticias de la localidad de Tornquist, provincia de Buenos Aires, Rep\u00fablica Argentina. Contenido propio originado por periodistas de CELTTV, el canal de TV local de la Cooperativa El\u00e9ctrica de Tornquist. Turismo, Pol\u00edtica, Sociedad, Deporte, Cultura y todo el contenido de inter\u00e9s general que la gente del pueblo y la regi\u00f3n debe conocer.","breadcrumb":{"@id":"https:\/\/www.celttv.com.ar\/index.php\/2015\/02\/04\/la-ilusion-de-automoto-se-renueva-con-la-contratacion-de-pablo-recalde-nota\/#breadcrumb"},"inLanguage":"es","potentialAction":[{"@type":"ReadAction","target":["https:\/\/www.celttv.com.ar\/index.php\/2015\/02\/04\/la-ilusion-de-automoto-se-renueva-con-la-contratacion-de-pablo-recalde-nota\/"]}]},{"@type":"BreadcrumbList","@id":"https:\/\/www.celttv.com.ar\/index.php\/2015\/02\/04\/la-ilusion-de-automoto-se-renueva-con-la-contratacion-de-pablo-recalde-nota\/#breadcrumb","itemListElement":[{"@type":"ListItem","position":1,"name":"Inicio","item":"https:\/\/www.celttv.com.ar\/"},{"@type":"ListItem","position":2,"name":"LA ILUSI\u00d3N DE AUTOMOTO SE RENUEVA CON LA CONTRATACI\u00d3N DE PABLO RECALDE (Nota)."}]},{"@type":"WebSite","@id":"https:\/\/www.celttv.com.ar\/#website","url":"https:\/\/www.celttv.com.ar\/","name":"CELTTV","description":"Cooperativa El\u00e9ctrica de Tornquist","publisher":{"@id":"https:\/\/www.celttv.com.ar\/#organization"},"potentialAction":[{"@type":"SearchAction","target":{"@type":"EntryPoint","urlTemplate":"https:\/\/www.celttv.com.ar\/?s={search_term_string}"},"query-input":"required name=search_term_string"}],"inLanguage":"es"},{"@type":"Organization","@id":"https:\/\/www.celttv.com.ar\/#organization","name":"CELTTV","url":"https:\/\/www.celttv.com.ar\/","sameAs":["https:\/\/www.youtube.com\/channel\/UCz_oIt8Hig64Ub-EmcNPIhg","https:\/\/www.facebook.com\/celtTV\/"],"logo":{"@type":"ImageObject","inLanguage":"es","@id":"https:\/\/www.celttv.com.ar\/#\/schema\/logo\/image\/","url":"http:\/\/www.celttv.com.ar\/wp-content\/uploads\/2022\/08\/logo-1.png","contentUrl":"http:\/\/www.celttv.com.ar\/wp-content\/uploads\/2022\/08\/logo-1.png","width":461,"height":159,"caption":"CELTTV"},"image":{"@id":"https:\/\/www.celttv.com.ar\/#\/schema\/logo\/image\/"}},{"@type":"Person","@id":"https:\/\/www.celttv.com.ar\/#\/schema\/person\/6d99c072dba59953809c81446e9d0ace","name":"ulises","image":{"@type":"ImageObject","inLanguage":"es","@id":"https:\/\/www.celttv.com.ar\/#\/schema\/person\/image\/","url":"https:\/\/secure.gravatar.com\/avatar\/7f2c48bdc33b30088f941fb6082e555f2874c98e20cb159d7b92b50eadfce793?s=96&d=mm&r=g","contentUrl":"https:\/\/secure.gravatar.com\/avatar\/7f2c48bdc33b30088f941fb6082e555f2874c98e20cb159d7b92b50eadfce793?s=96&d=mm&r=g","caption":"ulises"},"sameAs":["http:\/\/www.celttv.com.ar"]}]}},"_links":{"self":[{"href":"https:\/\/www.celttv.com.ar\/index.php\/wp-json\/wp\/v2\/posts\/26603","targetHints":{"allow":["GET"]}}],"collection":[{"href":"https:\/\/www.celttv.com.ar\/index.php\/wp-json\/wp\/v2\/posts"}],"about":[{"href":"https:\/\/www.celttv.com.ar\/index.php\/wp-json\/wp\/v2\/types\/post"}],"author":[{"embeddable":true,"href":"https:\/\/www.celttv.com.ar\/index.php\/wp-json\/wp\/v2\/users\/1"}],"replies":[{"embeddable":true,"href":"https:\/\/www.celttv.com.ar\/index.php\/wp-json\/wp\/v2\/comments?post=26603"}],"version-history":[{"count":0,"href":"https:\/\/www.celttv.com.ar\/index.php\/wp-json\/wp\/v2\/posts\/26603\/revisions"}],"wp:attachment":[{"href":"https:\/\/www.celttv.com.ar\/index.php\/wp-json\/wp\/v2\/media?parent=26603"}],"wp:term":[{"taxonomy":"category","embeddable":true,"href":"https:\/\/www.celttv.com.ar\/index.php\/wp-json\/wp\/v2\/categories?post=26603"},{"taxonomy":"post_tag","embeddable":true,"href":"https:\/\/www.celttv.com.ar\/index.php\/wp-json\/wp\/v2\/tags?post=26603"}],"curies":[{"name":"wp","href":"https:\/\/api.w.org\/{rel}","templated":true}]}}