{"id":26618,"date":"2015-02-06T18:09:02","date_gmt":"2015-02-06T18:09:02","guid":{"rendered":"http:\/\/www.tvcnoticias.com.ar\/?p=26618"},"modified":"2015-02-06T18:09:02","modified_gmt":"2015-02-06T18:09:02","slug":"abre-el-registro-de-oposicion-al-listado-de-preadjudicatarios-de-viviendas","status":"publish","type":"post","link":"https:\/\/www.celttv.com.ar\/index.php\/2015\/02\/06\/abre-el-registro-de-oposicion-al-listado-de-preadjudicatarios-de-viviendas\/","title":{"rendered":"ABRE EL REGISTRO DE OPOSICION AL LISTADO DE PREADJUDICATARIOS DE VIVIENDAS"},"content":{"rendered":"<p>La Municipalidad de Tornquist informa que a partir del pr\u00f3ximo lunes 9 y \u00a0hasta el jueves 19 de febrero de 2015 inclusive, estar\u00e1 abierto el Registro de Oposici\u00f3n al listado de preadjudicactarios que resultaron beneficiados en el sorteo p\u00fablico realizado el pasado 23 de enero de 2015, los Bomberos Voluntarios de la ciudad de Tornquist Preadjudicados en cumplimiento a la Ordenanza N\u00ba 2692\/14, y personas con discapacidad, \u00a0en el marco de la obra \u201cConstrucci\u00f3n de 50 viviendas\u201d del Programa Plurianual Reconvertido en el Distrito de Tornquist.<\/p>\n<p>El listado permanecer\u00e1 publicado en el hall del Palacio Municipal y en distintos medios de comunicaci\u00f3n, con el fin de que los ciudadanos tengan acceso al mismo y puedan presentar las observaciones e impugnaciones que consideren pertinente.<\/p>\n<p>Las impugnaciones deben realizarse formalmente por escrito en la oficina de Mesa de Entradas municipal en el horario de 8 a 14.<\/p>\n<p>&nbsp;<\/p>\n<table border=\"1\" cellspacing=\"0\" cellpadding=\"0\" width=\"388\" align=\"left\">\n<tbody>\n<tr>\n<td width=\"237\"><strong>PREADJUDICADOS EN SORTEO<\/strong><\/td>\n<td width=\"151\"><strong>N\u00ba de DNI<\/strong><\/td>\n<\/tr>\n<tr>\n<td width=\"237\"><strong>Luc\u00eda   Maier<\/strong><\/td>\n<td width=\"151\"><strong>31.076.213<\/strong><\/td>\n<\/tr>\n<tr>\n<td width=\"237\"><strong>Mar\u00eda   Ester Lefinir<\/strong><\/td>\n<td width=\"151\"><strong>24.584.573<\/strong><\/td>\n<\/tr>\n<tr>\n<td width=\"237\"><strong>Marcelo   Storm<\/strong><\/td>\n<td width=\"151\"><strong>22.062.108<\/strong><\/td>\n<\/tr>\n<tr>\n<td width=\"237\"><strong>Luciana   Lascalea<\/strong><\/td>\n<td width=\"151\"><strong>29.000.622<\/strong><\/td>\n<\/tr>\n<tr>\n<td width=\"237\"><strong>Fernando   Pollio<\/strong><\/td>\n<td width=\"151\"><strong>32.747.193<\/strong><\/td>\n<\/tr>\n<tr>\n<td width=\"237\"><strong>Marina   Anah\u00ed Echeverry<\/strong><\/td>\n<td width=\"151\"><strong>35.776.128<\/strong><\/td>\n<\/tr>\n<tr>\n<td width=\"237\"><strong>Maximilano   Braun<\/strong><\/td>\n<td width=\"151\"><strong>32.153.399<\/strong><\/td>\n<\/tr>\n<tr>\n<td width=\"237\"><strong>German   Scharff<\/strong><\/td>\n<td width=\"151\"><strong>27.231.136<\/strong><\/td>\n<\/tr>\n<tr>\n<td width=\"237\"><strong>Emma   Claro<\/strong><\/td>\n<td width=\"151\"><strong>24.467.053<\/strong><\/td>\n<\/tr>\n<tr>\n<td width=\"237\"><strong>Mar\u00eda   Ojeda V\u00e1zquez<\/strong><\/td>\n<td width=\"151\"><strong>25.710.103<\/strong><\/td>\n<\/tr>\n<tr>\n<td width=\"237\"><strong>Claudia   Cavallotti<\/strong><\/td>\n<td width=\"151\"><strong>17.940.900<\/strong><\/td>\n<\/tr>\n<tr>\n<td width=\"237\"><strong>Sonia   Meneses<\/strong><\/td>\n<td width=\"151\"><strong>29.481.994<\/strong><\/td>\n<\/tr>\n<tr>\n<td width=\"237\"><strong>Viviana   Valenzuela<\/strong><\/td>\n<td width=\"151\"><strong>94.143.499<\/strong><\/td>\n<\/tr>\n<tr>\n<td width=\"237\"><strong>Horacio   Garc\u00eda <\/strong><\/td>\n<td width=\"151\"><strong>35.205.069<\/strong><\/td>\n<\/tr>\n<tr>\n<td width=\"237\"><strong>Mercedes   Esquivel<\/strong><\/td>\n<td width=\"151\"><strong>17.770.095<\/strong><\/td>\n<\/tr>\n<tr>\n<td width=\"237\"><strong>Alejandro   Dominguez Tujay<\/strong><\/td>\n<td width=\"151\"><strong>25.128.371<\/strong><\/td>\n<\/tr>\n<tr>\n<td width=\"237\"><strong>Susana   Steimbach<\/strong><\/td>\n<td width=\"151\"><strong>22.062.160<\/strong><\/td>\n<\/tr>\n<tr>\n<td width=\"237\"><strong>Alberto   Tolosa<\/strong><\/td>\n<td width=\"151\"><strong>33.995.022<\/strong><\/td>\n<\/tr>\n<tr>\n<td width=\"237\"><strong>Cristian   Frerreyra <\/strong><\/td>\n<td width=\"151\"><strong>25.192.940<\/strong><\/td>\n<\/tr>\n<tr>\n<td width=\"237\"><strong>Yesica   Nori<\/strong><\/td>\n<td width=\"151\"><strong>33.287.092<\/strong><\/td>\n<\/tr>\n<\/tbody>\n<\/table>\n<table border=\"1\" cellspacing=\"0\" cellpadding=\"0\" width=\"392\" align=\"left\">\n<tbody>\n<tr>\n<td width=\"241\" valign=\"bottom\"><strong>BOMBEROS PREADJUDICADOS<\/strong><\/td>\n<td width=\"151\" valign=\"bottom\"><strong> DNI N\u00ba <\/strong><\/td>\n<\/tr>\n<tr>\n<td width=\"241\" valign=\"bottom\"><strong>Luciano   Jos\u00e9 Figueiras<\/strong><\/td>\n<td width=\"151\" valign=\"bottom\"><strong>29.631.013<\/strong><\/td>\n<\/tr>\n<tr>\n<td width=\"241\" valign=\"bottom\"><strong>Lucas   Juan Bender<\/strong><\/td>\n<td width=\"151\" valign=\"bottom\"><strong>33.287.035<\/strong><\/td>\n<\/tr>\n<tr>\n<td width=\"241\" valign=\"bottom\"><strong>Hector   Mart\u00edn Haag<\/strong><\/td>\n<td width=\"151\" valign=\"bottom\"><strong>24.168.930<\/strong><\/td>\n<\/tr>\n<\/tbody>\n<\/table>\n<table border=\"1\" cellspacing=\"0\" cellpadding=\"0\" width=\"385\" align=\"left\">\n<tbody>\n<tr>\n<td width=\"265\" valign=\"bottom\"><strong> <\/strong><strong> DISCAPACIDAD PREADJUDICADOS <\/strong><\/td>\n<td width=\"120\" valign=\"bottom\"><strong> DNI N\u00ba <\/strong><\/td>\n<\/tr>\n<tr>\n<td width=\"265\" valign=\"bottom\"><strong>Patricia   Sartore<\/strong><\/td>\n<td width=\"120\" valign=\"bottom\"><strong>22.621.741<\/strong><\/td>\n<\/tr>\n<tr>\n<td width=\"265\" valign=\"bottom\"><strong>Vanesa   Soledad Bauer<\/strong><\/td>\n<td width=\"120\" valign=\"bottom\"><strong>29.000.589<\/strong><\/td>\n<\/tr>\n<tr>\n<td width=\"265\" valign=\"bottom\"><strong>Laura   Urbina<\/strong><\/td>\n<td width=\"120\" valign=\"bottom\"><strong>27.829.018<\/strong><\/td>\n<\/tr>\n<tr>\n<td width=\"265\" valign=\"bottom\"><strong>Adolfo   Fernandez<\/strong><\/td>\n<td width=\"120\" valign=\"bottom\"><strong>20.124.381<\/strong><\/td>\n<\/tr>\n<tr>\n<td width=\"265\" valign=\"bottom\"><strong>Germ\u00e1n   Mu\u00f1oz<\/strong><\/td>\n<td width=\"120\" valign=\"bottom\"><strong>31.561.160<\/strong><\/td>\n<\/tr>\n<tr>\n<td width=\"265\" valign=\"bottom\"><strong>Marcos   Marquestau<\/strong><\/td>\n<td width=\"120\" valign=\"bottom\"><strong>32.103.045<\/strong><\/td>\n<\/tr>\n<tr>\n<td width=\"265\" valign=\"bottom\"><strong>Nelsa   del Carmen Amoyao<\/strong><\/td>\n<td width=\"120\" valign=\"bottom\"><strong>94.956.421<\/strong><\/td>\n<\/tr>\n<\/tbody>\n<\/table>\n<p>&nbsp;<\/p>\n<p>&nbsp;<\/p>\n","protected":false},"excerpt":{"rendered":"<p>La Municipalidad de Tornquist informa que a partir del pr\u00f3ximo lunes 9 y \u00a0hasta el jueves 19 de febrero de 2015 inclusive, estar\u00e1 abierto el Registro de Oposici\u00f3n al listado de preadjudicactarios que resultaron beneficiados en el sorteo p\u00fablico realizado el pasado 23 de enero de 2015, los Bomberos Voluntarios de la ciudad de Tornquist [&hellip;]<\/p>\n","protected":false},"author":1,"featured_media":0,"comment_status":"closed","ping_status":"open","sticky":false,"template":"","format":"standard","meta":{"footnotes":""},"categories":[51,52],"tags":[],"class_list":["post-26618","post","type-post","status-publish","format-standard","hentry","category-comunidad","category-destacadas"],"yoast_head":"<!-- This site is optimized with the Yoast SEO plugin v19.7.1 - https:\/\/yoast.com\/wordpress\/plugins\/seo\/ -->\n<title>ABRE EL REGISTRO DE OPOSICION AL LISTADO DE PREADJUDICATARIOS DE VIVIENDAS - CELTTV<\/title>\n<meta name=\"description\" content=\"Sitio web de noticias de la localidad de Tornquist, provincia de Buenos Aires, Rep\u00fablica Argentina. Contenido propio originado por periodistas de CELTTV, el canal de TV local de la Cooperativa El\u00e9ctrica de Tornquist. Turismo, Pol\u00edtica, Sociedad, Deporte, Cultura y todo el contenido de inter\u00e9s general que la gente del pueblo y la regi\u00f3n debe conocer.\" \/>\n<meta name=\"robots\" content=\"index, follow, max-snippet:-1, max-image-preview:large, max-video-preview:-1\" \/>\n<link rel=\"canonical\" href=\"https:\/\/www.celttv.com.ar\/index.php\/2015\/02\/06\/abre-el-registro-de-oposicion-al-listado-de-preadjudicatarios-de-viviendas\/\" \/>\n<meta property=\"og:locale\" content=\"es_ES\" \/>\n<meta property=\"og:type\" content=\"article\" \/>\n<meta property=\"og:title\" content=\"ABRE EL REGISTRO DE OPOSICION AL LISTADO DE PREADJUDICATARIOS DE VIVIENDAS - CELTTV\" \/>\n<meta property=\"og:description\" content=\"Sitio web de noticias de la localidad de Tornquist, provincia de Buenos Aires, Rep\u00fablica Argentina. Contenido propio originado por periodistas de CELTTV, el canal de TV local de la Cooperativa El\u00e9ctrica de Tornquist. Turismo, Pol\u00edtica, Sociedad, Deporte, Cultura y todo el contenido de inter\u00e9s general que la gente del pueblo y la regi\u00f3n debe conocer.\" \/>\n<meta property=\"og:url\" content=\"https:\/\/www.celttv.com.ar\/index.php\/2015\/02\/06\/abre-el-registro-de-oposicion-al-listado-de-preadjudicatarios-de-viviendas\/\" \/>\n<meta property=\"og:site_name\" content=\"CELTTV\" \/>\n<meta property=\"article:publisher\" content=\"https:\/\/www.facebook.com\/celtTV\/\" \/>\n<meta property=\"article:published_time\" content=\"2015-02-06T18:09:02+00:00\" \/>\n<meta name=\"author\" content=\"ulises\" \/>\n<meta name=\"twitter:card\" content=\"summary_large_image\" \/>\n<meta name=\"twitter:label1\" content=\"Escrito por\" \/>\n\t<meta name=\"twitter:data1\" content=\"ulises\" \/>\n\t<meta name=\"twitter:label2\" content=\"Tiempo de lectura\" \/>\n\t<meta name=\"twitter:data2\" content=\"1 minuto\" \/>\n<script type=\"application\/ld+json\" class=\"yoast-schema-graph\">{\"@context\":\"https:\/\/schema.org\",\"@graph\":[{\"@type\":\"NewsArticle\",\"@id\":\"https:\/\/www.celttv.com.ar\/index.php\/2015\/02\/06\/abre-el-registro-de-oposicion-al-listado-de-preadjudicatarios-de-viviendas\/#article\",\"isPartOf\":{\"@id\":\"https:\/\/www.celttv.com.ar\/index.php\/2015\/02\/06\/abre-el-registro-de-oposicion-al-listado-de-preadjudicatarios-de-viviendas\/\"},\"author\":{\"name\":\"ulises\",\"@id\":\"https:\/\/www.celttv.com.ar\/#\/schema\/person\/6d99c072dba59953809c81446e9d0ace\"},\"headline\":\"ABRE EL REGISTRO DE OPOSICION AL LISTADO DE PREADJUDICATARIOS DE VIVIENDAS\",\"datePublished\":\"2015-02-06T18:09:02+00:00\",\"dateModified\":\"2015-02-06T18:09:02+00:00\",\"mainEntityOfPage\":{\"@id\":\"https:\/\/www.celttv.com.ar\/index.php\/2015\/02\/06\/abre-el-registro-de-oposicion-al-listado-de-preadjudicatarios-de-viviendas\/\"},\"wordCount\":247,\"publisher\":{\"@id\":\"https:\/\/www.celttv.com.ar\/#organization\"},\"articleSection\":[\"Comunidad\",\"Destacadas\"],\"inLanguage\":\"es\"},{\"@type\":\"WebPage\",\"@id\":\"https:\/\/www.celttv.com.ar\/index.php\/2015\/02\/06\/abre-el-registro-de-oposicion-al-listado-de-preadjudicatarios-de-viviendas\/\",\"url\":\"https:\/\/www.celttv.com.ar\/index.php\/2015\/02\/06\/abre-el-registro-de-oposicion-al-listado-de-preadjudicatarios-de-viviendas\/\",\"name\":\"ABRE EL REGISTRO DE OPOSICION AL LISTADO DE PREADJUDICATARIOS DE VIVIENDAS - CELTTV\",\"isPartOf\":{\"@id\":\"https:\/\/www.celttv.com.ar\/#website\"},\"datePublished\":\"2015-02-06T18:09:02+00:00\",\"dateModified\":\"2015-02-06T18:09:02+00:00\",\"description\":\"Sitio web de noticias de la localidad de Tornquist, provincia de Buenos Aires, Rep\u00fablica Argentina. Contenido propio originado por periodistas de CELTTV, el canal de TV local de la Cooperativa El\u00e9ctrica de Tornquist. Turismo, Pol\u00edtica, Sociedad, Deporte, Cultura y todo el contenido de inter\u00e9s general que la gente del pueblo y la regi\u00f3n debe conocer.\",\"breadcrumb\":{\"@id\":\"https:\/\/www.celttv.com.ar\/index.php\/2015\/02\/06\/abre-el-registro-de-oposicion-al-listado-de-preadjudicatarios-de-viviendas\/#breadcrumb\"},\"inLanguage\":\"es\",\"potentialAction\":[{\"@type\":\"ReadAction\",\"target\":[\"https:\/\/www.celttv.com.ar\/index.php\/2015\/02\/06\/abre-el-registro-de-oposicion-al-listado-de-preadjudicatarios-de-viviendas\/\"]}]},{\"@type\":\"BreadcrumbList\",\"@id\":\"https:\/\/www.celttv.com.ar\/index.php\/2015\/02\/06\/abre-el-registro-de-oposicion-al-listado-de-preadjudicatarios-de-viviendas\/#breadcrumb\",\"itemListElement\":[{\"@type\":\"ListItem\",\"position\":1,\"name\":\"Inicio\",\"item\":\"https:\/\/www.celttv.com.ar\/\"},{\"@type\":\"ListItem\",\"position\":2,\"name\":\"ABRE EL REGISTRO DE OPOSICION AL LISTADO DE PREADJUDICATARIOS DE VIVIENDAS\"}]},{\"@type\":\"WebSite\",\"@id\":\"https:\/\/www.celttv.com.ar\/#website\",\"url\":\"https:\/\/www.celttv.com.ar\/\",\"name\":\"CELTTV\",\"description\":\"Cooperativa El\u00e9ctrica de Tornquist\",\"publisher\":{\"@id\":\"https:\/\/www.celttv.com.ar\/#organization\"},\"potentialAction\":[{\"@type\":\"SearchAction\",\"target\":{\"@type\":\"EntryPoint\",\"urlTemplate\":\"https:\/\/www.celttv.com.ar\/?s={search_term_string}\"},\"query-input\":\"required name=search_term_string\"}],\"inLanguage\":\"es\"},{\"@type\":\"Organization\",\"@id\":\"https:\/\/www.celttv.com.ar\/#organization\",\"name\":\"CELTTV\",\"url\":\"https:\/\/www.celttv.com.ar\/\",\"sameAs\":[\"https:\/\/www.youtube.com\/channel\/UCz_oIt8Hig64Ub-EmcNPIhg\",\"https:\/\/www.facebook.com\/celtTV\/\"],\"logo\":{\"@type\":\"ImageObject\",\"inLanguage\":\"es\",\"@id\":\"https:\/\/www.celttv.com.ar\/#\/schema\/logo\/image\/\",\"url\":\"http:\/\/www.celttv.com.ar\/wp-content\/uploads\/2022\/08\/logo-1.png\",\"contentUrl\":\"http:\/\/www.celttv.com.ar\/wp-content\/uploads\/2022\/08\/logo-1.png\",\"width\":461,\"height\":159,\"caption\":\"CELTTV\"},\"image\":{\"@id\":\"https:\/\/www.celttv.com.ar\/#\/schema\/logo\/image\/\"}},{\"@type\":\"Person\",\"@id\":\"https:\/\/www.celttv.com.ar\/#\/schema\/person\/6d99c072dba59953809c81446e9d0ace\",\"name\":\"ulises\",\"image\":{\"@type\":\"ImageObject\",\"inLanguage\":\"es\",\"@id\":\"https:\/\/www.celttv.com.ar\/#\/schema\/person\/image\/\",\"url\":\"https:\/\/secure.gravatar.com\/avatar\/7f2c48bdc33b30088f941fb6082e555f2874c98e20cb159d7b92b50eadfce793?s=96&d=mm&r=g\",\"contentUrl\":\"https:\/\/secure.gravatar.com\/avatar\/7f2c48bdc33b30088f941fb6082e555f2874c98e20cb159d7b92b50eadfce793?s=96&d=mm&r=g\",\"caption\":\"ulises\"},\"sameAs\":[\"http:\/\/www.celttv.com.ar\"]}]}<\/script>\n<!-- \/ Yoast SEO plugin. -->","yoast_head_json":{"title":"ABRE EL REGISTRO DE OPOSICION AL LISTADO DE PREADJUDICATARIOS DE VIVIENDAS - CELTTV","description":"Sitio web de noticias de la localidad de Tornquist, provincia de Buenos Aires, Rep\u00fablica Argentina. Contenido propio originado por periodistas de CELTTV, el canal de TV local de la Cooperativa El\u00e9ctrica de Tornquist. Turismo, Pol\u00edtica, Sociedad, Deporte, Cultura y todo el contenido de inter\u00e9s general que la gente del pueblo y la regi\u00f3n debe conocer.","robots":{"index":"index","follow":"follow","max-snippet":"max-snippet:-1","max-image-preview":"max-image-preview:large","max-video-preview":"max-video-preview:-1"},"canonical":"https:\/\/www.celttv.com.ar\/index.php\/2015\/02\/06\/abre-el-registro-de-oposicion-al-listado-de-preadjudicatarios-de-viviendas\/","og_locale":"es_ES","og_type":"article","og_title":"ABRE EL REGISTRO DE OPOSICION AL LISTADO DE PREADJUDICATARIOS DE VIVIENDAS - CELTTV","og_description":"Sitio web de noticias de la localidad de Tornquist, provincia de Buenos Aires, Rep\u00fablica Argentina. Contenido propio originado por periodistas de CELTTV, el canal de TV local de la Cooperativa El\u00e9ctrica de Tornquist. Turismo, Pol\u00edtica, Sociedad, Deporte, Cultura y todo el contenido de inter\u00e9s general que la gente del pueblo y la regi\u00f3n debe conocer.","og_url":"https:\/\/www.celttv.com.ar\/index.php\/2015\/02\/06\/abre-el-registro-de-oposicion-al-listado-de-preadjudicatarios-de-viviendas\/","og_site_name":"CELTTV","article_publisher":"https:\/\/www.facebook.com\/celtTV\/","article_published_time":"2015-02-06T18:09:02+00:00","author":"ulises","twitter_card":"summary_large_image","twitter_misc":{"Escrito por":"ulises","Tiempo de lectura":"1 minuto"},"schema":{"@context":"https:\/\/schema.org","@graph":[{"@type":"NewsArticle","@id":"https:\/\/www.celttv.com.ar\/index.php\/2015\/02\/06\/abre-el-registro-de-oposicion-al-listado-de-preadjudicatarios-de-viviendas\/#article","isPartOf":{"@id":"https:\/\/www.celttv.com.ar\/index.php\/2015\/02\/06\/abre-el-registro-de-oposicion-al-listado-de-preadjudicatarios-de-viviendas\/"},"author":{"name":"ulises","@id":"https:\/\/www.celttv.com.ar\/#\/schema\/person\/6d99c072dba59953809c81446e9d0ace"},"headline":"ABRE EL REGISTRO DE OPOSICION AL LISTADO DE PREADJUDICATARIOS DE VIVIENDAS","datePublished":"2015-02-06T18:09:02+00:00","dateModified":"2015-02-06T18:09:02+00:00","mainEntityOfPage":{"@id":"https:\/\/www.celttv.com.ar\/index.php\/2015\/02\/06\/abre-el-registro-de-oposicion-al-listado-de-preadjudicatarios-de-viviendas\/"},"wordCount":247,"publisher":{"@id":"https:\/\/www.celttv.com.ar\/#organization"},"articleSection":["Comunidad","Destacadas"],"inLanguage":"es"},{"@type":"WebPage","@id":"https:\/\/www.celttv.com.ar\/index.php\/2015\/02\/06\/abre-el-registro-de-oposicion-al-listado-de-preadjudicatarios-de-viviendas\/","url":"https:\/\/www.celttv.com.ar\/index.php\/2015\/02\/06\/abre-el-registro-de-oposicion-al-listado-de-preadjudicatarios-de-viviendas\/","name":"ABRE EL REGISTRO DE OPOSICION AL LISTADO DE PREADJUDICATARIOS DE VIVIENDAS - CELTTV","isPartOf":{"@id":"https:\/\/www.celttv.com.ar\/#website"},"datePublished":"2015-02-06T18:09:02+00:00","dateModified":"2015-02-06T18:09:02+00:00","description":"Sitio web de noticias de la localidad de Tornquist, provincia de Buenos Aires, Rep\u00fablica Argentina. Contenido propio originado por periodistas de CELTTV, el canal de TV local de la Cooperativa El\u00e9ctrica de Tornquist. Turismo, Pol\u00edtica, Sociedad, Deporte, Cultura y todo el contenido de inter\u00e9s general que la gente del pueblo y la regi\u00f3n debe conocer.","breadcrumb":{"@id":"https:\/\/www.celttv.com.ar\/index.php\/2015\/02\/06\/abre-el-registro-de-oposicion-al-listado-de-preadjudicatarios-de-viviendas\/#breadcrumb"},"inLanguage":"es","potentialAction":[{"@type":"ReadAction","target":["https:\/\/www.celttv.com.ar\/index.php\/2015\/02\/06\/abre-el-registro-de-oposicion-al-listado-de-preadjudicatarios-de-viviendas\/"]}]},{"@type":"BreadcrumbList","@id":"https:\/\/www.celttv.com.ar\/index.php\/2015\/02\/06\/abre-el-registro-de-oposicion-al-listado-de-preadjudicatarios-de-viviendas\/#breadcrumb","itemListElement":[{"@type":"ListItem","position":1,"name":"Inicio","item":"https:\/\/www.celttv.com.ar\/"},{"@type":"ListItem","position":2,"name":"ABRE EL REGISTRO DE OPOSICION AL LISTADO DE PREADJUDICATARIOS DE VIVIENDAS"}]},{"@type":"WebSite","@id":"https:\/\/www.celttv.com.ar\/#website","url":"https:\/\/www.celttv.com.ar\/","name":"CELTTV","description":"Cooperativa El\u00e9ctrica de Tornquist","publisher":{"@id":"https:\/\/www.celttv.com.ar\/#organization"},"potentialAction":[{"@type":"SearchAction","target":{"@type":"EntryPoint","urlTemplate":"https:\/\/www.celttv.com.ar\/?s={search_term_string}"},"query-input":"required name=search_term_string"}],"inLanguage":"es"},{"@type":"Organization","@id":"https:\/\/www.celttv.com.ar\/#organization","name":"CELTTV","url":"https:\/\/www.celttv.com.ar\/","sameAs":["https:\/\/www.youtube.com\/channel\/UCz_oIt8Hig64Ub-EmcNPIhg","https:\/\/www.facebook.com\/celtTV\/"],"logo":{"@type":"ImageObject","inLanguage":"es","@id":"https:\/\/www.celttv.com.ar\/#\/schema\/logo\/image\/","url":"http:\/\/www.celttv.com.ar\/wp-content\/uploads\/2022\/08\/logo-1.png","contentUrl":"http:\/\/www.celttv.com.ar\/wp-content\/uploads\/2022\/08\/logo-1.png","width":461,"height":159,"caption":"CELTTV"},"image":{"@id":"https:\/\/www.celttv.com.ar\/#\/schema\/logo\/image\/"}},{"@type":"Person","@id":"https:\/\/www.celttv.com.ar\/#\/schema\/person\/6d99c072dba59953809c81446e9d0ace","name":"ulises","image":{"@type":"ImageObject","inLanguage":"es","@id":"https:\/\/www.celttv.com.ar\/#\/schema\/person\/image\/","url":"https:\/\/secure.gravatar.com\/avatar\/7f2c48bdc33b30088f941fb6082e555f2874c98e20cb159d7b92b50eadfce793?s=96&d=mm&r=g","contentUrl":"https:\/\/secure.gravatar.com\/avatar\/7f2c48bdc33b30088f941fb6082e555f2874c98e20cb159d7b92b50eadfce793?s=96&d=mm&r=g","caption":"ulises"},"sameAs":["http:\/\/www.celttv.com.ar"]}]}},"_links":{"self":[{"href":"https:\/\/www.celttv.com.ar\/index.php\/wp-json\/wp\/v2\/posts\/26618","targetHints":{"allow":["GET"]}}],"collection":[{"href":"https:\/\/www.celttv.com.ar\/index.php\/wp-json\/wp\/v2\/posts"}],"about":[{"href":"https:\/\/www.celttv.com.ar\/index.php\/wp-json\/wp\/v2\/types\/post"}],"author":[{"embeddable":true,"href":"https:\/\/www.celttv.com.ar\/index.php\/wp-json\/wp\/v2\/users\/1"}],"replies":[{"embeddable":true,"href":"https:\/\/www.celttv.com.ar\/index.php\/wp-json\/wp\/v2\/comments?post=26618"}],"version-history":[{"count":0,"href":"https:\/\/www.celttv.com.ar\/index.php\/wp-json\/wp\/v2\/posts\/26618\/revisions"}],"wp:attachment":[{"href":"https:\/\/www.celttv.com.ar\/index.php\/wp-json\/wp\/v2\/media?parent=26618"}],"wp:term":[{"taxonomy":"category","embeddable":true,"href":"https:\/\/www.celttv.com.ar\/index.php\/wp-json\/wp\/v2\/categories?post=26618"},{"taxonomy":"post_tag","embeddable":true,"href":"https:\/\/www.celttv.com.ar\/index.php\/wp-json\/wp\/v2\/tags?post=26618"}],"curies":[{"name":"wp","href":"https:\/\/api.w.org\/{rel}","templated":true}]}}