{"id":26634,"date":"2015-02-07T15:38:50","date_gmt":"2015-02-07T15:38:50","guid":{"rendered":"http:\/\/www.tvcnoticias.com.ar\/?p=26634"},"modified":"2015-02-07T15:38:50","modified_gmt":"2015-02-07T15:38:50","slug":"se-realizo-la-caminata-por-el-dia-internacional-de-la-lucha-contra-el-cancer-imagenes-y-notas","status":"publish","type":"post","link":"https:\/\/www.celttv.com.ar\/index.php\/2015\/02\/07\/se-realizo-la-caminata-por-el-dia-internacional-de-la-lucha-contra-el-cancer-imagenes-y-notas\/","title":{"rendered":"SE REALIZO LA CAMINATA POR EL DIA INTERNACIONAL DE LA LUCHA CONTRA EL CANCER (imagenes y notas)"},"content":{"rendered":"<p><span style=\"font-family: Verdana, Arial, Helvetica, sans-serif; font-size: x-small;\">Como estaba previsto, este mi\u00e9rcoles se llev\u00f3 a cabo una caminata por el D\u00eda Internacional de la lucha contra el c\u00e1ncer, organizada por agrupaciones juveniles en beneficio de \u201cAmor por la Vida\u201d.<\/span><\/p>\n<p><span style=\"font-family: Verdana, Arial, Helvetica, sans-serif; font-size: x-small;\">Con aceptable cantidad de asistentes, el recorrido comenz\u00f3 en el Parque Lineal y continu\u00f3 por el Paseo Peatonal \u201cGerardo P. Rattero\u201d.<\/span><\/p>\n<p><span style=\"font-family: Verdana, Arial, Helvetica, sans-serif; font-size: x-small;\">Una vez finalizada la caminata, las precipitaciones se hicieron presentes en la ciudad, por lo que los espect\u00e1culos programados para cerrar la jornada fueron suspendidos.<\/span><\/p>\n<p><span style=\"font-family: Verdana, Arial, Helvetica, sans-serif; font-size: x-small;\">Desde Amor por la Vida, Felisa Janyistabro, expres\u00f3 estar \u201cmuy contenta\u201d por la respuesta de la gente, \u201cque nos acompa\u00f1a cada vez m\u00e1s\u201d. \u201cTodas las semanas tenemos prestaciones en la instituci\u00f3n, asique necesitamos de la colaboraci\u00f3n\u201d, a\u00f1adi\u00f3.<\/span><\/p>\n<p><span style=\"font-family: Verdana, Arial, Helvetica, sans-serif; font-size: x-small;\">Felisa destac\u00f3 la importancia de \u201ctrabajar en la prevenci\u00f3n de esta cruel enfermedad y hacerse estudios todos los a\u00f1os\u201d. \u201cCaminar, comer sano, evitar el alcohol y el cigarrillo son modos de prevenir\u201d, asegur\u00f3.<\/span><\/p>\n<p><span style=\"font-family: Verdana, Arial, Helvetica, sans-serif; font-size: x-small;\">Con respecto a la actualidad de la instituci\u00f3n, su presidenta dijo que \u201cest\u00e1 muy bien. Tenemos muchos socios que nos cumplen todos los meses, adem\u00e1s Papelera del Sur nos da un importe bastante importante, y desde la Municipalidad nos donaron una computadora nueva, ya que con la \u00faltima tormenta, la nuestra se nos quem\u00f3\u201d.<\/span><\/p>\n<p><span style=\"font-family: Verdana, Arial, Helvetica, sans-serif; font-size: x-small;\">Tambi\u00e9n estuvo presente la intendente interina, Mar\u00eda Ofelia Skolak, quien manifest\u00f3 que se trat\u00f3 de \u201cun momento muy confortable, de apoyar a este grupo de gente que demuestra su acompa\u00f1amiento a las personas que padece esta enfermedad\u201d.<\/span><\/p>\n<p><span style=\"font-family: Verdana, Arial, Helvetica, sans-serif; font-size: x-small;\">\u201cPensar en nosotros y dedicar todos los d\u00edas una caminata es saludable\u201d, sostuvo y agreg\u00f3 que \u201ctodos tenemos un conocido que est\u00e1 pasando por momentos dif\u00edciles y produce tristeza saber que cada vez m\u00e1s gente padezca la enfermedad\u201d.<\/span><\/p>\n<p><span style=\"font-family: Verdana, Arial, Helvetica, sans-serif; font-size: x-small;\">Por su parte, Luis Castro, de la Juventud Radical, asegur\u00f3 que a la caminata asisti\u00f3 \u201cm\u00e1s gente que el a\u00f1o pasado\u201d y afirm\u00f3 que \u201cel mensaje quedo claro y por suerte sali\u00f3 todo bien\u201d. \u201cVale la pena el esfuerzo\u201d, celebr\u00f3.<\/span><\/p>\n<p><span style=\"font-family: Verdana, Arial, Helvetica, sans-serif; font-size: x-small;\">Por \u00faltimo, Guillermo Bagur asegur\u00f3 que se trata de \u201cun motivo m\u00e1s que importante. El mensaje que se deja es claro, el tema del c\u00e1ncer es importante y hay que tener en cuenta que hay que prevenirlo\u201d.<\/span><\/p>\n<p><span style=\"font-family: Verdana, Arial, Helvetica, sans-serif; font-size: x-small;\">A prop\u00f3sito, \u201cPato\u201d celebr\u00f3 que se \u201chaya progresado\u201d en la ciencia respecto a esta materia y resalt\u00f3 que la gimnasia diaria \u201chace bien al cuerpo tanto f\u00edsica como mentalmente\u201d.<\/span><\/p>\n<p><span style=\"font-family: Verdana, Arial, Helvetica, sans-serif; font-size: x-small;\"><a href=\"https:\/\/www.youtube.com\/watch?v=EJiGxUbFwXY\">httpv:\/\/www.youtube.com\/watch?v=EJiGxUbFwXY<\/a><\/span><\/p>\n<p><span style=\"font-family: Verdana, Arial, Helvetica, sans-serif; font-size: x-small;\"><a href=\"https:\/\/www.youtube.com\/watch?v=_3oSrtslDFE\">httpv:\/\/www.youtube.com\/watch?v=_3oSrtslDFE<\/a><br \/>\n<\/span><\/p>\n<h1><\/h1>\n","protected":false},"excerpt":{"rendered":"<p>Como estaba previsto, este mi\u00e9rcoles se llev\u00f3 a cabo una caminata por el D\u00eda Internacional de la lucha contra el c\u00e1ncer, organizada por agrupaciones juveniles en beneficio de \u201cAmor por la Vida\u201d. Con aceptable cantidad de asistentes, el recorrido comenz\u00f3 en el Parque Lineal y continu\u00f3 por el Paseo Peatonal \u201cGerardo P. Rattero\u201d. Una vez [&hellip;]<\/p>\n","protected":false},"author":1,"featured_media":0,"comment_status":"closed","ping_status":"open","sticky":false,"template":"","format":"standard","meta":{"footnotes":""},"categories":[51,52,64],"tags":[],"class_list":["post-26634","post","type-post","status-publish","format-standard","hentry","category-comunidad","category-destacadas","category-videos-destacados"],"yoast_head":"<!-- This site is optimized with the Yoast SEO plugin v19.7.1 - https:\/\/yoast.com\/wordpress\/plugins\/seo\/ -->\n<title>SE REALIZO LA CAMINATA POR EL DIA INTERNACIONAL DE LA LUCHA CONTRA EL CANCER (imagenes y notas) - CELTTV<\/title>\n<meta name=\"description\" content=\"Sitio web de noticias de la localidad de Tornquist, provincia de Buenos Aires, Rep\u00fablica Argentina. Contenido propio originado por periodistas de CELTTV, el canal de TV local de la Cooperativa El\u00e9ctrica de Tornquist. Turismo, Pol\u00edtica, Sociedad, Deporte, Cultura y todo el contenido de inter\u00e9s general que la gente del pueblo y la regi\u00f3n debe conocer.\" \/>\n<meta name=\"robots\" content=\"index, follow, max-snippet:-1, max-image-preview:large, max-video-preview:-1\" \/>\n<link rel=\"canonical\" href=\"https:\/\/www.celttv.com.ar\/index.php\/2015\/02\/07\/se-realizo-la-caminata-por-el-dia-internacional-de-la-lucha-contra-el-cancer-imagenes-y-notas\/\" \/>\n<meta property=\"og:locale\" content=\"es_ES\" \/>\n<meta property=\"og:type\" content=\"article\" \/>\n<meta property=\"og:title\" content=\"SE REALIZO LA CAMINATA POR EL DIA INTERNACIONAL DE LA LUCHA CONTRA EL CANCER (imagenes y notas) - CELTTV\" \/>\n<meta property=\"og:description\" content=\"Sitio web de noticias de la localidad de Tornquist, provincia de Buenos Aires, Rep\u00fablica Argentina. Contenido propio originado por periodistas de CELTTV, el canal de TV local de la Cooperativa El\u00e9ctrica de Tornquist. Turismo, Pol\u00edtica, Sociedad, Deporte, Cultura y todo el contenido de inter\u00e9s general que la gente del pueblo y la regi\u00f3n debe conocer.\" \/>\n<meta property=\"og:url\" content=\"https:\/\/www.celttv.com.ar\/index.php\/2015\/02\/07\/se-realizo-la-caminata-por-el-dia-internacional-de-la-lucha-contra-el-cancer-imagenes-y-notas\/\" \/>\n<meta property=\"og:site_name\" content=\"CELTTV\" \/>\n<meta property=\"article:publisher\" content=\"https:\/\/www.facebook.com\/celtTV\/\" \/>\n<meta property=\"article:published_time\" content=\"2015-02-07T15:38:50+00:00\" \/>\n<meta name=\"author\" content=\"ulises\" \/>\n<meta name=\"twitter:card\" content=\"summary_large_image\" \/>\n<meta name=\"twitter:label1\" content=\"Escrito por\" \/>\n\t<meta name=\"twitter:data1\" content=\"ulises\" \/>\n\t<meta name=\"twitter:label2\" content=\"Tiempo de lectura\" \/>\n\t<meta name=\"twitter:data2\" content=\"2 minutos\" \/>\n<script type=\"application\/ld+json\" class=\"yoast-schema-graph\">{\"@context\":\"https:\/\/schema.org\",\"@graph\":[{\"@type\":\"NewsArticle\",\"@id\":\"https:\/\/www.celttv.com.ar\/index.php\/2015\/02\/07\/se-realizo-la-caminata-por-el-dia-internacional-de-la-lucha-contra-el-cancer-imagenes-y-notas\/#article\",\"isPartOf\":{\"@id\":\"https:\/\/www.celttv.com.ar\/index.php\/2015\/02\/07\/se-realizo-la-caminata-por-el-dia-internacional-de-la-lucha-contra-el-cancer-imagenes-y-notas\/\"},\"author\":{\"name\":\"ulises\",\"@id\":\"https:\/\/www.celttv.com.ar\/#\/schema\/person\/6d99c072dba59953809c81446e9d0ace\"},\"headline\":\"SE REALIZO LA CAMINATA POR EL DIA INTERNACIONAL DE LA LUCHA CONTRA EL CANCER (imagenes y notas)\",\"datePublished\":\"2015-02-07T15:38:50+00:00\",\"dateModified\":\"2015-02-07T15:38:50+00:00\",\"mainEntityOfPage\":{\"@id\":\"https:\/\/www.celttv.com.ar\/index.php\/2015\/02\/07\/se-realizo-la-caminata-por-el-dia-internacional-de-la-lucha-contra-el-cancer-imagenes-y-notas\/\"},\"wordCount\":439,\"publisher\":{\"@id\":\"https:\/\/www.celttv.com.ar\/#organization\"},\"articleSection\":[\"Comunidad\",\"Destacadas\",\"Videos Destacados\"],\"inLanguage\":\"es\"},{\"@type\":\"WebPage\",\"@id\":\"https:\/\/www.celttv.com.ar\/index.php\/2015\/02\/07\/se-realizo-la-caminata-por-el-dia-internacional-de-la-lucha-contra-el-cancer-imagenes-y-notas\/\",\"url\":\"https:\/\/www.celttv.com.ar\/index.php\/2015\/02\/07\/se-realizo-la-caminata-por-el-dia-internacional-de-la-lucha-contra-el-cancer-imagenes-y-notas\/\",\"name\":\"SE REALIZO LA CAMINATA POR EL DIA INTERNACIONAL DE LA LUCHA CONTRA EL CANCER (imagenes y notas) - CELTTV\",\"isPartOf\":{\"@id\":\"https:\/\/www.celttv.com.ar\/#website\"},\"datePublished\":\"2015-02-07T15:38:50+00:00\",\"dateModified\":\"2015-02-07T15:38:50+00:00\",\"description\":\"Sitio web de noticias de la localidad de Tornquist, provincia de Buenos Aires, Rep\u00fablica Argentina. Contenido propio originado por periodistas de CELTTV, el canal de TV local de la Cooperativa El\u00e9ctrica de Tornquist. Turismo, Pol\u00edtica, Sociedad, Deporte, Cultura y todo el contenido de inter\u00e9s general que la gente del pueblo y la regi\u00f3n debe conocer.\",\"breadcrumb\":{\"@id\":\"https:\/\/www.celttv.com.ar\/index.php\/2015\/02\/07\/se-realizo-la-caminata-por-el-dia-internacional-de-la-lucha-contra-el-cancer-imagenes-y-notas\/#breadcrumb\"},\"inLanguage\":\"es\",\"potentialAction\":[{\"@type\":\"ReadAction\",\"target\":[\"https:\/\/www.celttv.com.ar\/index.php\/2015\/02\/07\/se-realizo-la-caminata-por-el-dia-internacional-de-la-lucha-contra-el-cancer-imagenes-y-notas\/\"]}]},{\"@type\":\"BreadcrumbList\",\"@id\":\"https:\/\/www.celttv.com.ar\/index.php\/2015\/02\/07\/se-realizo-la-caminata-por-el-dia-internacional-de-la-lucha-contra-el-cancer-imagenes-y-notas\/#breadcrumb\",\"itemListElement\":[{\"@type\":\"ListItem\",\"position\":1,\"name\":\"Inicio\",\"item\":\"https:\/\/www.celttv.com.ar\/\"},{\"@type\":\"ListItem\",\"position\":2,\"name\":\"SE REALIZO LA CAMINATA POR EL DIA INTERNACIONAL DE LA LUCHA CONTRA EL CANCER (imagenes y notas)\"}]},{\"@type\":\"WebSite\",\"@id\":\"https:\/\/www.celttv.com.ar\/#website\",\"url\":\"https:\/\/www.celttv.com.ar\/\",\"name\":\"CELTTV\",\"description\":\"Cooperativa El\u00e9ctrica de Tornquist\",\"publisher\":{\"@id\":\"https:\/\/www.celttv.com.ar\/#organization\"},\"potentialAction\":[{\"@type\":\"SearchAction\",\"target\":{\"@type\":\"EntryPoint\",\"urlTemplate\":\"https:\/\/www.celttv.com.ar\/?s={search_term_string}\"},\"query-input\":\"required name=search_term_string\"}],\"inLanguage\":\"es\"},{\"@type\":\"Organization\",\"@id\":\"https:\/\/www.celttv.com.ar\/#organization\",\"name\":\"CELTTV\",\"url\":\"https:\/\/www.celttv.com.ar\/\",\"sameAs\":[\"https:\/\/www.youtube.com\/channel\/UCz_oIt8Hig64Ub-EmcNPIhg\",\"https:\/\/www.facebook.com\/celtTV\/\"],\"logo\":{\"@type\":\"ImageObject\",\"inLanguage\":\"es\",\"@id\":\"https:\/\/www.celttv.com.ar\/#\/schema\/logo\/image\/\",\"url\":\"http:\/\/www.celttv.com.ar\/wp-content\/uploads\/2022\/08\/logo-1.png\",\"contentUrl\":\"http:\/\/www.celttv.com.ar\/wp-content\/uploads\/2022\/08\/logo-1.png\",\"width\":461,\"height\":159,\"caption\":\"CELTTV\"},\"image\":{\"@id\":\"https:\/\/www.celttv.com.ar\/#\/schema\/logo\/image\/\"}},{\"@type\":\"Person\",\"@id\":\"https:\/\/www.celttv.com.ar\/#\/schema\/person\/6d99c072dba59953809c81446e9d0ace\",\"name\":\"ulises\",\"image\":{\"@type\":\"ImageObject\",\"inLanguage\":\"es\",\"@id\":\"https:\/\/www.celttv.com.ar\/#\/schema\/person\/image\/\",\"url\":\"https:\/\/secure.gravatar.com\/avatar\/7f2c48bdc33b30088f941fb6082e555f2874c98e20cb159d7b92b50eadfce793?s=96&d=mm&r=g\",\"contentUrl\":\"https:\/\/secure.gravatar.com\/avatar\/7f2c48bdc33b30088f941fb6082e555f2874c98e20cb159d7b92b50eadfce793?s=96&d=mm&r=g\",\"caption\":\"ulises\"},\"sameAs\":[\"http:\/\/www.celttv.com.ar\"]}]}<\/script>\n<!-- \/ Yoast SEO plugin. -->","yoast_head_json":{"title":"SE REALIZO LA CAMINATA POR EL DIA INTERNACIONAL DE LA LUCHA CONTRA EL CANCER (imagenes y notas) - CELTTV","description":"Sitio web de noticias de la localidad de Tornquist, provincia de Buenos Aires, Rep\u00fablica Argentina. Contenido propio originado por periodistas de CELTTV, el canal de TV local de la Cooperativa El\u00e9ctrica de Tornquist. Turismo, Pol\u00edtica, Sociedad, Deporte, Cultura y todo el contenido de inter\u00e9s general que la gente del pueblo y la regi\u00f3n debe conocer.","robots":{"index":"index","follow":"follow","max-snippet":"max-snippet:-1","max-image-preview":"max-image-preview:large","max-video-preview":"max-video-preview:-1"},"canonical":"https:\/\/www.celttv.com.ar\/index.php\/2015\/02\/07\/se-realizo-la-caminata-por-el-dia-internacional-de-la-lucha-contra-el-cancer-imagenes-y-notas\/","og_locale":"es_ES","og_type":"article","og_title":"SE REALIZO LA CAMINATA POR EL DIA INTERNACIONAL DE LA LUCHA CONTRA EL CANCER (imagenes y notas) - CELTTV","og_description":"Sitio web de noticias de la localidad de Tornquist, provincia de Buenos Aires, Rep\u00fablica Argentina. Contenido propio originado por periodistas de CELTTV, el canal de TV local de la Cooperativa El\u00e9ctrica de Tornquist. Turismo, Pol\u00edtica, Sociedad, Deporte, Cultura y todo el contenido de inter\u00e9s general que la gente del pueblo y la regi\u00f3n debe conocer.","og_url":"https:\/\/www.celttv.com.ar\/index.php\/2015\/02\/07\/se-realizo-la-caminata-por-el-dia-internacional-de-la-lucha-contra-el-cancer-imagenes-y-notas\/","og_site_name":"CELTTV","article_publisher":"https:\/\/www.facebook.com\/celtTV\/","article_published_time":"2015-02-07T15:38:50+00:00","author":"ulises","twitter_card":"summary_large_image","twitter_misc":{"Escrito por":"ulises","Tiempo de lectura":"2 minutos"},"schema":{"@context":"https:\/\/schema.org","@graph":[{"@type":"NewsArticle","@id":"https:\/\/www.celttv.com.ar\/index.php\/2015\/02\/07\/se-realizo-la-caminata-por-el-dia-internacional-de-la-lucha-contra-el-cancer-imagenes-y-notas\/#article","isPartOf":{"@id":"https:\/\/www.celttv.com.ar\/index.php\/2015\/02\/07\/se-realizo-la-caminata-por-el-dia-internacional-de-la-lucha-contra-el-cancer-imagenes-y-notas\/"},"author":{"name":"ulises","@id":"https:\/\/www.celttv.com.ar\/#\/schema\/person\/6d99c072dba59953809c81446e9d0ace"},"headline":"SE REALIZO LA CAMINATA POR EL DIA INTERNACIONAL DE LA LUCHA CONTRA EL CANCER (imagenes y notas)","datePublished":"2015-02-07T15:38:50+00:00","dateModified":"2015-02-07T15:38:50+00:00","mainEntityOfPage":{"@id":"https:\/\/www.celttv.com.ar\/index.php\/2015\/02\/07\/se-realizo-la-caminata-por-el-dia-internacional-de-la-lucha-contra-el-cancer-imagenes-y-notas\/"},"wordCount":439,"publisher":{"@id":"https:\/\/www.celttv.com.ar\/#organization"},"articleSection":["Comunidad","Destacadas","Videos Destacados"],"inLanguage":"es"},{"@type":"WebPage","@id":"https:\/\/www.celttv.com.ar\/index.php\/2015\/02\/07\/se-realizo-la-caminata-por-el-dia-internacional-de-la-lucha-contra-el-cancer-imagenes-y-notas\/","url":"https:\/\/www.celttv.com.ar\/index.php\/2015\/02\/07\/se-realizo-la-caminata-por-el-dia-internacional-de-la-lucha-contra-el-cancer-imagenes-y-notas\/","name":"SE REALIZO LA CAMINATA POR EL DIA INTERNACIONAL DE LA LUCHA CONTRA EL CANCER (imagenes y notas) - CELTTV","isPartOf":{"@id":"https:\/\/www.celttv.com.ar\/#website"},"datePublished":"2015-02-07T15:38:50+00:00","dateModified":"2015-02-07T15:38:50+00:00","description":"Sitio web de noticias de la localidad de Tornquist, provincia de Buenos Aires, Rep\u00fablica Argentina. Contenido propio originado por periodistas de CELTTV, el canal de TV local de la Cooperativa El\u00e9ctrica de Tornquist. Turismo, Pol\u00edtica, Sociedad, Deporte, Cultura y todo el contenido de inter\u00e9s general que la gente del pueblo y la regi\u00f3n debe conocer.","breadcrumb":{"@id":"https:\/\/www.celttv.com.ar\/index.php\/2015\/02\/07\/se-realizo-la-caminata-por-el-dia-internacional-de-la-lucha-contra-el-cancer-imagenes-y-notas\/#breadcrumb"},"inLanguage":"es","potentialAction":[{"@type":"ReadAction","target":["https:\/\/www.celttv.com.ar\/index.php\/2015\/02\/07\/se-realizo-la-caminata-por-el-dia-internacional-de-la-lucha-contra-el-cancer-imagenes-y-notas\/"]}]},{"@type":"BreadcrumbList","@id":"https:\/\/www.celttv.com.ar\/index.php\/2015\/02\/07\/se-realizo-la-caminata-por-el-dia-internacional-de-la-lucha-contra-el-cancer-imagenes-y-notas\/#breadcrumb","itemListElement":[{"@type":"ListItem","position":1,"name":"Inicio","item":"https:\/\/www.celttv.com.ar\/"},{"@type":"ListItem","position":2,"name":"SE REALIZO LA CAMINATA POR EL DIA INTERNACIONAL DE LA LUCHA CONTRA EL CANCER (imagenes y notas)"}]},{"@type":"WebSite","@id":"https:\/\/www.celttv.com.ar\/#website","url":"https:\/\/www.celttv.com.ar\/","name":"CELTTV","description":"Cooperativa El\u00e9ctrica de Tornquist","publisher":{"@id":"https:\/\/www.celttv.com.ar\/#organization"},"potentialAction":[{"@type":"SearchAction","target":{"@type":"EntryPoint","urlTemplate":"https:\/\/www.celttv.com.ar\/?s={search_term_string}"},"query-input":"required name=search_term_string"}],"inLanguage":"es"},{"@type":"Organization","@id":"https:\/\/www.celttv.com.ar\/#organization","name":"CELTTV","url":"https:\/\/www.celttv.com.ar\/","sameAs":["https:\/\/www.youtube.com\/channel\/UCz_oIt8Hig64Ub-EmcNPIhg","https:\/\/www.facebook.com\/celtTV\/"],"logo":{"@type":"ImageObject","inLanguage":"es","@id":"https:\/\/www.celttv.com.ar\/#\/schema\/logo\/image\/","url":"http:\/\/www.celttv.com.ar\/wp-content\/uploads\/2022\/08\/logo-1.png","contentUrl":"http:\/\/www.celttv.com.ar\/wp-content\/uploads\/2022\/08\/logo-1.png","width":461,"height":159,"caption":"CELTTV"},"image":{"@id":"https:\/\/www.celttv.com.ar\/#\/schema\/logo\/image\/"}},{"@type":"Person","@id":"https:\/\/www.celttv.com.ar\/#\/schema\/person\/6d99c072dba59953809c81446e9d0ace","name":"ulises","image":{"@type":"ImageObject","inLanguage":"es","@id":"https:\/\/www.celttv.com.ar\/#\/schema\/person\/image\/","url":"https:\/\/secure.gravatar.com\/avatar\/7f2c48bdc33b30088f941fb6082e555f2874c98e20cb159d7b92b50eadfce793?s=96&d=mm&r=g","contentUrl":"https:\/\/secure.gravatar.com\/avatar\/7f2c48bdc33b30088f941fb6082e555f2874c98e20cb159d7b92b50eadfce793?s=96&d=mm&r=g","caption":"ulises"},"sameAs":["http:\/\/www.celttv.com.ar"]}]}},"_links":{"self":[{"href":"https:\/\/www.celttv.com.ar\/index.php\/wp-json\/wp\/v2\/posts\/26634","targetHints":{"allow":["GET"]}}],"collection":[{"href":"https:\/\/www.celttv.com.ar\/index.php\/wp-json\/wp\/v2\/posts"}],"about":[{"href":"https:\/\/www.celttv.com.ar\/index.php\/wp-json\/wp\/v2\/types\/post"}],"author":[{"embeddable":true,"href":"https:\/\/www.celttv.com.ar\/index.php\/wp-json\/wp\/v2\/users\/1"}],"replies":[{"embeddable":true,"href":"https:\/\/www.celttv.com.ar\/index.php\/wp-json\/wp\/v2\/comments?post=26634"}],"version-history":[{"count":0,"href":"https:\/\/www.celttv.com.ar\/index.php\/wp-json\/wp\/v2\/posts\/26634\/revisions"}],"wp:attachment":[{"href":"https:\/\/www.celttv.com.ar\/index.php\/wp-json\/wp\/v2\/media?parent=26634"}],"wp:term":[{"taxonomy":"category","embeddable":true,"href":"https:\/\/www.celttv.com.ar\/index.php\/wp-json\/wp\/v2\/categories?post=26634"},{"taxonomy":"post_tag","embeddable":true,"href":"https:\/\/www.celttv.com.ar\/index.php\/wp-json\/wp\/v2\/tags?post=26634"}],"curies":[{"name":"wp","href":"https:\/\/api.w.org\/{rel}","templated":true}]}}