{"id":26639,"date":"2015-02-07T21:37:21","date_gmt":"2015-02-07T21:37:21","guid":{"rendered":"http:\/\/www.tvcnoticias.com.ar\/?p=26639"},"modified":"2015-02-07T21:37:21","modified_gmt":"2015-02-07T21:37:21","slug":"sociedad-germanica-fragmentos-de-una-historia-proxima-a-cumplir-100-anos-la-historia-de-las-alcancias","status":"publish","type":"post","link":"https:\/\/www.celttv.com.ar\/index.php\/2015\/02\/07\/sociedad-germanica-fragmentos-de-una-historia-proxima-a-cumplir-100-anos-la-historia-de-las-alcancias\/","title":{"rendered":"SOCIEDAD GERMANICA: FRAGMENTOS DE UNA HISTORIA PR\u00d3XIMA A CUMPLIR 100 A\u00d1OS (la historia de las alcanc\u00edas)"},"content":{"rendered":"<p><span style=\"font-family: Verdana, Arial, Helvetica, sans-serif; font-size: x-small;\">Para este s\u00e1bado est\u00e1 programado el 3\u00ba Patio Cervecero, organizado por la Sociedad Germ\u00e1nica en sus instalaciones y, si el tiempo no lo permit\u00eda la idea era trasladarlo a un lugar cerrado.<\/span><\/p>\n<p><span style=\"font-family: Verdana, Arial, Helvetica, sans-serif; font-size: x-small;\">Seguramente se repetir\u00e1 el \u00e9xito del a\u00f1o anterior, donde hubo gente que no tom\u00f3 las previsiones del caso y se qued\u00f3 sin lugar para ser participe de una fiesta que contagia a propios y extra\u00f1os.<\/span><\/p>\n<p><span style=\"font-family: Verdana, Arial, Helvetica, sans-serif; font-size: x-small;\">Claro que, mas all\u00e1 del evento de este s\u00e1bado, todos se ilusionan con el &#8220;gran paso&#8221; que significar\u00eda, en un tiempo no muy lejano, la puesta en valor y, \u00bfpor qu\u00e9 n\u00f3? la reinauguraci\u00f3n del hist\u00f3rico sal\u00f3n de fiestas.<\/span><\/p>\n<p><span style=\"font-family: Verdana, Arial, Helvetica, sans-serif; font-size: x-small;\">Precisamente sobre la marcha de los trabajos que se realizan en esa direcci\u00f3n tuvimos la oportunidad de charlar con Ricardo Scharff y Germ\u00e1n Scharff, dos de los permanentes colaboradores que, dicho sea de paso, se ilusionan para que en un tiempo no muy lejano, puedan bailar la tradicional danza alemana en el renovado sal\u00f3n.<\/span><\/p>\n<p><span style=\"font-family: Verdana, Arial, Helvetica, sans-serif; font-size: x-small;\">Y de la entretenida charla surge un pedazo trascendental de la historia que, con l\u00e1grimas en los ojos, cuenta Ricardo. &#8220;Se logr\u00f3 recuperar una &#8220;vieja alcancia&#8221;, cuyo valor afectivo no se puede medir en el terreno de lo material.<\/span><\/p>\n<p><span style=\"font-family: Verdana, Arial, Helvetica, sans-serif; font-size: x-small;\">Aunque, vaya paradoja, s\u00ed tiene que ver con lo material, porque precisamente en no mas de cinco de esas alcancias, construidas en chapa de zinc por don Juan Pablo Scharff, (abuelo de Ricardo), se logr\u00f3 recaudar en aquella \u00e9poca el dinero necesario que permiti\u00f3 construir el techo que hoy se esfuerzan por reparar.<\/span><\/p>\n<p><span style=\"font-family: Verdana, Arial, Helvetica, sans-serif; font-size: x-small;\">Fragmento de una historia, pr\u00f3xima a cumplir cien a\u00f1os de vida.<\/span><\/p>\n<p><span style=\"font-family: Verdana, Arial, Helvetica, sans-serif; font-size: x-small;\"><a href=\"https:\/\/www.youtube.com\/watch?v=HYBelEbV5OI\">httpv:\/\/www.youtube.com\/watch?v=HYBelEbV5OI<\/a><\/span><\/p>\n<p><span style=\"font-family: Verdana, Arial, Helvetica, sans-serif; font-size: x-small;\"><a href=\"https:\/\/www.youtube.com\/watch?v=EUF94lQ_uJQ\">httpv:\/\/www.youtube.com\/watch?v=EUF94lQ_uJQ<\/a><\/span><\/p>\n<p><span style=\"font-family: Verdana, Arial, Helvetica, sans-serif; font-size: x-small;\"><a href=\"https:\/\/www.youtube.com\/watch?v=XzNBLs2VC6A\">httpv:\/\/www.youtube.com\/watch?v=XzNBLs2VC6A<\/a><br \/>\n<\/span><\/p>\n<p>&nbsp;<\/p>\n","protected":false},"excerpt":{"rendered":"<p>Para este s\u00e1bado est\u00e1 programado el 3\u00ba Patio Cervecero, organizado por la Sociedad Germ\u00e1nica en sus instalaciones y, si el tiempo no lo permit\u00eda la idea era trasladarlo a un lugar cerrado. Seguramente se repetir\u00e1 el \u00e9xito del a\u00f1o anterior, donde hubo gente que no tom\u00f3 las previsiones del caso y se qued\u00f3 sin lugar [&hellip;]<\/p>\n","protected":false},"author":1,"featured_media":0,"comment_status":"closed","ping_status":"open","sticky":false,"template":"","format":"standard","meta":{"footnotes":""},"categories":[51,52,56,64],"tags":[],"class_list":["post-26639","post","type-post","status-publish","format-standard","hentry","category-comunidad","category-destacadas","category-espectaculos","category-videos-destacados"],"yoast_head":"<!-- This site is optimized with the Yoast SEO plugin v19.7.1 - https:\/\/yoast.com\/wordpress\/plugins\/seo\/ -->\n<title>SOCIEDAD GERMANICA: FRAGMENTOS DE UNA HISTORIA PR\u00d3XIMA A CUMPLIR 100 A\u00d1OS (la historia de las alcanc\u00edas) - CELTTV<\/title>\n<meta name=\"description\" content=\"Sitio web de noticias de la localidad de Tornquist, provincia de Buenos Aires, Rep\u00fablica Argentina. Contenido propio originado por periodistas de CELTTV, el canal de TV local de la Cooperativa El\u00e9ctrica de Tornquist. Turismo, Pol\u00edtica, Sociedad, Deporte, Cultura y todo el contenido de inter\u00e9s general que la gente del pueblo y la regi\u00f3n debe conocer.\" \/>\n<meta name=\"robots\" content=\"index, follow, max-snippet:-1, max-image-preview:large, max-video-preview:-1\" \/>\n<link rel=\"canonical\" href=\"https:\/\/www.celttv.com.ar\/index.php\/2015\/02\/07\/sociedad-germanica-fragmentos-de-una-historia-proxima-a-cumplir-100-anos-la-historia-de-las-alcancias\/\" \/>\n<meta property=\"og:locale\" content=\"es_ES\" \/>\n<meta property=\"og:type\" content=\"article\" \/>\n<meta property=\"og:title\" content=\"SOCIEDAD GERMANICA: FRAGMENTOS DE UNA HISTORIA PR\u00d3XIMA A CUMPLIR 100 A\u00d1OS (la historia de las alcanc\u00edas) - CELTTV\" \/>\n<meta property=\"og:description\" content=\"Sitio web de noticias de la localidad de Tornquist, provincia de Buenos Aires, Rep\u00fablica Argentina. Contenido propio originado por periodistas de CELTTV, el canal de TV local de la Cooperativa El\u00e9ctrica de Tornquist. Turismo, Pol\u00edtica, Sociedad, Deporte, Cultura y todo el contenido de inter\u00e9s general que la gente del pueblo y la regi\u00f3n debe conocer.\" \/>\n<meta property=\"og:url\" content=\"https:\/\/www.celttv.com.ar\/index.php\/2015\/02\/07\/sociedad-germanica-fragmentos-de-una-historia-proxima-a-cumplir-100-anos-la-historia-de-las-alcancias\/\" \/>\n<meta property=\"og:site_name\" content=\"CELTTV\" \/>\n<meta property=\"article:publisher\" content=\"https:\/\/www.facebook.com\/celtTV\/\" \/>\n<meta property=\"article:published_time\" content=\"2015-02-07T21:37:21+00:00\" \/>\n<meta name=\"author\" content=\"ulises\" \/>\n<meta name=\"twitter:card\" content=\"summary_large_image\" \/>\n<meta name=\"twitter:label1\" content=\"Escrito por\" \/>\n\t<meta name=\"twitter:data1\" content=\"ulises\" \/>\n\t<meta name=\"twitter:label2\" content=\"Tiempo de lectura\" \/>\n\t<meta name=\"twitter:data2\" content=\"2 minutos\" \/>\n<script type=\"application\/ld+json\" class=\"yoast-schema-graph\">{\"@context\":\"https:\/\/schema.org\",\"@graph\":[{\"@type\":\"NewsArticle\",\"@id\":\"https:\/\/www.celttv.com.ar\/index.php\/2015\/02\/07\/sociedad-germanica-fragmentos-de-una-historia-proxima-a-cumplir-100-anos-la-historia-de-las-alcancias\/#article\",\"isPartOf\":{\"@id\":\"https:\/\/www.celttv.com.ar\/index.php\/2015\/02\/07\/sociedad-germanica-fragmentos-de-una-historia-proxima-a-cumplir-100-anos-la-historia-de-las-alcancias\/\"},\"author\":{\"name\":\"ulises\",\"@id\":\"https:\/\/www.celttv.com.ar\/#\/schema\/person\/6d99c072dba59953809c81446e9d0ace\"},\"headline\":\"SOCIEDAD GERMANICA: FRAGMENTOS DE UNA HISTORIA PR\u00d3XIMA A CUMPLIR 100 A\u00d1OS (la historia de las alcanc\u00edas)\",\"datePublished\":\"2015-02-07T21:37:21+00:00\",\"dateModified\":\"2015-02-07T21:37:21+00:00\",\"mainEntityOfPage\":{\"@id\":\"https:\/\/www.celttv.com.ar\/index.php\/2015\/02\/07\/sociedad-germanica-fragmentos-de-una-historia-proxima-a-cumplir-100-anos-la-historia-de-las-alcancias\/\"},\"wordCount\":323,\"publisher\":{\"@id\":\"https:\/\/www.celttv.com.ar\/#organization\"},\"articleSection\":[\"Comunidad\",\"Destacadas\",\"Espect\u00e1culos\",\"Videos Destacados\"],\"inLanguage\":\"es\"},{\"@type\":\"WebPage\",\"@id\":\"https:\/\/www.celttv.com.ar\/index.php\/2015\/02\/07\/sociedad-germanica-fragmentos-de-una-historia-proxima-a-cumplir-100-anos-la-historia-de-las-alcancias\/\",\"url\":\"https:\/\/www.celttv.com.ar\/index.php\/2015\/02\/07\/sociedad-germanica-fragmentos-de-una-historia-proxima-a-cumplir-100-anos-la-historia-de-las-alcancias\/\",\"name\":\"SOCIEDAD GERMANICA: FRAGMENTOS DE UNA HISTORIA PR\u00d3XIMA A CUMPLIR 100 A\u00d1OS (la historia de las alcanc\u00edas) - CELTTV\",\"isPartOf\":{\"@id\":\"https:\/\/www.celttv.com.ar\/#website\"},\"datePublished\":\"2015-02-07T21:37:21+00:00\",\"dateModified\":\"2015-02-07T21:37:21+00:00\",\"description\":\"Sitio web de noticias de la localidad de Tornquist, provincia de Buenos Aires, Rep\u00fablica Argentina. Contenido propio originado por periodistas de CELTTV, el canal de TV local de la Cooperativa El\u00e9ctrica de Tornquist. Turismo, Pol\u00edtica, Sociedad, Deporte, Cultura y todo el contenido de inter\u00e9s general que la gente del pueblo y la regi\u00f3n debe conocer.\",\"breadcrumb\":{\"@id\":\"https:\/\/www.celttv.com.ar\/index.php\/2015\/02\/07\/sociedad-germanica-fragmentos-de-una-historia-proxima-a-cumplir-100-anos-la-historia-de-las-alcancias\/#breadcrumb\"},\"inLanguage\":\"es\",\"potentialAction\":[{\"@type\":\"ReadAction\",\"target\":[\"https:\/\/www.celttv.com.ar\/index.php\/2015\/02\/07\/sociedad-germanica-fragmentos-de-una-historia-proxima-a-cumplir-100-anos-la-historia-de-las-alcancias\/\"]}]},{\"@type\":\"BreadcrumbList\",\"@id\":\"https:\/\/www.celttv.com.ar\/index.php\/2015\/02\/07\/sociedad-germanica-fragmentos-de-una-historia-proxima-a-cumplir-100-anos-la-historia-de-las-alcancias\/#breadcrumb\",\"itemListElement\":[{\"@type\":\"ListItem\",\"position\":1,\"name\":\"Inicio\",\"item\":\"https:\/\/www.celttv.com.ar\/\"},{\"@type\":\"ListItem\",\"position\":2,\"name\":\"SOCIEDAD GERMANICA: FRAGMENTOS DE UNA HISTORIA PR\u00d3XIMA A CUMPLIR 100 A\u00d1OS (la historia de las alcanc\u00edas)\"}]},{\"@type\":\"WebSite\",\"@id\":\"https:\/\/www.celttv.com.ar\/#website\",\"url\":\"https:\/\/www.celttv.com.ar\/\",\"name\":\"CELTTV\",\"description\":\"Cooperativa El\u00e9ctrica de Tornquist\",\"publisher\":{\"@id\":\"https:\/\/www.celttv.com.ar\/#organization\"},\"potentialAction\":[{\"@type\":\"SearchAction\",\"target\":{\"@type\":\"EntryPoint\",\"urlTemplate\":\"https:\/\/www.celttv.com.ar\/?s={search_term_string}\"},\"query-input\":\"required name=search_term_string\"}],\"inLanguage\":\"es\"},{\"@type\":\"Organization\",\"@id\":\"https:\/\/www.celttv.com.ar\/#organization\",\"name\":\"CELTTV\",\"url\":\"https:\/\/www.celttv.com.ar\/\",\"sameAs\":[\"https:\/\/www.youtube.com\/channel\/UCz_oIt8Hig64Ub-EmcNPIhg\",\"https:\/\/www.facebook.com\/celtTV\/\"],\"logo\":{\"@type\":\"ImageObject\",\"inLanguage\":\"es\",\"@id\":\"https:\/\/www.celttv.com.ar\/#\/schema\/logo\/image\/\",\"url\":\"http:\/\/www.celttv.com.ar\/wp-content\/uploads\/2022\/08\/logo-1.png\",\"contentUrl\":\"http:\/\/www.celttv.com.ar\/wp-content\/uploads\/2022\/08\/logo-1.png\",\"width\":461,\"height\":159,\"caption\":\"CELTTV\"},\"image\":{\"@id\":\"https:\/\/www.celttv.com.ar\/#\/schema\/logo\/image\/\"}},{\"@type\":\"Person\",\"@id\":\"https:\/\/www.celttv.com.ar\/#\/schema\/person\/6d99c072dba59953809c81446e9d0ace\",\"name\":\"ulises\",\"image\":{\"@type\":\"ImageObject\",\"inLanguage\":\"es\",\"@id\":\"https:\/\/www.celttv.com.ar\/#\/schema\/person\/image\/\",\"url\":\"https:\/\/secure.gravatar.com\/avatar\/7f2c48bdc33b30088f941fb6082e555f2874c98e20cb159d7b92b50eadfce793?s=96&d=mm&r=g\",\"contentUrl\":\"https:\/\/secure.gravatar.com\/avatar\/7f2c48bdc33b30088f941fb6082e555f2874c98e20cb159d7b92b50eadfce793?s=96&d=mm&r=g\",\"caption\":\"ulises\"},\"sameAs\":[\"http:\/\/www.celttv.com.ar\"]}]}<\/script>\n<!-- \/ Yoast SEO plugin. -->","yoast_head_json":{"title":"SOCIEDAD GERMANICA: FRAGMENTOS DE UNA HISTORIA PR\u00d3XIMA A CUMPLIR 100 A\u00d1OS (la historia de las alcanc\u00edas) - CELTTV","description":"Sitio web de noticias de la localidad de Tornquist, provincia de Buenos Aires, Rep\u00fablica Argentina. Contenido propio originado por periodistas de CELTTV, el canal de TV local de la Cooperativa El\u00e9ctrica de Tornquist. Turismo, Pol\u00edtica, Sociedad, Deporte, Cultura y todo el contenido de inter\u00e9s general que la gente del pueblo y la regi\u00f3n debe conocer.","robots":{"index":"index","follow":"follow","max-snippet":"max-snippet:-1","max-image-preview":"max-image-preview:large","max-video-preview":"max-video-preview:-1"},"canonical":"https:\/\/www.celttv.com.ar\/index.php\/2015\/02\/07\/sociedad-germanica-fragmentos-de-una-historia-proxima-a-cumplir-100-anos-la-historia-de-las-alcancias\/","og_locale":"es_ES","og_type":"article","og_title":"SOCIEDAD GERMANICA: FRAGMENTOS DE UNA HISTORIA PR\u00d3XIMA A CUMPLIR 100 A\u00d1OS (la historia de las alcanc\u00edas) - CELTTV","og_description":"Sitio web de noticias de la localidad de Tornquist, provincia de Buenos Aires, Rep\u00fablica Argentina. Contenido propio originado por periodistas de CELTTV, el canal de TV local de la Cooperativa El\u00e9ctrica de Tornquist. Turismo, Pol\u00edtica, Sociedad, Deporte, Cultura y todo el contenido de inter\u00e9s general que la gente del pueblo y la regi\u00f3n debe conocer.","og_url":"https:\/\/www.celttv.com.ar\/index.php\/2015\/02\/07\/sociedad-germanica-fragmentos-de-una-historia-proxima-a-cumplir-100-anos-la-historia-de-las-alcancias\/","og_site_name":"CELTTV","article_publisher":"https:\/\/www.facebook.com\/celtTV\/","article_published_time":"2015-02-07T21:37:21+00:00","author":"ulises","twitter_card":"summary_large_image","twitter_misc":{"Escrito por":"ulises","Tiempo de lectura":"2 minutos"},"schema":{"@context":"https:\/\/schema.org","@graph":[{"@type":"NewsArticle","@id":"https:\/\/www.celttv.com.ar\/index.php\/2015\/02\/07\/sociedad-germanica-fragmentos-de-una-historia-proxima-a-cumplir-100-anos-la-historia-de-las-alcancias\/#article","isPartOf":{"@id":"https:\/\/www.celttv.com.ar\/index.php\/2015\/02\/07\/sociedad-germanica-fragmentos-de-una-historia-proxima-a-cumplir-100-anos-la-historia-de-las-alcancias\/"},"author":{"name":"ulises","@id":"https:\/\/www.celttv.com.ar\/#\/schema\/person\/6d99c072dba59953809c81446e9d0ace"},"headline":"SOCIEDAD GERMANICA: FRAGMENTOS DE UNA HISTORIA PR\u00d3XIMA A CUMPLIR 100 A\u00d1OS (la historia de las alcanc\u00edas)","datePublished":"2015-02-07T21:37:21+00:00","dateModified":"2015-02-07T21:37:21+00:00","mainEntityOfPage":{"@id":"https:\/\/www.celttv.com.ar\/index.php\/2015\/02\/07\/sociedad-germanica-fragmentos-de-una-historia-proxima-a-cumplir-100-anos-la-historia-de-las-alcancias\/"},"wordCount":323,"publisher":{"@id":"https:\/\/www.celttv.com.ar\/#organization"},"articleSection":["Comunidad","Destacadas","Espect\u00e1culos","Videos Destacados"],"inLanguage":"es"},{"@type":"WebPage","@id":"https:\/\/www.celttv.com.ar\/index.php\/2015\/02\/07\/sociedad-germanica-fragmentos-de-una-historia-proxima-a-cumplir-100-anos-la-historia-de-las-alcancias\/","url":"https:\/\/www.celttv.com.ar\/index.php\/2015\/02\/07\/sociedad-germanica-fragmentos-de-una-historia-proxima-a-cumplir-100-anos-la-historia-de-las-alcancias\/","name":"SOCIEDAD GERMANICA: FRAGMENTOS DE UNA HISTORIA PR\u00d3XIMA A CUMPLIR 100 A\u00d1OS (la historia de las alcanc\u00edas) - CELTTV","isPartOf":{"@id":"https:\/\/www.celttv.com.ar\/#website"},"datePublished":"2015-02-07T21:37:21+00:00","dateModified":"2015-02-07T21:37:21+00:00","description":"Sitio web de noticias de la localidad de Tornquist, provincia de Buenos Aires, Rep\u00fablica Argentina. Contenido propio originado por periodistas de CELTTV, el canal de TV local de la Cooperativa El\u00e9ctrica de Tornquist. Turismo, Pol\u00edtica, Sociedad, Deporte, Cultura y todo el contenido de inter\u00e9s general que la gente del pueblo y la regi\u00f3n debe conocer.","breadcrumb":{"@id":"https:\/\/www.celttv.com.ar\/index.php\/2015\/02\/07\/sociedad-germanica-fragmentos-de-una-historia-proxima-a-cumplir-100-anos-la-historia-de-las-alcancias\/#breadcrumb"},"inLanguage":"es","potentialAction":[{"@type":"ReadAction","target":["https:\/\/www.celttv.com.ar\/index.php\/2015\/02\/07\/sociedad-germanica-fragmentos-de-una-historia-proxima-a-cumplir-100-anos-la-historia-de-las-alcancias\/"]}]},{"@type":"BreadcrumbList","@id":"https:\/\/www.celttv.com.ar\/index.php\/2015\/02\/07\/sociedad-germanica-fragmentos-de-una-historia-proxima-a-cumplir-100-anos-la-historia-de-las-alcancias\/#breadcrumb","itemListElement":[{"@type":"ListItem","position":1,"name":"Inicio","item":"https:\/\/www.celttv.com.ar\/"},{"@type":"ListItem","position":2,"name":"SOCIEDAD GERMANICA: FRAGMENTOS DE UNA HISTORIA PR\u00d3XIMA A CUMPLIR 100 A\u00d1OS (la historia de las alcanc\u00edas)"}]},{"@type":"WebSite","@id":"https:\/\/www.celttv.com.ar\/#website","url":"https:\/\/www.celttv.com.ar\/","name":"CELTTV","description":"Cooperativa El\u00e9ctrica de Tornquist","publisher":{"@id":"https:\/\/www.celttv.com.ar\/#organization"},"potentialAction":[{"@type":"SearchAction","target":{"@type":"EntryPoint","urlTemplate":"https:\/\/www.celttv.com.ar\/?s={search_term_string}"},"query-input":"required name=search_term_string"}],"inLanguage":"es"},{"@type":"Organization","@id":"https:\/\/www.celttv.com.ar\/#organization","name":"CELTTV","url":"https:\/\/www.celttv.com.ar\/","sameAs":["https:\/\/www.youtube.com\/channel\/UCz_oIt8Hig64Ub-EmcNPIhg","https:\/\/www.facebook.com\/celtTV\/"],"logo":{"@type":"ImageObject","inLanguage":"es","@id":"https:\/\/www.celttv.com.ar\/#\/schema\/logo\/image\/","url":"http:\/\/www.celttv.com.ar\/wp-content\/uploads\/2022\/08\/logo-1.png","contentUrl":"http:\/\/www.celttv.com.ar\/wp-content\/uploads\/2022\/08\/logo-1.png","width":461,"height":159,"caption":"CELTTV"},"image":{"@id":"https:\/\/www.celttv.com.ar\/#\/schema\/logo\/image\/"}},{"@type":"Person","@id":"https:\/\/www.celttv.com.ar\/#\/schema\/person\/6d99c072dba59953809c81446e9d0ace","name":"ulises","image":{"@type":"ImageObject","inLanguage":"es","@id":"https:\/\/www.celttv.com.ar\/#\/schema\/person\/image\/","url":"https:\/\/secure.gravatar.com\/avatar\/7f2c48bdc33b30088f941fb6082e555f2874c98e20cb159d7b92b50eadfce793?s=96&d=mm&r=g","contentUrl":"https:\/\/secure.gravatar.com\/avatar\/7f2c48bdc33b30088f941fb6082e555f2874c98e20cb159d7b92b50eadfce793?s=96&d=mm&r=g","caption":"ulises"},"sameAs":["http:\/\/www.celttv.com.ar"]}]}},"_links":{"self":[{"href":"https:\/\/www.celttv.com.ar\/index.php\/wp-json\/wp\/v2\/posts\/26639","targetHints":{"allow":["GET"]}}],"collection":[{"href":"https:\/\/www.celttv.com.ar\/index.php\/wp-json\/wp\/v2\/posts"}],"about":[{"href":"https:\/\/www.celttv.com.ar\/index.php\/wp-json\/wp\/v2\/types\/post"}],"author":[{"embeddable":true,"href":"https:\/\/www.celttv.com.ar\/index.php\/wp-json\/wp\/v2\/users\/1"}],"replies":[{"embeddable":true,"href":"https:\/\/www.celttv.com.ar\/index.php\/wp-json\/wp\/v2\/comments?post=26639"}],"version-history":[{"count":0,"href":"https:\/\/www.celttv.com.ar\/index.php\/wp-json\/wp\/v2\/posts\/26639\/revisions"}],"wp:attachment":[{"href":"https:\/\/www.celttv.com.ar\/index.php\/wp-json\/wp\/v2\/media?parent=26639"}],"wp:term":[{"taxonomy":"category","embeddable":true,"href":"https:\/\/www.celttv.com.ar\/index.php\/wp-json\/wp\/v2\/categories?post=26639"},{"taxonomy":"post_tag","embeddable":true,"href":"https:\/\/www.celttv.com.ar\/index.php\/wp-json\/wp\/v2\/tags?post=26639"}],"curies":[{"name":"wp","href":"https:\/\/api.w.org\/{rel}","templated":true}]}}