{"id":26672,"date":"2015-02-11T00:26:59","date_gmt":"2015-02-11T00:26:59","guid":{"rendered":"http:\/\/www.tvcnoticias.com.ar\/?p=26672"},"modified":"2015-02-11T00:26:59","modified_gmt":"2015-02-11T00:26:59","slug":"automoto-empezo-la-pretemporada-de-futbol-con-los-refuerzos-notas-e-imagenes","status":"publish","type":"post","link":"https:\/\/www.celttv.com.ar\/index.php\/2015\/02\/11\/automoto-empezo-la-pretemporada-de-futbol-con-los-refuerzos-notas-e-imagenes\/","title":{"rendered":"AUTOMOTO EMPEZ\u00d3 LA PRETEMPORADA DE F\u00daTBOL CON LOS REFUERZOS (Notas e im\u00e1genes)."},"content":{"rendered":"<div dir=\"ltr\"><a href=\"https:\/\/www.youtube.com\/watch?v=ijC1T-je5lw\">httpv:\/\/www.youtube.com\/watch?v=ijC1T-je5lw<\/a><\/div>\n<div dir=\"ltr\"><a href=\"https:\/\/www.youtube.com\/watch?v=96_p1S-PAMg\">httpv:\/\/www.youtube.com\/watch?v=96_p1S-PAMg<\/a><\/div>\n<div dir=\"ltr\"><a href=\"https:\/\/www.youtube.com\/watch?v=CyTXRAPc-tk\">httpv:\/\/www.youtube.com\/watch?v=CyTXRAPc-tk<\/a><\/div>\n<div dir=\"ltr\"><\/div>\n<div><strong>MAGAZINE SPORT &#8212;<\/strong> Estuvimos presentes en el inicio de la pretemporada de f\u00fatbol en el Club Automoto.<\/div>\n<div>Integrantes de la nueva comisi\u00f3n directiva del Club Automoto, colaboradores y simpatizantes acompa\u00f1aron al plantel de primera, reserva y quinta divisi\u00f3n que iniciaron la pretemporada.<\/div>\n<div>Realizamos notas con\u00a0<strong>Marcelo Rusconi <\/strong>(presidente de Automoto);\u00a0<strong>Pablo Recalde<\/strong> (DT);\u00a0<strong>Mauricio Kugler<\/strong> (PF);<strong>Rodrigo Mart\u00ednez<\/strong> (arquero);\u00a0<strong>Mat\u00edas Medina<\/strong> (volante-refuerzo) y\u00a0<strong>Hern\u00e1n Bilbao<\/strong>.<\/div>\n<div dir=\"ltr\"><strong>Rodrigo Sgammini (MS).<\/strong><\/div>\n","protected":false},"excerpt":{"rendered":"<p>httpv:\/\/www.youtube.com\/watch?v=ijC1T-je5lw httpv:\/\/www.youtube.com\/watch?v=96_p1S-PAMg httpv:\/\/www.youtube.com\/watch?v=CyTXRAPc-tk MAGAZINE SPORT &#8212; Estuvimos presentes en el inicio de la pretemporada de f\u00fatbol en el Club Automoto. Integrantes de la nueva comisi\u00f3n directiva del Club Automoto, colaboradores y simpatizantes acompa\u00f1aron al plantel de primera, reserva y quinta divisi\u00f3n que iniciaron la pretemporada. Realizamos notas con\u00a0Marcelo Rusconi (presidente de Automoto);\u00a0Pablo Recalde (DT);\u00a0Mauricio Kugler [&hellip;]<\/p>\n","protected":false},"author":1,"featured_media":0,"comment_status":"closed","ping_status":"open","sticky":false,"template":"","format":"standard","meta":{"footnotes":""},"categories":[60,52,64],"tags":[],"class_list":["post-26672","post","type-post","status-publish","format-standard","hentry","category-deporte","category-destacadas","category-videos-destacados"],"yoast_head":"<!-- This site is optimized with the Yoast SEO plugin v19.7.1 - https:\/\/yoast.com\/wordpress\/plugins\/seo\/ -->\n<title>AUTOMOTO EMPEZ\u00d3 LA PRETEMPORADA DE F\u00daTBOL CON LOS REFUERZOS (Notas e im\u00e1genes). - CELTTV<\/title>\n<meta name=\"description\" content=\"Sitio web de noticias de la localidad de Tornquist, provincia de Buenos Aires, Rep\u00fablica Argentina. Contenido propio originado por periodistas de CELTTV, el canal de TV local de la Cooperativa El\u00e9ctrica de Tornquist. Turismo, Pol\u00edtica, Sociedad, Deporte, Cultura y todo el contenido de inter\u00e9s general que la gente del pueblo y la regi\u00f3n debe conocer.\" \/>\n<meta name=\"robots\" content=\"index, follow, max-snippet:-1, max-image-preview:large, max-video-preview:-1\" \/>\n<link rel=\"canonical\" href=\"https:\/\/www.celttv.com.ar\/index.php\/2015\/02\/11\/automoto-empezo-la-pretemporada-de-futbol-con-los-refuerzos-notas-e-imagenes\/\" \/>\n<meta property=\"og:locale\" content=\"es_ES\" \/>\n<meta property=\"og:type\" content=\"article\" \/>\n<meta property=\"og:title\" content=\"AUTOMOTO EMPEZ\u00d3 LA PRETEMPORADA DE F\u00daTBOL CON LOS REFUERZOS (Notas e im\u00e1genes). - CELTTV\" \/>\n<meta property=\"og:description\" content=\"Sitio web de noticias de la localidad de Tornquist, provincia de Buenos Aires, Rep\u00fablica Argentina. Contenido propio originado por periodistas de CELTTV, el canal de TV local de la Cooperativa El\u00e9ctrica de Tornquist. Turismo, Pol\u00edtica, Sociedad, Deporte, Cultura y todo el contenido de inter\u00e9s general que la gente del pueblo y la regi\u00f3n debe conocer.\" \/>\n<meta property=\"og:url\" content=\"https:\/\/www.celttv.com.ar\/index.php\/2015\/02\/11\/automoto-empezo-la-pretemporada-de-futbol-con-los-refuerzos-notas-e-imagenes\/\" \/>\n<meta property=\"og:site_name\" content=\"CELTTV\" \/>\n<meta property=\"article:publisher\" content=\"https:\/\/www.facebook.com\/celtTV\/\" \/>\n<meta property=\"article:published_time\" content=\"2015-02-11T00:26:59+00:00\" \/>\n<meta name=\"author\" content=\"ulises\" \/>\n<meta name=\"twitter:card\" content=\"summary_large_image\" \/>\n<meta name=\"twitter:label1\" content=\"Escrito por\" \/>\n\t<meta name=\"twitter:data1\" content=\"ulises\" \/>\n<script type=\"application\/ld+json\" class=\"yoast-schema-graph\">{\"@context\":\"https:\/\/schema.org\",\"@graph\":[{\"@type\":\"NewsArticle\",\"@id\":\"https:\/\/www.celttv.com.ar\/index.php\/2015\/02\/11\/automoto-empezo-la-pretemporada-de-futbol-con-los-refuerzos-notas-e-imagenes\/#article\",\"isPartOf\":{\"@id\":\"https:\/\/www.celttv.com.ar\/index.php\/2015\/02\/11\/automoto-empezo-la-pretemporada-de-futbol-con-los-refuerzos-notas-e-imagenes\/\"},\"author\":{\"name\":\"ulises\",\"@id\":\"https:\/\/www.celttv.com.ar\/#\/schema\/person\/6d99c072dba59953809c81446e9d0ace\"},\"headline\":\"AUTOMOTO EMPEZ\u00d3 LA PRETEMPORADA DE F\u00daTBOL CON LOS REFUERZOS (Notas e im\u00e1genes).\",\"datePublished\":\"2015-02-11T00:26:59+00:00\",\"dateModified\":\"2015-02-11T00:26:59+00:00\",\"mainEntityOfPage\":{\"@id\":\"https:\/\/www.celttv.com.ar\/index.php\/2015\/02\/11\/automoto-empezo-la-pretemporada-de-futbol-con-los-refuerzos-notas-e-imagenes\/\"},\"wordCount\":113,\"publisher\":{\"@id\":\"https:\/\/www.celttv.com.ar\/#organization\"},\"articleSection\":[\"Deporte\",\"Destacadas\",\"Videos Destacados\"],\"inLanguage\":\"es\"},{\"@type\":\"WebPage\",\"@id\":\"https:\/\/www.celttv.com.ar\/index.php\/2015\/02\/11\/automoto-empezo-la-pretemporada-de-futbol-con-los-refuerzos-notas-e-imagenes\/\",\"url\":\"https:\/\/www.celttv.com.ar\/index.php\/2015\/02\/11\/automoto-empezo-la-pretemporada-de-futbol-con-los-refuerzos-notas-e-imagenes\/\",\"name\":\"AUTOMOTO EMPEZ\u00d3 LA PRETEMPORADA DE F\u00daTBOL CON LOS REFUERZOS (Notas e im\u00e1genes). - CELTTV\",\"isPartOf\":{\"@id\":\"https:\/\/www.celttv.com.ar\/#website\"},\"datePublished\":\"2015-02-11T00:26:59+00:00\",\"dateModified\":\"2015-02-11T00:26:59+00:00\",\"description\":\"Sitio web de noticias de la localidad de Tornquist, provincia de Buenos Aires, Rep\u00fablica Argentina. Contenido propio originado por periodistas de CELTTV, el canal de TV local de la Cooperativa El\u00e9ctrica de Tornquist. Turismo, Pol\u00edtica, Sociedad, Deporte, Cultura y todo el contenido de inter\u00e9s general que la gente del pueblo y la regi\u00f3n debe conocer.\",\"breadcrumb\":{\"@id\":\"https:\/\/www.celttv.com.ar\/index.php\/2015\/02\/11\/automoto-empezo-la-pretemporada-de-futbol-con-los-refuerzos-notas-e-imagenes\/#breadcrumb\"},\"inLanguage\":\"es\",\"potentialAction\":[{\"@type\":\"ReadAction\",\"target\":[\"https:\/\/www.celttv.com.ar\/index.php\/2015\/02\/11\/automoto-empezo-la-pretemporada-de-futbol-con-los-refuerzos-notas-e-imagenes\/\"]}]},{\"@type\":\"BreadcrumbList\",\"@id\":\"https:\/\/www.celttv.com.ar\/index.php\/2015\/02\/11\/automoto-empezo-la-pretemporada-de-futbol-con-los-refuerzos-notas-e-imagenes\/#breadcrumb\",\"itemListElement\":[{\"@type\":\"ListItem\",\"position\":1,\"name\":\"Inicio\",\"item\":\"https:\/\/www.celttv.com.ar\/\"},{\"@type\":\"ListItem\",\"position\":2,\"name\":\"AUTOMOTO EMPEZ\u00d3 LA PRETEMPORADA DE F\u00daTBOL CON LOS REFUERZOS (Notas e im\u00e1genes).\"}]},{\"@type\":\"WebSite\",\"@id\":\"https:\/\/www.celttv.com.ar\/#website\",\"url\":\"https:\/\/www.celttv.com.ar\/\",\"name\":\"CELTTV\",\"description\":\"Cooperativa El\u00e9ctrica de Tornquist\",\"publisher\":{\"@id\":\"https:\/\/www.celttv.com.ar\/#organization\"},\"potentialAction\":[{\"@type\":\"SearchAction\",\"target\":{\"@type\":\"EntryPoint\",\"urlTemplate\":\"https:\/\/www.celttv.com.ar\/?s={search_term_string}\"},\"query-input\":\"required name=search_term_string\"}],\"inLanguage\":\"es\"},{\"@type\":\"Organization\",\"@id\":\"https:\/\/www.celttv.com.ar\/#organization\",\"name\":\"CELTTV\",\"url\":\"https:\/\/www.celttv.com.ar\/\",\"sameAs\":[\"https:\/\/www.youtube.com\/channel\/UCz_oIt8Hig64Ub-EmcNPIhg\",\"https:\/\/www.facebook.com\/celtTV\/\"],\"logo\":{\"@type\":\"ImageObject\",\"inLanguage\":\"es\",\"@id\":\"https:\/\/www.celttv.com.ar\/#\/schema\/logo\/image\/\",\"url\":\"http:\/\/www.celttv.com.ar\/wp-content\/uploads\/2022\/08\/logo-1.png\",\"contentUrl\":\"http:\/\/www.celttv.com.ar\/wp-content\/uploads\/2022\/08\/logo-1.png\",\"width\":461,\"height\":159,\"caption\":\"CELTTV\"},\"image\":{\"@id\":\"https:\/\/www.celttv.com.ar\/#\/schema\/logo\/image\/\"}},{\"@type\":\"Person\",\"@id\":\"https:\/\/www.celttv.com.ar\/#\/schema\/person\/6d99c072dba59953809c81446e9d0ace\",\"name\":\"ulises\",\"image\":{\"@type\":\"ImageObject\",\"inLanguage\":\"es\",\"@id\":\"https:\/\/www.celttv.com.ar\/#\/schema\/person\/image\/\",\"url\":\"https:\/\/secure.gravatar.com\/avatar\/7f2c48bdc33b30088f941fb6082e555f2874c98e20cb159d7b92b50eadfce793?s=96&d=mm&r=g\",\"contentUrl\":\"https:\/\/secure.gravatar.com\/avatar\/7f2c48bdc33b30088f941fb6082e555f2874c98e20cb159d7b92b50eadfce793?s=96&d=mm&r=g\",\"caption\":\"ulises\"},\"sameAs\":[\"http:\/\/www.celttv.com.ar\"]}]}<\/script>\n<!-- \/ Yoast SEO plugin. -->","yoast_head_json":{"title":"AUTOMOTO EMPEZ\u00d3 LA PRETEMPORADA DE F\u00daTBOL CON LOS REFUERZOS (Notas e im\u00e1genes). - CELTTV","description":"Sitio web de noticias de la localidad de Tornquist, provincia de Buenos Aires, Rep\u00fablica Argentina. Contenido propio originado por periodistas de CELTTV, el canal de TV local de la Cooperativa El\u00e9ctrica de Tornquist. Turismo, Pol\u00edtica, Sociedad, Deporte, Cultura y todo el contenido de inter\u00e9s general que la gente del pueblo y la regi\u00f3n debe conocer.","robots":{"index":"index","follow":"follow","max-snippet":"max-snippet:-1","max-image-preview":"max-image-preview:large","max-video-preview":"max-video-preview:-1"},"canonical":"https:\/\/www.celttv.com.ar\/index.php\/2015\/02\/11\/automoto-empezo-la-pretemporada-de-futbol-con-los-refuerzos-notas-e-imagenes\/","og_locale":"es_ES","og_type":"article","og_title":"AUTOMOTO EMPEZ\u00d3 LA PRETEMPORADA DE F\u00daTBOL CON LOS REFUERZOS (Notas e im\u00e1genes). - CELTTV","og_description":"Sitio web de noticias de la localidad de Tornquist, provincia de Buenos Aires, Rep\u00fablica Argentina. Contenido propio originado por periodistas de CELTTV, el canal de TV local de la Cooperativa El\u00e9ctrica de Tornquist. Turismo, Pol\u00edtica, Sociedad, Deporte, Cultura y todo el contenido de inter\u00e9s general que la gente del pueblo y la regi\u00f3n debe conocer.","og_url":"https:\/\/www.celttv.com.ar\/index.php\/2015\/02\/11\/automoto-empezo-la-pretemporada-de-futbol-con-los-refuerzos-notas-e-imagenes\/","og_site_name":"CELTTV","article_publisher":"https:\/\/www.facebook.com\/celtTV\/","article_published_time":"2015-02-11T00:26:59+00:00","author":"ulises","twitter_card":"summary_large_image","twitter_misc":{"Escrito por":"ulises"},"schema":{"@context":"https:\/\/schema.org","@graph":[{"@type":"NewsArticle","@id":"https:\/\/www.celttv.com.ar\/index.php\/2015\/02\/11\/automoto-empezo-la-pretemporada-de-futbol-con-los-refuerzos-notas-e-imagenes\/#article","isPartOf":{"@id":"https:\/\/www.celttv.com.ar\/index.php\/2015\/02\/11\/automoto-empezo-la-pretemporada-de-futbol-con-los-refuerzos-notas-e-imagenes\/"},"author":{"name":"ulises","@id":"https:\/\/www.celttv.com.ar\/#\/schema\/person\/6d99c072dba59953809c81446e9d0ace"},"headline":"AUTOMOTO EMPEZ\u00d3 LA PRETEMPORADA DE F\u00daTBOL CON LOS REFUERZOS (Notas e im\u00e1genes).","datePublished":"2015-02-11T00:26:59+00:00","dateModified":"2015-02-11T00:26:59+00:00","mainEntityOfPage":{"@id":"https:\/\/www.celttv.com.ar\/index.php\/2015\/02\/11\/automoto-empezo-la-pretemporada-de-futbol-con-los-refuerzos-notas-e-imagenes\/"},"wordCount":113,"publisher":{"@id":"https:\/\/www.celttv.com.ar\/#organization"},"articleSection":["Deporte","Destacadas","Videos Destacados"],"inLanguage":"es"},{"@type":"WebPage","@id":"https:\/\/www.celttv.com.ar\/index.php\/2015\/02\/11\/automoto-empezo-la-pretemporada-de-futbol-con-los-refuerzos-notas-e-imagenes\/","url":"https:\/\/www.celttv.com.ar\/index.php\/2015\/02\/11\/automoto-empezo-la-pretemporada-de-futbol-con-los-refuerzos-notas-e-imagenes\/","name":"AUTOMOTO EMPEZ\u00d3 LA PRETEMPORADA DE F\u00daTBOL CON LOS REFUERZOS (Notas e im\u00e1genes). - CELTTV","isPartOf":{"@id":"https:\/\/www.celttv.com.ar\/#website"},"datePublished":"2015-02-11T00:26:59+00:00","dateModified":"2015-02-11T00:26:59+00:00","description":"Sitio web de noticias de la localidad de Tornquist, provincia de Buenos Aires, Rep\u00fablica Argentina. Contenido propio originado por periodistas de CELTTV, el canal de TV local de la Cooperativa El\u00e9ctrica de Tornquist. Turismo, Pol\u00edtica, Sociedad, Deporte, Cultura y todo el contenido de inter\u00e9s general que la gente del pueblo y la regi\u00f3n debe conocer.","breadcrumb":{"@id":"https:\/\/www.celttv.com.ar\/index.php\/2015\/02\/11\/automoto-empezo-la-pretemporada-de-futbol-con-los-refuerzos-notas-e-imagenes\/#breadcrumb"},"inLanguage":"es","potentialAction":[{"@type":"ReadAction","target":["https:\/\/www.celttv.com.ar\/index.php\/2015\/02\/11\/automoto-empezo-la-pretemporada-de-futbol-con-los-refuerzos-notas-e-imagenes\/"]}]},{"@type":"BreadcrumbList","@id":"https:\/\/www.celttv.com.ar\/index.php\/2015\/02\/11\/automoto-empezo-la-pretemporada-de-futbol-con-los-refuerzos-notas-e-imagenes\/#breadcrumb","itemListElement":[{"@type":"ListItem","position":1,"name":"Inicio","item":"https:\/\/www.celttv.com.ar\/"},{"@type":"ListItem","position":2,"name":"AUTOMOTO EMPEZ\u00d3 LA PRETEMPORADA DE F\u00daTBOL CON LOS REFUERZOS (Notas e im\u00e1genes)."}]},{"@type":"WebSite","@id":"https:\/\/www.celttv.com.ar\/#website","url":"https:\/\/www.celttv.com.ar\/","name":"CELTTV","description":"Cooperativa El\u00e9ctrica de Tornquist","publisher":{"@id":"https:\/\/www.celttv.com.ar\/#organization"},"potentialAction":[{"@type":"SearchAction","target":{"@type":"EntryPoint","urlTemplate":"https:\/\/www.celttv.com.ar\/?s={search_term_string}"},"query-input":"required name=search_term_string"}],"inLanguage":"es"},{"@type":"Organization","@id":"https:\/\/www.celttv.com.ar\/#organization","name":"CELTTV","url":"https:\/\/www.celttv.com.ar\/","sameAs":["https:\/\/www.youtube.com\/channel\/UCz_oIt8Hig64Ub-EmcNPIhg","https:\/\/www.facebook.com\/celtTV\/"],"logo":{"@type":"ImageObject","inLanguage":"es","@id":"https:\/\/www.celttv.com.ar\/#\/schema\/logo\/image\/","url":"http:\/\/www.celttv.com.ar\/wp-content\/uploads\/2022\/08\/logo-1.png","contentUrl":"http:\/\/www.celttv.com.ar\/wp-content\/uploads\/2022\/08\/logo-1.png","width":461,"height":159,"caption":"CELTTV"},"image":{"@id":"https:\/\/www.celttv.com.ar\/#\/schema\/logo\/image\/"}},{"@type":"Person","@id":"https:\/\/www.celttv.com.ar\/#\/schema\/person\/6d99c072dba59953809c81446e9d0ace","name":"ulises","image":{"@type":"ImageObject","inLanguage":"es","@id":"https:\/\/www.celttv.com.ar\/#\/schema\/person\/image\/","url":"https:\/\/secure.gravatar.com\/avatar\/7f2c48bdc33b30088f941fb6082e555f2874c98e20cb159d7b92b50eadfce793?s=96&d=mm&r=g","contentUrl":"https:\/\/secure.gravatar.com\/avatar\/7f2c48bdc33b30088f941fb6082e555f2874c98e20cb159d7b92b50eadfce793?s=96&d=mm&r=g","caption":"ulises"},"sameAs":["http:\/\/www.celttv.com.ar"]}]}},"_links":{"self":[{"href":"https:\/\/www.celttv.com.ar\/index.php\/wp-json\/wp\/v2\/posts\/26672","targetHints":{"allow":["GET"]}}],"collection":[{"href":"https:\/\/www.celttv.com.ar\/index.php\/wp-json\/wp\/v2\/posts"}],"about":[{"href":"https:\/\/www.celttv.com.ar\/index.php\/wp-json\/wp\/v2\/types\/post"}],"author":[{"embeddable":true,"href":"https:\/\/www.celttv.com.ar\/index.php\/wp-json\/wp\/v2\/users\/1"}],"replies":[{"embeddable":true,"href":"https:\/\/www.celttv.com.ar\/index.php\/wp-json\/wp\/v2\/comments?post=26672"}],"version-history":[{"count":0,"href":"https:\/\/www.celttv.com.ar\/index.php\/wp-json\/wp\/v2\/posts\/26672\/revisions"}],"wp:attachment":[{"href":"https:\/\/www.celttv.com.ar\/index.php\/wp-json\/wp\/v2\/media?parent=26672"}],"wp:term":[{"taxonomy":"category","embeddable":true,"href":"https:\/\/www.celttv.com.ar\/index.php\/wp-json\/wp\/v2\/categories?post=26672"},{"taxonomy":"post_tag","embeddable":true,"href":"https:\/\/www.celttv.com.ar\/index.php\/wp-json\/wp\/v2\/tags?post=26672"}],"curies":[{"name":"wp","href":"https:\/\/api.w.org\/{rel}","templated":true}]}}