{"id":26693,"date":"2015-02-12T15:00:03","date_gmt":"2015-02-12T15:00:03","guid":{"rendered":"http:\/\/www.tvcnoticias.com.ar\/?p=26693"},"modified":"2015-02-12T15:00:03","modified_gmt":"2015-02-12T15:00:03","slug":"el-7-de-marzo-regresara-la-feria-municipal-distrital","status":"publish","type":"post","link":"https:\/\/www.celttv.com.ar\/index.php\/2015\/02\/12\/el-7-de-marzo-regresara-la-feria-municipal-distrital\/","title":{"rendered":"EL 7 DE MARZO REGRESAR\u00c1 LA FERIA MUNICIPAL DISTRITAL"},"content":{"rendered":"<p><a rel=\"attachment wp-att-26694\" href=\"http:\/\/www.tvcnoticias.com.ar\/?attachment_id=26694\"><img loading=\"lazy\" decoding=\"async\" class=\"aligncenter size-medium wp-image-26694\" title=\"P1010040 (1280x960) (Medium)\" src=\"http:\/\/www.tvcnoticias.com.ar\/wp-content\/uploads\/2015\/02\/P1010040-1280x960-Medium-450x250.jpg\" alt=\"\" width=\"450\" height=\"250\" \/><\/a><\/p>\n<p>El pr\u00f3ximo s\u00e1bado 7 de marzo comenzar\u00e1 a desarrollarse, por segundo a\u00f1o consecutivo, la Feria Municipal Distrital, organizada por la Secretar\u00eda de Producci\u00f3n y Medio Ambiente de la Municipalidad de Tornquist y la Secretar\u00eda de Agricultura Familiar del Ministerio de Agricultura, Ganader\u00eda y Pesca de la Naci\u00f3n.<\/p>\n<p>En este sentido, desde la mencionada dependencia comunal se convoca a todos los agricultores familiares, productores artesanales y microemprendedores a inscribirse para participar de la iniciativa. Los interesados en anotarse deber\u00e1n concurrir a la Secretar\u00eda de Producci\u00f3n, de lunes a viernes, entre las 8 y las 14 horas, o bien comunicarse con el tel\u00e9fono 494-1075, interno 104.<\/p>\n<p>Podr\u00e1 participar del sistema de feria local, todo productor de peque\u00f1a escala que elabore sus propios productos y\/o con el trabajo de su grupo familiar y que lo comercialice a trav\u00e9s de la venta directa a los consumidores. Asimismo, quedan comprendidas las cooperativas, instituciones y las asociaciones de peque\u00f1os productores, de acuerdo con la Ordenanza Municipal.<\/p>\n<p>Al igual que el a\u00f1o pasado, la feria se llevar\u00e1 a cabo en el Gimnasio Municipal \u201cEva Per\u00f3n\u201d, en el horario comprendido entre las 8 y las 13 horas, y ser\u00e1 exclusivamente para la comercializaci\u00f3n directa del productor al consumidor, por lo que se encuentra expresamente prohibida la reventa de los mismos.<\/p>\n<p>Los feriantes que elaboren alimentos para poder comercializar los mismos deber\u00e1n cumplir con el curso de manipulaci\u00f3n de alimentos y deber\u00e1n exhibir el certificado correspondiente.<\/p>\n<p>Todos los expositores tendr\u00e1n que cumplir con los siguientes requisitos ante la Secretar\u00eda de Producci\u00f3n y Medio Ambiente:<\/p>\n<p>&nbsp;<\/p>\n<p>&#8211; Monotributo (social, social agropecuario o general).<\/p>\n<p>&#8211; Registro Nacional del Agricultor Familiar (RENAF).<\/p>\n<p>&#8211; Mayor\u00eda de edad<\/p>\n<p>&#8211; Domicilio en el distrito de Tornquist, con dos a\u00f1os de residencia.<\/p>\n<p>&#8211; Elaboraci\u00f3n del producto en el distrito y por el solicitante.<\/p>\n<p>&#8211; Declaraci\u00f3n de los rubros que expone y vende.<\/p>\n<p>&nbsp;<\/p>\n<p>&nbsp;<\/p>\n","protected":false},"excerpt":{"rendered":"<p>El pr\u00f3ximo s\u00e1bado 7 de marzo comenzar\u00e1 a desarrollarse, por segundo a\u00f1o consecutivo, la Feria Municipal Distrital, organizada por la Secretar\u00eda de Producci\u00f3n y Medio Ambiente de la Municipalidad de Tornquist y la Secretar\u00eda de Agricultura Familiar del Ministerio de Agricultura, Ganader\u00eda y Pesca de la Naci\u00f3n. En este sentido, desde la mencionada dependencia comunal [&hellip;]<\/p>\n","protected":false},"author":1,"featured_media":0,"comment_status":"closed","ping_status":"open","sticky":false,"template":"","format":"standard","meta":{"footnotes":""},"categories":[51,52,53],"tags":[],"class_list":["post-26693","post","type-post","status-publish","format-standard","hentry","category-comunidad","category-destacadas","category-politica"],"yoast_head":"<!-- This site is optimized with the Yoast SEO plugin v19.7.1 - https:\/\/yoast.com\/wordpress\/plugins\/seo\/ -->\n<title>EL 7 DE MARZO REGRESAR\u00c1 LA FERIA MUNICIPAL DISTRITAL - CELTTV<\/title>\n<meta name=\"description\" content=\"Sitio web de noticias de la localidad de Tornquist, provincia de Buenos Aires, Rep\u00fablica Argentina. Contenido propio originado por periodistas de CELTTV, el canal de TV local de la Cooperativa El\u00e9ctrica de Tornquist. Turismo, Pol\u00edtica, Sociedad, Deporte, Cultura y todo el contenido de inter\u00e9s general que la gente del pueblo y la regi\u00f3n debe conocer.\" \/>\n<meta name=\"robots\" content=\"index, follow, max-snippet:-1, max-image-preview:large, max-video-preview:-1\" \/>\n<link rel=\"canonical\" href=\"https:\/\/www.celttv.com.ar\/index.php\/2015\/02\/12\/el-7-de-marzo-regresara-la-feria-municipal-distrital\/\" \/>\n<meta property=\"og:locale\" content=\"es_ES\" \/>\n<meta property=\"og:type\" content=\"article\" \/>\n<meta property=\"og:title\" content=\"EL 7 DE MARZO REGRESAR\u00c1 LA FERIA MUNICIPAL DISTRITAL - CELTTV\" \/>\n<meta property=\"og:description\" content=\"Sitio web de noticias de la localidad de Tornquist, provincia de Buenos Aires, Rep\u00fablica Argentina. Contenido propio originado por periodistas de CELTTV, el canal de TV local de la Cooperativa El\u00e9ctrica de Tornquist. Turismo, Pol\u00edtica, Sociedad, Deporte, Cultura y todo el contenido de inter\u00e9s general que la gente del pueblo y la regi\u00f3n debe conocer.\" \/>\n<meta property=\"og:url\" content=\"https:\/\/www.celttv.com.ar\/index.php\/2015\/02\/12\/el-7-de-marzo-regresara-la-feria-municipal-distrital\/\" \/>\n<meta property=\"og:site_name\" content=\"CELTTV\" \/>\n<meta property=\"article:publisher\" content=\"https:\/\/www.facebook.com\/celtTV\/\" \/>\n<meta property=\"article:published_time\" content=\"2015-02-12T15:00:03+00:00\" \/>\n<meta property=\"og:image\" content=\"http:\/\/www.tvcnoticias.com.ar\/wp-content\/uploads\/2015\/02\/P1010040-1280x960-Medium-450x250.jpg\" \/>\n<meta name=\"author\" content=\"ulises\" \/>\n<meta name=\"twitter:card\" content=\"summary_large_image\" \/>\n<meta name=\"twitter:label1\" content=\"Escrito por\" \/>\n\t<meta name=\"twitter:data1\" content=\"ulises\" \/>\n\t<meta name=\"twitter:label2\" content=\"Tiempo de lectura\" \/>\n\t<meta name=\"twitter:data2\" content=\"2 minutos\" \/>\n<script type=\"application\/ld+json\" class=\"yoast-schema-graph\">{\"@context\":\"https:\/\/schema.org\",\"@graph\":[{\"@type\":\"NewsArticle\",\"@id\":\"https:\/\/www.celttv.com.ar\/index.php\/2015\/02\/12\/el-7-de-marzo-regresara-la-feria-municipal-distrital\/#article\",\"isPartOf\":{\"@id\":\"https:\/\/www.celttv.com.ar\/index.php\/2015\/02\/12\/el-7-de-marzo-regresara-la-feria-municipal-distrital\/\"},\"author\":{\"name\":\"ulises\",\"@id\":\"https:\/\/www.celttv.com.ar\/#\/schema\/person\/6d99c072dba59953809c81446e9d0ace\"},\"headline\":\"EL 7 DE MARZO REGRESAR\u00c1 LA FERIA MUNICIPAL DISTRITAL\",\"datePublished\":\"2015-02-12T15:00:03+00:00\",\"dateModified\":\"2015-02-12T15:00:03+00:00\",\"mainEntityOfPage\":{\"@id\":\"https:\/\/www.celttv.com.ar\/index.php\/2015\/02\/12\/el-7-de-marzo-regresara-la-feria-municipal-distrital\/\"},\"wordCount\":343,\"publisher\":{\"@id\":\"https:\/\/www.celttv.com.ar\/#organization\"},\"articleSection\":[\"Comunidad\",\"Destacadas\",\"Pol\u00edtica\"],\"inLanguage\":\"es\"},{\"@type\":\"WebPage\",\"@id\":\"https:\/\/www.celttv.com.ar\/index.php\/2015\/02\/12\/el-7-de-marzo-regresara-la-feria-municipal-distrital\/\",\"url\":\"https:\/\/www.celttv.com.ar\/index.php\/2015\/02\/12\/el-7-de-marzo-regresara-la-feria-municipal-distrital\/\",\"name\":\"EL 7 DE MARZO REGRESAR\u00c1 LA FERIA MUNICIPAL DISTRITAL - CELTTV\",\"isPartOf\":{\"@id\":\"https:\/\/www.celttv.com.ar\/#website\"},\"datePublished\":\"2015-02-12T15:00:03+00:00\",\"dateModified\":\"2015-02-12T15:00:03+00:00\",\"description\":\"Sitio web de noticias de la localidad de Tornquist, provincia de Buenos Aires, Rep\u00fablica Argentina. Contenido propio originado por periodistas de CELTTV, el canal de TV local de la Cooperativa El\u00e9ctrica de Tornquist. Turismo, Pol\u00edtica, Sociedad, Deporte, Cultura y todo el contenido de inter\u00e9s general que la gente del pueblo y la regi\u00f3n debe conocer.\",\"breadcrumb\":{\"@id\":\"https:\/\/www.celttv.com.ar\/index.php\/2015\/02\/12\/el-7-de-marzo-regresara-la-feria-municipal-distrital\/#breadcrumb\"},\"inLanguage\":\"es\",\"potentialAction\":[{\"@type\":\"ReadAction\",\"target\":[\"https:\/\/www.celttv.com.ar\/index.php\/2015\/02\/12\/el-7-de-marzo-regresara-la-feria-municipal-distrital\/\"]}]},{\"@type\":\"BreadcrumbList\",\"@id\":\"https:\/\/www.celttv.com.ar\/index.php\/2015\/02\/12\/el-7-de-marzo-regresara-la-feria-municipal-distrital\/#breadcrumb\",\"itemListElement\":[{\"@type\":\"ListItem\",\"position\":1,\"name\":\"Inicio\",\"item\":\"https:\/\/www.celttv.com.ar\/\"},{\"@type\":\"ListItem\",\"position\":2,\"name\":\"EL 7 DE MARZO REGRESAR\u00c1 LA FERIA MUNICIPAL DISTRITAL\"}]},{\"@type\":\"WebSite\",\"@id\":\"https:\/\/www.celttv.com.ar\/#website\",\"url\":\"https:\/\/www.celttv.com.ar\/\",\"name\":\"CELTTV\",\"description\":\"Cooperativa El\u00e9ctrica de Tornquist\",\"publisher\":{\"@id\":\"https:\/\/www.celttv.com.ar\/#organization\"},\"potentialAction\":[{\"@type\":\"SearchAction\",\"target\":{\"@type\":\"EntryPoint\",\"urlTemplate\":\"https:\/\/www.celttv.com.ar\/?s={search_term_string}\"},\"query-input\":\"required name=search_term_string\"}],\"inLanguage\":\"es\"},{\"@type\":\"Organization\",\"@id\":\"https:\/\/www.celttv.com.ar\/#organization\",\"name\":\"CELTTV\",\"url\":\"https:\/\/www.celttv.com.ar\/\",\"sameAs\":[\"https:\/\/www.youtube.com\/channel\/UCz_oIt8Hig64Ub-EmcNPIhg\",\"https:\/\/www.facebook.com\/celtTV\/\"],\"logo\":{\"@type\":\"ImageObject\",\"inLanguage\":\"es\",\"@id\":\"https:\/\/www.celttv.com.ar\/#\/schema\/logo\/image\/\",\"url\":\"http:\/\/www.celttv.com.ar\/wp-content\/uploads\/2022\/08\/logo-1.png\",\"contentUrl\":\"http:\/\/www.celttv.com.ar\/wp-content\/uploads\/2022\/08\/logo-1.png\",\"width\":461,\"height\":159,\"caption\":\"CELTTV\"},\"image\":{\"@id\":\"https:\/\/www.celttv.com.ar\/#\/schema\/logo\/image\/\"}},{\"@type\":\"Person\",\"@id\":\"https:\/\/www.celttv.com.ar\/#\/schema\/person\/6d99c072dba59953809c81446e9d0ace\",\"name\":\"ulises\",\"image\":{\"@type\":\"ImageObject\",\"inLanguage\":\"es\",\"@id\":\"https:\/\/www.celttv.com.ar\/#\/schema\/person\/image\/\",\"url\":\"https:\/\/secure.gravatar.com\/avatar\/7f2c48bdc33b30088f941fb6082e555f2874c98e20cb159d7b92b50eadfce793?s=96&d=mm&r=g\",\"contentUrl\":\"https:\/\/secure.gravatar.com\/avatar\/7f2c48bdc33b30088f941fb6082e555f2874c98e20cb159d7b92b50eadfce793?s=96&d=mm&r=g\",\"caption\":\"ulises\"},\"sameAs\":[\"http:\/\/www.celttv.com.ar\"]}]}<\/script>\n<!-- \/ Yoast SEO plugin. -->","yoast_head_json":{"title":"EL 7 DE MARZO REGRESAR\u00c1 LA FERIA MUNICIPAL DISTRITAL - CELTTV","description":"Sitio web de noticias de la localidad de Tornquist, provincia de Buenos Aires, Rep\u00fablica Argentina. Contenido propio originado por periodistas de CELTTV, el canal de TV local de la Cooperativa El\u00e9ctrica de Tornquist. Turismo, Pol\u00edtica, Sociedad, Deporte, Cultura y todo el contenido de inter\u00e9s general que la gente del pueblo y la regi\u00f3n debe conocer.","robots":{"index":"index","follow":"follow","max-snippet":"max-snippet:-1","max-image-preview":"max-image-preview:large","max-video-preview":"max-video-preview:-1"},"canonical":"https:\/\/www.celttv.com.ar\/index.php\/2015\/02\/12\/el-7-de-marzo-regresara-la-feria-municipal-distrital\/","og_locale":"es_ES","og_type":"article","og_title":"EL 7 DE MARZO REGRESAR\u00c1 LA FERIA MUNICIPAL DISTRITAL - CELTTV","og_description":"Sitio web de noticias de la localidad de Tornquist, provincia de Buenos Aires, Rep\u00fablica Argentina. Contenido propio originado por periodistas de CELTTV, el canal de TV local de la Cooperativa El\u00e9ctrica de Tornquist. Turismo, Pol\u00edtica, Sociedad, Deporte, Cultura y todo el contenido de inter\u00e9s general que la gente del pueblo y la regi\u00f3n debe conocer.","og_url":"https:\/\/www.celttv.com.ar\/index.php\/2015\/02\/12\/el-7-de-marzo-regresara-la-feria-municipal-distrital\/","og_site_name":"CELTTV","article_publisher":"https:\/\/www.facebook.com\/celtTV\/","article_published_time":"2015-02-12T15:00:03+00:00","og_image":[{"url":"http:\/\/www.tvcnoticias.com.ar\/wp-content\/uploads\/2015\/02\/P1010040-1280x960-Medium-450x250.jpg"}],"author":"ulises","twitter_card":"summary_large_image","twitter_misc":{"Escrito por":"ulises","Tiempo de lectura":"2 minutos"},"schema":{"@context":"https:\/\/schema.org","@graph":[{"@type":"NewsArticle","@id":"https:\/\/www.celttv.com.ar\/index.php\/2015\/02\/12\/el-7-de-marzo-regresara-la-feria-municipal-distrital\/#article","isPartOf":{"@id":"https:\/\/www.celttv.com.ar\/index.php\/2015\/02\/12\/el-7-de-marzo-regresara-la-feria-municipal-distrital\/"},"author":{"name":"ulises","@id":"https:\/\/www.celttv.com.ar\/#\/schema\/person\/6d99c072dba59953809c81446e9d0ace"},"headline":"EL 7 DE MARZO REGRESAR\u00c1 LA FERIA MUNICIPAL DISTRITAL","datePublished":"2015-02-12T15:00:03+00:00","dateModified":"2015-02-12T15:00:03+00:00","mainEntityOfPage":{"@id":"https:\/\/www.celttv.com.ar\/index.php\/2015\/02\/12\/el-7-de-marzo-regresara-la-feria-municipal-distrital\/"},"wordCount":343,"publisher":{"@id":"https:\/\/www.celttv.com.ar\/#organization"},"articleSection":["Comunidad","Destacadas","Pol\u00edtica"],"inLanguage":"es"},{"@type":"WebPage","@id":"https:\/\/www.celttv.com.ar\/index.php\/2015\/02\/12\/el-7-de-marzo-regresara-la-feria-municipal-distrital\/","url":"https:\/\/www.celttv.com.ar\/index.php\/2015\/02\/12\/el-7-de-marzo-regresara-la-feria-municipal-distrital\/","name":"EL 7 DE MARZO REGRESAR\u00c1 LA FERIA MUNICIPAL DISTRITAL - CELTTV","isPartOf":{"@id":"https:\/\/www.celttv.com.ar\/#website"},"datePublished":"2015-02-12T15:00:03+00:00","dateModified":"2015-02-12T15:00:03+00:00","description":"Sitio web de noticias de la localidad de Tornquist, provincia de Buenos Aires, Rep\u00fablica Argentina. Contenido propio originado por periodistas de CELTTV, el canal de TV local de la Cooperativa El\u00e9ctrica de Tornquist. Turismo, Pol\u00edtica, Sociedad, Deporte, Cultura y todo el contenido de inter\u00e9s general que la gente del pueblo y la regi\u00f3n debe conocer.","breadcrumb":{"@id":"https:\/\/www.celttv.com.ar\/index.php\/2015\/02\/12\/el-7-de-marzo-regresara-la-feria-municipal-distrital\/#breadcrumb"},"inLanguage":"es","potentialAction":[{"@type":"ReadAction","target":["https:\/\/www.celttv.com.ar\/index.php\/2015\/02\/12\/el-7-de-marzo-regresara-la-feria-municipal-distrital\/"]}]},{"@type":"BreadcrumbList","@id":"https:\/\/www.celttv.com.ar\/index.php\/2015\/02\/12\/el-7-de-marzo-regresara-la-feria-municipal-distrital\/#breadcrumb","itemListElement":[{"@type":"ListItem","position":1,"name":"Inicio","item":"https:\/\/www.celttv.com.ar\/"},{"@type":"ListItem","position":2,"name":"EL 7 DE MARZO REGRESAR\u00c1 LA FERIA MUNICIPAL DISTRITAL"}]},{"@type":"WebSite","@id":"https:\/\/www.celttv.com.ar\/#website","url":"https:\/\/www.celttv.com.ar\/","name":"CELTTV","description":"Cooperativa El\u00e9ctrica de Tornquist","publisher":{"@id":"https:\/\/www.celttv.com.ar\/#organization"},"potentialAction":[{"@type":"SearchAction","target":{"@type":"EntryPoint","urlTemplate":"https:\/\/www.celttv.com.ar\/?s={search_term_string}"},"query-input":"required name=search_term_string"}],"inLanguage":"es"},{"@type":"Organization","@id":"https:\/\/www.celttv.com.ar\/#organization","name":"CELTTV","url":"https:\/\/www.celttv.com.ar\/","sameAs":["https:\/\/www.youtube.com\/channel\/UCz_oIt8Hig64Ub-EmcNPIhg","https:\/\/www.facebook.com\/celtTV\/"],"logo":{"@type":"ImageObject","inLanguage":"es","@id":"https:\/\/www.celttv.com.ar\/#\/schema\/logo\/image\/","url":"http:\/\/www.celttv.com.ar\/wp-content\/uploads\/2022\/08\/logo-1.png","contentUrl":"http:\/\/www.celttv.com.ar\/wp-content\/uploads\/2022\/08\/logo-1.png","width":461,"height":159,"caption":"CELTTV"},"image":{"@id":"https:\/\/www.celttv.com.ar\/#\/schema\/logo\/image\/"}},{"@type":"Person","@id":"https:\/\/www.celttv.com.ar\/#\/schema\/person\/6d99c072dba59953809c81446e9d0ace","name":"ulises","image":{"@type":"ImageObject","inLanguage":"es","@id":"https:\/\/www.celttv.com.ar\/#\/schema\/person\/image\/","url":"https:\/\/secure.gravatar.com\/avatar\/7f2c48bdc33b30088f941fb6082e555f2874c98e20cb159d7b92b50eadfce793?s=96&d=mm&r=g","contentUrl":"https:\/\/secure.gravatar.com\/avatar\/7f2c48bdc33b30088f941fb6082e555f2874c98e20cb159d7b92b50eadfce793?s=96&d=mm&r=g","caption":"ulises"},"sameAs":["http:\/\/www.celttv.com.ar"]}]}},"_links":{"self":[{"href":"https:\/\/www.celttv.com.ar\/index.php\/wp-json\/wp\/v2\/posts\/26693","targetHints":{"allow":["GET"]}}],"collection":[{"href":"https:\/\/www.celttv.com.ar\/index.php\/wp-json\/wp\/v2\/posts"}],"about":[{"href":"https:\/\/www.celttv.com.ar\/index.php\/wp-json\/wp\/v2\/types\/post"}],"author":[{"embeddable":true,"href":"https:\/\/www.celttv.com.ar\/index.php\/wp-json\/wp\/v2\/users\/1"}],"replies":[{"embeddable":true,"href":"https:\/\/www.celttv.com.ar\/index.php\/wp-json\/wp\/v2\/comments?post=26693"}],"version-history":[{"count":0,"href":"https:\/\/www.celttv.com.ar\/index.php\/wp-json\/wp\/v2\/posts\/26693\/revisions"}],"wp:attachment":[{"href":"https:\/\/www.celttv.com.ar\/index.php\/wp-json\/wp\/v2\/media?parent=26693"}],"wp:term":[{"taxonomy":"category","embeddable":true,"href":"https:\/\/www.celttv.com.ar\/index.php\/wp-json\/wp\/v2\/categories?post=26693"},{"taxonomy":"post_tag","embeddable":true,"href":"https:\/\/www.celttv.com.ar\/index.php\/wp-json\/wp\/v2\/tags?post=26693"}],"curies":[{"name":"wp","href":"https:\/\/api.w.org\/{rel}","templated":true}]}}